{"id":103764,"date":"2023-04-22T17:09:54","date_gmt":"2023-04-22T15:09:54","guid":{"rendered":"http:\/\/www.reunion68.se\/?p=103764"},"modified":"2023-04-22T14:15:06","modified_gmt":"2023-04-22T12:15:06","slug":"29-09-70","status":"publish","type":"post","link":"https:\/\/www.reunion68.se\/?p=103764","title":{"rendered":"Francja: &#8220;Krajobraz ruin&#8221;"},"content":{"rendered":"<p style=\"text-align: center;\"><img decoding=\"async\" class=\"aligncenter\" src=\"https:\/\/www.gatestoneinstitute.org\/pics\/4633.jpg\" width=\"100%\" \/><span style=\"color: #808080;\"><em>Francja po raz kolejny znalaz\u0142a si\u0119 na skraju chaosu. Francuski system emerytalny nie jest jedynym systemem, kt\u00f3ry si\u0119 zawala. Kraj stoi w obliczu znacznie wi\u0119kszego kryzysu. Na zdj\u0119ciu: uczestnicy zamieszek w Nantes, Francja, 28 marca 2023 r. (Zdj\u0119cie: Sebastien Salom-Gomis\/AFP via Getty Images)<\/em><\/span><\/p>\n<hr \/>\n<h5 style=\"text-align: center;\"><a href=\"https:\/\/pl.gatestoneinstitute.org\/\" target=\"_blank\" rel=\"noopener noreferrer\"><img decoding=\"async\" class=\"center alignleft\" src=\"https:\/\/pl.gatestoneinstitute.org\/images\/gatestone-logo-1000.gif\" alt=\"\" width=\"35%\" \/><\/a><span style=\"text-decoration: underline; color: #000080;\"><strong><a style=\"color: #000080; text-decoration: underline;\" href=\"https:\/\/pl.gatestoneinstitute.org\/19576\/francja-krajobraz-ruin\" target=\"_blank\" rel=\"noopener noreferrer\">Francja: &#8220;Krajobraz ruin&#8221;<\/a><\/strong><\/span><\/h5>\n<p style=\"text-align: center;\"><span style=\"color: #000000;\"><strong>Guy Milli\u00e8re<br \/>\n<\/strong><span style=\"color: #808080;\">T\u0142umaczenie: <\/span><strong>Ma\u0142gorzata Koraszewska<\/strong><\/span><\/p>\n<hr style=\"height: 15px; background: #d0e6fa; width: 100%;\" \/>\n<p style=\"text-align: left;\"><span style=\"color: #000080;\">Pary\u017c, Francja. 23 marca, godz. 20.00 Odby\u0142a si\u0119\u00a0<a style=\"color: #000080;\" href=\"blank\" target=\"_blank\" rel=\"noopener noreferrer\">demonstracja;<\/a>\u00a0jak zwykle, po demonstracji wybuch\u0142y\u00a0<a style=\"color: #000080;\" href=\"blank\" target=\"_blank\" rel=\"noopener noreferrer\">zamieszki<\/a>, kt\u00f3re przetoczy\u0142y si\u0119 przez centrum miasta, a nast\u0119pnie rozprzestrzeni\u0142y do innych miast. P\u0142on\u0119\u0142y samochody, rozbijano witryny sklepowe, podpalano\u00a0<a style=\"color: #000080;\" href=\"blank\" target=\"_blank\" rel=\"noopener noreferrer\">\u015bmietniki.<\/a>\u00a0Strajk \u015bmieciarzy rozpocz\u0105\u0142 si\u0119 dwa tygodnie wcze\u015bniej; prawie\u00a0<a style=\"color: #000080;\" href=\"blank\" target=\"_blank\" rel=\"noopener noreferrer\">dziesi\u0119\u0107 tysi\u0119cy ton<\/a>\u00a0\u015bmieci wci\u0105\u017c zalega na chodnikach i prawie ca\u0142kowicie blokuj\u0105 niekt\u00f3re ulice. Plaga\u00a0<a style=\"color: #000080;\" href=\"blank\" target=\"_blank\" rel=\"noopener noreferrer\">szczur\u00f3w<\/a>\u00a0grozi chorobami.\u00a0<a style=\"color: #000080;\" href=\"blank\" target=\"_blank\" rel=\"noopener noreferrer\">Rafinerie ropy naftowej<\/a>\u00a0s\u0105 zamkni\u0119te; stacje benzynowe wysychaj\u0105. Kolejne demonstracje mia\u0142y miejsce 28 marca \u2013 i by\u0142o\u00a0<a style=\"color: #000080;\" href=\"blank\" target=\"_blank\" rel=\"noopener noreferrer\">wi\u0119cej zamieszek<\/a>.<\/span><\/p>\n<p style=\"text-align: left;\"><span style=\"color: #000080;\">Powodem niezadowolenia jest przyj\u0119cie ustawy minimalnie\u00a0<a style=\"color: #000080;\" href=\"blank\" target=\"_blank\" rel=\"noopener noreferrer\">reformuj\u0105cej system emerytalny: od 2010 r. ustawowy wiek emerytalny we Francji<\/a>\u00a0<a style=\"color: #000080;\" href=\"blank\" target=\"_blank\" rel=\"noopener noreferrer\">wynosi 62 lata<\/a>; ustawa podnosi go o dwa lata, do 64 lat.<\/span><\/p>\n<p style=\"text-align: left;\"><span style=\"color: #000080;\">Gdy tylko ustawa zosta\u0142a przedstawiona przez rz\u0105d, wszystkie zwi\u0105zki zawodowe wezwa\u0142y do\u00a0<a style=\"color: #000080;\" href=\"blank\" target=\"_blank\" rel=\"noopener noreferrer\">strajk\u00f3w<\/a>. Philippe Martinez, sekretarz generalny Generalnej Konfederacji Pracy (CGT), (zwi\u0105zku o\u00a0<a style=\"color: #000080;\" href=\"blank\" target=\"_blank\" rel=\"noopener noreferrer\">komunistycznych korzeniach<\/a>), powiedzia\u0142, \u017ce kompromis z w\u0142adzami &#8220;<a style=\"color: #000080;\" href=\"blank\" target=\"_blank\" rel=\"noopener noreferrer\">nie wchodzi w gr\u0119<\/a>&#8220;. Liderzy lewicowego zwi\u0105zku pracownik\u00f3w kolei\u00a0<a style=\"color: #000080;\" href=\"blank\" target=\"_blank\" rel=\"noopener noreferrer\">obiecali<\/a>\u00a0rzuci\u0107 francusk\u0105 gospodark\u0119 na kolana. Jean-Luc M\u00e9lenchon, przyw\u00f3dca La France Insoumise, g\u0142\u00f3wnej partii lewicowej we Francji,\u00a0<a style=\"color: #000080;\" href=\"blank\" target=\"_blank\" rel=\"noopener noreferrer\">powiedzia\u0142<\/a>\u00a0swoim zwolennikom: &#8220;Blokujcie wszystko, co si\u0119 da&#8221;. Cz\u0142onkowie prawicowego Zjednoczenia Narodowego byli zasadniczo na tym samym stanowisku co La France Insoumise: rok temu\u00a0<a style=\"color: #000080;\" href=\"blank\" target=\"_blank\" rel=\"noopener noreferrer\">prowadzili<\/a>\u00a0kampani\u0119 o ustalenie wieku emerytalnego na 60 lat.<\/span><\/p>\n<p style=\"text-align: left;\"><span style=\"color: #000080;\">Ani cz\u0142onkowie rz\u0105du, ani ekonomi\u015bci w telewizji nie maj\u0105 odwagi, by powiedzie\u0107 prawd\u0119: francuski system emerytalny\u00a0<a style=\"color: #000080;\" href=\"blank\" target=\"_blank\" rel=\"noopener noreferrer\">za\u0142amuje<\/a>\u00a0si\u0119. Przyj\u0119ta w\u0142a\u015bnie reforma nie wystarczy, by j\u0105 uratowa\u0107; po prostu mo\u017ce pozwoli\u0107 mu przetrwa\u0107 troch\u0119 d\u0142u\u017cej.<\/span><\/p>\n<p style=\"text-align: left;\"><span style=\"color: #000080;\"><a style=\"color: #000080;\" href=\"blank\" target=\"_blank\" rel=\"noopener noreferrer\">Stworzony w 1945 r.<\/a>\u00a0system jest zasadniczo systemem\u00a0<a style=\"color: #000080;\" href=\"blank\" target=\"_blank\" rel=\"noopener noreferrer\">redystrybucji<\/a>: obowi\u0105zkowe sk\u0142adki potr\u0105cane z pensji dzisiejszych pracownik\u00f3w s\u0142u\u017c\u0105 do wyp\u0142aty emerytur dzisiejszych emeryt\u00f3w; dzisiejsi pracownicy polegaj\u0105 na przysz\u0142ych sk\u0142adkach, kt\u00f3re b\u0119d\u0105 potr\u0105cane z pensji os\u00f3b zatrudnionych w momencie ich przej\u015bcia na emerytur\u0119. Kiedy system powsta\u0142, wydawa\u0142o si\u0119, \u017ce mo\u017ce dzia\u0142a\u0107: stosunek wynosi\u0142 wtedy pi\u0119ciu pracownik\u00f3w na emeryta. Oczekiwana d\u0142ugo\u015b\u0107 \u017cycia we Francji wynosi\u0142a w\u00f3wczas\u00a0<a style=\"color: #000080;\" href=\"blank\" target=\"_blank\" rel=\"noopener noreferrer\">65 lat<\/a>\u00a0(68 dla kobiet, 63 dla m\u0119\u017cczyzn). Wiek emerytalny\u00a0<a style=\"color: #000080;\" href=\"blank\" target=\"_blank\" rel=\"noopener noreferrer\">ustalono na 60 lat<\/a>. \u015arednio emerytury musia\u0142y by\u0107 wyp\u0142acane emerytom tylko przez pi\u0119\u0107 lat.<\/span><\/p>\n<p style=\"text-align: left;\"><span style=\"color: #000080;\">Je\u015bli jednak zmniejsza si\u0119 liczba zatrudnionych na jednego emeryta i wyd\u0142u\u017ca si\u0119 \u015brednia d\u0142ugo\u015b\u0107 \u017cycia, sk\u0142adki p\u0142acone przez pracownik\u00f3w musia\u0142yby rosn\u0105\u0107 a\u017c do wysoko\u015bci nie do ud\u017awigni\u0119cia. Po powojennym wy\u017cu demograficznym\u00a0<a style=\"color: #000080;\" href=\"blank\" target=\"_blank\" rel=\"noopener noreferrer\">spad\u0142a liczba dzieci przypadaj\u0105cych na kobiet\u0119,<\/a>\u00a0<a style=\"color: #000080;\" href=\"blank\" target=\"_blank\" rel=\"noopener noreferrer\">spad\u0142<\/a>\u00a0te\u017c stosunek pracuj\u0105cych na jednego emeryta: dzi\u015b na jednego emeryta przypada tylko\u00a0<a style=\"color: #000080;\" href=\"blank\" target=\"_blank\" rel=\"noopener noreferrer\">1,7 zatrudnionego<\/a>. \u015arednia d\u0142ugo\u015b\u0107 \u017cycia we Francji wzros\u0142a do\u00a0<a style=\"color: #000080;\" href=\"blank\" target=\"_blank\" rel=\"noopener noreferrer\">prawie 82,5 lat<\/a>\u00a0(85,3 dla kobiet, 79,4 dla m\u0119\u017cczyzn). \u015arednio emerytury musz\u0105 by\u0107 wyp\u0142acane emerytom przez ponad 20 lat.<\/span><\/p>\n<p style=\"text-align: left;\"><span style=\"color: #000080;\">System\u00a0<a style=\"color: #000080;\" href=\"blank\" target=\"_blank\" rel=\"noopener noreferrer\">zbankrutowa\u0142<\/a>\u00a0przed laty, ale jego bankructwo staje si\u0119 coraz bardziej kosztowne.<\/span><\/p>\n<p style=\"text-align: left;\"><span style=\"color: #000080;\">Francuski rz\u0105d znalaz\u0142 si\u0119 w sytuacji, w kt\u00f3rej musia\u0142 &#8220;co\u015b zrobi\u0107&#8221;. Podniesienie podatk\u00f3w w celu cz\u0119\u015bciowego wyr\u00f3wnania deficytu systemu emerytalnego jest praktycznie niemo\u017cliwe: Francja ma ju\u017c jedno z najwy\u017cszych\u00a0<a style=\"color: #000080;\" href=\"blank\" target=\"_blank\" rel=\"noopener noreferrer\">obci\u0105\u017ce\u0144 podatkowych<\/a>\u00a0w krajach rozwini\u0119tych (45,4 proc. PKB); jednocze\u015bnie\u00a0<a style=\"color: #000080;\" href=\"blank\" target=\"_blank\" rel=\"noopener noreferrer\">spada<\/a>\u00a0konkurencyjno\u015b\u0107 gospodarcza kraju. Francuskie wydatki publiczne s\u0105 ju\u017c\u00a0<a style=\"color: #000080;\" href=\"blank\" target=\"_blank\" rel=\"noopener noreferrer\">najwy\u017csze w krajach rozwini\u0119tych<\/a>\u00a0i wci\u0105\u017c rosn\u0105. Podwy\u017cszenie podatk\u00f3w oznacza\u0142oby dalsze mia\u017cd\u017cenie podatnik\u00f3w i zad\u0142u\u017canie kraju. Zmniejszenie wydatk\u00f3w publicznych poci\u0105gn\u0119\u0142oby za sob\u0105 ci\u0119cia w wydatkach socjalnych (<a style=\"color: #000080;\" href=\"blank\" target=\"_blank\" rel=\"noopener noreferrer\">jedna trzecia<\/a>\u00a0wydatk\u00f3w publicznych), ale\u00a0<a style=\"color: #000080;\" href=\"blank\" target=\"_blank\" rel=\"noopener noreferrer\">du\u017ca cz\u0119\u015b\u0107 wyp\u0142acanych \u015bwiadcze\u0144<\/a>\u00a0trafia do populacji imigrant\u00f3w i niezintegrowanych w &#8220;<a style=\"color: #000080;\" href=\"blank\" target=\"_blank\" rel=\"noopener noreferrer\">no-go zones<\/a>&#8220;. Ci\u0119cia wywo\u0142a\u0142yby ryzyko jeszcze bardziej\u00a0<a style=\"color: #000080;\" href=\"blank\" target=\"_blank\" rel=\"noopener noreferrer\">gwa\u0142townych protest\u00f3w<\/a>.<\/span><\/p>\n<p style=\"text-align: left;\"><span style=\"color: #000080;\">Bud\u017cety kolejnych francuskich rz\u0105d\u00f3w\u00a0<a style=\"color: #000080;\" href=\"blank\" target=\"_blank\" rel=\"noopener noreferrer\">co roku<\/a>\u00a0od 1970 roku s\u0105 w deficycie; zad\u0142u\u017cenie kraju osi\u0105gn\u0119\u0142o alarmuj\u0105cy poziom. Relacja francuskiego zad\u0142u\u017cenia do PKB\u00a0<a style=\"color: #000080;\" href=\"blank\" target=\"_blank\" rel=\"noopener noreferrer\">osi\u0105gn\u0119\u0142a<\/a>\u00a0w grudniu 2019 r. 100%. Obecnie wynosi\u00a0<a style=\"color: #000080;\" href=\"blank\" target=\"_blank\" rel=\"noopener noreferrer\">113,7%<\/a>.<\/span><\/p>\n<p style=\"text-align: left;\"><span style=\"color: #000080;\">Francuski system emerytalny nie jest jedynym systemem, kt\u00f3ry si\u0119 zawali\u0142. Kraj stoi w obliczu\u00a0<a style=\"color: #000080;\" href=\"blank\" target=\"_blank\" rel=\"noopener noreferrer\">znacznie wi\u0119kszego kryzysu<\/a>.<\/span><\/p>\n<p style=\"text-align: left;\"><span style=\"color: #000080;\">Francuski system ubezpiecze\u0144 zdrowotnych, r\u00f3wnie\u017c oparty na obowi\u0105zkowych sk\u0142adkach potr\u0105canych z pensji, r\u00f3wnie\u017c jest w\u00a0<a style=\"color: #000080;\" href=\"blank\" target=\"_blank\" rel=\"noopener noreferrer\">op\u0142akanym stanie<\/a>. Spadek stosunku liczby pracuj\u0105cych do emeryt\u00f3w i wzrost \u015bredniej d\u0142ugo\u015bci \u017cycia powoduje, \u017ce wydatki na publiczn\u0105 s\u0142u\u017cb\u0119 zdrowia rosn\u0105 szybciej ni\u017c suma sk\u0142adek, a system jest obci\u0105\u017cony coraz\u00a0<a style=\"color: #000080;\" href=\"blank\" target=\"_blank\" rel=\"noopener noreferrer\">wi\u0119kszym deficytem<\/a>. W 2000 r. socjalistyczny rz\u0105d stworzy\u0142\u00a0<a style=\"color: #000080;\" href=\"blank\" target=\"_blank\" rel=\"noopener noreferrer\">pa\u0144stwowy zasi\u0142ek medyczny<\/a>, kt\u00f3ry finansuje &#8220;darmow\u0105&#8221; opiek\u0119 medyczn\u0105 dla nielegalnych imigrant\u00f3w we Francji \u2013 zasi\u0142ek jeszcze bardziej\u00a0<a style=\"color: #000080;\" href=\"blank\" target=\"_blank\" rel=\"noopener noreferrer\">zwi\u0119kszaj\u0105cy<\/a>\u00a0deficyt.<\/span><\/p>\n<p style=\"text-align: left;\"><span style=\"color: #000080;\">Tymczasem ceny \u017cywno\u015bci w 2022 roku\u00a0<a style=\"color: #000080;\" href=\"blank\" target=\"_blank\" rel=\"noopener noreferrer\">wzros\u0142y o 14,5%<\/a>. Francuski poziom \u017cycia\u00a0<a style=\"color: #000080;\" href=\"blank\" target=\"_blank\" rel=\"noopener noreferrer\">pogarsza si\u0119<\/a>.<\/span><\/p>\n<p style=\"text-align: left;\"><span style=\"color: #000080;\">W obliczu fali przest\u0119pczo\u015bci gwa\u0142townie\u00a0<a style=\"color: #000080;\" href=\"blank\" target=\"_blank\" rel=\"noopener noreferrer\">ro\u015bnie<\/a>\u00a0poczucie niepewno\u015bci . Liczba napa\u015bci wzros\u0142a o\u00a0<a style=\"color: #000080;\" href=\"blank\" target=\"_blank\" rel=\"noopener noreferrer\">33% procent<\/a>\u00a0mi\u0119dzy styczniem 2017 a styczniem 2022 roku. W zesz\u0142ym roku liczba gwa\u0142t\u00f3w osi\u0105gn\u0119\u0142a\u00a0<a style=\"color: #000080;\" href=\"blank\" target=\"_blank\" rel=\"noopener noreferrer\">alarmuj\u0105c\u0105 liczb\u0119<\/a>\u00a084 500, co oznacza wzrost o 11% w por\u00f3wnaniu z 2021 rokiem.<\/span><\/p>\n<p style=\"text-align: left;\"><span style=\"color: #000080;\"><a style=\"color: #000080;\" href=\"blank\" target=\"_blank\" rel=\"noopener noreferrer\">Wed\u0142ug sonda\u017cy ludno\u015b\u0107 francuska jest najbardziej pesymistyczna<\/a>\u00a0na \u015bwiecie. Z sonda\u017cu opublikowanego w marcu 2021 roku\u00a0<a style=\"color: #000080;\" href=\"blank\" target=\"_blank\" rel=\"noopener noreferrer\">wynika<\/a>, \u017ce tylko 9% Francuz\u00f3w uwa\u017ca, \u017ce sytuacja gospodarcza ma szans\u0119 na popraw\u0119 (dla Meksyku, gdzie sytuacja jest znacznie trudniejsza ni\u017c we Francji, 46%; dla Indii 62%) .<\/span><\/p>\n<p style=\"text-align: left;\"><span style=\"color: #000080;\">Kryzys, przez kt\u00f3ry przechodzi Francja, ma r\u00f3wnie\u017c charakter\u00a0<a style=\"color: #000080;\" href=\"blank\" target=\"_blank\" rel=\"noopener noreferrer\">polityczny<\/a>. W maju 2017 roku Emmanuel Macron zosta\u0142\u00a0<a style=\"color: #000080;\" href=\"blank\" target=\"_blank\" rel=\"noopener noreferrer\">wybrany na<\/a>\u00a0stanowisko prezydenta \u2013 nie z powodu entuzjazmu wyborc\u00f3w dla jego programu, ale z powodu\u00a0<a style=\"color: #000080;\" href=\"blank\" target=\"_blank\" rel=\"noopener noreferrer\">odrzucenia<\/a>\u00a0przez nich jego przeciwniczki, liderki Zjednoczenia Narodowego Marine Le Pen, kt\u00f3r\u0105 Macron opisa\u0142\u00a0<a style=\"color: #000080;\" href=\"blank\" target=\"_blank\" rel=\"noopener noreferrer\">jako<\/a>\u00a0wcielenie faszyzmu i jako niebezpieczn\u0105 ekstremistk\u0119. Macron utworzy\u0142 parti\u0119,\u00a0<a style=\"color: #000080;\" href=\"blank\" target=\"_blank\" rel=\"noopener noreferrer\">skupiaj\u0105c<\/a>\u00a0wok\u00f3\u0142 siebie g\u0142\u00f3wnych przyw\u00f3dc\u00f3w politycznych centrolewicowej i centroprawicowej, &#8220;<a style=\"color: #000080;\" href=\"blank\" target=\"_blank\" rel=\"noopener noreferrer\">La Republique en Marche<\/a>&#8220;. Zniszczywszy w ten spos\u00f3b partie centrolewicowe i centroprawicowe, kt\u00f3re rz\u0105dzi\u0142y krajem przez dziesi\u0119ciolecia, z \u0142atwo\u015bci\u0105 wygra\u0142 wybory przyt\u0142aczaj\u0105c\u0105 wi\u0119kszo\u015bci\u0105 g\u0142os\u00f3w.<\/span><\/p>\n<p style=\"text-align: left;\"><span style=\"color: #000080;\">Przed 2017 rokiem Macron powiedzia\u0142, \u017ce pracownicy zamykanej fabryki s\u0105 &#8220;<a style=\"color: #000080;\" href=\"blank\" target=\"_blank\" rel=\"noopener noreferrer\">analfabetami<\/a>&#8221; i m\u00f3wi\u0142 o\u00a0<a style=\"color: #000080;\" href=\"blank\" target=\"_blank\" rel=\"noopener noreferrer\">r\u00f3\u017cnicy<\/a>\u00a0mi\u0119dzy &#8220;tymi, kt\u00f3rzy odnosz\u0105 sukcesy, a tymi, kt\u00f3rzy s\u0105 niczym&#8221;. Nawet po tym, jak zosta\u0142 prezydentem, gardzi\u0142 biednymi: &#8220;Niekt\u00f3rzy martwi\u0105 si\u0119, \u017ce b\u0119d\u0105 mieli problemy z ko\u0144cem miesi\u0105ca&#8221;, powiedzia\u0142, ale\u00a0<i>on<\/i>\u00a0zajmuje si\u0119 problemami dotycz\u0105cymi &#8220;<a style=\"color: #000080;\" href=\"blank\" target=\"_blank\" rel=\"noopener noreferrer\">ko\u0144ca \u015bwiata<\/a>&#8220;. W listopadzie 2018 roku stan\u0105\u0142 w obliczu buntu \u2013 &#8220;<a style=\"color: #000080;\" href=\"blank\" target=\"_blank\" rel=\"noopener noreferrer\">\u017c\u00f3\u0142tych kamizelek<\/a>&#8221; (<i>gilets jaunes<\/i>) \u2013 w du\u017cej mierze motywowanego gniewem, jaki odczuwa\u0142o wobec niego wielu Francuz\u00f3w, i rosn\u0105cymi kosztami paliwa. Na ulicach\u00a0<a style=\"color: #000080;\" href=\"blank\" target=\"_blank\" rel=\"noopener noreferrer\">palono<\/a>\u00a0portrety Macrona;\u00a0<a style=\"color: #000080;\" href=\"blank\" target=\"_blank\" rel=\"noopener noreferrer\">podobizny<\/a>\u00a0Macrona wieszano i deptano.<\/span><\/p>\n<p style=\"text-align: left;\"><span style=\"color: #000080;\">Macron odpowiedzia\u0142 na rozruchy ostrymi represjami. Policja rzuca\u0142a w\u00a0<a style=\"color: #000080;\" href=\"blank\" target=\"_blank\" rel=\"noopener noreferrer\">t\u0142um granaty<\/a>\u00a0z gazem \u0142zawi\u0105cym i strzela\u0142a\u00a0<a style=\"color: #000080;\" href=\"blank\" target=\"_blank\" rel=\"noopener noreferrer\">gumowymi kulami<\/a>\u00a0z bliskiej odleg\u0142o\u015bci. Setki demonstrant\u00f3w odnios\u0142o\u00a0<a style=\"color: #000080;\" href=\"blank\" target=\"_blank\" rel=\"noopener noreferrer\">ranny<\/a>, dziesi\u0105tki dozna\u0142o\u00a0<a style=\"color: #000080;\" href=\"blank\" target=\"_blank\" rel=\"noopener noreferrer\">okalecze\u0144<\/a>\u00a0takich jak utrata oka, r\u0119ki lub stopy. Po powstaniu, kt\u00f3re trwa\u0142o miesi\u0105cami, nast\u0105pi\u0142 d\u0142ugi\u00a0<a style=\"color: #000080;\" href=\"blank\" target=\"_blank\" rel=\"noopener noreferrer\">strajk komunikacji miejskiej<\/a>, kt\u00f3remu towarzyszy\u0142y oczywi\u015bcie zamieszki.<\/span><\/p>\n<p style=\"text-align: left;\"><span style=\"color: #000080;\">Spok\u00f3j powr\u00f3ci\u0142 dopiero w marcu 2020 r. wraz z wybuchem pandemii Covid-19 \u2013 i wyj\u0105tkowo surowymi zasadami lockdownu wprowadzonymi przez rz\u0105d. Francuzi zostali zmuszeni do pozostania w swoich domach przez tygodnie i\u00a0<a style=\"color: #000080;\" href=\"blank\" target=\"_blank\" rel=\"noopener noreferrer\">wypuszczani<\/a>\u00a0tylko na godzin\u0119 dziennie, na maksymaln\u0105 odleg\u0142o\u015b\u0107 poni\u017cej kilometra. Musieli r\u00f3wnie\u017c mie\u0107 przy sobie dokument wskazuj\u0105cy ich adres i godzin\u0119, o kt\u00f3rej opu\u015bcili dom, aby przedstawi\u0107 go policji, je\u015bli zostan\u0105 o to poproszeni.<\/span><\/p>\n<p style=\"text-align: left;\"><span style=\"color: #000080;\">Kiedy szczepionki sta\u0142y si\u0119 dost\u0119pne, stopniowo przywracano swobod\u0119 poruszania si\u0119, ale tylko dla os\u00f3b zaszczepionych, kt\u00f3re przez ca\u0142y czas musia\u0142y mie\u0107 przy sobie paszport\u00a0<a style=\"color: #000080;\" href=\"blank\" target=\"_blank\" rel=\"noopener noreferrer\">szczepie\u0144<\/a>, aby wej\u015b\u0107 do sklep\u00f3w, restauracji i o\u015brodk\u00f3w administracyjnych. Ograniczenia te zosta\u0142y\u00a0<a style=\"color: #000080;\" href=\"blank\" target=\"_blank\" rel=\"noopener noreferrer\">zniesione<\/a>\u00a0zaledwie na kilka tygodni przed wyborami prezydenckimi.<\/span><\/p>\n<p style=\"text-align: left;\"><span style=\"color: #000080;\">W maju 2022 roku Macron zosta\u0142\u00a0<a style=\"color: #000080;\" href=\"blank\" target=\"_blank\" rel=\"noopener noreferrer\">ponownie wybrany<\/a>\u00a0dzi\u0119ki odrzuceniu przez wyborc\u00f3w Marine Le Pen. Wska\u017anik\u00a0<a style=\"color: #000080;\" href=\"blank\" target=\"_blank\" rel=\"noopener noreferrer\">absencji<\/a>\u00a0wyborczej by\u0142 niezwykle wysoki.<\/span><\/p>\n<p style=\"text-align: left;\"><span style=\"color: #000080;\">W wyborach parlamentarnych, kt\u00f3re odby\u0142y si\u0119 po wyborach prezydenckich, partia stworzona przez Macrona (obecnie nazywana Renaissance) uzyska\u0142a zaledwie\u00a0<a style=\"color: #000080;\" href=\"blank\" target=\"_blank\" rel=\"noopener noreferrer\">niewielk\u0105 wi\u0119kszo\u015b\u0107<\/a>, co utrudnia uchwalanie ustaw.<\/span><\/p>\n<p style=\"text-align: left;\"><span style=\"color: #000080;\">Macron najwyra\u017aniej widzia\u0142, \u017ce modyfikacja systemu emerytalnego jest\u00a0<a style=\"color: #000080;\" href=\"blank\" target=\"_blank\" rel=\"noopener noreferrer\">konieczno\u015bci\u0105<\/a>. Zamiast pr\u00f3bowa\u0107 przekona\u0107 swoich przeciwnik\u00f3w, zdecydowa\u0142 si\u0119 wykorzysta\u0107\u00a0<a style=\"color: #000080;\" href=\"blank\" target=\"_blank\" rel=\"noopener noreferrer\">artyku\u0142 49.3<\/a>\u00a0francuskiej konstytucji, (kt\u00f3ry pozwala na uchwalenie ustawy bez debaty), prosz\u0105c parlament o g\u0142osowanie za lub przeciw rz\u0105dowi. Ustawa emerytalna, cho\u0107 kontrowersyjna, zosta\u0142a uchwalona, ale prowadz\u0105ce do chaosu reakcje by\u0142y nieuniknione.<\/span><\/p>\n<p style=\"text-align: left;\"><span style=\"color: #000080;\">Gniew, kt\u00f3ry zosta\u0142 uciszony przez blokady i represje policyjne dwa lata wcze\u015bniej, powr\u00f3ci\u0142. Sonda\u017ce pokazuj\u0105, \u017ce 68% Francuz\u00f3w nie popiera reformy.<\/span><\/p>\n<p style=\"text-align: left;\"><span style=\"color: #000080;\">Macron zareagowa\u0142 tak samo, jak wtedy, gdy stan\u0105\u0142 w obliczu powstania \u017c\u00f3\u0142tych kamizelek. 22 marca\u00a0<a style=\"color: #000080;\" href=\"blank\" target=\"_blank\" rel=\"noopener noreferrer\">powiedzia\u0142<\/a>, \u017ce ulica nie b\u0119dzie dyktowa\u0107 mu programu politycznego i ponownie zastosowa\u0142\u00a0<a style=\"color: #000080;\" href=\"blank\" target=\"_blank\" rel=\"noopener noreferrer\">zaciek\u0142e represje policyjne<\/a>.<\/span><\/p>\n<p style=\"text-align: left;\"><span style=\"color: #000080;\">Prezydent wydaje si\u0119 obawia\u0107, \u017ce je\u015bli ust\u0105pi i zrezygnuje z ostatniej reformy, zostanie bardzo\u00a0<a style=\"color: #000080;\" href=\"blank\" target=\"_blank\" rel=\"noopener noreferrer\">os\u0142abiony<\/a>. Przeprowadzenie jakichkolwiek innych reform przez reszt\u0119 jego prezydentury by\u0142oby niemo\u017cliwe. Najwyra\u017aniej nie zamierza si\u0119 poddawa\u0107. Wydaje si\u0119 te\u017c rozumie\u0107, \u017ce bez reformy wyd\u0142u\u017caj\u0105cej wiek emerytalny o dwa lata Francja mog\u0142aby do\u015b\u0107 szybko znale\u017a\u0107 si\u0119 w obliczu\u00a0<a style=\"color: #000080;\" href=\"blank\" target=\"_blank\" rel=\"noopener noreferrer\">niewyp\u0142acalno\u015bci<\/a>.<\/span><\/p>\n<p style=\"text-align: left;\"><span style=\"color: #000080;\">Macron prawdopodobnie obawia si\u0119 te\u017c, \u017ce je\u015bli zdecyduje si\u0119 rozwi\u0105za\u0107 Zgromadzenie Narodowe i rozpisa\u0107 nowe wybory parlamentarne, nie zdob\u0119dzie\u00a0<a style=\"color: #000080;\" href=\"blank\" target=\"_blank\" rel=\"noopener noreferrer\">ponownie<\/a>\u00a0wi\u0119kszo\u015bci daj\u0105cej mu wi\u0119ksz\u0105 swobod\u0119 dzia\u0142ania. Partie centrolewicowe i\u00a0<a style=\"color: #000080;\" href=\"blank\" target=\"_blank\" rel=\"noopener noreferrer\">centroprawicowe<\/a>\u00a0s\u0105 martwe. Ani Partia Zbuntowanej Francji, ani Partia Zgromadzenia Narodowego nie by\u0142yby w stanie zebra\u0107 wystarczaj\u0105cej liczby g\u0142os\u00f3w, aby utworzy\u0107 alternatywn\u0105 wi\u0119kszo\u015b\u0107. Sytuacja polityczna jest zablokowana.<\/span><\/p>\n<p style=\"text-align: left;\"><span style=\"color: #000080;\">Komentatorzy maj\u0105cy dost\u0119p do Macrona m\u00f3wi\u0105, \u017ce ma on\u00a0<a style=\"color: #000080;\" href=\"blank\" target=\"_blank\" rel=\"noopener noreferrer\">nadziej\u0119, \u017ce<\/a>\u00a0represje b\u0119d\u0105 wystarczaj\u0105ce, by zmusi\u0107 protestuj\u0105cych do poddania si\u0119. Reakcja jedna jest inna ni\u017c to, co wydarzy\u0142o si\u0119 w 2020 roku. I tym razem nie ma pandemii, kt\u00f3ra zamkn\u0119\u0142aby populacj\u0119 w domach.<\/span><\/p>\n<p style=\"text-align: left;\"><span style=\"color: #000080;\">Francja wydaje si\u0119 by\u0107\u00a0<a style=\"color: #000080;\" href=\"blank\" target=\"_blank\" rel=\"noopener noreferrer\">w impasie<\/a>, mo\u017cliwo\u015bci odblokowania nigdzie nie wida\u0107.<\/span><\/p>\n<p style=\"text-align: left;\"><span style=\"color: #000080;\">Vincent Tr\u00e9mollet de Villers, redaktor naczelny gazety &#8220;Le Figaro&#8221;,\u00a0<a style=\"color: #000080;\" href=\"blank\" target=\"_blank\" rel=\"noopener noreferrer\">opisa\u0142<\/a>\u00a023 marca dzisiejsz\u0105 Francj\u0119 jako &#8220;krajobraz ruin&#8221;, dodaj\u0105c:<\/span><\/p>\n<blockquote>\n<p style=\"text-align: left;\"><strong>&#8220;Skromna reforma oparta na nieub\u0142aganych obserwacjach demograficznych doprowadzi\u0142a Francj\u0119 do kryzysu egzystencjalnego, w kt\u00f3rym wszystko si\u0119 chwieje&#8230; Na powierzchni\u0119 wy\u0142ania si\u0119 znacznie g\u0142\u0119bsza niemoc. Niemoc kraju chyl\u0105cego si\u0119 ku upadkowi&#8221;.<\/strong><\/p>\n<\/blockquote>\n<p style=\"text-align: left;\"><span style=\"color: #000080;\">&#8220;Czy si\u0119gn\u0119li\u015bmy dna?&#8221;\u00a0<a style=\"color: #000080;\" href=\"blank\" target=\"_blank\" rel=\"noopener noreferrer\">zapyta\u0142<\/a>\u00a0dziennikarz Franz-Olivier Giesbert. &#8220;Nie, jeszcze nie.&#8221;<\/span><\/p>\n<hr \/>\n<p style=\"text-align: left;\"><span style=\"color: #808080;\"><i><b>Guy Milli\u00e8re:<\/b>\u00a0Francuski eseista, profesor literatury francuskiej na uniwersytecie w Pary\u017cu, autor 27 ksi\u0105\u017cek na temat Europy, Stan\u00f3w Zjednoczonych i Bliskiego Wschodu.<\/i><\/span><\/p>\n<hr style=\"height: 15px; background: #d0e6fa; width: 100%;\" \/>\n<div id=\"content\" class=\"content-alignment\">\n<div id=\"watch-description\" class=\"yt-uix-button-panel\">\n<div id=\"watch-description-text\" style=\"text-align: center;\">\n<p><em>Zawarto\u015b\u0107 publikowanych artyku\u0142\u00f3w i materia\u0142\u00f3w nie reprezentuje pogl\u0105d\u00f3w ani opinii Reunion&#8217;68,<\/em><em><br \/>\nani te\u017c webmastera Blogu Reunion&#8217;68, chyba ze jest to wyra\u017anie zaznaczone.<br \/>\nTwoje uwagi, linki, w\u0142asne artyku\u0142y lub wiadomo\u015bci prze\u015blij na adres:<br \/>\n<\/em><span style=\"color: #000080;\"><strong><em><a style=\"color: #000080;\" href=\"mailto:webmaster@reunion68.com\"><span style=\"text-decoration: underline;\">webmaster@reunion68.com<\/span><\/a><\/em><\/strong><\/span><\/p>\n<\/div>\n<\/div>\n<\/div>\n<hr style=\"width: 100%;\" \/>\n","protected":false},"excerpt":{"rendered":"<p>Francja po raz kolejny znalaz\u0142a si\u0119 na skraju chaosu. Francuski system emerytalny nie jest jedynym systemem, kt\u00f3ry si\u0119 zawala. Kraj stoi w obliczu znacznie wi\u0119kszego kryzysu. Na zdj\u0119ciu: uczestnicy zamieszek w Nantes, Francja, 28 marca 2023 r. (Zdj\u0119cie: Sebastien Salom-Gomis\/AFP via Getty Images) Francja: &#8220;Krajobraz ruin&#8221; Guy Milli\u00e8re T\u0142umaczenie: Ma\u0142gorzata Koraszewska Pary\u017c, Francja. 23 marca, [&hellip;]<\/p>\n","protected":false},"author":1,"featured_media":0,"comment_status":"closed","ping_status":"closed","sticky":false,"template":"","format":"standard","meta":[],"categories":[6],"tags":[26,24],"_links":{"self":[{"href":"https:\/\/www.reunion68.se\/index.php?rest_route=\/wp\/v2\/posts\/103764"}],"collection":[{"href":"https:\/\/www.reunion68.se\/index.php?rest_route=\/wp\/v2\/posts"}],"about":[{"href":"https:\/\/www.reunion68.se\/index.php?rest_route=\/wp\/v2\/types\/post"}],"author":[{"embeddable":true,"href":"https:\/\/www.reunion68.se\/index.php?rest_route=\/wp\/v2\/users\/1"}],"replies":[{"embeddable":true,"href":"https:\/\/www.reunion68.se\/index.php?rest_route=%2Fwp%2Fv2%2Fcomments&post=103764"}],"version-history":[{"count":5,"href":"https:\/\/www.reunion68.se\/index.php?rest_route=\/wp\/v2\/posts\/103764\/revisions"}],"predecessor-version":[{"id":103775,"href":"https:\/\/www.reunion68.se\/index.php?rest_route=\/wp\/v2\/posts\/103764\/revisions\/103775"}],"wp:attachment":[{"href":"https:\/\/www.reunion68.se\/index.php?rest_route=%2Fwp%2Fv2%2Fmedia&parent=103764"}],"wp:term":[{"taxonomy":"category","embeddable":true,"href":"https:\/\/www.reunion68.se\/index.php?rest_route=%2Fwp%2Fv2%2Fcategories&post=103764"},{"taxonomy":"post_tag","embeddable":true,"href":"https:\/\/www.reunion68.se\/index.php?rest_route=%2Fwp%2Fv2%2Ftags&post=103764"}],"curies":[{"name":"wp","href":"https:\/\/api.w.org\/{rel}","templated":true}]}}