{"id":103768,"date":"2023-04-30T17:00:59","date_gmt":"2023-04-30T15:00:59","guid":{"rendered":"http:\/\/www.reunion68.se\/?p=103768"},"modified":"2023-04-29T12:51:01","modified_gmt":"2023-04-29T10:51:01","slug":"29-00-78","status":"publish","type":"post","link":"https:\/\/www.reunion68.se\/?p=103768","title":{"rendered":"Rapper Meek Mill Joins Patriots Owner Robert Kraft on \u2018Impactful\u2019 March of the Living Through Auschwitz"},"content":{"rendered":"<h5 style=\"text-align: center;\"><a href=\"https:\/\/www.algemeiner.com\/\" target=\"_blank\" rel=\"noopener noreferrer\"><img decoding=\"async\" class=\"center alignleft\" src=\"http:\/\/www.reunion68.com\/Biuletyn\/img\/akgem.png\" alt=\"\" width=\"35%\"><\/a><span style=\"text-decoration: underline; color: #000080;\"><span><strong><a style=\"color: #000080; text-decoration: underline;\" href=\"https:\/\/www.algemeiner.com\/2023\/04\/21\/rapper-meek-mill-joins-patriots-owner-robert-kraft-on-impactful-march-of-the-living-through-auschwitz\/\" target=\"_blank\" rel=\"noopener noreferrer\">Rapper Meek Mill Joins Patriots Owner Robert Kraft on \u2018Impactful\u2019 March of the Living Through Auschwitz<\/a><\/strong><\/span><\/span><\/h5>\n<p style=\"text-align: center;\"><span style=\"color: #000000;\"><strong>hiryn Ghermezian<\/strong><\/span><\/p>\n<hr style=\"height: 15px; background: #d0e6fa; width: 100%;\">\n<p style=\"text-align: center;\"><img decoding=\"async\" class=\"aligncenter\" src=\"https:\/\/www.algemeiner.com\/wp-content\/uploads\/2023\/04\/2023-04-18T151553Z_50810763_MT1SIPA000MM4Z76_RTRMADP_3_SIPA-USA-1.jpg\" width=\"100%\"><span style=\"color: #808080;\"><em>Robert Kraft and American rapper Meek Mill attend the 35th anniversary of International March of the Living\u201d at the former Nazi-German Auschwitz Birkenau concentration and extermination camp in Oswiecim, Poland, on April 18, 2023. Photo: Beata Zawrzel\/Sipa USA via Reuters Connect.<\/em><\/span><\/p>\n<p style=\"text-align: left;\"><span style=\"color: #000080;\">American rapper Meek Mill was part of a delegation led by New England Patriots owner Robert Kraft on the International March of the Living (MOTL) on Tuesday through the former Auschwitz-Birkenau concentration camp complex in Poland in commemoration of Holocaust Remembrance Day.<\/span><\/p>\n<p class=\"Component-root-0-2-72 p Component-p-0-2-62\" style=\"text-align: left;\"><span style=\"color: #000080;\">During the annual march, thousands of participants walk three kilometers through Auschwitz, the largest Nazi concentration camp during World War II. The 35th anniversary of March of the Living this year also celebrated the 75th anniversary of the state of Israel and 80th anniversary of the Warsaw Ghetto Uprising. Kraft, who is Jewish, led a delegation through his Foundation to Combat Antisemitism and Meek Mill called the experience \u201cimpactful\u201d in an Instagram&nbsp;<a style=\"color: #000080;\" href=\"https:\/\/www.instagram.com\/p\/CrL41HbObwZ\/?hl=en\" target=\"_blank\" rel=\"noopener noreferrer\">post<\/a>&nbsp;that included a photo from the march.<\/span><\/p>\n<p style=\"text-align: left;\"><span style=\"color: #000080;\">\u201cMy job with Robert on this mission is to build a bridge and make sure our cultures connect to a very high level to where we understand each other and we make bridges, to make the world a better place,\u201d&nbsp;<a style=\"color: #000080;\" href=\"https:\/\/www.patriots.com\/video\/robert-kraft-was-joined-by-meek-mill-for-the-march-of-the-living\" target=\"_blank\" rel=\"noopener noreferrer\">said<\/a>&nbsp;the two-time Grammy-nominated rapper during his time in Poland.<\/span><\/p>\n<p style=\"text-align: left;\"><span style=\"color: #000080;\">Kraft\u2019s wife<span class=\"highlight\" data-qa-component=\"highlight-text\">&nbsp;also joined the march, led by roughly 40 Holocaust survivors, along with<\/span>&nbsp;former United States Ambassador to Israel David Friedman, philanthropist Miriam Adelson,&nbsp;<em>CNN<\/em>&nbsp;anchors Dana Bash and Wolf Blitzer, Warner Bros. Discovery CEO David Zaslav, Italian President Sergio Mattarella, US Ambassador to Israel Thomas Nides and others.<\/span><\/p>\n<p style=\"text-align: left;\"><span style=\"color: #000080;\">\u201cThe March of the Living serves as a powerful statement of solidarity for all those who have been victims of intolerance and discrimination, and reminds us that we must stand up against Jewish hate and all injustice to ensure that history does not repeat itself,\u201d Kraft said before the march at Auschwitz, where he was given the honor of lighting one of the six torches that commemorate the six million people who died in the Holocaust.<\/span><\/p>\n<p style=\"text-align: left;\"><span style=\"color: #000080;\">Kraft added, \u201cin today\u2019s world you wouldn\u2019t believe that human beings could treat other human beings [like this] and what transpired at this camp really happened, and we have to be mindful of that.\u201d<\/span><\/p>\n<p style=\"text-align: left;\"><span style=\"color: #000080;\">Kraft\u2019s Foundation to Combat Antisemitism launched in March a campaign called&nbsp;<a style=\"color: #000080;\" href=\"https:\/\/www.algemeiner.com\/2023\/03\/28\/nfl-legend-tom-brady-shares-video-about-antisemitic-hate-crimes-as-part-of-new-standuptojewishhate-campaign\/\" target=\"_blank\" rel=\"noopener noreferrer\">Stand Up to Jewish Hate<\/a>, which asks the public to share the blue square emoji as \u201ca simple, but powerful symbol of solidarity and support for the Jewish community\u201d against antisemitism. MOTL&nbsp;<a style=\"color: #000080;\" href=\"https:\/\/www.motl.org\/motl-joins-fcas-blue-square-campaign-every-participant-will-be-given-a-%f0%9f%9f%a6-pin-on-the-day-of-the-march\/\" target=\"_blank\" rel=\"noopener noreferrer\">partnered<\/a>&nbsp;with the campaign and gave every participant on this year\u2019s march a blue square pin, and encouraged them to post and share a blue square on social media.<\/span><\/p>\n<p style=\"text-align: left;\"><span style=\"color: #000080;\">The theme of this year\u2019s MOTL was \u201cHonoring Jewish Heroism,\u201d highlighting&nbsp;Jewish freedom fighters during the Holocaust.<\/span><\/p>\n<hr style=\"height: 15px; background: #d0e6fa; width: 100%;\">\n<div id=\"content\" class=\"content-alignment\">\n<div id=\"watch-description\" class=\"yt-uix-button-panel\">\n<div id=\"watch-description-text\" style=\"text-align: center;\">\n<p><em>Zawarto\u015b\u0107 publikowanych artyku\u0142\u00f3w i materia\u0142\u00f3w nie reprezentuje pogl\u0105d\u00f3w ani opinii Reunion&#8217;68,<\/em><em><br \/>\nani te\u017c webmastera Blogu Reunion&#8217;68, chyba ze jest to wyra\u017anie zaznaczone.<br \/>\nTwoje uwagi, linki, w\u0142asne artyku\u0142y lub wiadomo\u015bci prze\u015blij na adres:<br \/>\n<\/em><span style=\"color: #000080;\"><strong><em><a style=\"color: #000080;\" href=\"mailto:webmaster@reunion68.com\"><span style=\"text-decoration: underline;\">webmaster@reunion68.com<\/span><\/a><\/em><\/strong><\/span><\/p>\n<\/div>\n<\/div>\n<\/div>\n<hr style=\"width: 100%;\">\n","protected":false},"excerpt":{"rendered":"<p>Rapper Meek Mill Joins Patriots Owner Robert Kraft on \u2018Impactful\u2019 March of the Living Through Auschwitz hiryn Ghermezian Robert Kraft and American rapper Meek Mill attend the 35th anniversary of International March of the Living\u201d at the former Nazi-German Auschwitz Birkenau concentration and extermination camp in Oswiecim, Poland, on April 18, 2023. Photo: Beata Zawrzel\/Sipa [&hellip;]<\/p>\n","protected":false},"author":1,"featured_media":0,"comment_status":"closed","ping_status":"closed","sticky":false,"template":"","format":"standard","meta":[],"categories":[6],"tags":[26,24],"_links":{"self":[{"href":"https:\/\/www.reunion68.se\/index.php?rest_route=\/wp\/v2\/posts\/103768"}],"collection":[{"href":"https:\/\/www.reunion68.se\/index.php?rest_route=\/wp\/v2\/posts"}],"about":[{"href":"https:\/\/www.reunion68.se\/index.php?rest_route=\/wp\/v2\/types\/post"}],"author":[{"embeddable":true,"href":"https:\/\/www.reunion68.se\/index.php?rest_route=\/wp\/v2\/users\/1"}],"replies":[{"embeddable":true,"href":"https:\/\/www.reunion68.se\/index.php?rest_route=%2Fwp%2Fv2%2Fcomments&post=103768"}],"version-history":[{"count":5,"href":"https:\/\/www.reunion68.se\/index.php?rest_route=\/wp\/v2\/posts\/103768\/revisions"}],"predecessor-version":[{"id":103949,"href":"https:\/\/www.reunion68.se\/index.php?rest_route=\/wp\/v2\/posts\/103768\/revisions\/103949"}],"wp:attachment":[{"href":"https:\/\/www.reunion68.se\/index.php?rest_route=%2Fwp%2Fv2%2Fmedia&parent=103768"}],"wp:term":[{"taxonomy":"category","embeddable":true,"href":"https:\/\/www.reunion68.se\/index.php?rest_route=%2Fwp%2Fv2%2Fcategories&post=103768"},{"taxonomy":"post_tag","embeddable":true,"href":"https:\/\/www.reunion68.se\/index.php?rest_route=%2Fwp%2Fv2%2Ftags&post=103768"}],"curies":[{"name":"wp","href":"https:\/\/api.w.org\/{rel}","templated":true}]}}