{"id":103784,"date":"2023-05-17T17:09:49","date_gmt":"2023-05-17T15:09:49","guid":{"rendered":"http:\/\/www.reunion68.se\/?p=103784"},"modified":"2023-05-09T07:56:02","modified_gmt":"2023-05-09T05:56:02","slug":"30-09-69","status":"publish","type":"post","link":"https:\/\/www.reunion68.se\/?p=103784","title":{"rendered":"Powr\u00f3t konfederat\u00f3w polskich"},"content":{"rendered":"<p><img decoding=\"async\" class=\"aligncenter\" src=\"https:\/\/studioopinii.pl\/wp-content\/uploads\/2023\/04\/Pasted.png\" width=\"50%\"><\/p>\n<hr>\n<h5 style=\"text-align: center;\"><a href=\"https:\/\/studioopinii.pl\/\" target=\"_blank\" rel=\"noopener noreferrer\"><img decoding=\"async\" class=\"center alignleft\" src=\"http:\/\/www.reunion68.com\/Biuletyn\/img\/studio.png\" alt=\"\" width=\"35%\"><\/a><span style=\"text-decoration: underline; color: #000080;\"><strong><a style=\"color: #000080; text-decoration: underline;\" href=\"https:\/\/studioopinii.pl\/archiwa\/233984\" target=\"_blank\" rel=\"noopener noreferrer\">Powr\u00f3t konfederat\u00f3w polskich<\/a><\/strong><\/span><\/h5>\n<p style=\"text-align: center;\"><span style=\"color: #000000;\"><strong>Andrzej Koraszewski<\/strong><\/span><\/p>\n<hr style=\"height: 15px; background: #d0e6fa; width: 100%;\">\n<h4 style=\"text-align: center;\"><strong>Kiedy pojawi\u0142 si\u0119 ruch \u201eDziewuchy dziewuchom\u201d mia\u0142em napad optymizmu i przez moment by\u0142em przekonany, \u017ce teraz kobiety roznios\u0105 w puch Zjednoczon\u0105 Prawic\u0119. By\u0142em naiwny. Teraz przygl\u0105dam si\u0119 wzbieraj\u0105cej popularno\u015bci Konfederacji i pr\u00f3buj\u0119 zachowa\u0107 dystans beznami\u0119tnego obserwatora. L\u0119k i odraza do ruch\u00f3w nacjonalistycznych nie powinny blokowa\u0107 spokojnego ogl\u0105du.<\/strong><\/h4>\n<p style=\"text-align: right;\"><img decoding=\"async\" class=\"alignright\" src=\"http:\/\/www.listyznaszegosadu.pl\/upload\/article\/bild\/4575\/991117\/337662258_607037191301428_5812905985419689564_n_s.jpg\" width=\"50%\"><span style=\"font-size: 16px; text-align: right;\"><span style=\"color: #808080;\"><em>Zorganizowany z udzia\u0142em Konfederacji w dniach 24-26 marca 2023 \u201eWeekend kapitalizmu\u201d (\u0179r\u00f3d\u0142o zdj\u0119cia: ze strony Facebooka Klaudii Domaga\u0142y.)<\/em><\/span><\/span><\/p>\n<p class=\"has-helvetica-font-family has-custom-font has-custom-weight has-custom-lineheight\" style=\"text-align: left;\"><strong>Wed\u0142ug najnowszego sonda\u017cu Konfederacja ma&nbsp;oko\u0142o 12 procent poparcia, ale&nbsp;w\u015br\u00f3d m\u0142odego pokolenia (18-30 lat), to&nbsp;poparcie zbli\u017ca si\u0119 do&nbsp;20 procent.<\/strong><\/p>\n<p class=\"has-helvetica-font-family has-custom-font has-custom-weight has-custom-lineheight\" style=\"text-align: left;\"><span style=\"color: #000080;\">Mieli\u015bmy w&nbsp;naszej historii konfederacji wiele. Najpi\u0119kniejsza z&nbsp;nich, Konfederacja Warszawska, wyprzedza\u0142a o&nbsp;dwa stulecia \u015bwiat swoj\u0105 ide\u0105 rozdzia\u0142u pa\u0144stwa i&nbsp;Ko\u015bcio\u0142a oraz&nbsp;pa\u0144stwa jako gwaranta swobody wyznania. Dla odmiany Konfederacja Barska by\u0142a prawdopodobnie najbardziej wsteczna z&nbsp;wszystkich naszych konfederacji, d\u0105\u017cy\u0142a do&nbsp;zatrzymania reform, zachowania i&nbsp;wzmocnienia przywilej\u00f3w Ko\u015bcio\u0142a katolickiego oraz&nbsp;wyznaczenia innowiercom roli obywateli drugiej kategorii. Ostatecznie walnie przyczyni\u0142a si\u0119 do&nbsp;rozbior\u00f3w i&nbsp;upadku Polski.<\/span><\/p>\n<p style=\"text-align: left;\"><span style=\"color: #000080;\">Czym jest ta&nbsp;dzisiejsza Konfederacja? Najkr\u00f3tsza odpowied\u017a to, \u017ce&nbsp;widzimy bunt m\u0142odych przeciwko zar\u00f3wno Platformie, jak i&nbsp;<span class=\"tooltipsall tooltipsincontent classtoolTips37\" data-hasqtip=\"0\">PiS<\/span>-owi. Czy&nbsp;za&nbsp;liderami tej&nbsp;partii ukrywa si\u0119 Janusz Korwin-Mikke i&nbsp;Stanis\u0142aw Michalkiewicz, czy&nbsp;raczej t\u0142um, m\u0142odych ludzi szukaj\u0105cych swojego miejsca w&nbsp;dzisiejszym \u015bwiecie?<\/span><\/p>\n<p style=\"text-align: left;\"><span style=\"color: #000080;\">Zbli\u017caj\u0105cy si\u0119 do&nbsp;trzydziestki m\u0142ody cz\u0142owiek z&nbsp;mojego&nbsp;miasteczka na&nbsp;pytanie, co&nbsp;go&nbsp;do&nbsp;tej&nbsp;partii przekonuje, odpowiada, \u017ce&nbsp;przede wszystkim program gospodarczy. M\u00f3wi z&nbsp;zapa\u0142em, \u017ce&nbsp;nale\u017cy zlikwidowa\u0107 podatek dochodowy i&nbsp;zachowa\u0107 tylko&nbsp;VAT, chce zlikwidowa\u0107 ZUS, bo&nbsp;biurokracja parali\u017cuje gospodark\u0119, a&nbsp;partie polityczne i&nbsp;media zajmuj\u0105 si\u0119 wy\u0142\u0105cznie dezinformowaniem spo\u0142ecze\u0144stwa. Ludzie czuj\u0105 si\u0119 zagubieni.<\/span><\/p>\n<p style=\"text-align: left;\"><span style=\"color: #000080;\">Kiedy pytam, czy&nbsp;Konfederacja takie w\u0142a\u015bnie zmiany systemu podatkowego proponuje, m\u00f3j&nbsp;rozm\u00f3wca m\u00f3wi, \u017ce&nbsp;tak, ale&nbsp;czuj\u0119 w&nbsp;g\u0142osie niepewno\u015b\u0107. Sk\u0105d czerpie wiedz\u0119? Z&nbsp;Internetu. Gdzie zagl\u0105da, jak cz\u0119sto? Niezbyt cz\u0119sto, m\u0142odzi ludzie nie&nbsp;interesuj\u0105 si\u0119 polityk\u0105. Telewizja? Nigdy nie&nbsp;ogl\u0105da, ale&nbsp;po&nbsp;chwili zastanowienia si\u0119 dodaje: &nbsp;\u201ejak schodz\u0119 na&nbsp;d\u00f3\u0142 do&nbsp;rodzic\u00f3w zrobi\u0107 sobie kanapk\u0119, to&nbsp;co\u015b tam s\u0142ysz\u0119, bo&nbsp;rodzice maj\u0105 telewizor w\u0142\u0105czony na&nbsp;okr\u0105g\u0142o\u201d. Rozmowy z&nbsp;r\u00f3wie\u015bnikami o&nbsp;polityce? Nie, o&nbsp;polityce si\u0119 nie&nbsp;rozmawia.<\/span><\/p>\n<p style=\"text-align: left;\"><span style=\"color: #000080;\">To&nbsp;dlaczego Konfederacja? Korwin-Mikke?<\/span><\/p>\n<p style=\"text-align: left;\"><span style=\"color: #000080;\">Odpowiada pytaniem na&nbsp;pytanie: \u201eA on&nbsp;tam jeszcze dzia\u0142a?\u201d<\/span><\/p>\n<p style=\"text-align: left;\"><span style=\"color: #000080;\">Uczciwie m\u00f3wi\u0105c, ja&nbsp;te\u017c nie&nbsp;bardzo wiem, jak to&nbsp;w\u0142a\u015bciwie jest, bo&nbsp;Korwin przesta\u0142 by\u0107 prezesem partii KORWiN, partia KORWiN zmieni\u0142a nazw\u0119 na&nbsp;Nowa Nadzieja, kt\u00f3ra&nbsp;wsp\u00f3\u0142tworzy Konfederacj\u0119, a&nbsp;jej prezesem jest S\u0142awomir Mentzen, ale&nbsp;Korwin-Mikke jest gdzie\u015b w&nbsp;tle.<\/span><\/p>\n<p style=\"text-align: left;\"><span style=\"color: #000080;\">Pytam zatem, czy&nbsp;m\u00f3j&nbsp;rozm\u00f3wca ogl\u0105da filmiki Mentzena i&nbsp;Bosaka? M\u00f3wi, \u017ce&nbsp;ogl\u0105da Mentzena, bo&nbsp;Mentzen m\u00f3wi prostym j\u0119zykiem i&nbsp;cz\u0119\u015bciej o&nbsp;gospodarce ni\u017c o&nbsp;ideologii.&nbsp;&nbsp;&nbsp;&nbsp;<\/span><\/p>\n<p style=\"text-align: left;\"><span style=\"color: #000080;\">Najd\u0142u\u017cej rozmawiamy o&nbsp;biurokracji, kt\u00f3ra&nbsp;na&nbsp;ka\u017cdym kroku tworzy m\u0142odym ludziom tysi\u0105ce barier i&nbsp;o&nbsp;dezorientacji, bo&nbsp;nikomu nie&nbsp;mo\u017cna wierzy\u0107 i&nbsp;wszyscy opowiadaj\u0105 bajki. M\u00f3wi, \u017ce&nbsp;s\u0142owa lewica i&nbsp;prawica nic nie&nbsp;znacz\u0105, ale&nbsp;Konfederacja jest dla niego troch\u0119 za&nbsp;bardzo na&nbsp;prawo.&nbsp;&nbsp;&nbsp;&nbsp;&nbsp;<\/span><\/p>\n<p style=\"text-align: left;\"><span style=\"color: #000080;\">By\u0142y dziennikarz \u201eGazety Wyborczej\u201d Grzegorz Wysocki&nbsp;<a class=\"extlink https\" style=\"color: #000080;\" href=\"https:\/\/wiadomosci.gazeta.pl\/wiadomosci\/7,114884,29655613,dlaczego-mentzenowi-tak-rosnie-bo-tusk-kaczynski-i-piekne.html\">zada\u0142 sobie trud<\/a>&nbsp;przeanalizowania krajowych medi\u00f3w pod&nbsp;k\u0105tem wskazywanych powod\u00f3w wzrostu poparcia dla Konfederacji, znalaz\u0142 tych powod\u00f3w osiemdziesi\u0105t jeden. To&nbsp;ciekawy przegl\u0105d, w&nbsp;kt\u00f3rym&nbsp;mamy przewidywalne oskar\u017canie za&nbsp;sukces Konfederacji politycznych konkurent\u00f3w, mniej przewidywaln\u0105 pochwa\u0142\u0119 programu gospodarczego (Balcerowicz), wyja\u015bnienie inteligenckie: bo&nbsp;to&nbsp;partia dla kretyn\u00f3w, bo&nbsp;chc\u0105 Polski bez&nbsp;\u017byd\u00f3w, bez&nbsp;gej\u00f3w i&nbsp;bez&nbsp;aborcji (Ho\u0142ownia), bo&nbsp;ich przyw\u00f3dcy s\u0105&nbsp;m\u0142odzi i&nbsp;potrafi\u0105 m\u00f3wi\u0107 do&nbsp;m\u0142odych. Spraw\u0119 tego sukcesu intensywnie badaj\u0105 samozwa\u0144czy seksuolodzy, stwierdzaj\u0105cy, \u017ce&nbsp;to&nbsp;kontrreformacja patriarchatu, inni twierdz\u0105, \u017ce&nbsp;zdecydowa\u0142 antagonizm polsko-ukrai\u0144ski i&nbsp;wp\u0142yw Internetu, a&nbsp;szczeg\u00f3lnie TikToka.&nbsp;<\/span><\/p>\n<p style=\"text-align: left;\"><span style=\"color: #000080;\">Czy&nbsp;Konfederacja b\u0119dzie chcia\u0142a tworzy\u0107 rz\u0105d z&nbsp;<span class=\"tooltipsall tooltipsincontent classtoolTips37\" data-hasqtip=\"1\">PiS<\/span>-em? Ciekawe pytanie, bo&nbsp;chwilowo demonstruje tak\u0105 sam\u0105 wrogo\u015b\u0107 wobec&nbsp;<span class=\"tooltipsall tooltipsincontent classtoolTips37\" data-hasqtip=\"2\">PiS<\/span>-u, jak wobec Platformy Obywatelskiej. Socjolog, Przemys\u0142aw Sadura twierdzi, \u017ce&nbsp;Konfederacja jest atrakcyjna g\u0142\u00f3wnie dla m\u0142odych dobrze zarabiaj\u0105cych m\u0119\u017cczyzn. A&nbsp;jednak s\u0105&nbsp;tu&nbsp;i&nbsp;bezrobotni m\u0119\u017cczy\u017ani i&nbsp;kobiety z&nbsp;uniwersyteckimi dyplomami. Na&nbsp;TikToku&nbsp;<a class=\"extlink https\" style=\"color: #000080;\" href=\"https:\/\/wiadomosci.gazeta.pl\/wiadomosci\/7,114884,29654914,kobiety-konfederacji-oficjalnie-na-tiktoku-chca-wolnosci-i.html\">pojawi\u0142o si\u0119<\/a>&nbsp;oficjalne konto \u201eKobiet Konfederacji\u201d. Kim s\u0105, co&nbsp;m\u00f3wi\u0105?<\/span><\/p>\n<p style=\"text-align: left;\"><span style=\"color: #000080;\">Kana\u0142 powsta\u0142 zaledwie w&nbsp;ko\u0144cu marca, do&nbsp;publikacji artyku\u0142u pojawi\u0142o si\u0119 na&nbsp;nim 18 film\u00f3w.<\/span><\/p>\n<p style=\"text-align: left;\"><span style=\"color: #000080;\">W\u015br\u00f3d ich autorek s\u0105&nbsp;dwie panie sprawuj\u0105ce funkcje szefowych lokalnych oddzia\u0142\u00f3w Nowej Nadziei w&nbsp;\u015brednich miastach. Jednak z&nbsp;autorek, Klaudia Domaga\u0142a, o&nbsp;problemach kobiet m\u00f3wi:<\/span><\/p>\n<blockquote>\n<p style=\"text-align: left;\"><strong>Najwi\u0119kszymi problemami s\u0105&nbsp;wysokie podatki, inflacja, lockdowny, przerost biurokracji, niszczenie polskich firm, zgoda polskich polityk\u00f3w na&nbsp;beznadziejne unijne dyrektywy ograniczaj\u0105ce nasz\u0105 wolno\u015b\u0107. To&nbsp;w\u0142a\u015bnie te&nbsp;rzeczy niszcz\u0105 niezale\u017cno\u015b\u0107 finansow\u0105 Polek, niszcz\u0105 ich rodziny, marzenia i&nbsp;ambicje.<\/strong><\/p>\n<\/blockquote>\n<p style=\"text-align: left;\"><span style=\"color: #000080;\">Z&nbsp;ciekawo\u015bci zagl\u0105dam na&nbsp;jej stron\u0119 Facebooka i&nbsp;czytam: \u201eMa\u0142\u017ce\u0144stwo jest super! Po&nbsp;15 latach zwi\u0105zku, 8 latach ma\u0142\u017ce\u0144stwa i&nbsp;3 dzieci nadal uwielbiamy sp\u0119dza\u0107 ze&nbsp;sob\u0105 czas\u201d. To&nbsp;nie&nbsp;wygl\u0105da jak ultrakatolicka rodzina.&nbsp; Jedna z&nbsp;dzia\u0142aczek m\u00f3wi: \u201ejako mama tr\u00f3jki dzieci chcia\u0142abym, by&nbsp;w&nbsp;przysz\u0142o\u015bci \u017cy\u0142y w&nbsp;kraju, w&nbsp;kt\u00f3rym&nbsp;nikt im&nbsp;nie&nbsp;m\u00f3wi, jak maj\u0105 \u017cy\u0107\u201d.<\/span><\/p>\n<p style=\"text-align: left;\"><span style=\"color: #000080;\">Pr\u00f3buj\u0119 zrozumie\u0107, zbyt ma\u0142o jednak wiem. Co&nbsp;mnie troch\u0119 dziwi, to&nbsp;fakt, \u017ce&nbsp;w&nbsp;tych poszukiwaniach przyczyn atrakcyjno\u015bci Konfederacji brakuje \u015bwiata. Tak&nbsp;jakby ten nasz polski za\u015bcianek by\u0142 izolowan\u0105 wysp\u0105 na&nbsp;oceanie. W&nbsp;wypowiedziach \u201eKobiet Konfederacji\u201d raz czy&nbsp;dwa pojawia si\u0119 s\u0142owo globalizacja, nieco wi\u0119cej razy protesty przeciw unijnym regulacjom.<\/span><\/p>\n<p class=\"has-custom-weight\" style=\"text-align: left;\"><span style=\"color: #000080;\">Bunt przeciw globalizacji wydaje si\u0119 og\u00f3lno\u015bwiatowym trendem. Co&nbsp;ta&nbsp;globalizacja dla nich znaczy, jak j\u0105&nbsp;rozumiej\u0105, dlaczego budzi ich l\u0119k i&nbsp;odraz\u0119? Czy&nbsp;jest to&nbsp;tylko&nbsp;powr\u00f3t do&nbsp;plemiennej lokalno\u015bci i&nbsp;podtrzymuj\u0105cej zwi\u0105zki z&nbsp;innymi religijnej tradycji?<\/span><\/p>\n<p style=\"text-align: left;\"><span style=\"color: #000080;\">Dlaczego zastanawiaj\u0105c si\u0119 nad&nbsp;przyczynami popularno\u015bci Konfederacji w\u015br\u00f3d m\u0142odego pokolenia Polak\u00f3w wracam my\u015blami do&nbsp;niedawnej katastrofy finansowej ameryka\u0144skiego koncernu browarniczego?&nbsp; Ameryka\u0144skie prawicowe media zach\u0142ystuj\u0105 si\u0119 z&nbsp;zachwytu, poniewa\u017c mi\u0119dzynarodowy koncern browarniczy Anheuser Bush z&nbsp;dnia na&nbsp;dzie\u0144 straci\u0142 kilka miliard\u00f3w dolar\u00f3w. Media g\u0142\u00f3wnego nurtu milcz\u0105, ale&nbsp;wiadomo\u015b\u0107 potwierdzi\u0142o kierownictwo koncernu i&nbsp;firma pospiesznie wycofa\u0142a si\u0119 z&nbsp;niefortunnej reklamy. W&nbsp;czym rzecz? Postanowili i\u015b\u0107 z&nbsp;duchem czasu i&nbsp;w&nbsp;nowej kampanii reklamowej zatrudniono transseskualist\u0119 Dylana Mulvaney\u2019a. Inne firmy robi\u0142y to&nbsp;ju\u017c wcze\u015bniej i&nbsp;nic z\u0142ego si\u0119 nie&nbsp;dzia\u0142o, a&nbsp;tu&nbsp;reakcja uderzy\u0142a jak grom z&nbsp;jasnego nieba, klienci zareagowali masowym bojkotem. Najwyra\u017aniej amatorzy piwa s\u0105&nbsp;bardziej konserwatywni ni\u017c klienci kupuj\u0105cy staniki.<\/span><\/p>\n<p style=\"text-align: left;\"><span style=\"color: #000080;\">Dla socjologa pojawia si\u0119 tu&nbsp;pytanie,&nbsp;<strong>gdzie i&nbsp;kiedy lansowane przez&nbsp;warstw\u0119 kap\u0142a\u0144sk\u0105 mody intelektualne doprowadzaj\u0105 do&nbsp;buntu?&nbsp;<\/strong>Dziennikarze s\u0105&nbsp;dzi\u015b now\u0105 warstw\u0105 kap\u0142a\u0144sk\u0105, kt\u00f3ra&nbsp;z&nbsp;pewno\u015bci\u0105 nie&nbsp;narzeka na&nbsp;brak powo\u0142a\u0144, kt\u00f3ra, podobnie jak stara warstwa kap\u0142a\u0144ska, utrzymuje si\u0119 z&nbsp;fa\u0142szywej troski o&nbsp;ubogich, (pomieszanej z&nbsp;nieustaj\u0105c\u0105 pogard\u0105), zajmuje si\u0119 produkcj\u0105 zbiorowych psychoz (w&nbsp;ramach fascynacji pseudonauk\u0105), jej poszczeg\u00f3lne zakony \u017cyj\u0105 wzajemnym opluwaniem si\u0119 i&nbsp;wymuszaniem od&nbsp;wiernych sekciarskiego konformizmu. Te&nbsp;medialne zakony dziennikarzy dziel\u0105 si\u0119 z&nbsp;grubsza na&nbsp;te&nbsp;globalistyczne i&nbsp;nacjonalistyczne, zalewaj\u0105 \u015bwiat tsunami \u201einformacji\u201d, kt\u00f3re nie&nbsp;tylko&nbsp;wywo\u0142uj\u0105 poczucie dezinformacji, ale&nbsp;i&nbsp;uczucie paniki i&nbsp;potrzeb\u0119 ucieczki od&nbsp;opluwaj\u0105cych si\u0119 wzajemnie i&nbsp;ziej\u0105cych jadem kaznodziei.<\/span><\/p>\n<p class=\"has-helvetica-font-family has-custom-font has-custom-weight has-custom-lineheight\" style=\"text-align: left;\"><span style=\"color: #000080;\">Nie&nbsp;wiem, czy&nbsp;popularno\u015b\u0107 Konfederacji b\u0119dzie w\u015br\u00f3d m\u0142odego pokolenia mieszka\u0144c\u00f3w Polski nadal ros\u0142a, ale&nbsp;nazywanie ich kretynami atrakcji tej&nbsp;formacji nie&nbsp;os\u0142abi. Nie, to&nbsp;nie&nbsp;s\u0105&nbsp;idioci, a&nbsp;ich bunt nie&nbsp;jest pozbawiony podstaw. Mo\u017ce warto ws\u0142ucha\u0107 si\u0119 uwa\u017cniej i&nbsp;pr\u00f3bowa\u0107 ich zrozumie\u0107, bo&nbsp;jak twierdz\u0105 wodzowie najlepszych armii, bez&nbsp;dobrego wywiadu nie&nbsp;ma&nbsp;szans na&nbsp;zwyci\u0119stwo.<\/span><\/p>\n<p style=\"text-align: left;\"><span style=\"color: #000080;\">Jedno jest pewne, wszystkie inne partie polityczne walk\u0119 o&nbsp;m\u0142ode pokolenie przegrywaj\u0105, a&nbsp;chwilowo Konfederacji ro\u015bnie.&nbsp;<\/span><\/p>\n<hr>\n<div class=\"wp-block-image is-style-rounded\">\n<figure class=\"alignleft size-full is-resized\"><img decoding=\"async\" loading=\"lazy\" class=\"wp-image-180999\" src=\"https:\/\/studioopinii.pl\/wp-content\/uploads\/2017\/06\/Koraszewski.jpg\" alt=\"\" width=\"142\" height=\"145\"><\/figure>\n<\/div>\n<h4 class=\"has-luminous-vivid-amber-background-color has-background wp-block-heading\">Andrzej Koraszewski<\/h4>\n<p><strong>Publicysta i&nbsp;pisarz ekonomiczno-spo\u0142eczny.<\/strong><\/p>\n<p>Ur. 26 marca&nbsp;<strong>1940&nbsp;<\/strong>w&nbsp;Szymbarku, by\u0142y dziennikarz&nbsp;<a class=\"extlink https\" href=\"https:\/\/www.wikiwand.com\/pl\/BBC\">BBC<\/a>, wiceszef polskiej sekcji BBC, i&nbsp;publicysta paryskiej \u201e<a class=\"extlink https\" href=\"https:\/\/www.wikiwand.com\/pl\/Kultura_(miesi%C4%99cznik)\">Kultury<\/a>\u201d.&nbsp;<strong><a class=\"extlink https\" href=\"https:\/\/www.wikiwand.com\/pl\/Andrzej_Koraszewski\" target=\"_blank\" rel=\"noreferrer noopener\">Wi\u0119cej w&nbsp;Wikipedii<\/a><\/strong>. <a class=\"extlink https\" href=\"https:\/\/www.facebook.com\/andrzej.koraszewski\" target=\"_blank\" rel=\"noreferrer noopener\"><strong>Facebook<\/strong><\/a><\/p>\n<hr style=\"height: 15px; background: #d0e6fa; width: 100%;\">\n<div id=\"content\" class=\"content-alignment\">\n<div id=\"watch-description\" class=\"yt-uix-button-panel\">\n<div id=\"watch-description-text\" style=\"text-align: center;\">\n<p><em>Zawarto\u015b\u0107 publikowanych artyku\u0142\u00f3w i materia\u0142\u00f3w nie reprezentuje pogl\u0105d\u00f3w ani opinii Reunion&#8217;68,<\/em><em><br \/>\nani te\u017c webmastera Blogu Reunion&#8217;68, chyba ze jest to wyra\u017anie zaznaczone.<br \/>\nTwoje uwagi, linki, w\u0142asne artyku\u0142y lub wiadomo\u015bci prze\u015blij na adres:<br \/>\n<\/em><span style=\"color: #000080;\"><strong><em><a style=\"color: #000080;\" href=\"mailto:webmaster@reunion68.com\"><span style=\"text-decoration: underline;\">webmaster@reunion68.com<\/span><\/a><\/em><\/strong><\/span><\/p>\n<\/div>\n<\/div>\n<\/div>\n<hr style=\"width: 100%;\">\n","protected":false},"excerpt":{"rendered":"<p>Powr\u00f3t konfederat\u00f3w polskich Andrzej Koraszewski Kiedy pojawi\u0142 si\u0119 ruch \u201eDziewuchy dziewuchom\u201d mia\u0142em napad optymizmu i przez moment by\u0142em przekonany, \u017ce teraz kobiety roznios\u0105 w puch Zjednoczon\u0105 Prawic\u0119. By\u0142em naiwny. Teraz przygl\u0105dam si\u0119 wzbieraj\u0105cej popularno\u015bci Konfederacji i pr\u00f3buj\u0119 zachowa\u0107 dystans beznami\u0119tnego obserwatora. L\u0119k i odraza do ruch\u00f3w nacjonalistycznych nie powinny blokowa\u0107 spokojnego ogl\u0105du. Zorganizowany z udzia\u0142em [&hellip;]<\/p>\n","protected":false},"author":1,"featured_media":0,"comment_status":"closed","ping_status":"closed","sticky":false,"template":"","format":"standard","meta":[],"categories":[6],"tags":[26,24],"_links":{"self":[{"href":"https:\/\/www.reunion68.se\/index.php?rest_route=\/wp\/v2\/posts\/103784"}],"collection":[{"href":"https:\/\/www.reunion68.se\/index.php?rest_route=\/wp\/v2\/posts"}],"about":[{"href":"https:\/\/www.reunion68.se\/index.php?rest_route=\/wp\/v2\/types\/post"}],"author":[{"embeddable":true,"href":"https:\/\/www.reunion68.se\/index.php?rest_route=\/wp\/v2\/users\/1"}],"replies":[{"embeddable":true,"href":"https:\/\/www.reunion68.se\/index.php?rest_route=%2Fwp%2Fv2%2Fcomments&post=103784"}],"version-history":[{"count":6,"href":"https:\/\/www.reunion68.se\/index.php?rest_route=\/wp\/v2\/posts\/103784\/revisions"}],"predecessor-version":[{"id":103800,"href":"https:\/\/www.reunion68.se\/index.php?rest_route=\/wp\/v2\/posts\/103784\/revisions\/103800"}],"wp:attachment":[{"href":"https:\/\/www.reunion68.se\/index.php?rest_route=%2Fwp%2Fv2%2Fmedia&parent=103784"}],"wp:term":[{"taxonomy":"category","embeddable":true,"href":"https:\/\/www.reunion68.se\/index.php?rest_route=%2Fwp%2Fv2%2Fcategories&post=103784"},{"taxonomy":"post_tag","embeddable":true,"href":"https:\/\/www.reunion68.se\/index.php?rest_route=%2Fwp%2Fv2%2Ftags&post=103784"}],"curies":[{"name":"wp","href":"https:\/\/api.w.org\/{rel}","templated":true}]}}