{"id":103786,"date":"2023-04-23T17:09:19","date_gmt":"2023-04-23T15:09:19","guid":{"rendered":"http:\/\/www.reunion68.se\/?p=103786"},"modified":"2023-04-23T07:49:36","modified_gmt":"2023-04-23T05:49:36","slug":"30-05-77","status":"publish","type":"post","link":"https:\/\/www.reunion68.se\/?p=103786","title":{"rendered":"Co naprawd\u0119 dzieje si\u0119 w \u015bwi\u0119tych miejscach Jerozolimy?"},"content":{"rendered":"<h5 style=\"text-align: center;\"><a href=\"http:\/\/www.listyznaszegosadu.pl\/\" target=\"_blank\" rel=\"noopener noreferrer\"><img decoding=\"async\" class=\"center alignleft\" src=\"http:\/\/www.reunion68.com\/Biuletyn\/img\/z-naszego.jpg\" alt=\"\" width=\"50%\" \/><\/a><span style=\"text-decoration: underline; color: #000080;\"><strong><a style=\"color: #000080; text-decoration: underline;\" href=\"http:\/\/www.listyznaszegosadu.pl\/brunatna-fala\/co-naprawde-dzieje-sie-w-swietych-miejscach-jerozolimy\" target=\"_blank\" rel=\"noopener noreferrer\">Co naprawd\u0119 dzieje si\u0119 w \u015bwi\u0119tych miejscach Jerozolimy?<\/a><\/strong><\/span><\/h5>\n<p style=\"text-align: center;\"><span style=\"color: #000000;\"><strong>Bassam Tawil<br \/>\n<\/strong><span style=\"color: #808080;\">T\u0142umaczenie: <\/span><strong>Ma\u0142gorzata Koraszewska<\/strong><\/span><\/p>\n<hr style=\"height: 15px; background: #d0e6fa; width: 100%;\" \/>\n<p><img decoding=\"async\" class=\"alignright\" src=\"http:\/\/www.listyznaszegosadu.pl\/upload\/article\/bild\/9279\/990581\/GB_bKU7A_s.jpg\" \/><span style=\"color: #808080;\"><em>Ci, kt\u00f3rzy bezczeszcz\u0105 meczet Al-Aksa, to ludzie ukrywaj\u0105cy si\u0119 w nim i atakuj\u0105cy funkcjonariuszy policji fajerwerkami i kamieniami oraz niszcz\u0105cy wn\u0119trze meczetu, u\u017cywaj\u0105c fajerwerk\u00f3w jako broni.\u00a0\u201eMeczet Al-Aksa i Bazylika Grobu \u015awi\u0119tego s\u0105 nasze. Wszystkie s\u0105 nasze i oni [\u017bydzi] nie maj\u0105 prawa kala\u0107 ich swoimi brudnymi stopami. Chylimy czo\u0142a przed ka\u017cd\u0105 kropl\u0119 krwi przelan\u0105 dla dobra Jerozolimy. Ta krew jest czysta, czysta krew, przelana na rzecz Allaha. Ka\u017cdy m\u0119czennik dostanie si\u0119 do raju, a wszyscy ranni zostan\u0105 wynagrodzeni przez Allaha\u201d.\u00a0\u2014 prezydent Autonomii Palesty\u0144skiej Mahmoud Abbas.\u00a0(\u0179r\u00f3d\u0142o obrazu: MEMRI)<\/em><\/span><\/p>\n<div class=\"templateArticleIngress\">\n<p style=\"text-align: left;\"><span style=\"color: #000080;\">Od pocz\u0105tku islamskiego \u015bwi\u0119tego miesi\u0105ca Ramadanu, 22 marca, w\u0142adze izraelskie podj\u0119\u0142y szereg dzia\u0142a\u0144, aby umo\u017cliwi\u0107 wyznawcom muzu\u0142ma\u0144skim swobodny dost\u0119p do kompleksu meczetu Al-Aksa, znanego jako Wzg\u00f3rze \u015awi\u0105tynne lub Haram al-Szarif (Szlachetne Sanktuarium) w Jerozolimie.<\/span><\/p>\n<\/div>\n<p style=\"text-align: left;\">\n<div class=\"templateArticleBrodtext\">\n<p style=\"text-align: left;\"><span style=\"color: #000080;\">\u015arodki\u00a0obejmuj\u0105 zapewnienie wiernym bezp\u0142atnego dojazdu, a tak\u017ce zamkni\u0119cie kilku g\u0142\u00f3wnych ulic w Jerozolimie dla ruchu, by muzu\u0142manie mogli swobodnie wje\u017cd\u017ca\u0107 i wyje\u017cd\u017ca\u0107 z miasta.<\/span><\/p>\n<p style=\"text-align: left;\">\n<span style=\"color: #000080;\">W rezultacie dziesi\u0105tki tysi\u0119cy muzu\u0142man\u00f3w z Izraela i Zachodniego Brzegu mog\u0142o uczestniczy\u0107 w modlitwach w meczecie, zw\u0142aszcza w pi\u0105tki, w pierwszych dw\u00f3ch tygodniach Ramadanu.\u00a0By\u0142o tak do czasu, gdy grupa muzu\u0142ma\u0144skich ekstremist\u00f3w\u00a0<a style=\"color: #000080;\" href=\"blank\" target=\"_blank\" rel=\"noopener noreferrer\">postanowi\u0142a<\/a>\u00a0zamieni\u0107 meczet Al-Aksa w miejsce anarchii i bezprawia, naruszaj\u0105c \u015bwi\u0119to\u015b\u0107 tego \u015bwi\u0119tego miejsca i nara\u017caj\u0105c \u017cycie pozosta\u0142ych pokojowo nastawionych wyznawc\u00f3w, kt\u00f3rzy przybyli do \u015bwi\u0119tego miejsca jedynie w celu modlitwy i nie anga\u017cowali si\u0119 w \u017cadne akty przemocy.<\/span><\/p>\n<p style=\"text-align: left;\">\n<span style=\"color: #000080;\">Ci ekstremi\u015bci, (niekt\u00f3rzy w maskach), najwyra\u017aniej nie przyszli si\u0119 modli\u0107.\u00a0Najwyra\u017aniej przybyli z zamiarem\u00a0<a style=\"color: #000080;\" href=\"blank\" target=\"_blank\" rel=\"noopener noreferrer\">wywo\u0142ania<\/a>\u00a0zamieszek i rozruch\u00f3w.\u00a0Przybyli z kamieniami, fajerwerkami, drewnianymi deskami i \u017celaznymi pr\u0119tami.\u00a0To nie jest to, co muzu\u0142manie zwykle przynosz\u0105 do meczetu.\u00a0Uniemo\u017cliwiali wiernym opuszczenie meczetu.\u00a0Ich zamiarem by\u0142o wywo\u0142anie gwa\u0142townych\u00a0<a style=\"color: #000080;\" href=\"blank\" target=\"_blank\" rel=\"noopener noreferrer\">zamieszek<\/a>\u00a0przeciwko \u017cydowskim go\u015bciom i policji. Ponadto\u00a0<a style=\"color: #000080;\" href=\"blank\" target=\"_blank\" rel=\"noopener noreferrer\">zbezcze\u015bcili<\/a>\u00a0meczet, przemycaj\u0105c do niego fajerwerki, pa\u0142ki i kamienie oraz barykaduj\u0105c si\u0119 w nim, u\u017cywaj\u0105c mi\u0119dzy innymi \u017celaznych barier i mebli.<\/span><\/p>\n<p style=\"text-align: left;\">\n<span style=\"color: #000080;\">Kiedy izraelska policja przyst\u0105pi\u0142a do eksmisji agitator\u00f3w, Izrael zosta\u0142 zaatakowany przez wiele kraj\u00f3w, a tak\u017ce przez wiele zachodnich medi\u00f3w g\u0142\u00f3wnego nurtu, za \u201enapa\u015b\u0107 na pokojowych wyznawc\u00f3w\u201d i wys\u0142anie swoich \u017co\u0142nierzy do \u201eszturmu\u201d na jedno z naj\u015bwi\u0119tszych miejsc islamu.<\/span><\/p>\n<p style=\"text-align: left;\">\n<span style=\"color: #000080;\">Jak na ironi\u0119, Izrael jest oskar\u017cany o \u201eutrudnianie\u201d muzu\u0142manom dost\u0119pu do meczetu w czasie, gdy \u2013 dzi\u0119ki setkom izraelskich autokar\u00f3w, kt\u00f3re bezp\u0142atnie przewo\u017c\u0105 muzu\u0142man\u00f3w do Jerozolimy podczas Ramadanu z ca\u0142ego Izraela \u2013 rekordowa\u00a0<a style=\"color: #000080;\" href=\"blank\" target=\"_blank\" rel=\"noopener noreferrer\">liczba<\/a>\u00a0200 tysi\u0119cy wiernych uczestniczy\u0142a w ostatniej pi\u0105tkowej modlitwie.\u00a0Liczba muzu\u0142man\u00f3w, kt\u00f3rzy uczestnicz\u0105 w modlitwach w inne dni w roku, zawsze by\u0142a znacznie mniejsza.<\/span><\/p>\n<p style=\"text-align: left;\">\n<span style=\"color: #000080;\">Je\u015bli w\u0142adze izraelskie \u201eutrudnia\u0142y\u201d przybycie wiernych do meczetu Al-Aqsa, w jaki spos\u00f3b 200 tysi\u0119cy\u00a0<a style=\"color: #000080;\" href=\"blank\" target=\"_blank\" rel=\"noopener noreferrer\">wiernych<\/a>\u00a0dotar\u0142o do tego miejsca od pocz\u0105tku Ramadanu?\u00a0Liczby te nie zosta\u0142y dostarczone przez w\u0142adze izraelskie, ale przez kontrolowany przez Jordani\u0119 Islamski Departament Wakf, kt\u00f3ry nadzoruje islamskie \u015bwi\u0119te miejsca w Jerozolimie.\u00a0Na przyk\u0142ad 31 marca departament\u00a0<a style=\"color: #000080;\" href=\"blank\" target=\"_blank\" rel=\"noopener noreferrer\">og\u0142osi\u0142<\/a>, \u017ce 250 tysi\u0119cy wiernych uczestniczy\u0142o w pi\u0105tkowej modlitwie w meczecie Al-Aqsa.\u00a0Nie jest niczym niezwyk\u0142ym, \u017ce tak du\u017ca liczba muzu\u0142man\u00f3w uczestniczy w modlitwach w meczecie podczas Ramadanu.<\/span><\/p>\n<p style=\"text-align: left;\">\n<span style=\"color: #000080;\">W zesz\u0142ym roku muzu\u0142manie\u00a0<a style=\"color: #000080;\" href=\"blank\" target=\"_blank\" rel=\"noopener noreferrer\">poinformowali<\/a>, \u017ce w jednej z pi\u0105tkowych modlitw podczas Ramadanu uczestniczy\u0142o ponad 200 tysi\u0119cy wiernych.\u00a0W poprzednich latach podobna liczba muzu\u0142man\u00f3w gromadzi\u0142a si\u0119 w \u015bwi\u0119tym miejscu w Jerozolimie, g\u0142\u00f3wnie dzi\u0119ki krokom Izraela u\u0142atwiaj\u0105cym im wjazd i pozostanie w mie\u015bcie.<\/span><\/p>\n<p style=\"text-align: left;\">\n<span style=\"color: #000080;\">Ostatnie napi\u0119cia zacz\u0119\u0142y si\u0119, gdy kilkuset ekstremist\u00f3w\u00a0<a style=\"color: #000080;\" href=\"blank\" target=\"_blank\" rel=\"noopener noreferrer\">zabarykadowa\u0142o<\/a>\u00a0si\u0119 w meczecie Al-Aksa po wieczornych modlitwach.\u00a0Pod\u017cegacze twierdzili, \u017ce postanowili sp\u0119dzi\u0107 noc w meczecie, aby uniemo\u017cliwi\u0107 \u017bydom \u201eszturm\u201d na meczet.\u00a0Twierdzenie to by\u0142o ca\u0142kowicie fa\u0142szywe: \u017caden \u017byd nie planowa\u0142 postawi\u0107 stopy w meczecie.\u00a0Nie jest to r\u00f3wnie\u017c pierwszy raz, kiedy to\u00a0<a style=\"color: #000080;\" href=\"blank\" target=\"_blank\" rel=\"noopener noreferrer\">k\u0142amstwo zosta\u0142o u\u017cyte<\/a>\u00a0do pod\u017cegania do przemocy wobec Izraela i \u017byd\u00f3w.\u00a0Nie jest to r\u00f3wnie\u017c pierwszy raz, gdy stosunkowo niewielka grupa brutalnych ekstremist\u00f3w zabarykadowa\u0142a\u00a0<a style=\"color: #000080;\" href=\"blank\" target=\"_blank\" rel=\"noopener noreferrer\">si\u0119<\/a>\u00a0w meczecie podczas Ramadanu.<\/span><\/p>\n<p style=\"text-align: left;\">\n<span style=\"color: #000080;\">\u017bydzi od kilku lat organizuj\u0105 pokojowe wycieczki plenerowe po Wzg\u00f3rzu \u015awi\u0105tynnym, kt\u00f3re jest naj\u015bwi\u0119tszym miejscem dla \u017byd\u00f3w.<\/span><\/p>\n<p style=\"text-align: left;\">\n<span style=\"color: #000080;\">Nie ma prawa zabraniaj\u0105cego nie-muzu\u0142manom, w tym \u017bydom, zwiedzania tego miejsca.\u00a0W rzeczywisto\u015bci islamskie w\u0142adze religijne od dawna witaj\u0105 nie-muzu\u0142man\u00f3w jako go\u015bci na terenie przylegaj\u0105cym do meczetu al-Aksa.\u00a0Problem polega jednak na tym, \u017ce niekt\u00f3rzy muzu\u0142manie zdecydowali, \u017ce nie chc\u0105 widzie\u0107 \u017cadnych \u017byd\u00f3w odwiedzaj\u0105cych to miejsce.\u00a0Jest tak najwyra\u017aniej dlatego, \u017ce przyw\u00f3dcy muzu\u0142ma\u0144scy, w tym prezydent Autonomii Palesty\u0144skiej, Mahmoud Abbas, m\u00f3wili swoim ludziom, \u017ce \u017bydzi nie maj\u0105 prawa odwiedza\u0107 naj\u015bwi\u0119tszego miejsca judaizmu.<\/span><\/p>\n<p style=\"text-align: left;\">\n<span style=\"color: #000080;\">Abbas i inni muzu\u0142ma\u0144scy politycy, tacy jak jego premier Mohammad Sztajeh, nadal\u00a0<a style=\"color: #000080;\" href=\"blank\" target=\"_blank\" rel=\"noopener noreferrer\">zaprzeczaj\u0105<\/a>\u00a0jakiemukolwiek \u017cydowskiemu religijnemu i historycznemu powi\u0105zaniu w szczeg\u00f3lno\u015bci z Jerozolim\u0105 i og\u00f3lnie z Izraelem, pomimo niezaprzeczalnych dowod\u00f3w archeologicznych i archiwalnych, kt\u00f3re ten zwi\u0105zek potwierdzaj\u0105.\u00a0Obejmuje to Bibli\u0119, Zwoje\u00a0<a style=\"color: #000080;\" href=\"blank\" target=\"_blank\" rel=\"noopener noreferrer\">znad Morza Martwego, dzie\u0142a\u00a0<\/a><a style=\"color: #000080;\" href=\"blank\" target=\"_blank\" rel=\"noopener noreferrer\">J\u00f3zefa Flawiusza<\/a>, a nawet Koran, kt\u00f3ry wielokrotnie wspomina o obecno\u015bci \u017byd\u00f3w i Moj\u017cesza w \u201e<a style=\"color: #000080;\" href=\"blank\" target=\"_blank\" rel=\"noopener noreferrer\">Ziemi \u015awi\u0119tej<\/a>\u201d (np.: 17:104; 2:47-48; 9:30; 2:83; 3:110; 3:199; 7:159; 2:62; 22:40; 5:5; 7:145).<\/span><\/p>\n<p style=\"text-align: left;\">\n<span style=\"color: #000080;\">Oto, co Abbas mia\u0142 do\u00a0<a style=\"color: #000080;\" href=\"blank\" target=\"_blank\" rel=\"noopener noreferrer\">powiedzenia<\/a>\u00a0w 2015 r. o \u017bydach odwiedzaj\u0105cych Wzg\u00f3rze \u015awi\u0105tynne:<\/span><\/p>\n<blockquote>\n<p style=\"text-align: left;\"><strong>\u201eMeczet Al-Aksa i Bazylika Grobu \u015awi\u0119tego s\u0105 nasze. Wszystkie s\u0105 nasze i oni (\u017bydzi) nie maj\u0105 prawa kala\u0107 ich swoimi brudnymi stopami. Chylimy czo\u0142a przed ka\u017cd\u0105 kropl\u0119 przelan\u0105 dla dobra Jerozolimy\u201d.<\/strong><\/p>\n<\/blockquote>\n<p style=\"text-align: left;\"><span style=\"color: #000080;\">Od czasu fa\u0142szywych \u2013 a dok\u0142adnie m\u00f3wi\u0105c oszczerczych \u2013 oskar\u017ce\u0144 Abbasa, dziesi\u0105tki \u017byd\u00f3w zosta\u0142o zamordowanych w r\u00f3\u017cnych atakach terrorystycznych, w tym napadach no\u017cem, taranowaniu samochodami, strzelaninach i bombardowaniach, pod pretekstem obrony meczetu Al-Aksa przed \u017cydowsk\u0105 \u201e<a style=\"color: #000080;\" href=\"blank\" target=\"_blank\" rel=\"noopener noreferrer\">agresj\u0105<\/a>\u201d.<\/span><\/p>\n<p style=\"text-align: left;\">\n<span style=\"color: #000080;\">Je\u015bli na terenie meczetu Al-Aksa dochodzi do przemocy, to jest ona inicjowana przez muzu\u0142man\u00f3w, kt\u00f3rzy uciekaj\u0105 si\u0119 do s\u0142ownych i fizycznych obelg wobec \u017cydowskich go\u015bci i towarzysz\u0105cych im policjant\u00f3w.\u00a0Muzu\u0142manie utworzyli nawet\u00a0<a style=\"color: #000080;\" href=\"blank\" target=\"_blank\" rel=\"noopener noreferrer\">grupy<\/a>\u00a0m\u0119\u017cczyzn i kobiet zwane\u00a0<em>Murabitun<\/em>\u00a0(\u201eobro\u0144cy wiary\u201d) w celu n\u0119kania i zastraszania \u017byd\u00f3w odwiedzaj\u0105cych Wzg\u00f3rze \u015awi\u0105tynne.<\/span><\/p>\n<p style=\"text-align: left;\">\n<span style=\"color: #000080;\">Pe\u0142na odpowiedzialno\u015b\u0107 za ostatnie napi\u0119cia mi\u0119dzy Izraelem a Palesty\u0144czykami spoczywa wy\u0142\u0105cznie na tych muzu\u0142manach, kt\u00f3rzy porwali Ramadan, najwyra\u017aniej w celu pod\u017cegania do przemocy i szerzenia nienawi\u015bci wobec Izraela i \u017byd\u00f3w.<\/span><\/p>\n<p style=\"text-align: left;\">\n<span style=\"color: #000080;\">Zamiast pot\u0119pi\u0107 brutalnych ekstremist\u00f3w za zbezczeszczenie meczetu, przyw\u00f3dcy palesty\u0144scy i ich zwolennicy obwiniaj\u0105 Izrael za u\u017cycie si\u0142y w celu usuni\u0119cia ich z meczetu, aby zapewni\u0107 swobodny dost\u0119p do tego miejsca dziesi\u0105tkom tysi\u0119cy muzu\u0142man\u00f3w, kt\u00f3rzy chcieli si\u0119 modli\u0107.<\/span><\/p>\n<p style=\"text-align: left;\">\n<span style=\"color: #000080;\">Zamiast pot\u0119pi\u0107 agitator\u00f3w za wnoszenie kamieni, \u017celaznych pr\u0119t\u00f3w i fajerwerk\u00f3w do meczetu, przyw\u00f3dcy palesty\u0144scy i niekt\u00f3re zachodnie media nadal rzucaj\u0105 fa\u0142szywe i oszczercze oskar\u017cenia przeciwko Izraelowi i \u017bydom.<\/span><\/p>\n<p style=\"text-align: left;\">\n<span style=\"color: #000080;\">Pozwalaj\u0105c tym brutalnym ekstremistom zabarykadowa\u0107 si\u0119 w meczecie, Islamski Departament Wakf dzia\u0142a wbrew w\u0142asnym instrukcjom.\u00a021 marca Islamski Departament Wakf\u00a0<a style=\"color: #000080;\" href=\"blank\" target=\"_blank\" rel=\"noopener noreferrer\">wyda\u0142<\/a>\u00a0dyrektyw\u0119, w kt\u00f3rej stwierdzi\u0142, \u017ce muzu\u0142manie nie powinni nocowa\u0107 w meczecie Al-Aksa.\u00a0<a style=\"color: #000080;\" href=\"blank\" target=\"_blank\" rel=\"noopener noreferrer\">Uzgodniono<\/a>\u00a0to\u00a0podczas niedawnych szczyt\u00f3w w Akabie i Szarm el-Szejk mi\u0119dzy Izraelem a Palesty\u0144czykami, a tak\u017ce Jordani\u0105 i Egiptem, aby st\u0142umi\u0107 napi\u0119cia w \u015bwi\u0119tym miejscu.<\/span><\/p>\n<p style=\"text-align: left;\">\n<span style=\"color: #000080;\">Ci, kt\u00f3rzy bezczeszcz\u0105 meczet, to ukrywaj\u0105cy si\u0119 w nim ludzie atakuj\u0105cy funkcjonariuszy policji fajerwerkami i kamieniami.\u00a0Ci, kt\u00f3rzy bezczeszcz\u0105 meczet, to ludzie, kt\u00f3rzy zniszczyli wn\u0119trze meczetu, u\u017cywaj\u0105c fajerwerk\u00f3w jako broni.\u00a0Ci, kt\u00f3rzy bezczeszcz\u0105 meczet, to ludzie, kt\u00f3rzy po prawie ka\u017cdej modlitwie wywieszaj\u0105 flagi i sztandary grup terrorystycznych, takich jak Hamas, i\u00a0<a style=\"color: #000080;\" href=\"blank\" target=\"_blank\" rel=\"noopener noreferrer\">skanduj\u0105<\/a>\u00a0has\u0142a popieraj\u0105ce terroryzm.<\/span><\/p>\n<p style=\"text-align: left;\">\n<span style=\"color: #000080;\">Gdzie w Koranie jest powiedziane, \u017ce muzu\u0142manin, kt\u00f3ry udaje si\u0119 na modlitw\u0119 do meczetu Al-Aksa, ma skandowa\u0107 has\u0142a wspieraj\u0105ce\u00a0<a style=\"color: #000080;\" href=\"blank\" target=\"_blank\" rel=\"noopener noreferrer\">Mohammeda Deifa<\/a>, arcyterroryst\u0119 Hamasu poszukiwanego za udzia\u0142 w serii atak\u00f3w terrorystycznych, w kt\u00f3rych dziesi\u0105tki \u017byd\u00f3w zosta\u0142o zabitych i rannych?<\/span><\/p>\n<p style=\"text-align: left;\"><span style=\"color: #000080;\"><a style=\"color: #000080;\" href=\"blank\" target=\"_blank\" rel=\"noopener noreferrer\"><br \/>\nTo statut<\/a>\u00a0Hamasu\u00a0otwarcie wzywa do wyeliminowania Izraela \u2013 Hamasu, kt\u00f3ry zosta\u0142 okre\u015blony jako grupa terrorystyczna przez Stany Zjednoczone, Uni\u0119 Europejsk\u0105, Kanad\u0119, jak r\u00f3wnie\u017c inne kraje.<\/span><\/p>\n<p style=\"text-align: left;\">\n<span style=\"color: #000080;\">Czy istnieje\u00a0<em>fatwa<\/em>\u00a0(islamskie orzeczenie religijne), kt\u00f3ra zach\u0119ca muzu\u0142man\u00f3w do u\u017cywania meczet\u00f3w do intonowania slogan\u00f3w\u00a0<a style=\"color: #000080;\" href=\"blank\" target=\"_blank\" rel=\"noopener noreferrer\">pot\u0119piaj\u0105cych<\/a>\u00a0Mahmuda Abbasa jako \u201eszpiega\u201d dla Izraela i gro\u017c\u0105cych, \u017ce muzu\u0142manie \u201erozdepcz\u0105 twoj\u0105 [Abbasa] g\u0142ow\u0119\u201d?\u00a0Abbas jest cz\u0119sto krytykowany przez wielu Palesty\u0144czyk\u00f3w za rzekome prowadzenie \u201eumiarkowanej\u201d polityki wobec Izraela i za pozwalanie swoim si\u0142om bezpiecze\u0144stwa na koordynacj\u0119 dzia\u0142a\u0144 w sprawach bezpiecze\u0144stwa z Izraelskimi Si\u0142ami Obronnymi na Zachodnim Brzegu.<\/span><\/p>\n<p style=\"text-align: left;\">\n<span style=\"color: #000080;\">Inicjuj\u0105c ostatnie napi\u0119cia w meczecie Al-Aqsa, palesty\u0144scy ekstremi\u015bci staraj\u0105 si\u0119 zjednoczy\u0107 \u015bwiat przeciwko Izraelowi, przedstawiaj\u0105c go jako opresyjne pa\u0144stwo, kt\u00f3re nie szanuje islamskich \u015bwi\u0119tych miejsc.\u00a0Ci pod\u017cegacze maj\u0105 nadziej\u0119 wci\u0105gn\u0105\u0107 Izrael w konfrontacj\u0119 militarn\u0105 z innymi Arabami i muzu\u0142manami, zw\u0142aszcza w s\u0105siedniej Syrii i Libanie, sk\u0105d Palesty\u0144czycy wystrzelili rakiety na Izrael w ci\u0105gu ostatnich kilku dni.<\/span><\/p>\n<p style=\"text-align: left;\">\n<span style=\"color: #000080;\">Ci ekstremi\u015bci nie ukrywaj\u0105 swoich powi\u0105za\u0144 z Hamasem i innymi ira\u0144skimi agentami terroru, takimi jak Hezbollah i Palesty\u0144ski Islamski D\u017cihad.\u00a0Ira\u0144scy mu\u0142\u0142owie twierdz\u0105, \u017ce chc\u0105, aby Izrael zosta\u0142 \u201e<a style=\"color: #000080;\" href=\"blank\" target=\"_blank\" rel=\"noopener noreferrer\">wymazany z mapy<\/a>\u201d.\u00a0To samo m\u00f3wi\u0105 pe\u0142nomocnicy Iranu w Strefie Gazy, Libanie, Syrii, Jemenie i Iraku.<\/span><\/p>\n<p style=\"text-align: left;\">\n<span style=\"color: #000080;\">Palesty\u0144czycy, kt\u00f3rzy bezczeszcz\u0105 meczet Al-Aksa w Jerozolimie, s\u0105 inspirowani i wspierani przez ira\u0144skich mu\u0142\u0142\u00f3w.\u00a0Re\u017cim ira\u0144ski nie dba o to, czy meczet zostanie zdewastowany lub spalony przez palesty\u0144skich terroryst\u00f3w: wie, \u017ce wielu w spo\u0142eczno\u015bci mi\u0119dzynarodowej b\u0119dzie nadal obwinia\u0107 Izrael i oczyszcza\u0107 z zarzut\u00f3w tych, kt\u00f3rzy prowadz\u0105 d\u017cihad (\u015bwi\u0119t\u0105 wojn\u0119) przeciwko Izraelowi i \u017bydom.<\/span><\/p>\n<p style=\"text-align: left;\">\n<span style=\"color: #000080;\">Media g\u0142\u00f3wnego nurtu na Zachodzie \u2013 kt\u00f3re rozpowszechniaj\u0105 dezinformacj\u0119 i jawne k\u0142amstwa na temat tego, co naprawd\u0119 dzieje si\u0119 w na Wzg\u00f3rzu \u015awi\u0105tynnym i w meczecie Al-Aksa \u2013 s\u0105 w pe\u0142ni wsp\u00f3\u0142winne tego nagiego d\u017cihadu maj\u0105cego na celu unicestwienie \u017byd\u00f3w.<\/span><\/p>\n<hr \/>\n<\/div>\n<p style=\"text-align: left;\"><span style=\"color: #808080;\"><em><strong>*Bassam Tawil<\/strong> jest muzu\u0142ma\u0144skim badaczem i publicyst\u0105 mieszkaj\u0105cym na Bliskim Wschodzie.\u00a0<\/em><\/span><\/p>\n<hr style=\"height: 15px; background: #d0e6fa; width: 100%;\" \/>\n<div id=\"content\" class=\"content-alignment\">\n<div id=\"watch-description\" class=\"yt-uix-button-panel\">\n<div id=\"watch-description-text\" style=\"text-align: center;\">\n<p><em>Zawarto\u015b\u0107 publikowanych artyku\u0142\u00f3w i materia\u0142\u00f3w nie reprezentuje pogl\u0105d\u00f3w ani opinii Reunion&#8217;68,<\/em><em><br \/>\nani te\u017c webmastera Blogu Reunion&#8217;68, chyba ze jest to wyra\u017anie zaznaczone.<br \/>\nTwoje uwagi, linki, w\u0142asne artyku\u0142y lub wiadomo\u015bci prze\u015blij na adres:<br \/>\n<\/em><span style=\"color: #000080;\"><strong><em><a style=\"color: #000080;\" href=\"mailto:webmaster@reunion68.com\"><span style=\"text-decoration: underline;\">webmaster@reunion68.com<\/span><\/a><\/em><\/strong><\/span><\/p>\n<\/div>\n<\/div>\n<\/div>\n<hr style=\"width: 100%;\" \/>\n","protected":false},"excerpt":{"rendered":"<p>Co naprawd\u0119 dzieje si\u0119 w \u015bwi\u0119tych miejscach Jerozolimy? Bassam Tawil T\u0142umaczenie: Ma\u0142gorzata Koraszewska Ci, kt\u00f3rzy bezczeszcz\u0105 meczet Al-Aksa, to ludzie ukrywaj\u0105cy si\u0119 w nim i atakuj\u0105cy funkcjonariuszy policji fajerwerkami i kamieniami oraz niszcz\u0105cy wn\u0119trze meczetu, u\u017cywaj\u0105c fajerwerk\u00f3w jako broni.\u00a0\u201eMeczet Al-Aksa i Bazylika Grobu \u015awi\u0119tego s\u0105 nasze. Wszystkie s\u0105 nasze i oni [\u017bydzi] nie maj\u0105 prawa [&hellip;]<\/p>\n","protected":false},"author":1,"featured_media":0,"comment_status":"closed","ping_status":"closed","sticky":false,"template":"","format":"standard","meta":[],"categories":[6],"tags":[26,24],"_links":{"self":[{"href":"https:\/\/www.reunion68.se\/index.php?rest_route=\/wp\/v2\/posts\/103786"}],"collection":[{"href":"https:\/\/www.reunion68.se\/index.php?rest_route=\/wp\/v2\/posts"}],"about":[{"href":"https:\/\/www.reunion68.se\/index.php?rest_route=\/wp\/v2\/types\/post"}],"author":[{"embeddable":true,"href":"https:\/\/www.reunion68.se\/index.php?rest_route=\/wp\/v2\/users\/1"}],"replies":[{"embeddable":true,"href":"https:\/\/www.reunion68.se\/index.php?rest_route=%2Fwp%2Fv2%2Fcomments&post=103786"}],"version-history":[{"count":5,"href":"https:\/\/www.reunion68.se\/index.php?rest_route=\/wp\/v2\/posts\/103786\/revisions"}],"predecessor-version":[{"id":103799,"href":"https:\/\/www.reunion68.se\/index.php?rest_route=\/wp\/v2\/posts\/103786\/revisions\/103799"}],"wp:attachment":[{"href":"https:\/\/www.reunion68.se\/index.php?rest_route=%2Fwp%2Fv2%2Fmedia&parent=103786"}],"wp:term":[{"taxonomy":"category","embeddable":true,"href":"https:\/\/www.reunion68.se\/index.php?rest_route=%2Fwp%2Fv2%2Fcategories&post=103786"},{"taxonomy":"post_tag","embeddable":true,"href":"https:\/\/www.reunion68.se\/index.php?rest_route=%2Fwp%2Fv2%2Ftags&post=103786"}],"curies":[{"name":"wp","href":"https:\/\/api.w.org\/{rel}","templated":true}]}}