{"id":103803,"date":"2023-06-02T17:00:24","date_gmt":"2023-06-02T15:00:24","guid":{"rendered":"http:\/\/www.reunion68.se\/?p=103803"},"modified":"2023-05-26T14:05:14","modified_gmt":"2023-05-26T12:05:14","slug":"01-00-76","status":"publish","type":"post","link":"https:\/\/www.reunion68.se\/?p=103803","title":{"rendered":"Mural Depicting Simpsons Characters as Nazi Concentration Camp Inmates Gets Vandalized on Yom HaShoah"},"content":{"rendered":"<h5 style=\"text-align: center;\"><a href=\"\/\/www.algemeiner.com\/\" target=\"_blank\" rel=\"noopener noreferrer\"><img decoding=\"async\" class=\"center alignleft\" src=\"http:\/\/www.reunion68.com\/Biuletyn\/img\/algem.png\" alt=\"\" width=\"35%\"><\/a><span style=\"text-decoration: underline; color: #000080;\"><strong><a style=\"color: #000080; text-decoration: underline;\" href=\"https:\/\/www.algemeiner.com\/2023\/04\/21\/mural-depicting-simpsons-characters-as-nazi-concentration-camp-inmates-gets-vandalized-on-yom-hashoah\/\" target=\"_blank\" rel=\"noopener noreferrer\">Mural Depicting Simpsons Characters as Nazi Concentration Camp Inmates Gets Vandalized on Yom HaShoah<\/a><\/strong><\/span><\/h5>\n<p style=\"text-align: center;\"><span style=\"color: #000000;\"><strong>Shiryn Ghermezian<\/strong><\/span><\/p>\n<hr style=\"height: 15px; background: #d0e6fa; width: 100%;\">\n<p style=\"text-align: center;\"><img decoding=\"async\" class=\"aligncenter\" src=\"https:\/\/www.algemeiner.com\/wp-content\/uploads\/2023\/04\/Wax_Museum_Plus_6345577800-1.jpg\" width=\"100%\"><span style=\"color: #808080;\"><em>Wax figurines of The Simpsons family. Photo: Miguel Mendez via Wikimedia Commons<\/em><\/span><\/p>\n<p style=\"text-align: left;\"><span style=\"color: #000080;\">A mural of&nbsp;<em>The Simpsons&nbsp;<\/em>family dressed as Jewish inmates of a Nazi concentration camp was vandalized in Italy on Tuesday on Holocaust Remembrance Day, also known as Yom HaShoah, according to a statement from Milan\u2019s Shoah Memorial Museum.<\/span><\/p>\n<p style=\"text-align: left;\"><span style=\"color: #000080;\"><em>Track 21, the Simpsons deported to Auschwitz<\/em>&nbsp;by Italian artist Alexsandro Palombo is painted on the walls outside of the Museum, which was built on the exact spot used to transport thousands of Jews and other victims of Nazi persecution to concentration camps during 1943 and 1945, according to the museum.<\/span><\/p>\n<p style=\"text-align: left;\"><span style=\"color: #000080;\">Palombo painted two murals for the museum that depict the family from the&nbsp;<em>Fox<\/em>&nbsp;animated series as Jewish. One shows Homer, Marge, Bart, Lisa, and Maggie Simpson dressed in everyday clothes as well as the yellow Star of David patches that Jews were forced to wear during the Holocaust in order to identify them as Jewish. Another mural shows the Simpsons family looking extremely thin and frail as they wear stripped concentration camp uniforms that also feature the yellow Stars of David. Both artworks were unveiled on January 27, which is International Holocaust Remembrance Day.<\/span><\/p>\n<p style=\"text-align: left;\"><span style=\"color: #000080;\">Vandals drew black marker over the mural depicting the Simpsons family as concentration camp inmates and covered the Stars of David on their uniforms.<\/span><\/p>\n<p align=\"center&quot;\">\n<iframe id=\"instagram-embed-0\" class=\"instagram-media instagram-media-rendered\" src=\"https:\/\/www.instagram.com\/p\/CrN0h-OMuq-\/embed\/captioned\/?cr=1&amp;v=14&amp;wp=540&amp;rd=https%3A%2F%2Fwww.algemeiner.com&amp;rp=%2F2023%2F04%2F21%2Fmural-depicting-simpsons-characters-as-nazi-concentration-camp-inmates-gets-vandalized-on-yom-hashoah%2F#%7B%22ci%22%3A0%2C%22os%22%3A594.4000000003725%2C%22ls%22%3A271.10000000009313%2C%22le%22%3A449.90000000037253%7D\" height=\"1376\" frameborder=\"0\" scrolling=\"no\" allowfullscreen=\"allowfullscreen\" data-instgrm-payload-id=\"instagram-media-payload-0\"><\/iframe><\/p>\n<p style=\"text-align: left;\"><span style=\"color: #000080;\">Roberto Jarach, the museum\u2019s president, said in a released&nbsp;<a style=\"color: #000080;\" href=\"https:\/\/www.instagram.com\/p\/CrN0h-OMuq-\/\" target=\"_blank\" rel=\"noopener noreferrer\">statement<\/a>&nbsp;on Wednesday that surveillance footage from the area will be examined in the hopes of identifying the vandals.<\/span><\/p>\n<p style=\"text-align: left;\"><span style=\"color: #000080;\">\u201cIn the next few days we will be checking the footage from the cameras trying to identify the person responsible,\u201d he said. \u201cWhat worries us is catching in this act a possible revisionist and antisemitic tendency. What we hope is that the rest of the citizens will respond with its opposite, with solidarity and empathy, proving that the fight against indifference is the key to overcoming racist and anti-democratic derivatives.\u201d<\/span><\/p>\n<p style=\"text-align: left;\"><span style=\"color: #000080;\">Palombo told&nbsp;<em>Newsweek<\/em>&nbsp;he believes the crime was motivated by antisemitism.<\/span><\/p>\n<p style=\"text-align: left;\"><span style=\"color: #000080;\">\u201cIn this case we are talking about antisemitism that took place in a very important and symbolic place for the city of Milan and the memory of the Jews, a place from which Italian Jews were deported to concentration camps,\u201d the artist told the publication. \u201cAntisemitism hasn\u2019t disappeared and the mural, popular and symbolic, certainly disturbed the most extreme supporters of denial and revisionist thoughts.\u201d<\/span><\/p>\n<hr style=\"height: 15px; background: #d0e6fa; width: 100%;\">\n<div id=\"content\" class=\"content-alignment\">\n<div id=\"watch-description\" class=\"yt-uix-button-panel\">\n<div id=\"watch-description-text\" style=\"text-align: center;\">\n<p><em>Zawarto\u015b\u0107 publikowanych artyku\u0142\u00f3w i materia\u0142\u00f3w nie reprezentuje pogl\u0105d\u00f3w ani opinii Reunion&#8217;68,<\/em><em><br \/>\nani te\u017c webmastera Blogu Reunion&#8217;68, chyba ze jest to wyra\u017anie zaznaczone.<br \/>\nTwoje uwagi, linki, w\u0142asne artyku\u0142y lub wiadomo\u015bci prze\u015blij na adres:<br \/>\n<\/em><span style=\"color: #000080;\"><strong><em><a style=\"color: #000080;\" href=\"mailto:webmaster@reunion68.com\"><span style=\"text-decoration: underline;\">webmaster@reunion68.com<\/span><\/a><\/em><\/strong><\/span><\/p>\n<\/div>\n<\/div>\n<\/div>\n<hr style=\"width: 100%;\">\n","protected":false},"excerpt":{"rendered":"<p>Mural Depicting Simpsons Characters as Nazi Concentration Camp Inmates Gets Vandalized on Yom HaShoah Shiryn Ghermezian Wax figurines of The Simpsons family. Photo: Miguel Mendez via Wikimedia Commons A mural of&nbsp;The Simpsons&nbsp;family dressed as Jewish inmates of a Nazi concentration camp was vandalized in Italy on Tuesday on Holocaust Remembrance Day, also known as Yom [&hellip;]<\/p>\n","protected":false},"author":1,"featured_media":0,"comment_status":"closed","ping_status":"closed","sticky":false,"template":"","format":"standard","meta":[],"categories":[6],"tags":[26,24],"_links":{"self":[{"href":"https:\/\/www.reunion68.se\/index.php?rest_route=\/wp\/v2\/posts\/103803"}],"collection":[{"href":"https:\/\/www.reunion68.se\/index.php?rest_route=\/wp\/v2\/posts"}],"about":[{"href":"https:\/\/www.reunion68.se\/index.php?rest_route=\/wp\/v2\/types\/post"}],"author":[{"embeddable":true,"href":"https:\/\/www.reunion68.se\/index.php?rest_route=\/wp\/v2\/users\/1"}],"replies":[{"embeddable":true,"href":"https:\/\/www.reunion68.se\/index.php?rest_route=%2Fwp%2Fv2%2Fcomments&post=103803"}],"version-history":[{"count":7,"href":"https:\/\/www.reunion68.se\/index.php?rest_route=\/wp\/v2\/posts\/103803\/revisions"}],"predecessor-version":[{"id":104604,"href":"https:\/\/www.reunion68.se\/index.php?rest_route=\/wp\/v2\/posts\/103803\/revisions\/104604"}],"wp:attachment":[{"href":"https:\/\/www.reunion68.se\/index.php?rest_route=%2Fwp%2Fv2%2Fmedia&parent=103803"}],"wp:term":[{"taxonomy":"category","embeddable":true,"href":"https:\/\/www.reunion68.se\/index.php?rest_route=%2Fwp%2Fv2%2Fcategories&post=103803"},{"taxonomy":"post_tag","embeddable":true,"href":"https:\/\/www.reunion68.se\/index.php?rest_route=%2Fwp%2Fv2%2Ftags&post=103803"}],"curies":[{"name":"wp","href":"https:\/\/api.w.org\/{rel}","templated":true}]}}