{"id":103833,"date":"2023-04-26T17:09:59","date_gmt":"2023-04-26T15:09:59","guid":{"rendered":"http:\/\/www.reunion68.se\/?p=103833"},"modified":"2023-04-26T14:54:27","modified_gmt":"2023-04-26T12:54:27","slug":"03-09-83","status":"publish","type":"post","link":"https:\/\/www.reunion68.se\/?p=103833","title":{"rendered":"To, \u017ce krzycz\u0105 \u201e\u015amier\u0107 \u017bydom!\u201d, nie oznacza, \u017ce s\u0105 antysemitami"},"content":{"rendered":"<p style=\"text-align: center;\"><img decoding=\"async\" class=\"aligncenter\" src=\"http:\/\/www.listyznaszegosadu.pl\/upload\/article\/bild\/2712\/992147\/-22Palestinian-22-DEATH-TO-JEWS--Demonstration--Berlin2_s.png\" width=\"80%\" \/><span style=\"color: #808080;\"><em>223 metry, wystarczaj\u0105co blisko miejsca, w kt\u00f3rym gaw\u0119dzili Had\u017c Amin Al-Husseini i Adolf Hitler, i data 8 kwietnia, wystarczaj\u0105co blisko daty urodzin Hitlera 20 kwietnia, aby demonstracja pod has\u0142em \u201e\u015amier\u0107 \u017bydom\u201d na Potsdamer Platz by\u0142a odpowiedni\u0105 oznak\u0105 szacunku z wystarczaj\u0105c\u0105 dawk\u0105 wiarygodnego zaprzeczenia, by zadowoli\u0107 niemieck\u0105 biurokracj\u0119, kt\u00f3ra skapitulowa\u0142a ju\u017c dawno temu.<\/em><\/span><\/p>\n<hr \/>\n<h5 style=\"text-align: center;\"><a href=\"http:\/\/www.listyznaszegosadu.pl\/\" target=\"_blank\" rel=\"noopener noreferrer\"><img decoding=\"async\" class=\"center alignleft\" src=\"http:\/\/www.reunion68.com\/Biuletyn\/img\/z-naszego.jpg\" alt=\"\" width=\"50%\" \/><\/a><span style=\"text-decoration: underline; color: #000080;\"><strong><a style=\"color: #000080; text-decoration: underline;\" href=\"http:\/\/www.listyznaszegosadu.pl\/brunatna-fala\/to-ze-krzycza-a-smierc-zydom-a-nie-oznacza-ze-sa-antysemitami\" target=\"_blank\" rel=\"noopener noreferrer\">To, \u017ce krzycz\u0105 \u201e\u015amier\u0107 \u017bydom!\u201d, nie oznacza, \u017ce s\u0105 antysemitami<\/a><\/strong><\/span><\/h5>\n<p style=\"text-align: center;\"><span style=\"color: #000000;\"><strong>Anjuli Pandavar<br \/>\n<\/strong><span style=\"color: #808080;\">T\u0142umaczenie: <\/span><strong>Ma\u0142gorzata Koraszewska<\/strong><\/span><\/p>\n<hr style=\"height: 15px; background: #d0e6fa; width: 100%;\" \/>\n<div class=\"templateArticleIngress\" style=\"text-align: left;\"><span style=\"color: #000080;\">Od czasu wymy\u015blenia ich w sali konferencyjnej KGB w latach 1960-tych przedstawiano wszelkie wym\u00f3wki, aby umie\u015bci\u0107 i utrzyma\u0107 \u201ePalesty\u0144czyk\u00f3w\u201d na moralnych wy\u017cynach, od prezentowania bezradnego, ma\u0142ego narodu broni\u0105cego si\u0119 przed ludob\u00f3jczymi atakami \u017byd\u00f3w, do redefinicji uchod\u017ac\u00f3w, aby obj\u0105\u0107 tym poj\u0119ciem wszystkie pokolenia, twierdze\u0144, \u017ce masowe mordowanie \u017byd\u00f3w w d\u017cihadzie nie s\u0105 terroryzmem, ale \u201eoporem\u201d i, co najlepsze ze wszystkiego, \u017ce ich pal\u0105ce pragnienie doko\u0144czenia tego, co zacz\u0105\u0142 Adolf Hitler, jest pragnieniem w\u0142asnego, niepodleg\u0142ego pa\u0144stwa.\u00a0W ramach tego ostatniego oszustwa spotykamy si\u0119 w Niemczech z ide\u0105, \u017ce je\u015bli nie pokazuj\u0105 swastyk, nie mog\u0105 by\u0107 antysemitami, nie m\u00f3wi\u0105c ju\u017c o nazistach, i musimy by\u0107 bardzo, bardzo ostro\u017cni, aby\u015bmy nie powo\u0142ywali si\u0119 na niew\u0142a\u015bciwe procedury, kiedy zajmujemy si\u0119 nimi lub nie zajmujemy si\u0119 nimi, w zale\u017cno\u015bci od przypadku.<\/span><\/div>\n<p style=\"text-align: left;\">\n<div class=\"templateArticleBrodtext\">\n<p style=\"text-align: left;\"><span style=\"color: #000080;\">Te wznios\u0142e zasady zosta\u0142y wystawione na pr\u00f3b\u0119 8 kwietnia 2023 r., kiedy \u201epalesty\u0144ska\u201d grupa wsparcia terroryst\u00f3w Samidoun zorganizowa\u0142a demonstracj\u0119 na ulicach Berlina, podczas kt\u00f3rej skandowali \u201e\u015amier\u0107 \u017bydom!\u201d.\u00a0i \u201e\u015amier\u0107 Izraelowi!\u201d\u00a0Pom\u00f3g\u0142 nam przebrn\u0105\u0107 przez t\u0119 delikatn\u0105 spraw\u0119 komisarz ds. antysemityzmu w Berlinie, Samuel Salzborn. Salzborn, okazuj\u0105c wzorowy rozs\u0105dek i m\u0105dro\u015b\u0107 stanu w wywiadzie udzielonym Benjaminowi Weinthalowi dla Jewish News Syndicate (JNS), powiedzia\u0142:<\/span><\/p>\n<p style=\"text-align: left;\"><span style=\"color: #000080;\"><em><br \/>\n\u201eAntysemicki charakter zgromadzenia\u2026 w Berlinie jest bezsporny, w oparciu o dost\u0119pne informacje\u201d.<\/em><\/span><\/p>\n<p style=\"text-align: left;\"><span style=\"color: #000080;\">Protest wpisuje si\u0119 w \u201ewiece w ostatnich latach, gdzie [dzia\u0142ania] antyizraelskie i antysemityzm s\u0105 kojarzone z otwart\u0105 mow\u0105 nienawi\u015bci wobec \u017cydowskich kobiet i \u017byd\u00f3w w Niemczech\u201d \u2013 doda\u0142.<\/span><\/p>\n<p style=\"text-align: left;\"><span style=\"color: #000080;\">\u201eMaj\u0105c to na uwadze, zwr\u00f3ci\u0142em si\u0119 do organ\u00f3w \u015bledczych Prokuratury o zbadanie kwestii prawnokarnych dotycz\u0105cych zgromadzenia\u201d \u2013 powiedzia\u0142 komisarz.<\/span><\/p>\n<p><strong><em>Zapytany, czy kraj zwi\u0105zkowy Brandenburgia zdelegalizuje Samidoun w swoich granicach, Salzborn powiedzia\u0142, \u017ce \u201ezakaz dzia\u0142alno\u015bci\u201d jest odpowiedzialno\u015bci\u0105 rz\u0105du federalnego.[1]<\/em><\/strong><\/p>\n<p style=\"text-align: left;\"><span style=\"color: #000080;\">W Niemczech nazist\u00f3w rozpoznaje si\u0119 po swastykach, butach z cholewami i salutach hitlerowskich\u2026 i po antysemityzmie.\u00a0W Niemczech antysemityzm bez swastyk, but\u00f3w i nazistowskich salut\u00f3w nie mo\u017ce by\u0107 antysemityzmem.\u00a0W Niemczech trzeba by\u0107 szczeg\u00f3lnie ostro\u017cnym w nazywaniu ludzi krzycz\u0105cych \u201e\u015amier\u0107 \u017bydom!\u201d\u00a0antysemitami, tylko dlatego, \u017ce krzycz\u0105 \u201e\u015amier\u0107 \u017bydom!\u201d\u00a0Trzeba uwa\u017cnie przyjrze\u0107 si\u0119 dost\u0119pnym informacjom i zada\u0107 sobie pytanie: czy nosz\u0105 buty z cholewami?\u00a0Czy wykonuj\u0105 salut nazistowski?\u00a0Czy maj\u0105 swastyki?\u00a0Je\u015bli odpowiedzi na te pytania brzmi\u0105 \u201enie\u201d, to oczywi\u015bcie nie kwalifikuj\u0105 si\u0119 oni do bycia nazistami, a zatem nie mog\u0105 by\u0107 antysemitami.\u00a0<em>Das ist ja logisch.<\/em><\/span><\/p>\n<p style=\"text-align: left;\"><span style=\"color: #000080;\">W klasycznej odruchowej reakcji \u201eskrajna prawica\u201d rzuci\u0142a si\u0119, by oskar\u017cy\u0107 \u201ePalesty\u0144czyk\u00f3w\u201d o antysemityzm jedynie za to, \u017ce stali na ulicach Berlina i krzyczeli \u201e\u015amier\u0107 \u017bydom!\u201d\u00a0stawiaj\u0105c nieszcz\u0119snego berli\u0144skiego komisarza ds. antysemityzmu w okropnej sytuacji, w kt\u00f3rej musi odpowiada\u0107 na pytania.\u00a0Jest to ra\u017c\u0105co niesprawiedliwe z dw\u00f3ch powod\u00f3w: nie tylko \u201ePalesty\u0144czycy\u201d nie maj\u0105 swastyk, but\u00f3w ani salut\u00f3w hitlerowskich, ale istnieje historyczny precedens krzyczenia \u201e\u015amier\u0107 \u017bydom!\u201d\u00a0w Berlinie.<\/span><\/p>\n<p style=\"text-align: left;\"><span style=\"color: #000080;\">Nie nale\u017cy te\u017c wyrywa\u0107 rzeczy z kontekstu.\u00a0W tym sezonie upami\u0119tnie\u0144, no wiesz, Holokaust\u00f3w i tym podobnych, \u201ePalesty\u0144czycy\u201d po prostu przypominaj\u0105 \u015bwiatu, \u017ce oni te\u017c byli kiedy\u015b du\u017cymi graczami w biznesie zabijania \u017byd\u00f3w, biesiaduj\u0105c przy stole z najwi\u0119kszym na \u015bwiecie, alfa ultra-grub\u0105 ryb\u0105 bossem, niedo\u015bcignionym zab\u00f3jc\u0105 \u017byd\u00f3w, samym bratem Adolfem, tutaj, w Berlinie.\u00a0<em>Tak!<\/em><\/span><\/p>\n<p style=\"text-align: left;\"><span style=\"color: #000080;\">Nie ma nic antysemickiego w \u201ePalesty\u0144czykach\u201d krzycz\u0105cych \u201e\u015amier\u0107 \u017bydom!\u201d\u00a0na ulicach Berlina.\u00a0S\u0105 po prostu niezrozumianymi lud\u017ami, kt\u00f3rzy t\u0119skni\u0105 za dobrymi czasami, a my nie mo\u017cemy znale\u017a\u0107 w naszych sercach wsp\u00f3\u0142czucia, aby im to zapewni\u0107.\u00a0Ha\u0144ba nam.<\/span><\/p>\n<p style=\"text-align: left;\"><span style=\"color: #000080;\">Jako ca\u0142kowicie nieistotna uwaga na marginesie: granica mi\u0119dzy niemieck\u0105 skrupulatno\u015bci\u0105 proceduraln\u0105 a totalitarn\u0105 arbitralno\u015bci\u0105 jest cienka, o czym przekona\u0142a si\u0119 samotnie protestuj\u0105ca przeciwko Samidoun:<\/span><\/p>\n<p style=\"text-align: left;\"><span style=\"color: #000080;\"><em><br \/>\nNiemiecki oddzia\u0142 Samidoun jest bardzo aktywny w ca\u0142ym kraju, a w\u0142adze cz\u0119sto okazuj\u0105 szacunek tej grupie terrorystycznej.\u00a0W 2020 roku mieszkaj\u0105ca we Frankfurcie izraelska skrzypaczka, Ana Agre, zorganizowa\u0142a jednoosobowy protest przeciwko demonstracji Samidoun.\u00a0Policja we Frankfurcie wezwa\u0142a j\u0105 do opuszczenia terenu ze wzgl\u0119du na jej izraelsk\u0105 flag\u0119 i nakazano jej stawienie si\u0119 na policyjne przes\u0142uchanie w zwi\u0105zku z jej proizraelsk\u0105 dzia\u0142alno\u015bci\u0105.<\/em><\/span><\/p>\n<p><strong><em>Kiedy zapyta\u0142a funkcjonariusza policji we Frankfurcie, dlaczego nie wolno jej mie\u0107 w publicznym miejscu izraelskiej flagi, funkcjonariusz odpowiedzia\u0142: \u201eBo mnie si\u0119 to nie podoba\u201d.<\/em><\/strong><\/p>\n<p style=\"text-align: left;\"><span style=\"color: #000080;\">A co w takim razie z odpowiedzialno\u015bci\u0105 rz\u0105du federalnego?\u00a0JNS zapyta\u0142 ich tak\u017ce.\u00a0Wed\u0142ug rzecznika Ministerstwa Spraw Wewn\u0119trznych i Wsp\u00f3lnoty, Bj\u00f6rna Bowinkelmanna:<\/span><\/p>\n<p style=\"text-align: left;\"><span style=\"color: #000080;\"><em><br \/>\n\u201eProsimy o zrozumienie, \u017ce Federalne Ministerstwo Spraw Wewn\u0119trznych i Spo\u0142eczno\u015bci na og\u00f3\u0142 nie komentuje rozwa\u017ca\u0144 dotycz\u0105cych ewentualnego zakazu, niezale\u017cnie od tego, czy w indywidualnych przypadkach istniej\u0105 przes\u0142anki do takich rozwa\u017ca\u0144\u201d.<\/em><\/span><\/p>\n<p><strong><em>Bowinkelmann doda\u0142, \u017ce \u201eFederalne Ministerstwo Spraw Wewn\u0119trznych post\u0119puje w ten spos\u00f3b, poniewa\u017c w przeciwnym razie istnia\u0142oby ryzyko, \u017ce osoby potencjalnie poszkodowane podejm\u0105 odpowiednie dzia\u0142ania, a skuteczno\u015b\u0107 oficjalnych \u015brodk\u00f3w operacyjnych mo\u017ce zosta\u0107 os\u0142abiona lub udaremniona\u201d.<\/em><\/strong><\/p>\n<p style=\"text-align: left;\"><span style=\"color: #000080;\">Kiedy Bowinkelmann tak pokornie \u201eprosi o zrozumienie\u201d, musi mie\u0107 na my\u015bli niezno\u015bnego rabina Abrahama Coopera, kt\u00f3ry po prostu nie pozwala, by ta sprawa z okrzykami \u201e\u015bmier\u0107 Izraelowi\u201d znikn\u0119\u0142a.<\/span><\/p>\n<p style=\"text-align: left;\"><span style=\"color: #000080;\"><em><br \/>\nRabin Abraham Cooper, zast\u0119pca dziekana w Centrum Szymona Wiesenthala, powiedzia\u0142 JNS: \u201eJu\u017c od lat podnosz\u0119 w Ministerstwie Sprawiedliwo\u015bci kwesti\u0119 okrzyk\u00f3w \u201e\u015amier\u0107 Izraelowi\u201d na ulicach Berlina itp. tego dnia i podczas innych demonstracji antyizraelskich. Nic si\u0119 nie zmieni\u0142o.\u00a0Walka z antysemityzmem to ci\u0119\u017cka praca, ale aby by\u0142a skuteczna, ci, kt\u00f3rzy publicznie wykrzykuj\u0105 gro\u017aby, jakich nie s\u0142yszano na ulicach Niemiec od czas\u00f3w nazistowskiej III Rzeszy, musz\u0105 ponie\u015b\u0107 konsekwencje\u201d.<\/em><\/span><\/p>\n<p><strong><em>Cooper kontynuowa\u0142: \u201eDoceniamy r\u00f3\u017cne inicjatywy og\u0142oszone w celu zwalczania antysemityzmu, ale jeszcze wi\u0119ksze znaczenie ma aresztowanie i \u015bciganie protestuj\u0105cych pod has\u0142em \u201e\u015amier\u0107 Izraelowi\u201d.\u00a0Bez tego w\u0142\u0105czenie nienawi\u015bci do \u017byd\u00f3w do g\u0142\u00f3wnego nurtu niemieckiego spo\u0142ecze\u0144stwa b\u0119dzie si\u0119 tylko rozszerza\u0107, z potencjalnie tragicznymi skutkami.\u00a0Je\u015bli historia czego\u015b nas nauczy\u0142a, to tego, \u017ce s\u0142owa nauczane i wypowiedziane w Niemczech w latach trzydziestych XX wieku przygotowa\u0142y grunt pod Zag\u0142ad\u0119\u201d.<\/em><\/strong><\/p>\n<p style=\"text-align: left;\"><span style=\"color: #000080;\">I tu rabin si\u0119 myli.\u00a0Tamci byli\u00a0<em>nazistami \u2013<\/em>\u00a0mieli swastyki, nosili buty z cholewami i oddawali nazistowski salut Hitlerowi.\u00a0Przy takim braku zrozumienia \u201eskuteczno\u015b\u0107 oficjalnych \u015brodk\u00f3w operacyjnych mo\u017ce zosta\u0107 os\u0142abiona lub udaremniona\u201d, no wiesz, jak na olimpiadzie w Monachium.<\/span><\/p>\n<hr \/>\n<p style=\"text-align: left;\"><span style=\"color: #808080;\"><strong><em>Przypisy:<\/em><\/strong><\/span><\/p>\n<ol start=\"1\">\n<li style=\"text-align: left;\"><span style=\"color: #808080;\"><em>Benjamin Weinthal, &#8220;Chants of \u2018Death to Jews\u2019 at Samidoun Berlin march spark calls to ban NGO,&#8221; in\u00a0Jewish News Syndicate,\u00a017 April 2023.\u00a0<a style=\"color: #808080;\" href=\"https:\/\/www.jns.org\/chants-of-death-to-jews-at-samidoun-berlin-march-spark-calls-to-ban-ngo\/?utm_source=Middle+East+Forum&amp;\" target=\"_blank\" rel=\"noopener noreferrer\">https:\/\/www.jns.org\/chants-of-death-to-jews-at-samidoun-berlin-march-spark-calls-to-ban-ngo\/?utm_source=Middle+East+Forum&amp;<\/a>;utm_campaign=4caa16c9df-MEF_weinthal_2023_04_19_12_45&amp;utm_medium=email&amp;utm_term=0_086cfd423c-4caa16c9df-[LIST_EMAIL_ID]&amp;goal=0_086cfd423c-4caa16c9df-33671453&amp;mc_cid=4caa16c9df<\/em><\/span><\/li>\n<\/ol>\n<\/div>\n<hr \/>\n<p style=\"text-align: left;\"><img decoding=\"async\" class=\"alignleft\" src=\"http:\/\/www.listyznaszegosadu.pl\/upload\/article\/bild\/6106\/992149\/anjuli_s.jpg\" width=\"20%\" \/><span style=\"color: #808080;\"><em><strong>Anjuli Pandavar<\/strong> &#8211;\u00a0Urodzona w RPA, w muzu\u0142ma\u0144skiej rodzinie, czarna Brytyjka, pisarka, kt\u00f3ra porzuci\u0142a islam i kt\u00f3r\u0105 kilka lat temu wyrzucono z jednego z for\u00f3w dyskusyjnych ameryka\u0144skich ateist\u00f3w pod zarzutem rasizmu, bigoterii i kilku innych grzech\u00f3w g\u0142\u00f3wnych, z kt\u00f3rych kropl\u0119 goryczy przela\u0142o jej stwierdzenie, \u017ce czarny bandyta to nadal bandyta.<\/em><\/span><\/p>\n<p style=\"text-align: left;\"><img decoding=\"async\" class=\"alignleft\" src=\"http:\/\/www.listyznaszegosadu.pl\/upload\/article\/bild\/4008\/992151\/9788379671854_s.jpg\" width=\"20%\" \/><span style=\"color: #808080;\"><em>Anjuli Pandavar przedstawia si\u0119 czasem jako obywatelk\u0119 \u015bwiata. Faktycznie je\u017adzi po \u015bwiecie, wyk\u0142ada literatur\u0119 angielsk\u0105, czyta lokaln\u0105, pasjonuje si\u0119 histori\u0105, a ta pasja towarzyszy jej od dziecka. Na polskim rynku ksi\u0119garskim jest dost\u0119pna jej ksi\u0105\u017cka \u201eIslam. Wiara a cz\u0142owiecze\u0144stwo. Wydana przez wydawnictwo \u201eStapis\u201d .<\/em><\/span><\/p>\n<hr style=\"height: 15px; background: #d0e6fa; width: 100%;\" \/>\n<div id=\"content\" class=\"content-alignment\">\n<div id=\"watch-description\" class=\"yt-uix-button-panel\">\n<div id=\"watch-description-text\" style=\"text-align: center;\">\n<p><em>Zawarto\u015b\u0107 publikowanych artyku\u0142\u00f3w i materia\u0142\u00f3w nie reprezentuje pogl\u0105d\u00f3w ani opinii Reunion&#8217;68,<\/em><em><br \/>\nani te\u017c webmastera Blogu Reunion&#8217;68, chyba ze jest to wyra\u017anie zaznaczone.<br \/>\nTwoje uwagi, linki, w\u0142asne artyku\u0142y lub wiadomo\u015bci prze\u015blij na adres:<br \/>\n<\/em><span style=\"color: #000080;\"><strong><em><a style=\"color: #000080;\" href=\"mailto:webmaster@reunion68.com\"><span style=\"text-decoration: underline;\">webmaster@reunion68.com<\/span><\/a><\/em><\/strong><\/span><\/p>\n<\/div>\n<\/div>\n<\/div>\n<hr style=\"width: 100%;\" \/>\n","protected":false},"excerpt":{"rendered":"<p>223 metry, wystarczaj\u0105co blisko miejsca, w kt\u00f3rym gaw\u0119dzili Had\u017c Amin Al-Husseini i Adolf Hitler, i data 8 kwietnia, wystarczaj\u0105co blisko daty urodzin Hitlera 20 kwietnia, aby demonstracja pod has\u0142em \u201e\u015amier\u0107 \u017bydom\u201d na Potsdamer Platz by\u0142a odpowiedni\u0105 oznak\u0105 szacunku z wystarczaj\u0105c\u0105 dawk\u0105 wiarygodnego zaprzeczenia, by zadowoli\u0107 niemieck\u0105 biurokracj\u0119, kt\u00f3ra skapitulowa\u0142a ju\u017c dawno temu. To, \u017ce krzycz\u0105 [&hellip;]<\/p>\n","protected":false},"author":1,"featured_media":0,"comment_status":"closed","ping_status":"closed","sticky":false,"template":"","format":"standard","meta":[],"categories":[6],"tags":[26,24],"_links":{"self":[{"href":"https:\/\/www.reunion68.se\/index.php?rest_route=\/wp\/v2\/posts\/103833"}],"collection":[{"href":"https:\/\/www.reunion68.se\/index.php?rest_route=\/wp\/v2\/posts"}],"about":[{"href":"https:\/\/www.reunion68.se\/index.php?rest_route=\/wp\/v2\/types\/post"}],"author":[{"embeddable":true,"href":"https:\/\/www.reunion68.se\/index.php?rest_route=\/wp\/v2\/users\/1"}],"replies":[{"embeddable":true,"href":"https:\/\/www.reunion68.se\/index.php?rest_route=%2Fwp%2Fv2%2Fcomments&post=103833"}],"version-history":[{"count":11,"href":"https:\/\/www.reunion68.se\/index.php?rest_route=\/wp\/v2\/posts\/103833\/revisions"}],"predecessor-version":[{"id":103891,"href":"https:\/\/www.reunion68.se\/index.php?rest_route=\/wp\/v2\/posts\/103833\/revisions\/103891"}],"wp:attachment":[{"href":"https:\/\/www.reunion68.se\/index.php?rest_route=%2Fwp%2Fv2%2Fmedia&parent=103833"}],"wp:term":[{"taxonomy":"category","embeddable":true,"href":"https:\/\/www.reunion68.se\/index.php?rest_route=%2Fwp%2Fv2%2Fcategories&post=103833"},{"taxonomy":"post_tag","embeddable":true,"href":"https:\/\/www.reunion68.se\/index.php?rest_route=%2Fwp%2Fv2%2Ftags&post=103833"}],"curies":[{"name":"wp","href":"https:\/\/api.w.org\/{rel}","templated":true}]}}