{"id":104068,"date":"2023-05-04T17:09:41","date_gmt":"2023-05-04T15:09:41","guid":{"rendered":"http:\/\/www.reunion68.se\/?p=104068"},"modified":"2023-05-04T07:20:36","modified_gmt":"2023-05-04T05:20:36","slug":"12-09-71","status":"publish","type":"post","link":"https:\/\/www.reunion68.se\/?p=104068","title":{"rendered":"Agnieszka Holland i Adam Michnik w Cieszynie. Rozmawiali o wojnie w Ukrainie i postawach Polak\u00f3w"},"content":{"rendered":"<p style=\"text-align: center;\"><img decoding=\"async\" class=\"aligncenter\" src=\"https:\/\/bi.im-g.pl\/im\/fa\/58\/1c\/z29723898AMP,Agnieszka-Holland-i-Adam-Michnik-podczas-debaty-w-.jpg\" width=\"100%\" \/><span style=\"color: #808080;\"><em>Agnieszka Holland i Adam Michnik podczas debaty w Cieszynie ((Marcin Czy\u017cewski))<\/em><\/span><\/p>\n<hr \/>\n<h5 style=\"text-align: center;\"><a href=\"https:\/\/bielskobiala.wyborcza.pl\/\" target=\"_blank\" rel=\"noopener noreferrer\"><img decoding=\"async\" class=\"center alignleft\" src=\"http:\/\/www.reunion68.com\/Biuletyn\/img\/wyb-bielsko.png\" alt=\"\" width=\"35%\" \/><\/a><span style=\"text-decoration: underline; color: #000080;\"><strong><a style=\"color: #000080; text-decoration: underline;\" href=\"https:\/\/bielskobiala.wyborcza.pl\/bielskobiala\/7,88025,29723890,agnieszka-holland-i-adam-michnik-w-cieszynie-rozmawiali-o-wojnie.html\" target=\"_blank\" rel=\"noopener noreferrer\">Agnieszka Holland i Adam Michnik w Cieszynie. Rozmawiali o wojnie w Ukrainie i postawach Polak\u00f3w<\/a><\/strong><\/span><\/h5>\n<p style=\"text-align: center;\"><span style=\"color: #000000;\"><strong>Marcin Czy\u017cewski<\/strong><\/span><\/p>\n<hr style=\"height: 15px; background: #d0e6fa; width: 100%;\" \/>\n<p style=\"text-align: left;\"><span style=\"color: #000080;\">W \u015brod\u0119 w Cieszynie odby\u0142a si\u0119 debata w ramach programu &#8220;Literatura na Granicy&#8221;. Uczestniczyli w niej m.in. re\u017cyserka Agnieszka Holland i redaktor naczelny &#8220;Gazety Wyborczej&#8221; Adam Michnik.<\/span><\/p>\n<div class=\"article--underlead\" style=\"text-align: left;\"><span style=\"color: #000080;\">Kino na Granicy to najwi\u0119kszy przegl\u0105d film\u00f3w z Polski, Czech i S\u0142owacji. Festiwal to jedyne wydarzenie filmowe, kt\u00f3re ju\u017c od ponad dw\u00f3ch dekad odbywa si\u0119 w jednym mie\u015bcie, ale po dw\u00f3ch stronach granicy \u2013 w polskim i czeskim Cieszynie. Od samego pocz\u0105tku, czyli od 1999 r., celem Kina na Granicy jest wzajemne promowanie kina \u015brodkowoeuropejskiego po obu stronach granicy.<\/span><\/div>\n<div class=\"article--content article--content-free \" style=\"text-align: left;\">\n<p class=\"text--paragraph\"><span style=\"color: #000080;\">25. Przegl\u0105d Filmowy \u201eKino na Granicy&#8221; odbywa\u0142 si\u0119 mi\u0119dzy 29 kwietnia a 3 maja. Na widz\u00f3w, jak co roku, czeka\u0142o wiele nowo\u015bci kina polskiego, czeskiego i s\u0142owackiego, ale tak\u017ce dyskusje z aktorami czy re\u017cyserami oraz koncerty.<\/span><\/p>\n<\/div>\n<p class=\"text--paragraph\" style=\"text-align: left;\"><span style=\"color: #000080;\">Organizatorzy festiwalu przygotowali te\u017c program \u201eLiteratura na Granicy&#8221;, czyli spotkania i debaty dotycz\u0105ce \u015brodkowoeuropejskiej literatury i reporta\u017cu literackiego z Polski, Czech, S\u0142owacji i W\u0119gier. W ramach tego programu w \u015brod\u0119 po po\u0142udniu zorganizowano debat\u0119 z okazji setnej rocznicy \u015bmierci i sto czterdziestej rocznicy urodzin Jaroslava Ha\u0161ka. W debacie uczestniczyli re\u017cyserka Agnieszka Holland, redaktor naczelny \u201eGazety Wyborczej&#8221; Adam Michnik, t\u0142umaczka i dziennikarka Marta \u0160imeckov\u00e1 ze S\u0142owacji oraz w\u0119gierski poeta i prozaik Istv\u00e1n Kem\u00e9ny.<\/span><\/p>\n<h4 class=\"text--title font-head-700\" style=\"text-align: left;\"><strong>Adam Michnik w Cieszynie o postawach Polak\u00f3w<\/strong><\/h4>\n<p class=\"text--paragraph\" style=\"text-align: left;\"><span style=\"color: #000080;\">Du\u017cy namiot rozstawiony na Wzg\u00f3rzu Zamkowym by\u0142 pe\u0142en ludzi. Temat spotkania brzmia\u0142: \u201e\u00bbSzwejkowanie\u00ab czy \u00bbKamienie na szaniec\u00ab? Bohaterstwo i patriotyzm w krajach Wyszehradu&#8221;. Ju\u017c na pocz\u0105tku moderator rozmowy \u0141ukasz Grzesiczak powiedzia\u0142, \u017ce przed 24 lutego 2022 r. taka debata wygl\u0105da\u0142aby zapewne zupe\u0142nie inaczej ni\u017c teraz, gdy\u017c atak Rosji zmieni\u0142 niemal wszystko. I rzeczywi\u015bcie, rozmowa nawi\u0105zywa\u0142a g\u0142\u00f3wnie do bezpiecze\u0144stwa, wojny, uchod\u017ac\u00f3w, postaw i stosunku do tych spraw ludzi z poszczeg\u00f3lnych kraj\u00f3w, spo\u0142ecze\u0144stw i w\u0142adz. Uczestnicy poruszali kwestie zwi\u0105zane z pragmatyzmem i bohaterstwem w\u015br\u00f3d reprezentant\u00f3w poszczeg\u00f3lnych narod\u00f3w.<\/span><\/p>\n<p class=\"text--paragraph\" style=\"text-align: left;\"><span style=\"color: #000080;\">Redaktor naczelny \u201eGazety Wyborczej&#8221; odni\u00f3s\u0142 si\u0119 do tego, w jaki spos\u00f3b Polacy przyj\u0119li uchod\u017ac\u00f3w z Ukrainy, i powiedzia\u0142, \u017ce dzi\u0119ki temu dzisiaj wizerunek Polak\u00f3w jest bardzo pozytywny.\u00a0\u2013 Dla wielu ludzi by\u0142o to zaskakuj\u0105ce i dla mnie te\u017c, zwa\u017cywszy na bardzo skomplikowane historyczne relacje polsko-ukrai\u0144skie, na podjudzan\u0105 u nas wcze\u015bniej antyukrai\u0144sko\u015b\u0107 czy podjudzany wcze\u015bniej antypolonizm w Ukrainie\u00a0\u2013 m\u00f3wi\u0142 Adam Michnik.<\/span><\/p>\n<p class=\"text--paragraph\" style=\"text-align: left;\"><span style=\"color: #000080;\">Doda\u0142, \u017ce w sytuacji ataku na naszego s\u0105siada Polska zaj\u0119\u0142a jednoznacznie proukrai\u0144sk\u0105 i antyrosyjsk\u0105 postaw\u0119.\u00a0\u2013\u00a0Nie s\u0105 to \u201eKamienie na szaniec&#8221;, bo tu nikt nie ginie. To nie jest sytuacja powsta\u0144 narodowych. W polskiej tradycji rzeczywi\u015bcie jest inna symbolika ni\u017c w czeskiej. Tam symbolem jest to, \u017ce Praga pozosta\u0142a pi\u0119knym europejskim miastem, a Warszawa, moje miasto, to by\u0142a kupa ruin. Ta postawa \u201eKamieni na szaniec&#8221; istnieje w zbiorowej pami\u0119ci, ale jako pewnego rodzaju stereotyp. To znaczy my lubimy, \u017ceby inni my\u015bleli, \u017ce do tego jeste\u015bmy zdolni. Natomiast je\u015bli wzi\u0105\u0107 do\u015bwiadczenia ostatnich 50 czy 60 lat, to raczej nasze spo\u0142ecze\u0144stwo wykazywa\u0142o si\u0119 postaw\u0105 bardzo pragmatyczn\u0105. Natomiast je\u015bli chodzi o stosunek do Ukrainy, to przestrzega\u0142bym przed nadmiernym optymizmem. Dlatego \u017ce moim zdaniem istnieje takie u\u015bpione my\u015blenie antyukrai\u0144skie. Przestrzega\u0142bym te\u017c przed stereotypami. Moim zdaniem Szwejk ma r\u00f3wnie zdystansowany stosunek do w\u0142asnej historii narodowej, jak w polskiej kulturze\u00a0\u2013 powiedzmy\u00a0\u2013 Gombrowicz czy w kinie Andrzej Munk.<\/span><\/p>\n<h4 class=\"text--title font-head-700\" style=\"text-align: left;\"><strong>Agnieszka Holland w Cieszynie: Sojusznikiem Orbana poza Putinem jest papie\u017c Franciszek<\/strong><\/h4>\n<p class=\"text--paragraph\" style=\"text-align: left;\"><span style=\"color: #000080;\">Agnieszka Holland powiedzia\u0142a, \u017ce debata s\u0142usznie odnosi si\u0119 do wojny w Ukrainie, bo by\u0107 mo\u017ce te wydarzenia definiuj\u0105 nasz\u0105 przysz\u0142o\u015b\u0107 na wiele lat.\u00a0\u2013 Reakcja polskiego spo\u0142ecze\u0144stwa na wojn\u0119 by\u0142a tak silna, jednoznaczna i niemal jednolita, \u017ce nagle okaza\u0142o si\u0119, \u017ce polaryzacja i podzia\u0142y w naszym spo\u0142ecze\u0144stwie mog\u0142y na chwil\u0119 zosta\u0107 zawieszone, oczywi\u015bcie nie zmieniaj\u0105c pogl\u0105d\u00f3w politycznych czy stosunku do w\u0142adz albo opozycji. To, co si\u0119 dzia\u0142o na polsko-ukrai\u0144skiej granicy, by\u0142o fenomenem rzadko widzianym w najnowszej historii Europy. Chocia\u017c tu te\u017c bym zrezygnowa\u0142a z tej naszej megalomanii, \u017ce to by\u0142o wyj\u0105tkowe w skali \u015bwiatowej. Na przyk\u0142ad reakcja na uchod\u017ac\u00f3w z Syrii w Grecji i w Turcji by\u0142a podobna\u00a0\u2013 m\u00f3wi\u0142a re\u017cyserka.<\/span><\/p>\n<p class=\"text--paragraph\" style=\"text-align: left;\"><span style=\"color: #000080;\">Nawi\u0105za\u0142a te\u017c do tego, \u017ce wielu Polak\u00f3w jest sk\u0142onnych wp\u0142aca\u0107 swoje pieni\u0105dze na zakupy broni, co przez niekt\u00f3rych by\u0142o krytykowane. Powiedzia\u0142a, \u017ce wiele os\u00f3b ma \u015bwiadomo\u015b\u0107, \u017ce wojna w Ukrainie jest w zasadzie \u201ewojn\u0105 zast\u0119pcz\u0105&#8221; i \u017ce Ukrai\u0144cy walcz\u0105 tak\u017ce za nas.\u00a0\u2013 To te\u017c powoduje, \u017ce sk\u0142adanie si\u0119 na bro\u0144 jest mo\u017cliwe tak\u017ce dla ludzi, kt\u00f3rzy s\u0105 z przekona\u0144 czy z temperamentu antymilitarni czy pacyfistyczni. Ukraina musi si\u0119 broni\u0107, bo je\u015bli ten rozzuchwalony dyktator wygra, to b\u0119dzie si\u0119 posuwa\u0142 dalej\u00a0\u2013 m\u00f3wi\u0142a Agnieszka Holland.\u00a0\u2013 Jest to pewien rodzaj kalkulacji, kt\u00f3ra jest racjonalna i nie jest tylko romantycznym zrywem, ale pragmatyczn\u0105 reakcj\u0105 na zmienion\u0105 sytuacj\u0119 i realne zagro\u017cenie militarne ze strony Rosji\u00a0\u2013 twierdzi\u0142a re\u017cyserka.<\/span><\/p>\n<p class=\"text--paragraph\" style=\"text-align: left;\"><span style=\"color: #000080;\">Przypomnia\u0142a jednak, \u017ce postawy pacyfistyczne w Europie nie znikn\u0119\u0142y i wskaza\u0142a m.in. cz\u0119\u015b\u0107 \u015brodowisk w Niemczech czy we W\u0142oszech.\u00a0\u2013 O W\u0119grzech nie wspominaj\u0105c, bo tam najwi\u0119kszym sojusznikiem Orbana poza Putinem jest papie\u017c Franciszek, kt\u00f3ry r\u00f3wnie\u017c wierzy, \u017ce reakcja Putina by\u0142a usprawiedliwiona, poniewa\u017c NATO prowokowa\u0142o i ujada\u0142o pod granicami. Zatem w du\u017cej mierze te postawy zale\u017c\u0105 od oceny sytuacji geopolitycznej, kt\u00f3ra dla mnie jest do\u015b\u0107 oczywista, ale rozumiem, \u017ce s\u0105 tacy, kt\u00f3rzy widz\u0105 \u015bwiat inaczej\u00a0\u2013 powiedzia\u0142a Agnieszka Holland.<\/span><\/p>\n<hr style=\"height: 15px; background: #d0e6fa; width: 100%;\" \/>\n<div id=\"content\" class=\"content-alignment\">\n<div id=\"watch-description\" class=\"yt-uix-button-panel\">\n<div id=\"watch-description-text\" style=\"text-align: center;\">\n<p><em>Zawarto\u015b\u0107 publikowanych artyku\u0142\u00f3w i materia\u0142\u00f3w nie reprezentuje pogl\u0105d\u00f3w ani opinii Reunion&#8217;68,<\/em><em><br \/>\nani te\u017c webmastera Blogu Reunion&#8217;68, chyba ze jest to wyra\u017anie zaznaczone.<br \/>\nTwoje uwagi, linki, w\u0142asne artyku\u0142y lub wiadomo\u015bci prze\u015blij na adres:<br \/>\n<\/em><span style=\"color: #000080;\"><strong><em><a style=\"color: #000080;\" href=\"mailto:webmaster@reunion68.com\"><span style=\"text-decoration: underline;\">webmaster@reunion68.com<\/span><\/a><\/em><\/strong><\/span><\/p>\n<\/div>\n<\/div>\n<\/div>\n<hr style=\"width: 100%;\" \/>\n","protected":false},"excerpt":{"rendered":"<p>Agnieszka Holland i Adam Michnik podczas debaty w Cieszynie ((Marcin Czy\u017cewski)) Agnieszka Holland i Adam Michnik w Cieszynie. Rozmawiali o wojnie w Ukrainie i postawach Polak\u00f3w Marcin Czy\u017cewski W \u015brod\u0119 w Cieszynie odby\u0142a si\u0119 debata w ramach programu &#8220;Literatura na Granicy&#8221;. Uczestniczyli w niej m.in. re\u017cyserka Agnieszka Holland i redaktor naczelny &#8220;Gazety Wyborczej&#8221; Adam Michnik. [&hellip;]<\/p>\n","protected":false},"author":1,"featured_media":0,"comment_status":"closed","ping_status":"closed","sticky":false,"template":"","format":"standard","meta":[],"categories":[6],"tags":[26,24],"_links":{"self":[{"href":"https:\/\/www.reunion68.se\/index.php?rest_route=\/wp\/v2\/posts\/104068"}],"collection":[{"href":"https:\/\/www.reunion68.se\/index.php?rest_route=\/wp\/v2\/posts"}],"about":[{"href":"https:\/\/www.reunion68.se\/index.php?rest_route=\/wp\/v2\/types\/post"}],"author":[{"embeddable":true,"href":"https:\/\/www.reunion68.se\/index.php?rest_route=\/wp\/v2\/users\/1"}],"replies":[{"embeddable":true,"href":"https:\/\/www.reunion68.se\/index.php?rest_route=%2Fwp%2Fv2%2Fcomments&post=104068"}],"version-history":[{"count":8,"href":"https:\/\/www.reunion68.se\/index.php?rest_route=\/wp\/v2\/posts\/104068\/revisions"}],"predecessor-version":[{"id":104080,"href":"https:\/\/www.reunion68.se\/index.php?rest_route=\/wp\/v2\/posts\/104068\/revisions\/104080"}],"wp:attachment":[{"href":"https:\/\/www.reunion68.se\/index.php?rest_route=%2Fwp%2Fv2%2Fmedia&parent=104068"}],"wp:term":[{"taxonomy":"category","embeddable":true,"href":"https:\/\/www.reunion68.se\/index.php?rest_route=%2Fwp%2Fv2%2Fcategories&post=104068"},{"taxonomy":"post_tag","embeddable":true,"href":"https:\/\/www.reunion68.se\/index.php?rest_route=%2Fwp%2Fv2%2Ftags&post=104068"}],"curies":[{"name":"wp","href":"https:\/\/api.w.org\/{rel}","templated":true}]}}