{"id":104213,"date":"2023-05-10T17:09:45","date_gmt":"2023-05-10T15:09:45","guid":{"rendered":"http:\/\/www.reunion68.se\/?p=104213"},"modified":"2023-05-10T06:05:28","modified_gmt":"2023-05-10T04:05:28","slug":"18-09-77","status":"publish","type":"post","link":"https:\/\/www.reunion68.se\/?p=104213","title":{"rendered":"&#8220;Pie\u015bni na temat tysi\u0119cy Polak\u00f3w ratuj\u0105cych \u017byd\u00f3w to bajki&#8221;. Historyk surowo o narracji w\u0142adzy"},"content":{"rendered":"<p style=\"text-align: center;\"><img decoding=\"async\" class=\"aligncenter\" src=\"https:\/\/bi.im-g.pl\/im\/4e\/e3\/16\/z24002382IH,Adam-Pulawski.jpg\" width=\"100%\" \/><span style=\"color: #808080;\"><em>Fot. Jakub Orzechowski \/ Agencja Wyborcza.pl<\/em><\/span><\/p>\n<hr \/>\n<h5 style=\"text-align: center;\"><a href=\"https:\/\/miasta.tokfm.pl\/\" target=\"_blank\" rel=\"noopener noreferrer\"><img decoding=\"async\" class=\"center alignleft\" src=\"http:\/\/www.reunion68.com\/Biuletyn\/img\/tok.png\" alt=\"\" width=\"35%\" \/><\/a><span style=\"text-decoration: underline; color: #000080;\"><strong><a style=\"color: #000080; text-decoration: underline;\" href=\"https:\/\/miasta.tokfm.pl\/miasta_tokfm\/7,185052,29735071,prof-adam-pulawski-historyk-zajmujacy-sie-zaglada-to-co.html\" target=\"_blank\" rel=\"noopener noreferrer\">&#8220;Pie\u015bni na temat tysi\u0119cy Polak\u00f3w ratuj\u0105cych \u017byd\u00f3w to bajki&#8221;. Historyk surowo o narracji w\u0142adzy<\/a><\/strong><\/span><\/h5>\n<p style=\"text-align: center;\"><span style=\"color: #000000;\"><strong>Anna Gmiterek-Zab\u0142ocka<\/strong><\/span><\/p>\n<hr style=\"height: 15px; background: #d0e6fa; width: 100%;\" \/>\n<h4 style=\"text-align: left;\"><span style=\"color: #808080;\"><strong>&#8211; Od kilku lat zamiast historii mamy uprawian\u0105 przez rz\u0105dz\u0105cych polityk\u0119 historyczn\u0105. Ale my, niezale\u017cni historycy, musimy robi\u0107 swoje. Pie\u015bni chwalebne na temat tysi\u0119cy Polak\u00f3w ratuj\u0105cych \u017byd\u00f3w to s\u0105 zwyk\u0142e bajki &#8211; m\u00f3wi TOK FM lubelski historyk prof. Adam Pu\u0142awski.<\/strong><\/span><\/h4>\n<p>.<\/p>\n<p style=\"text-align: left;\"><span style=\"color: #000080;\">Dr hab. Adam Pu\u0142awski od ponad 20 lat zajmuje si\u0119 tematyk\u0105 Zag\u0142ady. Przez lata pracowa\u0142 w Instytucie Pami\u0119ci Narodowej. Odszed\u0142 w 2018 roku, kiedy nowe szefostwo IPN\u00a0<a class=\"art_link\" style=\"color: #000080;\" href=\"https:\/\/www.tokfm.pl\/Tokfm\/7,130517,23988168,byly-historyk-ipn-teraz-mamy-pokazac-ze-zydzi-w-czasie-wojny.html\" rel=\"dofollow\">zaproponowa\u0142o mu, \u017ce mo\u017ce zosta\u0107 na stanowisku biurowym, nie naukowym.<\/a>\u00a0Propozycji nie przyj\u0105\u0142. Obecnie\u00a0pracuje w Pracowni Instytutu Europy \u015arodkowo-Wschodniej im. Jerzego K\u0142oczowskiego, kt\u00f3ra jest cz\u0119\u015bci\u0105 O\u015brodka Brama Grodzka &#8211; Teatr NN w Lublinie.<\/span><\/p>\n<p class=\"art_paragraph\" style=\"text-align: left;\"><span style=\"color: #000080;\">W rozmowie z TOK FM prof. Pu\u0142awski przekonuje, \u017ce narracja obecnej w\u0142adzy na temat relacji polsko-\u017cydowskich w czasie wojny to &#8220;wyssane z palca bajki&#8221;. &#8211; M\u00f3wienie, \u017ce tysi\u0105ce Polak\u00f3w ratowa\u0142y \u017byd\u00f3w to oczywista nieprawda. Od kilku lat zamiast historii mamy uprawian\u0105 przez rz\u0105dz\u0105cych polityk\u0119 historyczn\u0105. Ale my, niezale\u017cni historycy, musimy robi\u0107 swoje. Pie\u015bni chwalebne na temat tysi\u0119cy Polak\u00f3w ratuj\u0105cych \u017byd\u00f3w to s\u0105 zwyk\u0142e bajki. Jak si\u0119 czyta \u017ar\u00f3d\u0142a, to wida\u0107 w nich g\u0142\u00f3wnie osamotnienie \u017byd\u00f3w &#8211; m\u00f3wi profesor.<\/span><\/p>\n<h4 class=\"art_sub_title\" style=\"text-align: left;\"><strong>Sp\u00f3r o s\u0142owa z wywiadu prof. Engelking<\/strong><\/h4>\n<p class=\"art_paragraph\" style=\"text-align: left;\"><span style=\"color: #000080;\">Adam Pu\u0142awski podkre\u015bla, \u017ce wszystko, co\u00a0<a class=\"art_link\" style=\"color: #000080;\" href=\"https:\/\/www.tokfm.pl\/Tokfm\/7,103087,29683281,skandaliczne-i-antypolskie-premier-ostro-o-wypowiedzi-prof.html\" rel=\"dofollow\">powiedzia\u0142a prof. Barbara Engelking w ostatnim wywiadzie telewizyjnym, a co spowodowa\u0142o oburzenie w\u0142adzy<\/a>, jest prawd\u0105. Naukowczyni wskaza\u0142a m.in., \u017ce &#8220;\u017bydzi nieprawdopodobnie rozczarowali si\u0119 co do Polak\u00f3w w czasie wojny&#8221;. &#8211; To jest w stu procentach prawda. Wi\u0119kszo\u015b\u0107 relacji, jakie si\u0119 zachowa\u0142y, zawiera \u017cal do Polak\u00f3w. Co wi\u0119cej, wi\u0119kszo\u015b\u0107 \u017byd\u00f3w, kt\u00f3rzy musieli si\u0119 ukrywa\u0107, spotka\u0142a na swojej drodze szmalcownik\u00f3w. Chodzi o Polak\u00f3w, kt\u00f3rzy ich szanta\u017cowali i na nich donosili &#8211; m\u00f3wi go\u015b\u0107 TOK FM.<\/span><\/p>\n<p class=\"art_paragraph\" style=\"text-align: left;\"><span style=\"color: #000080;\">Jak dodaje, w wi\u0119kszo\u015bci \u017ar\u00f3de\u0142 historycznych mo\u017cna wyczyta\u0107, \u017ce \u017bydzi mieli ogromny \u017cal do Polak\u00f3w, \u017ce ci im nie pomagaj\u0105. &#8211; St\u0105d ich s\u0142owa i relacje o tym, \u017ce zostali osamotnieni. Bo tak rzeczywi\u015bcie by\u0142o. To by\u0142 zreszt\u0105 d\u0142ugi proces. Nastroje antysemickie zacz\u0119\u0142y si\u0119 w Polsce w XX-leciu mi\u0119dzywojennym. Jak badam pras\u0119 regionaln\u0105, to ten antysemityzm wida\u0107 na ka\u017cdym kroku. Wojna spowodowa\u0142a zerwanie relacji wsp\u00f3lnotowych, w tym wsp\u00f3lnoty obywatelskiej, mi\u0119dzy Polakami a \u017bydami. Spowodowa\u0142a te\u017c, \u017ce \u017bydzi zostali potraktowani przez Polskie Pa\u0144stwo Podziemne, ale te\u017c przez polskie spo\u0142ecze\u0144stwo, jako obywatele drugiej kategorii, czyli tacy, o kt\u00f3rych nie musimy si\u0119 troszczy\u0107 w obliczu niemieckiego zagro\u017cenia &#8211; t\u0142umaczy nam dalej historyk.<\/span><\/p>\n<hr \/>\n<p align=\"center\"><iframe loading=\"lazy\" class=\"tokfm-embed\" src=\"https:\/\/audycje.tokfm.pl\/widget\/139701\" width=\"100%\" height=\"100%\" frameborder=\"0\" data-gtm-vis-recent-on-screen-1150573_329=\"376374\" data-gtm-vis-first-on-screen-1150573_329=\"376374\" data-gtm-vis-total-visible-time-1150573_329=\"100\" data-gtm-vis-has-fired-1150573_329=\"1\"><\/iframe><\/p>\n<hr \/>\n<p style=\"text-align: left;\"><span style=\"color: #000080;\">Profesor nie ma w\u0105tpliwo\u015bci, \u017ce \u017bydom pomaga\u0142y jedynie jednostki, a nie &#8220;tysi\u0105ce Polak\u00f3w&#8221;. &#8211; Z og\u00f3lnej liczby oko\u0142o trzech i p\u00f3\u0142 miliona\u00a0 \u017byd\u00f3w, kt\u00f3rzy mieszkali w Polsce przed wojn\u0105, w Generalnym Gubernatorstwie uratowa\u0142o si\u0119 oko\u0142o 30 tysi\u0119cy. Przecie\u017c to jest promil. Oczywi\u015bcie, cz\u0119\u015bci z nich zapewne pomogli Polacy, ale te\u017c mniejszo\u015b\u0107 ukrai\u0144ska, kt\u00f3ra by\u0142a w tym czasie u nas do\u015b\u0107 liczna &#8211; m\u00f3wi Pu\u0142awski. Jak dodaje, zna ze \u017ar\u00f3de\u0142 przypadki na Che\u0142mszczy\u017anie czy na Lubelszczy\u017anie, \u017ce Ukrai\u0144cy wyznania baptystycznego pomagali \u017bydom &#8211; wynika\u0142o to m.in. z ich zasad, \u017ce trzeba pomaga\u0107 bli\u017aniemu.<\/span><\/p>\n<p class=\"art_paragraph\" style=\"text-align: left;\"><span style=\"color: #000080;\">Gdy pytamy, co spotyka w przegl\u0105danych dokumentach, odpowiada, \u017ce najcz\u0119\u015bciej jest tam mowa wprost o rozczarowaniu postaw\u0105 wielu Polak\u00f3w. &#8211; S\u0105 m.in. raporty o tym, \u017ce polska ludno\u015b\u0107 jest bardzo cz\u0119sto nastawiona negatywnie wobec \u017byd\u00f3w. S\u0105 dokumenty Armii Krajowej z 1943 roku, w kt\u00f3rych pada sformu\u0142owanie: &#8220;Do\u015bwiadczyli\u015bmy na w\u0142asnej sk\u00f3rze, kim s\u0105 dla nas\u00a0<a class=\"external_link\" style=\"color: #000080;\" href=\"http:\/\/gazetapraca.pl\/szukaj\/m-niemcy\">Niemcy<\/a>, \u017bydzi i Ukrai\u0144cy&#8221;. A przecie\u017c \u017bydzi si\u0119 w tym czasie ukrywaj\u0105, wiedz\u0105, co im grozi. To jak mamy ocenia\u0107 takie s\u0142owa? To jest jednoznaczne &#8211; dodaje prof. Pu\u0142awski.<\/span><\/p>\n<p class=\"art_paragraph\" style=\"text-align: left;\"><span style=\"color: #000080;\">Jak t\u0142umaczy, cz\u0119\u015b\u0107 Polak\u00f3w za pomoc \u017bydom bra\u0142a pieni\u0105dze. W opinii wielu historyk\u00f3w nie powinno si\u0119 tego uznawa\u0107 za pomaganie, bo na tym zarabiano. &#8211; A Barbara Engelking wychodzi z za\u0142o\u017cenia, \u017ce p\u0142atna pomoc te\u017c by\u0142a pomoc\u0105. Ona uwa\u017ca, \u017ce nawet pomoc mia\u0142a swoj\u0105 cen\u0119 &#8211; przecie\u017c \u017bydom te\u017c trzeba by\u0142o da\u0107 jakie\u015b jedzenie, musieli jako\u015b\u0107 prze\u017cy\u0107. A Polacy nie zawsze mieli \u015brodki, by ich utrzyma\u0107. I Barbara Engelking uwa\u017ca, \u017ce pomoc czasami musia\u0142a kosztowa\u0107 i nie pot\u0119pia tych, kt\u00f3rzy brali pieni\u0105dze &#8211; wyja\u015bnia nasz rozm\u00f3wca.<\/span><\/p>\n<h4 class=\"art_sub_title\" style=\"text-align: left;\"><strong>&#8220;Op\u0142akane dla spo\u0142ecze\u0144stwa skutki&#8221;<\/strong><\/h4>\n<p class=\"art_paragraph\" style=\"text-align: left;\"><span style=\"color: #000080;\">Profesor nie pozostawia z\u0142udze\u0144, \u017ce pr\u00f3by pisania historii na nowo mog\u0105 mie\u0107 op\u0142akane dla spo\u0142ecze\u0144stwa skutki. Bo zamiast prawdy historycznej, do g\u0142\u00f3w cz\u0119\u015bci z nas &#8211; w tym dzieci &#8211; b\u0119d\u0105 wt\u0142aczane bajki. &#8211; Oczywi\u015bcie, wierz\u0119 w to, \u017ce ksi\u0105\u017cki, kt\u00f3re cz\u0119sto wydajemy niezale\u017cnie, przetrwaj\u0105. Dlatego mam g\u0142\u0119bokie prze\u015bwiadczenie, \u017ce prawda zwyci\u0119\u017cy. Ale jednocze\u015bnie wiem, \u017ce w\u0142adza zrobi wszystko, by t\u0119 prawd\u0119 ukry\u0107. I to jest przykre &#8211; dodaje.<\/span><\/p>\n<p class=\"art_paragraph\" style=\"text-align: left;\"><span style=\"color: #000080;\">&#8211; Pyta pani, czy nast\u0105pi odrodzenie postaw antysemickich w Polsce, takich jak cho\u0107by w marcu 1968? W mojej ocenie to ju\u017c si\u0119 dzieje. Por\u00f3wnuj\u0105c marzec &#8217;68 z tym, co dzieje si\u0119 dzi\u015b, widz\u0119, \u017ce w\u0142adza stosuje te same metody. Przypominaj\u0105 mi si\u0119 te\u017c metody stosowane przez Narodow\u0105 Demokracj\u0105 i Sanacj\u0119-Ob\u00f3z Zjednoczenia Narodowego w &#8220;walce&#8221;, kto bardziej dba o interesy narodu polskiego\u00a0&#8211; m\u00f3wi prof. Pu\u0142awski.<\/span><\/p>\n<h4 class=\"art_sub_title\" style=\"text-align: left;\"><strong>Naukowcy broni\u0105 prof. Engelking<\/strong><\/h4>\n<p class=\"art_paragraph\" style=\"text-align: left;\"><span style=\"color: #000080;\">Nasz rozm\u00f3wca przypomina, \u017ce ca\u0142y powa\u017cny \u015bwiat naukowy, w tym zagranica, stan\u0105\u0142 za prof. Barbar\u0105 Engelking. Jeden z pierwszych list\u00f3w w jej obronie przygotowa\u0142a Pracownia Instytutu Europy \u015arodkowo-Wschodniej im. Jerzego K\u0142oczowskiego przy Teatrze NN w Lublinie.<\/span><\/p>\n<p class=\"art_paragraph\" style=\"text-align: left;\"><span style=\"color: #000080;\">&#8220;To nie urz\u0119dnicy pa\u0144stwowi maj\u0105 decydowa\u0107 o kszta\u0142cie historiografii, nie oni analizuj\u0105 \u017ar\u00f3d\u0142a i nie oni decyduj\u0105 o tre\u015bci narracji historycznej. Historia nie zawsze dopasowuje si\u0119 komfortowo do oczekiwa\u0144 urz\u0119dnik\u00f3w odpowiedzialnych za tzw. polityk\u0119 historyczn\u0105. Nasza duma z wielu aspekt\u00f3w narodowych dziej\u00f3w ma sens jedynie wtedy, gdy krytycznie przedstawiamy inne, mniej chwalebne fragmenty ojczystej historii&#8221; &#8211; napisano w o\u015bwiadczeniu, kt\u00f3rego ca\u0142a tre\u015b\u0107 jest\u00a0<a class=\"art_link\" style=\"color: #000080;\" href=\"https:\/\/teatrnn.pl\/kalendarium\/informacje\/oswiadczenie-w-sprawie-reakcji-wladz-rzadowych-po-wypowiedziach-prof-barbary-engelking\/?fbclid=IwAR1EmXXjB-AKuWDXIjaArOu-6WgPBxtSSKgC5mvFtOhUjzImr_bB2WAVRwM\" rel=\"nofollow\">TUTAJ.<\/a><\/span><\/p>\n<p class=\"art_paragraph\" style=\"text-align: left;\"><span style=\"color: #000080;\">Przypomnijmy,\u00a0na wypowied\u017a prof. Engelking w TVN24 zareagowa\u0142 m.in. minister Przemys\u0142aw Czarnek. &#8211; Ja oczywi\u015bcie nie zamierzam wp\u0142ywa\u0107 w \u017caden spos\u00f3b na polityk\u0119 kadrow\u0105 Instytutu Socjologii PAN [prof. Engelking jest kierowniczk\u0105 Centrum Bada\u0144 nad Zag\u0142ad\u0105 \u017byd\u00f3w Instytutu Filozofii i Socjologii PAN &#8211; red.]. Nie jest to moja rola. Natomiast na pewno b\u0119d\u0119 rewidowa\u0142 swoje decyzje finansowe, bo ja nie b\u0119d\u0119 finansowa\u0142 na wi\u0119ksz\u0105 skal\u0119 instytutu, kt\u00f3ry utrzymuje tego rodzaju ludzi, kt\u00f3rzy po prostu obra\u017caj\u0105 Polak\u00f3w &#8211; m\u00f3wi\u0142 w telewizji rz\u0105dowej.<\/span><\/p>\n<p class=\"art_paragraph\" style=\"text-align: left;\"><span style=\"color: #000080;\">We wtorek (9 maja) Czarnek go\u015bci\u0142 w Polskim Radiu 24 i deklaracj\u0119 o &#8220;rewidowaniu decyzji finansowych&#8221; powt\u00f3rzy\u0142.\u00a0&#8211; To, co powiedzia\u0142a pani Engelking, by\u0142o celowe, zamierzone, przygotowane na potrzeby tego programu. Nie mia\u0142o \u017cadnych podstaw naukowych. W zwi\u0105zku z tym ja stwierdzi\u0142em, \u017ce b\u0119d\u0119 rewidowa\u0142 swoje decyzje finansowe w stosunku do instytucji, w kt\u00f3rej zatrudniona jest pani Engelking, bo pieni\u0105dze pa\u0144stwowe nie s\u0105 od tego, \u017ceby profesorowie utrzymywani za pieni\u0105dze podatnik\u00f3w szkalowali Polsk\u0119 i dobre imi\u0119 Polak\u00f3w &#8211; m\u00f3wi\u0142. &#8211; Prosz\u0119 sobie to robi\u0107, ale za swoje pieni\u0105dze. Ja b\u0119d\u0119 rewidowa\u0142 swoje decyzje finansowe dotycz\u0105ce tego rodzaju instytucji, kt\u00f3re takich ludzi zatrudniaj\u0105 &#8211; doda\u0142 Czarnek.<\/span><\/p>\n<hr style=\"height: 15px; background: #d0e6fa; width: 100%;\" \/>\n<div id=\"content\" class=\"content-alignment\">\n<div id=\"watch-description\" class=\"yt-uix-button-panel\">\n<div id=\"watch-description-text\" style=\"text-align: center;\">\n<p><em>Zawarto\u015b\u0107 publikowanych artyku\u0142\u00f3w i materia\u0142\u00f3w nie reprezentuje pogl\u0105d\u00f3w ani opinii Reunion&#8217;68,<\/em><em><br \/>\nani te\u017c webmastera Blogu Reunion&#8217;68, chyba ze jest to wyra\u017anie zaznaczone.<br \/>\nTwoje uwagi, linki, w\u0142asne artyku\u0142y lub wiadomo\u015bci prze\u015blij na adres:<br \/>\n<\/em><span style=\"color: #000080;\"><strong><em><a style=\"color: #000080;\" href=\"mailto:webmaster@reunion68.com\"><span style=\"text-decoration: underline;\">webmaster@reunion68.com<\/span><\/a><\/em><\/strong><\/span><\/p>\n<\/div>\n<\/div>\n<\/div>\n<hr style=\"width: 100%;\" \/>\n","protected":false},"excerpt":{"rendered":"<p>Fot. Jakub Orzechowski \/ Agencja Wyborcza.pl &#8220;Pie\u015bni na temat tysi\u0119cy Polak\u00f3w ratuj\u0105cych \u017byd\u00f3w to bajki&#8221;. Historyk surowo o narracji w\u0142adzy Anna Gmiterek-Zab\u0142ocka &#8211; Od kilku lat zamiast historii mamy uprawian\u0105 przez rz\u0105dz\u0105cych polityk\u0119 historyczn\u0105. Ale my, niezale\u017cni historycy, musimy robi\u0107 swoje. Pie\u015bni chwalebne na temat tysi\u0119cy Polak\u00f3w ratuj\u0105cych \u017byd\u00f3w to s\u0105 zwyk\u0142e bajki &#8211; m\u00f3wi [&hellip;]<\/p>\n","protected":false},"author":1,"featured_media":0,"comment_status":"closed","ping_status":"closed","sticky":false,"template":"","format":"standard","meta":[],"categories":[6],"tags":[26,24],"_links":{"self":[{"href":"https:\/\/www.reunion68.se\/index.php?rest_route=\/wp\/v2\/posts\/104213"}],"collection":[{"href":"https:\/\/www.reunion68.se\/index.php?rest_route=\/wp\/v2\/posts"}],"about":[{"href":"https:\/\/www.reunion68.se\/index.php?rest_route=\/wp\/v2\/types\/post"}],"author":[{"embeddable":true,"href":"https:\/\/www.reunion68.se\/index.php?rest_route=\/wp\/v2\/users\/1"}],"replies":[{"embeddable":true,"href":"https:\/\/www.reunion68.se\/index.php?rest_route=%2Fwp%2Fv2%2Fcomments&post=104213"}],"version-history":[{"count":7,"href":"https:\/\/www.reunion68.se\/index.php?rest_route=\/wp\/v2\/posts\/104213\/revisions"}],"predecessor-version":[{"id":104219,"href":"https:\/\/www.reunion68.se\/index.php?rest_route=\/wp\/v2\/posts\/104213\/revisions\/104219"}],"wp:attachment":[{"href":"https:\/\/www.reunion68.se\/index.php?rest_route=%2Fwp%2Fv2%2Fmedia&parent=104213"}],"wp:term":[{"taxonomy":"category","embeddable":true,"href":"https:\/\/www.reunion68.se\/index.php?rest_route=%2Fwp%2Fv2%2Fcategories&post=104213"},{"taxonomy":"post_tag","embeddable":true,"href":"https:\/\/www.reunion68.se\/index.php?rest_route=%2Fwp%2Fv2%2Ftags&post=104213"}],"curies":[{"name":"wp","href":"https:\/\/api.w.org\/{rel}","templated":true}]}}