{"id":104215,"date":"2023-05-10T17:05:13","date_gmt":"2023-05-10T15:05:13","guid":{"rendered":"http:\/\/www.reunion68.se\/?p=104215"},"modified":"2023-05-10T06:11:25","modified_gmt":"2023-05-10T04:11:25","slug":"18-05-82","status":"publish","type":"post","link":"https:\/\/www.reunion68.se\/?p=104215","title":{"rendered":"\u2018Unpardonable Bias\u2019: Congresswoman Calls for Firing UN Official Over Israel \u2018War Crimes\u2019 Comments"},"content":{"rendered":"<h5 style=\"text-align: center;\"><a href=\"https:\/\/www.algemeiner.com\/\" target=\"_blank\" rel=\"noopener noreferrer\"><img decoding=\"async\" class=\"center alignleft\" src=\"http:\/\/www.reunion68.com\/Biuletyn\/img\/algem.png\" alt=\"\" width=\"35%\" \/><\/a><span style=\"text-decoration: underline; color: #000080;\"><span><strong><a style=\"color: #000080; text-decoration: underline;\" href=\"https:\/\/www.algemeiner.com\/2023\/05\/09\/unpardonable-bias-congresswoman-calls-for-firing-un-official-over-israel-war-crimes-comments\/\" target=\"_blank\" rel=\"noopener noreferrer\">\u2018Unpardonable Bias\u2019: Congresswoman Calls for Firing UN Official Over Israel \u2018War Crimes\u2019 Comments<\/a><\/strong><\/span><\/span><\/h5>\n<p style=\"text-align: center;\"><span style=\"color: #000000;\"><strong>Andrew Bernard<\/strong><\/span><\/p>\n<hr style=\"height: 15px; background: #d0e6fa; width: 100%;\" \/>\n<p style=\"text-align: center;\"><img decoding=\"async\" class=\"aligncenter\" src=\"https:\/\/www.algemeiner.com\/wp-content\/uploads\/2023\/01\/Screen-Shot-2023-01-24-at-4.00.45-PM.jpg\" width=\"100%\" \/><span style=\"color: #808080;\"><em>UN Special Rapporteur on Palestine Francesca Albanese, October 27, 2022 (Photo: Screenshot)<\/em><\/span><\/p>\n<p style=\"text-align: left;\"><span style=\"color: #000080;\">Congresswoman Ann Wagner (R-MO) on Friday called for the firing of Francesca Albanese, the UN\u2019s special rapporteur for Palestine, following Albanese\u2019s most recent comments accusing Israel of \u201cwar crimes.\u201d\u00a0<\/span><\/p>\n<p style=\"text-align: left;\"><span style=\"color: #000080;\">\u201cSpecial Rapporteur Albanese\u2019s comments demonstrate yet again her unpardonable bias against the state of Israel and the Jewish people,\u201d Wagner told\u00a0<i>The Algemeiner<\/i>. \u201cAlbanese should be fired and the utterly unfair, one-sided Commission of Inquiry disbanded. The United Nations must eliminate this deep-seated anti-Semitism and anti-Israel bias and commit itself to supporting the peaceful coexistence of Israel and a democratic, terrorism-free Palestine.\u201d<\/span><\/p>\n<p style=\"text-align: left;\"><span style=\"color: #000080;\">Albanese on 3 May co-issued a\u00a0<a style=\"color: #000080;\" href=\"https:\/\/www.ohchr.org\/en\/press-releases\/2023\/05\/israel-un-experts-demand-accountability-death-khader-adnan-and-mass\" target=\"_blank\" rel=\"noopener noreferrer\">press release<\/a>\u00a0through the UN\u2019s human rights office in response to the death of Palestinian Islamic Jihad (PIJ) member Khader Adnan in a hunger strike.<\/span><\/p>\n<p style=\"text-align: left;\"><span style=\"color: #000080;\">The press release quotes Albanese fellow UN rapporteur Tlaleng Mofokeng as saying that Israeli administrative detention is \u201ctantamount to a war crime,\u201d and called Adnan\u2019s death \u201ca tragic testament to Israel\u2019s cruel and inhumane detention policy and practices.\u201d<\/span><\/p>\n<p style=\"text-align: left;\"><span style=\"color: #000080;\">\u201cWe cannot separate Israel\u2019s carceral policies from the colonial nature of its occupation, intended to control and subjugate all Palestinians in the territory Israel wants to control,\u201d Albanese and her fellow expert said. \u201cHow many more lives will have to be lost, before an inch of justice can be delivered in the occupied Palestinian territory?\u201d<\/span><\/p>\n<p style=\"text-align: left;\"><span style=\"color: #000080;\">The press release does not mention Adnan\u2019s membership in PIJ. Adnan was indicted and arrested by an Israeli military court in February.<\/span><\/p>\n<p style=\"text-align: left;\"><span style=\"color: #000080;\">Albanese, who was appointed in May 2022, has repeatedly drawn criticism for anti-Israel bias and for comments that critics allege are antisemitic.<\/span><\/p>\n<p style=\"text-align: left;\"><span style=\"color: #000080;\">Albanese has routinely described Israel as an \u201capartheid regime\u201d and in August 2022 asserted that indiscriminate rocket fire from Gaza was part of a Palestinian\u00a0<a style=\"color: #000080;\" href=\"https:\/\/www.algemeiner.com\/2022\/08\/08\/un-official-defends-palestinian-right-to-resist-israeli-occupation\/\" target=\"_blank\" rel=\"noopener noreferrer\">\u201cright to resist.\u201d\u00a0<\/a>Before assuming office, Albanese had written in 2014 that the United States was \u201csubjugated by the Jewish lobby.\u201d Albanese has distanced herself from those remarks, saying that she would not repeat them and that \u201cpeople make mistakes.\u201d<\/span><\/p>\n<p style=\"text-align: left;\"><span style=\"color: #000080;\">\u201cI am not antisemite [sic],\u201d Albanese said in an April 2022\u00a0<a class=\"c-link\" style=\"color: #000080;\" href=\"https:\/\/www.al-monitor.com\/originals\/2022\/04\/israels-occupation-has-crossed-red-line-legality-says-new-un-rapporteur#ixzz7bOEhWVGG\" target=\"_blank\" rel=\"noopener noreferrer\" data-stringify-link=\"https:\/\/www.al-monitor.com\/originals\/2022\/04\/israels-occupation-has-crossed-red-line-legality-says-new-un-rapporteur#ixzz7bOEhWVGG\" data-sk=\"tooltip_parent\">interview<\/a>. \u201cI never said Jews are Nazis, and I certainly never implied that I can\u2019t carry out my responsibility objectively and professionally.\u201d<\/span><\/p>\n<p style=\"text-align: left;\"><span style=\"color: #000080;\">Wagner in February co-led a letter with Rep. Brad Schneider (D-IL) that\u00a0<a style=\"color: #000080;\" href=\"https:\/\/www.algemeiner.com\/2023\/02\/27\/bipartisan-congressional-letter-calls-for-un-to-disband-commission-of-inquiry-fire-palestine-rapporteur\/\" target=\"_blank\" rel=\"noopener noreferrer\">called for Albanese\u2019s firing<\/a>\u00a0for her past comments and for describing Israel as a \u201ccolonial\u201d \u201capartheid regime.\u201d\u00a0<\/span><\/p>\n<p style=\"text-align: left;\"><span style=\"color: #000080;\">\u201cMs. Albanese has repeatedly refused to condemn terrorist attacks against Israelis while continuing her condemnations of Israel,\u201d the letter said. \u201cHer inexcusable silence against terrorism targeting Israelis and her outrageous and prejudicial remarks clearly reflect the irredeemable bias of her mandate.\u201d<\/span><\/p>\n<p style=\"text-align: left;\"><span style=\"color: #000080;\">Wagner told\u00a0<i>The Algemeiner<\/i>\u00a0on Friday that she further took issue with Albanese\u2019s description of Israel as carrying out a \u201ccolonial\u201d occupation.<\/span><\/p>\n<p style=\"text-align: left;\"><span style=\"color: #000080;\">\u201cIsrael has a fundamental right to exist,\u201d she said. \u201cThe Jewish people are not colonizers\u2014period. To suggest otherwise is both anti-Semitic and flagrantly wrong.\u201d<\/span><\/p>\n<p style=\"text-align: left;\"><span style=\"color: #000080;\">Adnan was a senior member and spokesman for PIJ, who was described by the group in a statement following his death as \u201cCommander Khader Adnan,\u201d a \u201cmartyr,\u201d and a \u201cbrave leader.\u201d\u00a0Adnan was most recently arrested on Feb. 23 and began an 87-day hunger strike that resulted in his death at the age of 45.<\/span><\/p>\n<p style=\"text-align: left;\"><span style=\"color: #000080;\">While PIJ mourned his death as a leader and martyr for the organization, some NGOs played down that aspect of his career.<\/span><\/p>\n<p style=\"text-align: left;\"><span style=\"color: #000080;\">\u201cKhader Adnan, a baker by trade, had nine children with his wife Randa, who tirelessly campaigned for his release,\u201d wrote Amnesty International in a\u00a0<a style=\"color: #000080;\" href=\"https:\/\/www.amnesty.org\/en\/latest\/news\/2023\/05\/israel-opt-death-of-khader-adnan-highlights-israels-cruel-treatment-of-palestinian-prisoners\/\" target=\"_blank\" rel=\"noopener noreferrer\">statement<\/a>\u00a0after his death. \u201cSince 2004 he had been arrested 13 times by Israeli authorities, due to his affiliation with the political wing of Palestinian Islamic Jihad (PIJ) movement. While PIJ\u2019s armed wing has carried out attacks on Israeli civilians, Khader Adnan himself was never charged with any involvement in acts of violence.\u201d<\/span><\/p>\n<p style=\"text-align: left;\"><span style=\"color: #000080;\">Adnan had previously been recorded speaking publicly in support of PIJ, which is designated as a terrorist organization without distinction between its \u201cpolitical\u201d and \u201carmed\u201d \u201cwings\u201d by the US, the European Union, and others, calling on attendees at a 2007 rally to give their lives in the struggle against Israel.<\/span><\/p>\n<p style=\"text-align: left;\"><span style=\"color: #000080;\">\u201cWho among you is the next suicide bomber?\u201d Adnan asked. \u201cWho among you will carry the next explosive belt? Who among you will fire the next bullets? Who among you will have his own body parts blown all over?\u201d<\/span><\/p>\n<p style=\"text-align: left;\"><span style=\"color: #000080;\">PIJ responded to Adnan\u2019s death by firing rockets from the Gaza strip into Israel.\u00a0<a style=\"color: #000080;\" href=\"https:\/\/www.algemeiner.com\/2023\/05\/09\/targeted-assassination-kills-3-palestinian-islamic-jihad-leaders-in-gaza\/\" target=\"_blank\" rel=\"noopener noreferrer\">Israeli military operations against PIJ in the West Bank and the Gaza Strip<\/a>\u00a0remain ongoing.<\/span><\/p>\n<hr style=\"height: 15px; background: #d0e6fa; width: 100%;\" \/>\n<div id=\"content\" class=\"content-alignment\">\n<div id=\"watch-description\" class=\"yt-uix-button-panel\">\n<div id=\"watch-description-text\" style=\"text-align: center;\">\n<p><em>Zawarto\u015b\u0107 publikowanych artyku\u0142\u00f3w i materia\u0142\u00f3w nie reprezentuje pogl\u0105d\u00f3w ani opinii Reunion&#8217;68,<\/em><em><br \/>\nani te\u017c webmastera Blogu Reunion&#8217;68, chyba ze jest to wyra\u017anie zaznaczone.<br \/>\nTwoje uwagi, linki, w\u0142asne artyku\u0142y lub wiadomo\u015bci prze\u015blij na adres:<br \/>\n<\/em><span style=\"color: #000080;\"><strong><em><a style=\"color: #000080;\" href=\"mailto:webmaster@reunion68.com\"><span style=\"text-decoration: underline;\">webmaster@reunion68.com<\/span><\/a><\/em><\/strong><\/span><\/p>\n<\/div>\n<\/div>\n<\/div>\n<hr style=\"width: 100%;\" \/>\n","protected":false},"excerpt":{"rendered":"<p>\u2018Unpardonable Bias\u2019: Congresswoman Calls for Firing UN Official Over Israel \u2018War Crimes\u2019 Comments Andrew Bernard UN Special Rapporteur on Palestine Francesca Albanese, October 27, 2022 (Photo: Screenshot) Congresswoman Ann Wagner (R-MO) on Friday called for the firing of Francesca Albanese, the UN\u2019s special rapporteur for Palestine, following Albanese\u2019s most recent comments accusing Israel of \u201cwar [&hellip;]<\/p>\n","protected":false},"author":1,"featured_media":0,"comment_status":"closed","ping_status":"closed","sticky":false,"template":"","format":"standard","meta":[],"categories":[6],"tags":[26,24],"_links":{"self":[{"href":"https:\/\/www.reunion68.se\/index.php?rest_route=\/wp\/v2\/posts\/104215"}],"collection":[{"href":"https:\/\/www.reunion68.se\/index.php?rest_route=\/wp\/v2\/posts"}],"about":[{"href":"https:\/\/www.reunion68.se\/index.php?rest_route=\/wp\/v2\/types\/post"}],"author":[{"embeddable":true,"href":"https:\/\/www.reunion68.se\/index.php?rest_route=\/wp\/v2\/users\/1"}],"replies":[{"embeddable":true,"href":"https:\/\/www.reunion68.se\/index.php?rest_route=%2Fwp%2Fv2%2Fcomments&post=104215"}],"version-history":[{"count":4,"href":"https:\/\/www.reunion68.se\/index.php?rest_route=\/wp\/v2\/posts\/104215\/revisions"}],"predecessor-version":[{"id":104227,"href":"https:\/\/www.reunion68.se\/index.php?rest_route=\/wp\/v2\/posts\/104215\/revisions\/104227"}],"wp:attachment":[{"href":"https:\/\/www.reunion68.se\/index.php?rest_route=%2Fwp%2Fv2%2Fmedia&parent=104215"}],"wp:term":[{"taxonomy":"category","embeddable":true,"href":"https:\/\/www.reunion68.se\/index.php?rest_route=%2Fwp%2Fv2%2Fcategories&post=104215"},{"taxonomy":"post_tag","embeddable":true,"href":"https:\/\/www.reunion68.se\/index.php?rest_route=%2Fwp%2Fv2%2Ftags&post=104215"}],"curies":[{"name":"wp","href":"https:\/\/api.w.org\/{rel}","templated":true}]}}