{"id":104232,"date":"2023-05-12T17:09:16","date_gmt":"2023-05-12T15:09:16","guid":{"rendered":"http:\/\/www.reunion68.se\/?p=104232"},"modified":"2023-05-12T18:15:07","modified_gmt":"2023-05-12T16:15:07","slug":"19-09-87","status":"publish","type":"post","link":"https:\/\/www.reunion68.se\/?p=104232","title":{"rendered":"Terrory\u015bci tureckiego Hezbollahu: nowi sojusznicy Erdo\u011fana"},"content":{"rendered":"<h5 style=\"text-align: center;\"><a href=\"http:\/\/www.listyznaszegosadu.pl\/\" target=\"_blank\" rel=\"noopener noreferrer\"><img decoding=\"async\" class=\"center alignleft\" src=\"http:\/\/www.reunion68.com\/Biuletyn\/img\/z-naszego.jpg\" alt=\"\" width=\"50%\"><\/a><span style=\"text-decoration: underline; color: #000080;\"><strong><a style=\"color: #000080; text-decoration: underline;\" href=\"http:\/\/www.listyznaszegosadu.pl\/brunatna-fala\/terrorysci-tureckiego-hezbollahu-nowi-sojusznicy-erdoa-ana\" target=\"_blank\" rel=\"noopener noreferrer\">Terrory\u015bci tureckiego Hezbollahu: nowi sojusznicy Erdo\u011fana<\/a><\/strong><\/span><\/h5>\n<p style=\"text-align: center;\"><span style=\"color: #000000;\"><strong>Burak Bekdil<br \/>\n<\/strong><em><span style=\"color: #808080;\">T\u0142umaczenie: <\/span><\/em><strong>Ma\u0142gorzata Koraszewska<\/strong><\/span><\/p>\n<hr style=\"height: 15px; background: #d0e6fa; width: 100%;\">\n<p style=\"text-align: left;\"><img decoding=\"async\" class=\"alignleft\" src=\"http:\/\/www.listyznaszegosadu.pl\/upload\/article\/bild\/3121\/994749\/Huda-par-logo_s.png\" width=\"50%\"><span style=\"color: #808080;\"><em>Terrory\u015bci tureckiego Hezbollahu przegrupowali si\u0119 i przemianowali na parti\u0119 polityczn\u0105 H\u00dcDA-PAR. Wszyscy wiedzieli, \u017ce nowa partia jest przykrywk\u0105 dla Hezbollahu. Za islamistycznego re\u017cimu prezydenta Recepa Tayyipa Erdo\u011fana nikogo to nie obchodzi. Na zdj\u0119ciu: Logo tureckiego Hezbollahu (\u0179r\u00f3d\u0142o: Wikipedia)<\/em><\/span><\/p>\n<div class=\"templateArticleIngress\">\n<p style=\"text-align: left;\"><span style=\"color: #000080;\">Tureckiego Hezbollahu nie nale\u017cy myli\u0107 z liba\u0144sk\u0105 szyick\u0105 grup\u0105 terrorystyczn\u0105 Hezbollah, chocia\u017c ich nazwa ma to samo znaczenie po arabsku: Partia Boga.&nbsp;Turecki Hezbollah jest radykalnie sunnicki i pro-kurdyjski.<\/span><\/p>\n<p style=\"text-align: left;\">\n<span style=\"color: #000080;\">U szczytu swojej brutalnej kampanii w latach 1991-2001, Urz\u0105d ds. Religijnych Turcji&nbsp;<a style=\"color: #000080;\" href=\"blank\" target=\"_blank\" rel=\"noopener noreferrer\">og\u0142osi\u0142<\/a>, \u017ce ideologi\u0105 organizacji jest \u201ewalka z ka\u017cdym nie-islamskim re\u017cimem i administracj\u0105 w krajach, gdzie islam nie dominuje\u201d.&nbsp;W tamtych latach Hezbollah mia\u0142 pod swoimi auspicjami prawie 100 stowarzysze\u0144 i organizacji pozarz\u0105dowych.<\/span><\/p>\n<\/div>\n<p style=\"text-align: left;\">\n<div class=\"templateArticleBrodtext\">\n<p style=\"text-align: left;\"><span style=\"color: #000080;\">Po operacjach s\u0142u\u017cb bezpiecze\u0144stwa przeciwko Hezbollahowi w 2000 r. turecka opinia publiczna by\u0142a&nbsp;<a style=\"color: #000080;\" href=\"blank\" target=\"_blank\" rel=\"noopener noreferrer\">zszokowana<\/a>, gdy dowiedzia\u0142a si\u0119, \u017ce organizacja ta porwa\u0142a ponad 100 rywalizuj\u0105cych z nim islamist\u00f3w, torturowa\u0142a ich i pochowa\u0142a w miejscach, kt\u00f3re odra\u017caj\u0105co nazywano \u201edomami grob\u00f3w\u201d.<\/span><\/p>\n<p style=\"text-align: left;\">\n<span style=\"color: #000080;\">Dzia\u0142aj\u0105c g\u0142\u00f3wnie w prowincji Batman, Hezbollah&nbsp;<a style=\"color: #000080;\" href=\"blank\" target=\"_blank\" rel=\"noopener noreferrer\">zamordowa\u0142<\/a>&nbsp;188 os\u00f3b w i wok\u00f3\u0142 g\u0142\u00f3wnie kurdyjskiego miasta Batman.&nbsp;W\u015br\u00f3d ofiar by\u0142y 32 postrzelone w szyj\u0119: m\u0119\u017cczy\u017ani za picie alkoholu i kobiety za noszenie minisp\u00f3dniczek.<\/span><\/p>\n<p style=\"text-align: left;\">\n<span style=\"color: #000080;\">Wybitna feministyczna islamistka, Konca Kuri\u015f, zosta\u0142a porwana przez Hezbollah i torturowana przez 35 dni, zanim zosta\u0142a zamordowana.&nbsp;Jej islamizm by\u0142 w porz\u0105dku;&nbsp;jej feminizm nie by\u0142.<\/span><\/p>\n<p style=\"text-align: left;\">\n<span style=\"color: #000080;\">W 2001 roku Hezbollah zamordowa\u0142 Gaffara Okana, szefa policji w prowincji Diyarbak\u0131r, gdzie znajduje si\u0119 najwi\u0119ksze kurdyjskie miasto w po\u0142udniowo-wschodniej Turcji. Wraz z nim zamordowano pi\u0119ciu policjant\u00f3w.<\/span><\/p>\n<p style=\"text-align: left;\">\n<span style=\"color: #000080;\">W 1992 r. Hezbollah&nbsp;<a style=\"color: #000080;\" href=\"blank\" target=\"_blank\" rel=\"noopener noreferrer\">zamordowa\u0142<\/a>&nbsp;dziennikarza Halita G\u00fcngena, dwa dni po tym, jak opublikowa\u0142 on artyku\u0142 o tajnych powi\u0105zaniach grupy terrorystycznej z g\u0142\u0119bokim pa\u0144stwem tureckim.&nbsp;Wiele lat p\u00f3\u017aniej trzech zab\u00f3jc\u00f3w Hezbollahu, w\u00f3wczas uwi\u0119zionych, zosta\u0142o uwolnionych przez rz\u0105d prezydenta Recepa Tayyipa Erdo\u011fana.<\/span><\/p>\n<p style=\"text-align: left;\">\n<span style=\"color: #000080;\">W 2000 r. przyw\u00f3dca Hezbollahu, H\u00fcseyin Velio\u011flu,&nbsp;<a style=\"color: #000080;\" href=\"blank\" target=\"_blank\" rel=\"noopener noreferrer\">zgin\u0105\u0142<\/a>&nbsp;w strzelaninie z policj\u0105 w Stambule.&nbsp;By\u0142y szef policji Niyazi Palab\u0131y\u0131k, kt\u00f3ry kierowa\u0142 t\u0105 operacj\u0105,&nbsp;<a style=\"color: #000080;\" href=\"blank\" target=\"_blank\" rel=\"noopener noreferrer\">powiedzia\u0142<\/a>&nbsp;ostatnio, \u017ce rz\u0105d Erdo\u011fana uwolni\u0142 Edipa G\u00fcm\u00fc\u015fa, agenta Hezbollahu odpowiedzialnego za zabicie 250 os\u00f3b.&nbsp;Operacja i zabicie Velio\u011flu spowodowa\u0142y rozwi\u0105zanie grupy terrorystycznej, ale nie zabi\u0142y jej ducha.<\/span><\/p>\n<p style=\"text-align: left;\">\n<span style=\"color: #000080;\">Terrory\u015bci Hezbollahu przegrupowali si\u0119, najpierw jako stowarzyszenie, a nast\u0119pnie jako partia polityczna w 2012 roku. Przemianowali si\u0119, u\u017cywaj\u0105c nazwy niezbyt odleg\u0142ej od Hezbollahu: H\u00dcDA-PAR (skr\u00f3t od Partia Boga, co oznacza r\u00f3wnie\u017c \u201ewolna sprawa\u201d). Wszyscy wiedzieli, \u017ce ta nowa partia jest przykrywk\u0105 dla Hezbollahu.&nbsp;Pod islamistycznym re\u017cimem Erdo\u011fana nikogo to nie obchodzi.<\/span><\/p>\n<p style=\"text-align: left;\">\n<span style=\"color: #000080;\">W niedawnym&nbsp;<a style=\"color: #000080;\" href=\"blank\" target=\"_blank\" rel=\"noopener noreferrer\">wywiadzie<\/a>&nbsp;telewizyjnym przewodnicz\u0105cy H\u00dcDA-PAR, Zekeriya Yap\u0131c\u0131o\u011flu, przyzna\u0142, \u017ce Hezbollah \u201em\u00f3g\u0142 by\u0107 organizacj\u0105 terrorystyczn\u0105\u201d, ale jego zdaniem \u201enie by\u0142\u201d.&nbsp;Powiedzia\u0142: \u201eKiedykolwiek by\u0142 atak [przez w\u0142adze na Hezbollah], musieli si\u0119 broni\u0107\u201d.&nbsp;Jest to j\u0119zyk zbyt dobrze znany obro\u0144com terroryst\u00f3w z Hamasu \u2013 ale nie jest to zaskakuj\u0105ce.&nbsp;Yap\u0131c\u0131o\u011flu by\u0142 jednym z prawnik\u00f3w, kt\u00f3rzy bronili terroryst\u00f3w Hezbollahu.<\/span><\/p>\n<p style=\"text-align: left;\">\n<span style=\"color: #000080;\">Og\u00f3lnokrajow\u0105 popularno\u015b\u0107 H\u00dcDA-PAR szacuje si\u0119 na kilkaset tysi\u0119cy w kraju, w kt\u00f3rym zarejestrowanych jest ponad 50 milion\u00f3w wyborc\u00f3w.&nbsp;Ale nawet ten niewielki procent wyborc\u00f3w mo\u017ce zmieni\u0107 histori\u0119 w najbardziej krytycznych wyborach w historii Turcji, zaplanowanych na 14 maja. Erdo\u011fan nie jest g\u0142upcem, widzi, \u017ce mo\u017ce potrzebowa\u0107 tych g\u0142os\u00f3w w wyborach prezydenckich i parlamentarnych.<\/span><\/p>\n<p style=\"text-align: left;\">\n<span style=\"color: #000080;\">Sonda\u017ce sugeruj\u0105, \u017ce wy\u015bcig prezydencki b\u0119dzie zaci\u0119ty, prawdopodobnie bardzo zaci\u0119ty.&nbsp;Wi\u0119kszo\u015b\u0107 pokazuje, \u017ce przepa\u015b\u0107 w stosunku do Erdo\u011fana si\u0119 powi\u0119ksza.&nbsp;<a style=\"color: #000080;\" href=\"blank\" target=\"_blank\" rel=\"noopener noreferrer\">\u015arednia<\/a>&nbsp;z 11 sonda\u017cy przeprowadzonych w marcu da\u0142a partii Erdogana 32,8% g\u0142os\u00f3w, a jej ultranacjonalistycznemu partnerowi MHP 6,5%, przy czym ta ostatnia partia nie zdoby\u0142a \u017cadnego miejsca w parlamencie, poniewa\u017c jej og\u00f3lnokrajowe g\u0142osy spad\u0142y poni\u017cej progu 7%&nbsp;<a style=\"color: #000080;\" href=\"blank\" target=\"_blank\" rel=\"noopener noreferrer\">.<\/a><\/span><\/p>\n<p style=\"text-align: left;\">\n<span style=\"color: #000080;\">Z kolei blok opozycyjny zdoby\u0142by \u0142\u0105cznie 55,4% og\u00f3lnokrajowych g\u0142os\u00f3w. Reuters&nbsp;<a style=\"color: #000080;\" href=\"blank\" target=\"_blank\" rel=\"noopener noreferrer\">poinformowa\u0142<\/a>, \u017ce nowe sonda\u017ce wskazuj\u0105, \u017ce kandydat tureckiej opozycji na prezydenta, Kemal K\u0131l\u0131\u00e7daro\u011flu, prowadzi przeciwko Erdo\u011fanowi o ponad 10 punkt\u00f3w procentowych przed wyborami.<\/span><\/p>\n<p style=\"text-align: left;\">\n<span style=\"color: #000080;\">W ten spos\u00f3b H\u00dcDA-PAR, dziecko bezwzgl\u0119dnej grupy terrorystycznej Hezbollah, sta\u0142o si\u0119 najnowszym sojusznikiem politycznym Erdogana.&nbsp;H\u00dcDA-PAR&nbsp;<a style=\"color: #000080;\" href=\"blank\" target=\"_blank\" rel=\"noopener noreferrer\">zadeklarowa\u0142<\/a>a, \u017ce w wyborach parlamentarnych wystawi kandydat\u00f3w z listy partii Erdo\u011fana.&nbsp;H\u00dcDA-PAR zgodzi\u0142a si\u0119 r\u00f3wnie\u017c poprze\u0107 prezydentur\u0119 Erdo\u011fana.<\/span><\/p>\n<p style=\"text-align: left;\">\n<span style=\"color: #000080;\">\u201eDzi\u0119kujemy H\u00dcDA-PAR za rozszerzenie poparcia dla prezydentury Erdo\u011fana\u201d \u2013&nbsp;<a style=\"color: #000080;\" href=\"blank\" target=\"_blank\" rel=\"noopener noreferrer\">powiedzia\u0142<\/a>&nbsp;rzecznik partii AKP Erdo\u011fana, \u00d6mer \u00c7elik, po wizycie wiceprzewodnicz\u0105cego AKP, Ali Ihsana Yavuza, w siedzibie H\u00dcDA-PAR 3 kwietnia. Yavuz&nbsp;<a style=\"color: #000080;\" href=\"blank\" target=\"_blank\" rel=\"noopener noreferrer\">powiedzia\u0142<\/a>, \u017ce H\u00dcDA-PAR b\u0119dzie mia\u0142 \u201eodpowiedni\u0105 liczby miejsc w parlamencie\u201d w zamian za poparcie dla Erdo\u011fana w majowych wyborach.<\/span><\/p>\n<p style=\"text-align: left;\">\n<span style=\"color: #000080;\">Spo\u0142eczno\u015b\u0107 mi\u0119dzynarodowa dobrze by zrobi\u0142a, gdyby zrozumia\u0142a, \u017ce Kurdowie, sojusznicy USA w p\u00f3\u0142nocnym Iraku i Syrii, nie s\u0105 monolitem.&nbsp;\u015awieccy Kurdowie s\u0105 sojusznikami.&nbsp;Ale s\u0105 te\u017c islamscy Kurdowie, kt\u00f3rzy popieraj\u0105 Erdo\u011fana.<\/span><\/p>\n<p style=\"text-align: left;\">\n<span style=\"color: #000080;\">Aby wygra\u0107, Erdo\u011fan sprzymierza si\u0119 z radykalnymi islamistami: udokumentowanymi terrorystami.<\/span><\/p>\n<p style=\"text-align: left;\">\n<span style=\"color: #000080;\">Je\u015bli Erdo\u011fan wygra 14 maja, po raz pierwszy w tureckim parlamencie pojawi\u0105 si\u0119 radykalni islamscy terrory\u015bci. Terrory\u015bci z Hezbollahu \u2013 odpowiedzialni za tortury i \u015bmier\u0107 setek ludzi w egzekucjach w stylu ISIS \u2013 w parlamencie pa\u0144stwa cz\u0142onkowskiego NATO! Ten potencjalny wynik jest najwa\u017cniejszym tematem rozm\u00f3w w\u015br\u00f3d zachodnich dyplomat\u00f3w w Ankarze. Wi\u0119kszo\u015b\u0107 jest w szoku. Nie powinni by\u0107. To jest ten sam Erdo\u011fan.<\/span><\/p>\n<\/div>\n<hr>\n<p style=\"text-align: left;\"><span style=\"color: #808080;\"><em><strong>Burak Bekdil<\/strong> jest tureckim publicyst\u0105, kt\u00f3ry w 2017 roku w obawie przed aresztowaniem wyjecha\u0142 z Turcji.<\/em><\/span><\/p>\n<hr style=\"height: 15px; background: #d0e6fa; width: 100%;\">\n<div id=\"content\" class=\"content-alignment\">\n<div id=\"watch-description\" class=\"yt-uix-button-panel\">\n<div id=\"watch-description-text\" style=\"text-align: center;\">\n<p><em>Zawarto\u015b\u0107 publikowanych artyku\u0142\u00f3w i materia\u0142\u00f3w nie reprezentuje pogl\u0105d\u00f3w ani opinii Reunion&#8217;68,<\/em><em><br \/>\nani te\u017c webmastera Blogu Reunion&#8217;68, chyba ze jest to wyra\u017anie zaznaczone.<br \/>\nTwoje uwagi, linki, w\u0142asne artyku\u0142y lub wiadomo\u015bci prze\u015blij na adres:<br \/>\n<\/em><span style=\"color: #000080;\"><strong><em><a style=\"color: #000080;\" href=\"mailto:webmaster@reunion68.com\"><span style=\"text-decoration: underline;\">webmaster@reunion68.com<\/span><\/a><\/em><\/strong><\/span><\/p>\n<\/div>\n<\/div>\n<\/div>\n<hr style=\"width: 100%;\">\n","protected":false},"excerpt":{"rendered":"<p>Terrory\u015bci tureckiego Hezbollahu: nowi sojusznicy Erdo\u011fana Burak Bekdil T\u0142umaczenie: Ma\u0142gorzata Koraszewska Terrory\u015bci tureckiego Hezbollahu przegrupowali si\u0119 i przemianowali na parti\u0119 polityczn\u0105 H\u00dcDA-PAR. Wszyscy wiedzieli, \u017ce nowa partia jest przykrywk\u0105 dla Hezbollahu. Za islamistycznego re\u017cimu prezydenta Recepa Tayyipa Erdo\u011fana nikogo to nie obchodzi. Na zdj\u0119ciu: Logo tureckiego Hezbollahu (\u0179r\u00f3d\u0142o: Wikipedia) Tureckiego Hezbollahu nie nale\u017cy myli\u0107 z [&hellip;]<\/p>\n","protected":false},"author":1,"featured_media":0,"comment_status":"closed","ping_status":"closed","sticky":false,"template":"","format":"standard","meta":[],"categories":[6],"tags":[26,24],"_links":{"self":[{"href":"https:\/\/www.reunion68.se\/index.php?rest_route=\/wp\/v2\/posts\/104232"}],"collection":[{"href":"https:\/\/www.reunion68.se\/index.php?rest_route=\/wp\/v2\/posts"}],"about":[{"href":"https:\/\/www.reunion68.se\/index.php?rest_route=\/wp\/v2\/types\/post"}],"author":[{"embeddable":true,"href":"https:\/\/www.reunion68.se\/index.php?rest_route=\/wp\/v2\/users\/1"}],"replies":[{"embeddable":true,"href":"https:\/\/www.reunion68.se\/index.php?rest_route=%2Fwp%2Fv2%2Fcomments&post=104232"}],"version-history":[{"count":9,"href":"https:\/\/www.reunion68.se\/index.php?rest_route=\/wp\/v2\/posts\/104232\/revisions"}],"predecessor-version":[{"id":104284,"href":"https:\/\/www.reunion68.se\/index.php?rest_route=\/wp\/v2\/posts\/104232\/revisions\/104284"}],"wp:attachment":[{"href":"https:\/\/www.reunion68.se\/index.php?rest_route=%2Fwp%2Fv2%2Fmedia&parent=104232"}],"wp:term":[{"taxonomy":"category","embeddable":true,"href":"https:\/\/www.reunion68.se\/index.php?rest_route=%2Fwp%2Fv2%2Fcategories&post=104232"},{"taxonomy":"post_tag","embeddable":true,"href":"https:\/\/www.reunion68.se\/index.php?rest_route=%2Fwp%2Fv2%2Ftags&post=104232"}],"curies":[{"name":"wp","href":"https:\/\/api.w.org\/{rel}","templated":true}]}}