{"id":104337,"date":"2023-06-13T17:00:03","date_gmt":"2023-06-13T15:00:03","guid":{"rendered":"http:\/\/www.reunion68.se\/?p=104337"},"modified":"2023-06-06T07:02:13","modified_gmt":"2023-06-06T05:02:13","slug":"23-00-83","status":"publish","type":"post","link":"https:\/\/www.reunion68.se\/?p=104337","title":{"rendered":"Adidas to Sell Remaining Yeezy Shoes, Donate Proceeds to Organizations \u2018Harmed\u2019 by Ye\u2019s Antisemitism"},"content":{"rendered":"<h5 style=\"text-align: center;\"><a href=\"https:\/\/www.algemeiner.com\/\" target=\"_blank\" rel=\"noopener noreferrer\"><img decoding=\"async\" class=\"center alignleft\" src=\"http:\/\/www.reunion68.com\/Biuletyn\/img\/algem.png\" alt=\"\" width=\"35%\"><\/a><span style=\"text-decoration: underline; color: #000080;\"><span><strong><a style=\"color: #000080; text-decoration: underline;\" href=\"https:\/\/www.algemeiner.com\/2023\/05\/12\/adidas-to-sell-remaining-yeezy-shoes-donate-proceeds-to-organizations-harmed-by-yes-antisemitism\/\" target=\"_blank\" rel=\"noopener noreferrer\">Adidas to Sell Remaining Yeezy Shoes, Donate Proceeds to Organizations \u2018Harmed\u2019 by Ye\u2019s Antisemitism<\/a><\/strong><\/span><\/span><\/h5>\n<p style=\"text-align: center;\"><span style=\"color: #000000;\"><strong>Shiryn Ghermezian<\/strong><\/span><\/p>\n<hr style=\"height: 15px; background: #d0e6fa; width: 100%;\">\n<p style=\"text-align: center;\"><img decoding=\"async\" class=\"aligncenter\" src=\"https:\/\/www.algemeiner.com\/wp-content\/uploads\/2019\/07\/adidas-1.jpg\" width=\"100%\"><span style=\"color: #808080;\"><em>Adidas in a Tel Aviv mall. Photo: David Shankbone via Flickr.<\/em><\/span><\/p>\n<p style=\"text-align: left;\"><span style=\"color: #000080;\">The German sportswear company Adidas said on Thursday it will sell part of its remaining inventory of Yeezy shoes and donate the proceeds to organizations \u201charmed by what Ye [Kanye West] said\u201d on social media and in interviews last year.<\/span><\/p>\n<p style=\"text-align: left;\"><span style=\"color: #000080;\">\u201cBurning those shoes cannot be the solution,\u201d Adidas CEO Bjorn Gulden said at the company\u2019s annual shareholders meeting this week.<\/span><\/p>\n<p class=\"Component-root-0-2-80 p Component-p-0-2-70\" style=\"text-align: left;\"><span style=\"color: #000080;\">Adidas&nbsp;<a style=\"color: #000080;\" href=\"https:\/\/www.adidas-group.com\/en\/media\/news-archive\/press-releases\/2022\/adidas-terminates-partnership-ye-immediately\/\" target=\"_blank\" rel=\"noopener noreferrer\">cut ties<\/a>&nbsp;with Ye in late October 2022 and until now the company was unsure of what to do with its unsold Yeezys, a sneaker line that it launched in collaboration with Ye. Gulden said at the shareholders meeting this week that Adidas has 500 million unsold Yeezys that have a selling value of more than $1 billion. He explained that after months of speaking with non-governmental organization and other groups about a solution, the brand has decided to try selling what Yeezy inventory it has left, and to \u201cdonate money to the organizations that help us and were harmed by what Ye said.\u201d<\/span><\/p>\n<p style=\"text-align: left;\"><span style=\"color: #000080;\">\u201cWhen we do that and how we\u2019re gonna do that \u2014 that remains to be seen. We\u2019re working on that,\u201d Gulden added. \u201cBurning a couple of million shoes cannot be the right thing to do and we\u2019re gonna give you an update as soon as this decision has been taken.\u201d<\/span><\/p>\n<p style=\"text-align: left;\"><span style=\"color: #000080;\">He also told shareholders that the company\u2019s nine-year partnership with Ye was \u201csensational.\u201d He noted that Ye is a \u201cdifficult person,\u201d but also \u201carguably the most creative person in our industry and he created a model with Adidas that was sought after around the world.\u201d<\/span><\/p>\n<p style=\"text-align: left;\"><span style=\"color: #000080;\">Ye made&nbsp;<a style=\"color: #000080;\" href=\"https:\/\/www.algemeiner.com\/2023\/03\/27\/kanye-west-says-he-now-likes-jewish-people-again-after-watching-film-starring-jewish-actor-jonah-hill\/\" target=\"_blank\" rel=\"noopener noreferrer\">a series of offensive comments<\/a>&nbsp;about Jews in late 2022. In October, &nbsp;he threatened violence against the Jewish community and tweeted that he wanted to \u201cgo death con 3 ON JEWISH PEOPLE.\u201d Soon after he shared antisemitic tropes on his social media accounts, including the image of a swastika intertwined with a Star of David, and shared antisemitic conspiracy theories and stereotypes during an interview with former&nbsp;<em>Fox News<\/em>&nbsp;host Tucker Carlson. Then on Dec. 1, he said multiple times during a guest appearance on the talk show&nbsp;<em>Infowars,<\/em>&nbsp;hosted by conspiracy theorist Alex Jones, that he admired Nazi leader Adolf Hitler and denied facts about the Holocaust. He also said people should \u201cstop dissing the Nazis\u201d and compared himself to Jews hiding in the Holocaust.<\/span><\/p>\n<p style=\"text-align: left;\"><span style=\"color: #000080;\">Adidas said in a&nbsp;<a style=\"color: #000080;\" href=\"https:\/\/www.adidas-group.com\/en\/media\/news-archive\/press-releases\/2022\/adidas-terminates-partnership-ye-immediately\/\" target=\"_blank\" rel=\"noopener noreferrer\">statement<\/a>&nbsp;in October that it \u201cdoes not tolerate antisemitism and any other sort of hate speech\u201d and that Ye\u2019s comments and actions \u201chave been unacceptable, hateful and dangerous, and they violate the company\u2019s values of diversity and inclusion, mutual respect and fairness.\u201d It immediately terminated its working relationship with Ye, stopped production of Yeezy branded products and halted all payments to the rapper and his companies.<\/span><\/p>\n<p style=\"text-align: left;\"><span style=\"color: #000080;\">Adidas&nbsp;<a style=\"color: #000080;\" href=\"https:\/\/www.adidas-group.com\/en\/media\/news-archive\/press-releases\/2023\/adidas-reports-revenues-on-prior-year-level-in-the-first-quarter\/\" target=\"_blank\" rel=\"noopener noreferrer\">announced<\/a>&nbsp;last week that it had $441 million in lost sales at the start of 2023. Net sales declined 1 percent in the first quarter and would have risen 9 percent with the Yeezy line.<\/span><\/p>\n<p class=\"Component-root-0-2-80 p Component-p-0-2-70\" style=\"text-align: left;\"><span style=\"color: #000080;\">The Associated Press reported that the decision to cut ties with Ye resulted in Adidas losing $655 million in sales for the last three months of 2022.<\/span><\/p>\n<hr style=\"height: 15px; background: #d0e6fa; width: 100%;\">\n<div id=\"content\" class=\"content-alignment\">\n<div id=\"watch-description\" class=\"yt-uix-button-panel\">\n<div id=\"watch-description-text\" style=\"text-align: center;\">\n<p><em>Zawarto\u015b\u0107 publikowanych artyku\u0142\u00f3w i materia\u0142\u00f3w nie reprezentuje pogl\u0105d\u00f3w ani opinii Reunion&#8217;68,<\/em><em><br \/>\nani te\u017c webmastera Blogu Reunion&#8217;68, chyba ze jest to wyra\u017anie zaznaczone.<br \/>\nTwoje uwagi, linki, w\u0142asne artyku\u0142y lub wiadomo\u015bci prze\u015blij na adres:<br \/>\n<\/em><span style=\"color: #000080;\"><strong><em><a style=\"color: #000080;\" href=\"mailto:webmaster@reunion68.com\"><span style=\"text-decoration: underline;\">webmaster@reunion68.com<\/span><\/a><\/em><\/strong><\/span><\/p>\n<\/div>\n<\/div>\n<\/div>\n<hr style=\"width: 100%;\">\n","protected":false},"excerpt":{"rendered":"<p>Adidas to Sell Remaining Yeezy Shoes, Donate Proceeds to Organizations \u2018Harmed\u2019 by Ye\u2019s Antisemitism Shiryn Ghermezian Adidas in a Tel Aviv mall. Photo: David Shankbone via Flickr. The German sportswear company Adidas said on Thursday it will sell part of its remaining inventory of Yeezy shoes and donate the proceeds to organizations \u201charmed by what [&hellip;]<\/p>\n","protected":false},"author":1,"featured_media":0,"comment_status":"closed","ping_status":"closed","sticky":false,"template":"","format":"standard","meta":[],"categories":[6],"tags":[26,24],"_links":{"self":[{"href":"https:\/\/www.reunion68.se\/index.php?rest_route=\/wp\/v2\/posts\/104337"}],"collection":[{"href":"https:\/\/www.reunion68.se\/index.php?rest_route=\/wp\/v2\/posts"}],"about":[{"href":"https:\/\/www.reunion68.se\/index.php?rest_route=\/wp\/v2\/types\/post"}],"author":[{"embeddable":true,"href":"https:\/\/www.reunion68.se\/index.php?rest_route=\/wp\/v2\/users\/1"}],"replies":[{"embeddable":true,"href":"https:\/\/www.reunion68.se\/index.php?rest_route=%2Fwp%2Fv2%2Fcomments&post=104337"}],"version-history":[{"count":4,"href":"https:\/\/www.reunion68.se\/index.php?rest_route=\/wp\/v2\/posts\/104337\/revisions"}],"predecessor-version":[{"id":104523,"href":"https:\/\/www.reunion68.se\/index.php?rest_route=\/wp\/v2\/posts\/104337\/revisions\/104523"}],"wp:attachment":[{"href":"https:\/\/www.reunion68.se\/index.php?rest_route=%2Fwp%2Fv2%2Fmedia&parent=104337"}],"wp:term":[{"taxonomy":"category","embeddable":true,"href":"https:\/\/www.reunion68.se\/index.php?rest_route=%2Fwp%2Fv2%2Fcategories&post=104337"},{"taxonomy":"post_tag","embeddable":true,"href":"https:\/\/www.reunion68.se\/index.php?rest_route=%2Fwp%2Fv2%2Ftags&post=104337"}],"curies":[{"name":"wp","href":"https:\/\/api.w.org\/{rel}","templated":true}]}}