{"id":10437,"date":"2014-12-08T19:02:05","date_gmt":"2014-12-08T17:02:05","guid":{"rendered":"http:\/\/www.reunion68.se\/?p=10437"},"modified":"2014-12-08T16:36:07","modified_gmt":"2014-12-08T14:36:07","slug":"10437","status":"publish","type":"post","link":"https:\/\/www.reunion68.se\/?p=10437","title":{"rendered":"[ Ida ] Agata Kulesza najlepsz\u0105 drugoplanow\u0105 aktork\u0105"},"content":{"rendered":"<h5 style=\"text-align: center;\"><a href=\"http:\/\/film.onet.pl\/\" target=\"_blank\"><img decoding=\"async\" class=\"center alignleft\" src=\"http:\/\/www.reunion68.com\/Biuletyn\/img\/on-net.png\" alt=\"\" \/><\/a><span style=\"text-decoration: underline; color: #000080;\"><span style=\"text-decoration: underline;\"><strong><a style=\"color: #000080; text-decoration: underline;\" href=\"http:\/\/film.onet.pl\/wiadomosci\/agata-kulesza-najlepsza-aktorka-drugoplanowa-wedlug-krytykow-filmowych-z-los-angeles\/29zwj#.VIWv-zQPbuk.facebook\" target=\"_blank\">Agata Kulesza najlepsz\u0105 aktork\u0105 drugoplanow\u0105 wed\u0142ug krytyk\u00f3w filmowych z Los Angeles <\/a><\/strong><\/span><\/span><\/h5>\n<hr style=\"height: 15px; background: #d0e6fa; width: 710px;\" \/>\n<div style=\"width: 360px\" class=\"wp-caption alignright\"><img decoding=\"async\" class=\"mainPhotoImg\" src=\"http:\/\/ocdn.eu\/images\/pulscms\/NzY7MDQsMCw2NCw2NDAsMzg0OzA2LDMyMCwxYzI_\/d4cfbfbe278a58296fa9937278e888e3.jpg\" alt=\"Agata Kulesza w filmie &quot;Ida&quot;\" width=\"350\" data-item-uuid=\"039b0f15-f18b-4efb-a510-42427fa00f96\" \/><p class=\"wp-caption-text\"><center><span style=\"color: #333333;\"><em>Agata Kulesza w filmie &#8220;Ida&#8221;<\/em><\/span><\/center><\/p><\/div>\n<p><span style=\"color: #333333;\"><strong>Agata Kulesza otrzyma\u0142a nagrod\u0119 za najlepsz\u0105 rol\u0119 drugoplanow\u0105 od Stowarzyszenia Krytyk\u00f3w Filmowych w Los Angeles (Los Angeles Film Critics Association). Dramat &#8220;Ida&#8221; zosta\u0142 natomiast uznany najlepszym filmem nieangloj\u0119zycznym.<\/strong><\/span><\/p>\n<p style=\"text-align: left;\"><span style=\"color: #000080;\">W walce o wy\u00adr\u00f3\u017c\u00adnie\u00adnie Agata Ku\u00adle\u00adsza po\u00adko\u00adna\u00ad\u0142a m.\u200bin. Rene Russo (&#8220;Wolny strze\u00adlec&#8221;). Z kolei &#8220;Ida&#8221; wy\u00adgra\u00ad\u0142a mi\u0119\u00addzy in\u00adny\u00admi z &#8220;Zi\u00admo\u00adwym snem&#8221;, lau\u00adre\u00adatem Z\u0142o\u00adtej Palmy 2014.<\/span><\/p>\n<p style=\"text-align: left;\"><span style=\"color: #000080;\">&#8220;Ida&#8221; Paw\u0142a Paw\u00adli\u00adkow\u00adskie\u00adgo opo\u00adwia\u00adda o no\u00adwi\u00adcjusz\u00adce (Agata Trze\u00adbu\u00adchow\u00adska), kt\u00f3ra do\u00adwia\u00addu\u00adje si\u0119, \u017ce jest \u017by\u00add\u00f3w\u00adk\u0105, a jej ciot\u00adka to sta\u00adli\u00adnow\u00adska pro\u00adku\u00adra\u00adtor (w tej roli w\u0142a\u00ad\u015bnie Ku\u00adle\u00adsza).<\/span><\/p>\n<p style=\"text-align: left;\"><span style=\"color: #000080;\">Na\u00adgro\u00adda Sto\u00adwa\u00adrzy\u00adsze\u00adnia Ame\u00adry\u00adka\u0144\u00adskich Kry\u00adty\u00adk\u00f3w Fil\u00admo\u00adwych to tylko jeden z wielu suk\u00adce\u00ads\u00f3w &#8220;Idy&#8221;. Film Paw\u00adli\u00adkow\u00adskie\u00adgo zdo\u00adby\u0142 sze\u00adreg na\u00adgr\u00f3d na mi\u0119\u00addzy\u00adna\u00adro\u00addo\u00adwych fe\u00adsti\u00adwa\u00adlach, ma na kon\u00adcie no\u00admi\u00adna\u00adcje do Spi\u00adrit Awards i Sa\u00adtel\u00adli\u00adte Awards. Re\u00adpre\u00adzen\u00adtu\u00adje tak\u017ce Pol\u00adsk\u0119 w wy\u00ad\u015bci\u00adgu osca\u00adro\u00adwym.<\/span><\/p>\n<p><img decoding=\"async\" class=\"center aligncenter\" src=\"http:\/\/www.reunion68.com\/Biuletyn\/img\/break.png\" alt=\"\" \/><\/p>\n<p><span style=\"color: #333333;\"><strong>M\u0142oda zakonnica odkrywa, \u017ce jest \u017byd\u00f3wk\u0105, kt\u00f3r\u0105 w dzieci\u0144stwie ochrzczono, aby j\u0105 ocali\u0107 z Holocaustu. Wraz ze swoj\u0105 jedyn\u0105 \u017cyj\u0105c\u0105 krewn\u0105, komunistk\u0105 odsuni\u0119t\u0105 od w\u0142adzy, jedzie do rodzinnej miejscowo\u015bci. To podr\u00f3\u017c w poszukiwaniu to\u017csamo\u015bci, mi\u0142o\u015bci i wybaczenia. Cho\u0107 filmowa historia rozgrywa si\u0119 w roku 1961, nie jest to film rozliczeniowy. Re\u017cysera nie interesuje kino historyczne, lecz opowie\u015b\u0107 o cz\u0142owieku.<\/strong><\/span><\/p>\n<p style=\"text-align: left;\"><span style=\"color: #000080;\">Re\u017cyseria: Pawe\u0142 Pawlikowski,<br \/>\nscenariusz: Pawe\u0142 Pawlikowski, Rebeca Lenkiewicz,<br \/>\nzdj\u0119cia: \u0141ukasz \u017bal,<br \/>\nscenografia: Katarzyna Soba\u0144ska, Marcel S\u0142awi\u0144ski,<br \/>\nkostiumy: Aleksandra Staszko,<br \/>\ncharakteryzacja: Anna Niuta Kieszczy\u0144ska,<br \/>\nmonta\u017c: Jaros\u0142aw Kami\u0144ski,<br \/>\nproducenci: Piotr Dzi\u0119cio\u0142, Ewa Puszczy\u0144ska, Eric Abraham, Janine Gold,<br \/>\nprodukcja: Opus Film<\/span><br \/>\n<span style=\"color: #000080;\"> Obsada: <strong>Agata Kulesza<\/strong>, Agata Trzebuchowska, Dawid Ogrodnik, Joanna Kulig<\/span><\/p>\n<div id=\"content\" class=\"  content-alignment&lt;br \/&gt;&lt;br \/&gt; \">\n<div id=\"watch-description\" class=\"yt-uix-button-panel\">\n<div id=\"watch-description-text\"><center><\/p>\n<p><iframe loading=\"lazy\" src=\"\/\/www.youtube.com\/embed\/PDpxbDSWe_Q?feature=player_detailpage\" width=\"640\" height=\"360\" frameborder=\"0\" allowfullscreen=\"allowfullscreen\"><\/iframe><\/center>\n<\/div>\n<\/div>\n<\/div>\n<p>&nbsp;<\/p>\n<hr style=\"height: 15px; background: #d0e6fa; width: 710px;\" \/>\n<div id=\"content\" class=\"  content-alignment&lt;br \/&gt;&lt;br \/&gt; \">\n<div id=\"watch-description\" class=\"yt-uix-button-panel\">\n<div id=\"watch-description-text\">\n<p style=\"text-align: center;\"><span style=\"color: #808080;\"> twoje uwagi, linki, wlasne artykuly, lub wiadomosci przeslij do: <strong><span style=\"text-decoration: underline;\"><span style=\"color: #808080; text-decoration: underline;\"><a href=\"mailto:webmaster@reunion68.com\">webmaster@reunion68.com<\/a><\/span><\/span><\/strong><\/span><\/p>\n<\/div>\n<\/div>\n<\/div>\n<p>&nbsp;<\/p>\n<hr style=\"width: 710px;\" \/>\n","protected":false},"excerpt":{"rendered":"<p>Agata Kulesza najlepsz\u0105 aktork\u0105 drugoplanow\u0105 wed\u0142ug krytyk\u00f3w filmowych z Los Angeles Agata Kulesza otrzyma\u0142a nagrod\u0119 za najlepsz\u0105 rol\u0119 drugoplanow\u0105 od Stowarzyszenia Krytyk\u00f3w Filmowych w Los Angeles (Los Angeles Film Critics Association). Dramat &#8220;Ida&#8221; zosta\u0142 natomiast uznany najlepszym filmem nieangloj\u0119zycznym. W walce o wy\u00adr\u00f3\u017c\u00adnie\u00adnie Agata Ku\u00adle\u00adsza po\u00adko\u00adna\u00ad\u0142a m.\u200bin. Rene Russo (&#8220;Wolny strze\u00adlec&#8221;). Z kolei &#8220;Ida&#8221; wy\u00adgra\u00ad\u0142a [&hellip;]<\/p>\n","protected":false},"author":1,"featured_media":0,"comment_status":"closed","ping_status":"closed","sticky":false,"template":"","format":"standard","meta":[],"categories":[6],"tags":[24],"_links":{"self":[{"href":"https:\/\/www.reunion68.se\/index.php?rest_route=\/wp\/v2\/posts\/10437"}],"collection":[{"href":"https:\/\/www.reunion68.se\/index.php?rest_route=\/wp\/v2\/posts"}],"about":[{"href":"https:\/\/www.reunion68.se\/index.php?rest_route=\/wp\/v2\/types\/post"}],"author":[{"embeddable":true,"href":"https:\/\/www.reunion68.se\/index.php?rest_route=\/wp\/v2\/users\/1"}],"replies":[{"embeddable":true,"href":"https:\/\/www.reunion68.se\/index.php?rest_route=%2Fwp%2Fv2%2Fcomments&post=10437"}],"version-history":[{"count":19,"href":"https:\/\/www.reunion68.se\/index.php?rest_route=\/wp\/v2\/posts\/10437\/revisions"}],"predecessor-version":[{"id":10457,"href":"https:\/\/www.reunion68.se\/index.php?rest_route=\/wp\/v2\/posts\/10437\/revisions\/10457"}],"wp:attachment":[{"href":"https:\/\/www.reunion68.se\/index.php?rest_route=%2Fwp%2Fv2%2Fmedia&parent=10437"}],"wp:term":[{"taxonomy":"category","embeddable":true,"href":"https:\/\/www.reunion68.se\/index.php?rest_route=%2Fwp%2Fv2%2Fcategories&post=10437"},{"taxonomy":"post_tag","embeddable":true,"href":"https:\/\/www.reunion68.se\/index.php?rest_route=%2Fwp%2Fv2%2Ftags&post=10437"}],"curies":[{"name":"wp","href":"https:\/\/api.w.org\/{rel}","templated":true}]}}