{"id":104386,"date":"2023-05-17T17:00:38","date_gmt":"2023-05-17T15:00:38","guid":{"rendered":"http:\/\/www.reunion68.se\/?p=104386"},"modified":"2023-05-17T07:31:08","modified_gmt":"2023-05-17T05:31:08","slug":"25-00-79","status":"publish","type":"post","link":"https:\/\/www.reunion68.se\/?p=104386","title":{"rendered":"Al Pacino Cast in Biopic Directed by Johnny Depp About Italian Jewish Artist Modigliani"},"content":{"rendered":"<h5 style=\"text-align: center;\"><a href=\"https:\/\/www.algemeiner.com\/\" target=\"_blank\" rel=\"noopener noreferrer\"><img decoding=\"async\" class=\"center alignleft\" src=\"http:\/\/www.reunion68.com\/Biuletyn\/img\/algem.png\" alt=\"\" width=\"35%\"><\/a><span style=\"text-decoration: underline; color: #000080;\"><span><strong><a style=\"color: #000080; text-decoration: underline;\" href=\"https:\/\/www.algemeiner.com\/2023\/05\/16\/al-pacino-cast-in-biopic-directed-by-johnny-depp-about-italian-jewish-artist-modigliani\/\" target=\"_blank\" rel=\"noopener noreferrer\">Al Pacino Cast in Biopic Directed by Johnny Depp About Italian Jewish Artist Modigliani<\/a><\/strong><\/span><\/span><\/h5>\n<p style=\"text-align: center;\"><span style=\"color: #000000;\"><strong>Shiryn Ghermezian<\/strong><\/span><\/p>\n<hr style=\"height: 15px; background: #d0e6fa; width: 100%;\">\n<p style=\"text-align: center;\"><img decoding=\"async\" class=\"aligncenter\" src=\"https:\/\/www.algemeiner.com\/wp-content\/uploads\/2022\/08\/Johnny_Depp-2821-1.jpg\" width=\"100%\"><span style=\"color: #808080;\"><em>Johnny Depp. Photo: Harald Krichel via Wikimedia Commons.<\/em><\/span><\/p>\n<p style=\"text-align: left;\"><span style=\"color: #000080;\">The first round of casting has been revealed for a biopic directed by Johnny Depp about one of the greatest artists of the 20th century, Italian Sephardic Jew Amedeo Modigliani.<\/span><\/p>\n<p style=\"text-align: left;\"><span style=\"color: #000080;\"><em>Modi<\/em>, which will be Depp\u2019s&nbsp;<a style=\"color: #000080;\" href=\"https:\/\/www.algemeiner.com\/2022\/08\/17\/johnny-depp-to-direct-biopic-about-jewish-italian-artist-amedeo-modigliani-with-al-pacino-as-co-producer\/\" target=\"_blank\" rel=\"noopener noreferrer\">first directorial project<\/a>&nbsp;in 25 years, will star Italian actor Riccardo Scamarcio (<em>John Wick Chapter 2<\/em>) in the title role alongside Cesar Award winner Pierre Niney (<em>Yves Saint Laurent<\/em>) and acclaimed award-winning actor Al Pacino (<em>The Godfather<\/em>), according to&nbsp;<a style=\"color: #000080;\" href=\"https:\/\/deadline.com\/2023\/05\/johnny-depp-movie-cannes-al-pacino-riccardo-scamarcio-pierre-niney-modigliani-1235362013\/\" target=\"_blank\" rel=\"noopener noreferrer\"><em>Deadline<\/em><\/a>. The publication added that filming is expected to start in Budapest in the fall and additional casting will also take place.<\/span><\/p>\n<p style=\"text-align: left;\"><span style=\"color: #000080;\">Born into an Italian Jewish family in Livorno, Modigliani (1884\u20131920) began his short but prolific 14-year artistic career as a painter and sculptor in Paris at the start of the 20th century. He died at the age of 35 from tuberculosis. The biopic, based on a play by Dennis McIntyre, will focus on 48 hours that altered his life during his time in Paris.<\/span><\/p>\n<p style=\"text-align: left;\"><span style=\"color: #000080;\">\u201cHis desire to prematurely end his career and leave the city is dismissed by fellow bohemians: French artist Maurice Utrillo, the Belarusian-born Chaim Soutine and his English muse and lover, Beatrice Hastings,\u201d according to a description of the film by&nbsp;<em>Deadline.<\/em>&nbsp;\u201cModi seeks advice from his Polish art dealer and friend Leopold Zborowski, but the chaos reaches a crescendo when he\u2019s faced with a collector who could change his life.\u201d<\/span><\/p>\n<p style=\"text-align: left;\"><span style=\"color: #000080;\">Niney will play Utrillo and Pacino will take on the role of real-life international art collector Gangnat. Depp is co-producing the film with Barry Navidi and Pacino, who he starred with&nbsp;in the 1997 crime flick&nbsp;<em>Donnie Brasco<\/em>. Navidi has collaborated with Pacino on three films in the past:&nbsp;<em>The Merchant Of Venice<\/em>&nbsp;(2004),&nbsp;<em>Wilde Salom\u00e9<\/em>&nbsp;(2011) and&nbsp;<em>Salom\u00e9<\/em>&nbsp;(2013).<\/span><\/p>\n<div id=\"adm-inline-article-ad-1\" class=\"admz \">\n<div class=\"adma boomerang \" data-device=\"Desktop\" data-width=\"1\">\n<div class=\"pmc-adm-boomerang-pub-div ad-text\" data-priority=\"10\">\n<div id=\"gpt-dsk-tab-mid-article1-uid0\" class=\" adw-1 adh-1\" data-is-adhesion-ad=\"\" data-google-query-id=\"CMbIyNWX-v4CFdjFswodD84GjA\">\n<p class=\"paragraph larva \/\/ lrv-u-margin-lr-auto lrv-a-font-body-m \" style=\"text-align: left;\"><span style=\"color: #000080;\">\u201cThis is a snapshot of Modigliani\u2019s life that gives us insight into his struggle as an artist suffering from lack of recognition, and a project Al and I have pursued for many years,\u201d said Navidi, as reported by&nbsp;<em>Deadline.<\/em>&nbsp;\u201cOur incredible cast, coupled with the vision, wit and sensitivity I know Johnny will bring behind the camera, will make this a dream come true.\u201d<\/span><\/p>\n<div id=\"adm-inline-article-ad-2\" class=\"admz \">\n<div class=\"adma boomerang \" data-device=\"Desktop\" data-width=\"1\">\n<div class=\"pmc-adm-boomerang-pub-div ad-text\" data-priority=\"10\">\n<div id=\"gpt-dl-mid-article-inject2-uid1\" class=\" adw-1 adh-1\" data-is-adhesion-ad=\"\" data-google-query-id=\"CPie0duX-v4CFQv2swod-8AAbg\">\n<p class=\"paragraph larva \/\/ lrv-u-margin-lr-auto lrv-a-font-body-m \" style=\"text-align: left;\"><span style=\"color: #000080;\">Depp previously directed only one other feature film, 1997\u2019s&nbsp;<em>The Brave<\/em>, in which he starred alongside Marlon Brando.<\/span><\/p>\n<p style=\"text-align: left;\"><span style=\"color: #000080;\">When&nbsp;<em>Modi&nbsp;<\/em>was first&nbsp;<a style=\"color: #000080;\" href=\"https:\/\/www.algemeiner.com\/2022\/08\/17\/johnny-depp-to-direct-biopic-about-jewish-italian-artist-amedeo-modigliani-with-al-pacino-as-co-producer\/\" target=\"_blank\" rel=\"noopener noreferrer\">announced<\/a>&nbsp;last year, Depp said he felt \u201cincredibly honored and truly humbled\u201d to make a film about the artist\u2019s life. \u201cIt was a life of great hardship, but eventual triumph \u2014 a universally human story all viewers can identify with,\u201d he added.<\/span><\/p>\n<\/div>\n<\/div>\n<\/div>\n<\/div>\n<\/div>\n<\/div>\n<\/div>\n<\/div>\n<hr style=\"height: 15px; background: #d0e6fa; width: 100%;\">\n<div id=\"content\" class=\"content-alignment\">\n<div id=\"watch-description\" class=\"yt-uix-button-panel\">\n<div id=\"watch-description-text\" style=\"text-align: center;\">\n<p><em>Zawarto\u015b\u0107 publikowanych artyku\u0142\u00f3w i materia\u0142\u00f3w nie reprezentuje pogl\u0105d\u00f3w ani opinii Reunion&#8217;68,<\/em><em><br \/>\nani te\u017c webmastera Blogu Reunion&#8217;68, chyba ze jest to wyra\u017anie zaznaczone.<br \/>\nTwoje uwagi, linki, w\u0142asne artyku\u0142y lub wiadomo\u015bci prze\u015blij na adres:<br \/>\n<\/em><span style=\"color: #000080;\"><strong><em><a style=\"color: #000080;\" href=\"mailto:webmaster@reunion68.com\"><span style=\"text-decoration: underline;\">webmaster@reunion68.com<\/span><\/a><\/em><\/strong><\/span><\/p>\n<\/div>\n<\/div>\n<\/div>\n<hr style=\"width: 100%;\">\n","protected":false},"excerpt":{"rendered":"<p>Al Pacino Cast in Biopic Directed by Johnny Depp About Italian Jewish Artist Modigliani Shiryn Ghermezian Johnny Depp. Photo: Harald Krichel via Wikimedia Commons. The first round of casting has been revealed for a biopic directed by Johnny Depp about one of the greatest artists of the 20th century, Italian Sephardic Jew Amedeo Modigliani. Modi, [&hellip;]<\/p>\n","protected":false},"author":1,"featured_media":0,"comment_status":"closed","ping_status":"closed","sticky":false,"template":"","format":"standard","meta":[],"categories":[6],"tags":[26,24],"_links":{"self":[{"href":"https:\/\/www.reunion68.se\/index.php?rest_route=\/wp\/v2\/posts\/104386"}],"collection":[{"href":"https:\/\/www.reunion68.se\/index.php?rest_route=\/wp\/v2\/posts"}],"about":[{"href":"https:\/\/www.reunion68.se\/index.php?rest_route=\/wp\/v2\/types\/post"}],"author":[{"embeddable":true,"href":"https:\/\/www.reunion68.se\/index.php?rest_route=\/wp\/v2\/users\/1"}],"replies":[{"embeddable":true,"href":"https:\/\/www.reunion68.se\/index.php?rest_route=%2Fwp%2Fv2%2Fcomments&post=104386"}],"version-history":[{"count":6,"href":"https:\/\/www.reunion68.se\/index.php?rest_route=\/wp\/v2\/posts\/104386\/revisions"}],"predecessor-version":[{"id":104405,"href":"https:\/\/www.reunion68.se\/index.php?rest_route=\/wp\/v2\/posts\/104386\/revisions\/104405"}],"wp:attachment":[{"href":"https:\/\/www.reunion68.se\/index.php?rest_route=%2Fwp%2Fv2%2Fmedia&parent=104386"}],"wp:term":[{"taxonomy":"category","embeddable":true,"href":"https:\/\/www.reunion68.se\/index.php?rest_route=%2Fwp%2Fv2%2Fcategories&post=104386"},{"taxonomy":"post_tag","embeddable":true,"href":"https:\/\/www.reunion68.se\/index.php?rest_route=%2Fwp%2Fv2%2Ftags&post=104386"}],"curies":[{"name":"wp","href":"https:\/\/api.w.org\/{rel}","templated":true}]}}