{"id":104408,"date":"2023-05-18T17:05:59","date_gmt":"2023-05-18T15:05:59","guid":{"rendered":"http:\/\/www.reunion68.se\/?p=104408"},"modified":"2023-05-17T13:18:20","modified_gmt":"2023-05-17T11:18:20","slug":"26-05-86","status":"publish","type":"post","link":"https:\/\/www.reunion68.se\/?p=104408","title":{"rendered":"Is the term &#8216;Cultural Marxism&#8217; really antisemitic?"},"content":{"rendered":"<h5 style=\"text-align: center;\"><a href=\"https:\/\/www.thejc.com\/\" target=\"_blank\" rel=\"noopener noreferrer\"><img decoding=\"async\" class=\"center alignleft\" src=\"http:\/\/www.reunion68.com\/Biuletyn\/img\/jewish-c.png\" alt=\"\" width=\"15%\"><\/a><span style=\"text-decoration: underline; color: #000080;\"><strong><a style=\"color: #000080; text-decoration: underline;\" href=\"https:\/\/www.thejc.com\/lets-talk\/all\/is-the-term-cultural-marxism-really-antisemitic-5N7ZTnWmD99KUd4bipdC3j\" target=\"_blank\" rel=\"noopener noreferrer\">Is the term &#8216;Cultural Marxism&#8217; really antisemitic?<\/a><\/strong><\/span><\/h5>\n<p style=\"text-align: center;\"><span style=\"color: #000000;\"><strong>Danny Stone<\/strong><\/span><\/p>\n<hr style=\"height: 15px; background: #d0e6fa; width: 100%;\">\n<h4 style=\"text-align: center;\"><span style=\"color: #808080;\"><strong>How the phrase became the latest flashpoint in the culture wars.<\/strong><\/span><\/h4>\n<p>.<\/p>\n<p style=\"text-align: center;\"><img decoding=\"async\" class=\"aligncenter\" src=\"https:\/\/images.ctfassets.net\/tyagww523muq\/25lC3nc9VD3qHJwdPQOjfb\/055e14adcd10a687841cf443485bef32\/Screenshot_2023-05-15_at_17.18.42.png?w=1015&amp;h=571&amp;q=90&amp;fit=fill&amp;f=faces\" width=\"100%\"><span style=\"color: #808080;\"><em>Miriam Cates speaking at the National Conservatism conference (Screenshot)<\/em><\/span><\/p>\n<p style=\"text-align: left;\"><span style=\"color: #000080;\">Speaking to the National Conservatism conference on Monday, Conservative MP Miriam Cates used the phrase \u201ccultural Marxism\u201d. She is far from the first Conservative MP to use it. Four years ago Suella Braverman, now the Home Secretary, referred to it in a speech, and the term also featured in a letter from a number of Conservative MPs to the Telegraph in 2020.<\/span><\/p>\n<p style=\"text-align: left;\"><span style=\"color: #000080;\">Each time it has been used there has been a clamour to either level a charge of antisemitism or defend against one (even when no such charge has been made). Regrettably, few appear to have taken the time to understand the provenance of the phrase and to learn the lessons from its use.<\/span><\/p>\n<p style=\"text-align: left;\"><span style=\"color: #000080;\">In short, Cultural Marxism can be and has been used as an antisemitic phrase, to confer antisemitic meaning or as an antisemitic dog whistle. Because of that, it should be avoided. That said, it isn\u2019t only used in antisemitic contexts, and of course, those using it are not automatically, or always, antisemites.<\/span><\/p>\n<p style=\"text-align: left;\"><span style=\"color: #000080;\">There is little clarity on the origins of the phrase but some suggest it was developed by philosophers in the wake of the 1917 Russian Revolution, and then taken forward by a group of thinkers at the Frankfurt School (more formally the Institute for the Study of Marxism) at the University of Frankfurt. Here one of the leading students, Herbert Marcuse, and his colleagues would consider the relationship between Marxism and culture, agitating for change in the face of their disillusionment with the status quo in the west.<\/span><\/p>\n<p style=\"text-align: left;\"><span style=\"color: #000080;\">Having fled to America to escape Hitler, these thinkers developed their reasoning. What followed was catnip for the hippy movement, a focus on pleasure and a distaste for work. Marcuse then developed notions of \u201crepressive\u201d and \u201cliberating\u201d tolerance, a somewhat confusing concept whereby censoring right-wing groups or ways of thinking was considered the trigger to a revolution for cultural capital \u2013 and this anti-right agenda is perhaps what Braverman and Cates had in mind when using the phrase (that they didn\u2019t say so is cetainly unhelpful, at best).<\/span><\/p>\n<p style=\"text-align: left;\"><span style=\"color: #000080;\">The history of the phrase does however have a darker side. Concerns that Germany had suffered cultural collapse in the early 1930s was one of the feeders for Nazi populism.&nbsp;<em>Kulturbolschewismus<\/em>&nbsp;(cultural bolshevism) and Jewish bolshevism were used by the Nazis to sow conspiracy theories about a perceived attack on German cultural heritage, and a plot to spread cultural and other revolution. That antisemitic conspiracy theory has since mutated and holds Jews (as well as others) not only as communist sympathisers but as conspiring through media and elsewhere to pursue a particular leftist agenda and undermine Christian values or the West generally.<\/span><\/p>\n<p><span style=\"color: #000080;\">Attacks on Marcuse and idea of &#8220;cultural Marxist&#8221; conspiracies re-emerged in the 1990s. They were used by the British National Party among others. The terrorist who murdered dozens of young people in Norway referenced &#8220;cultural Marxism&#8221;, as did the terrorist who carried out anti-Muslim attacks in Christchurch. It has also been used across the alt-right &#8211; and by groups on the right that are not antisemitic.<\/span><\/p>\n<p><span style=\"color: #000080;\">Some, including on the left, are happy to adopt the phrase as a badge of pride. Others, on the right, think the term entirely mundane. In some cases, such as in academia, it is used as a descriptor for a particular way of thinking or set of ideas. Some use it as a codeword for political correctness.<\/span><\/p>\n<p style=\"text-align: left;\"><span style=\"color: #000080;\">The truth is that the phrase can be and is used in a multitude of ways. It is not necessarily antisemitic but it is often used in antisemitic ways, to signal an antisemitic way of thinking. One simply cannot escape that it is, and has long been, used as a signal for an anti-Jewish conspiracy.<\/span><\/p>\n<p style=\"text-align: left;\"><span style=\"color: #000080;\">To this end, if public figures want to use this tainted phrase, they should understand the baggage that comes with it, and its multiple interpretations. MPs were emailed an Antisemitism Policy Trust briefing to try to ensure that these incidents did not occur. Andrew Percy MP, the Conservative Vice-Chair of the party, wrote in this very publication about the term. There are many ways of conveying meaning. Anyone using the phrase &#8220;cultural Marxism&#8221; has a duty to explain, in detail, what they mean when they say it \u2013 it might just be easier finding another form of words.<\/span><\/p>\n<hr>\n<p style=\"text-align: left;\"><span style=\"color: #808080;\"><em><strong>Danny Stone<\/strong> MBE is the Chief Executive of Antisemitism Policy Trust<\/em><\/span><\/p>\n<hr style=\"height: 15px; background: #d0e6fa; width: 100%;\">\n<div id=\"content\" class=\"content-alignment\">\n<div id=\"watch-description\" class=\"yt-uix-button-panel\">\n<div id=\"watch-description-text\" style=\"text-align: center;\">\n<p><em>Zawarto\u015b\u0107 publikowanych artyku\u0142\u00f3w i materia\u0142\u00f3w nie reprezentuje pogl\u0105d\u00f3w ani opinii Reunion&#8217;68,<\/em><em><br \/>\nani te\u017c webmastera Blogu Reunion&#8217;68, chyba ze jest to wyra\u017anie zaznaczone.<br \/>\nTwoje uwagi, linki, w\u0142asne artyku\u0142y lub wiadomo\u015bci prze\u015blij na adres:<br \/>\n<\/em><span style=\"color: #000080;\"><strong><em><a style=\"color: #000080;\" href=\"mailto:webmaster@reunion68.com\"><span style=\"text-decoration: underline;\">webmaster@reunion68.com<\/span><\/a><\/em><\/strong><\/span><\/p>\n<\/div>\n<\/div>\n<\/div>\n<hr style=\"width: 100%;\">\n","protected":false},"excerpt":{"rendered":"<p>Is the term &#8216;Cultural Marxism&#8217; really antisemitic? Danny Stone How the phrase became the latest flashpoint in the culture wars. . Miriam Cates speaking at the National Conservatism conference (Screenshot) Speaking to the National Conservatism conference on Monday, Conservative MP Miriam Cates used the phrase \u201ccultural Marxism\u201d. She is far from the first Conservative MP [&hellip;]<\/p>\n","protected":false},"author":1,"featured_media":0,"comment_status":"closed","ping_status":"closed","sticky":false,"template":"","format":"standard","meta":[],"categories":[6],"tags":[26,24],"_links":{"self":[{"href":"https:\/\/www.reunion68.se\/index.php?rest_route=\/wp\/v2\/posts\/104408"}],"collection":[{"href":"https:\/\/www.reunion68.se\/index.php?rest_route=\/wp\/v2\/posts"}],"about":[{"href":"https:\/\/www.reunion68.se\/index.php?rest_route=\/wp\/v2\/types\/post"}],"author":[{"embeddable":true,"href":"https:\/\/www.reunion68.se\/index.php?rest_route=\/wp\/v2\/users\/1"}],"replies":[{"embeddable":true,"href":"https:\/\/www.reunion68.se\/index.php?rest_route=%2Fwp%2Fv2%2Fcomments&post=104408"}],"version-history":[{"count":8,"href":"https:\/\/www.reunion68.se\/index.php?rest_route=\/wp\/v2\/posts\/104408\/revisions"}],"predecessor-version":[{"id":104418,"href":"https:\/\/www.reunion68.se\/index.php?rest_route=\/wp\/v2\/posts\/104408\/revisions\/104418"}],"wp:attachment":[{"href":"https:\/\/www.reunion68.se\/index.php?rest_route=%2Fwp%2Fv2%2Fmedia&parent=104408"}],"wp:term":[{"taxonomy":"category","embeddable":true,"href":"https:\/\/www.reunion68.se\/index.php?rest_route=%2Fwp%2Fv2%2Fcategories&post=104408"},{"taxonomy":"post_tag","embeddable":true,"href":"https:\/\/www.reunion68.se\/index.php?rest_route=%2Fwp%2Fv2%2Ftags&post=104408"}],"curies":[{"name":"wp","href":"https:\/\/api.w.org\/{rel}","templated":true}]}}