{"id":104451,"date":"2023-05-20T17:00:24","date_gmt":"2023-05-20T15:00:24","guid":{"rendered":"http:\/\/www.reunion68.se\/?p=104451"},"modified":"2023-05-20T07:16:26","modified_gmt":"2023-05-20T05:16:26","slug":"28-00-82","status":"publish","type":"post","link":"https:\/\/www.reunion68.se\/?p=104451","title":{"rendered":"Steve McQueen\u2019s 4-Hour Documentary on Nazi-Occupied Amsterdam Screens at Cannes Film Festival"},"content":{"rendered":"<h5 style=\"text-align: center;\"><a href=\"https:\/\/www.algemeiner.com\/\" target=\"_blank\" rel=\"noopener noreferrer\"><img decoding=\"async\" class=\"center alignleft\" src=\"http:\/\/www.reunion68.com\/Biuletyn\/img\/algem.png\" alt=\"\" width=\"35%\" \/><\/a><span style=\"text-decoration: underline; color: #000080;\"><span><strong><a style=\"color: #000080; text-decoration: underline;\" href=\"https:\/\/www.algemeiner.com\/2023\/05\/19\/steve-mcqueens-4-hour-documentary-on-nazi-occupied-amsterdam-screens-at-cannes-film-festival\/\" target=\"_blank\" rel=\"noopener noreferrer\">Steve McQueen\u2019s 4-Hour Documentary on Nazi-Occupied Amsterdam Screens at Cannes Film Festival<\/a><\/strong><\/span><\/span><\/h5>\n<p style=\"text-align: center;\"><span style=\"color: #000000;\"><strong>Shiryn Ghermezian<\/strong><\/span><\/p>\n<hr style=\"height: 15px; background: #d0e6fa; width: 100%;\" \/>\n<p style=\"text-align: center;\"><img decoding=\"async\" class=\"aligncenter\" src=\"https:\/\/www.algemeiner.com\/wp-content\/uploads\/2023\/05\/2023-05-18T110227Z_1045067290_UP1EJ5I0UO15J_RTRMADP_3_FILMFESTIVAL-CANNES-1.jpg\" width=\"100%\" \/><span style=\"color: #808080;\"><em>Director Steve McQueen and screenwriter Bianca Stigter pose at the 76th Cannes Film Festival photocall for the film \u201cOccupied City\u201d in Cannes, France, on May 18, 2023. Photo: REUTERS\/Gonzalo Fuentes<\/em><\/span><\/p>\n<p style=\"text-align: left;\"><span style=\"color: #000080;\">Steve McQueen\u2019s\u00a0<em>Occupied City<\/em>, an almost four-and-a-half hour documentary about the Nazi occupation of Amsterdam during World War II and the persecution of the city\u2019s Jewish citizens during the period, premiered Wednesday at the 2023 Cannes Film Festival in France.<\/span><\/p>\n<p style=\"text-align: left;\"><span style=\"color: #000080;\">The narrated film by the Oscar-nominated\u00a0<em>12 Years a Slave<\/em>\u00a0British filmmaker and his partner \u2014 Dutch documentarian, author and screenwriter Bianca Stigter \u2014 is based on Stigter\u2019s illustrated book\u00a0<em>Atlas of an Occupied City (Amsterdam 1940-1945)\u00a0<\/em>on the same topic. The project, McQueen\u2019s first documentary feature,\u00a0includes no archival footage and instead intertwine moments from past and present-day Amsterdam in other ways.<\/span><\/p>\n<p class=\"Component-root-0-2-84 p Component-p-0-2-74\" style=\"text-align: left;\"><span style=\"color: #000080;\">\u201cAn elderly woman shifts to country music in an apartment complex where, we\u2019re told, a family was once arrested and sent to a concentration camp,\u201d reported the\u00a0<a style=\"color: #000080;\" href=\"https:\/\/apnews.com\/article\/cannes-steve-mcqueen-occupied-city-documentary-fc466e5c2fbf76550cd27100563ec315\" target=\"_blank\" rel=\"noopener noreferrer\">Associated Press<\/a>, detailing scenes from the documentary. \u201cA radio throbs with Bob Marley in a park where German officer once resided in the surrounding townhouses. A boy plays a virtual reality video game where an execution took place.\u201d<\/span><\/p>\n<p style=\"text-align: left;\"><span style=\"color: #000080;\">McQueen and Stigter, who live in Amsterdam with their children, researched their own address in the city and discovered that only a few doors down, a Jewish man in hiding during the Holocaust paid for himself to remain safely hidden from the Nazis by teaching a family\u2019s child how to play piano, the AP noted.<\/span><\/p>\n<p class=\"Component-root-0-2-84 p Component-p-0-2-74\" style=\"text-align: left;\"><span style=\"color: #000080;\">\u201cYou want to wake people up and at the same time take them with you,\u201d McQueen told the publication. \u201cThe present erases history. There\u2019s going to be a time when no one is going to be around who knew certain people. It kind of echoes what\u2019s happening with the Second World War. There\u2019s not a lot of people around who can testify about what actually went on in that time. They\u2019re all passed. This film in some ways is erecting those memories in another way.\u201d<\/span><\/p>\n<div class=\"Component-dfp-0-2-78 apnews_article_midarticle_1\" data-card-id=\"sovrn-article-midarticle\">\n<div class=\"Component-dfp-0-2-78 apnews_article_midarticle_4\" data-card-id=\"sovrn-article-midarticle\">\n<p class=\"Component-root-0-2-84 p Component-p-0-2-74\" style=\"text-align: left;\"><span style=\"color: #000080;\"><em>Occupied City<\/em>\u00a0was filmed during the COVID-19 pandemic and McQueen shot a total of 36 hours over the course of three years, according to AFP.<\/span><\/p>\n<p class=\"Component-root-0-2-84 p Component-p-0-2-74\" style=\"text-align: left;\"><span style=\"color: #000080;\">\u201cYou try to hold onto things but they always slip away. It\u2019s like this film. After four hours and 22 minutes, it\u2019s done,\u201d he said to the AP. \u201cWhat I want this film to be is almost like tossing a stone into a pond. The ripple effects afterwards, how it enters the viewer\u2019s everyday life, that\u2019s what I hope for.\u201d<\/span><\/p>\n<\/div>\n<\/div>\n<hr style=\"height: 15px; background: #d0e6fa; width: 100%;\" \/>\n<div id=\"content\" class=\"content-alignment\">\n<div id=\"watch-description\" class=\"yt-uix-button-panel\">\n<div id=\"watch-description-text\" style=\"text-align: center;\">\n<p><em>Zawarto\u015b\u0107 publikowanych artyku\u0142\u00f3w i materia\u0142\u00f3w nie reprezentuje pogl\u0105d\u00f3w ani opinii Reunion&#8217;68,<\/em><em><br \/>\nani te\u017c webmastera Blogu Reunion&#8217;68, chyba ze jest to wyra\u017anie zaznaczone.<br \/>\nTwoje uwagi, linki, w\u0142asne artyku\u0142y lub wiadomo\u015bci prze\u015blij na adres:<br \/>\n<\/em><span style=\"color: #000080;\"><strong><em><a style=\"color: #000080;\" href=\"mailto:webmaster@reunion68.com\"><span style=\"text-decoration: underline;\">webmaster@reunion68.com<\/span><\/a><\/em><\/strong><\/span><\/p>\n<\/div>\n<\/div>\n<\/div>\n<hr style=\"width: 100%;\" \/>\n","protected":false},"excerpt":{"rendered":"<p>Steve McQueen\u2019s 4-Hour Documentary on Nazi-Occupied Amsterdam Screens at Cannes Film Festival Shiryn Ghermezian Director Steve McQueen and screenwriter Bianca Stigter pose at the 76th Cannes Film Festival photocall for the film \u201cOccupied City\u201d in Cannes, France, on May 18, 2023. Photo: REUTERS\/Gonzalo Fuentes Steve McQueen\u2019s\u00a0Occupied City, an almost four-and-a-half hour documentary about the Nazi [&hellip;]<\/p>\n","protected":false},"author":1,"featured_media":0,"comment_status":"closed","ping_status":"closed","sticky":false,"template":"","format":"standard","meta":[],"categories":[6],"tags":[26,24],"_links":{"self":[{"href":"https:\/\/www.reunion68.se\/index.php?rest_route=\/wp\/v2\/posts\/104451"}],"collection":[{"href":"https:\/\/www.reunion68.se\/index.php?rest_route=\/wp\/v2\/posts"}],"about":[{"href":"https:\/\/www.reunion68.se\/index.php?rest_route=\/wp\/v2\/types\/post"}],"author":[{"embeddable":true,"href":"https:\/\/www.reunion68.se\/index.php?rest_route=\/wp\/v2\/users\/1"}],"replies":[{"embeddable":true,"href":"https:\/\/www.reunion68.se\/index.php?rest_route=%2Fwp%2Fv2%2Fcomments&post=104451"}],"version-history":[{"count":5,"href":"https:\/\/www.reunion68.se\/index.php?rest_route=\/wp\/v2\/posts\/104451\/revisions"}],"predecessor-version":[{"id":104474,"href":"https:\/\/www.reunion68.se\/index.php?rest_route=\/wp\/v2\/posts\/104451\/revisions\/104474"}],"wp:attachment":[{"href":"https:\/\/www.reunion68.se\/index.php?rest_route=%2Fwp%2Fv2%2Fmedia&parent=104451"}],"wp:term":[{"taxonomy":"category","embeddable":true,"href":"https:\/\/www.reunion68.se\/index.php?rest_route=%2Fwp%2Fv2%2Fcategories&post=104451"},{"taxonomy":"post_tag","embeddable":true,"href":"https:\/\/www.reunion68.se\/index.php?rest_route=%2Fwp%2Fv2%2Ftags&post=104451"}],"curies":[{"name":"wp","href":"https:\/\/api.w.org\/{rel}","templated":true}]}}