{"id":104477,"date":"2023-05-21T17:05:49","date_gmt":"2023-05-21T15:05:49","guid":{"rendered":"http:\/\/www.reunion68.se\/?p=104477"},"modified":"2023-05-21T15:27:07","modified_gmt":"2023-05-21T13:27:07","slug":"29-05-86","status":"publish","type":"post","link":"https:\/\/www.reunion68.se\/?p=104477","title":{"rendered":"Netanyahu calls out Abbas lies about Jewish history in Jerusalem"},"content":{"rendered":"<h5 style=\"text-align: center;\"><a href=\"https:\/\/www.jpost.com\/i\" target=\"_blank\" rel=\"noopener noreferrer\"><img decoding=\"async\" class=\"center alignleft\" src=\"http:\/\/www.reunion68.com\/Biuletyn\/img\/jpost.png\" alt=\"\" width=\"35%\" \/><\/a><span style=\"text-decoration: underline; color: #000080;\"><strong><a style=\"color: #000080; text-decoration: underline;\" href=\"https:\/\/www.jpost.com\/israel-news\/article-743735\" target=\"_blank\" rel=\"noopener noreferrer\">Netanyahu calls out Abbas lies about Jewish history in Jerusalem<\/a><\/strong><\/span><\/h5>\n<p style=\"text-align: center;\"><span style=\"color: #000000;\"><strong>LAHAV HARKOV<\/strong><\/span><\/p>\n<hr style=\"height: 15px; background: #d0e6fa; width: 100%;\" \/>\n<h4 style=\"text-align: center;\"><span style=\"color: #808080;\"><strong>Netanyahu made the remarks in a cabinet meeting at the Western Wall Tunnels, honoring Jerusalem Day, to mark Israel\u2019s reunification of the city and liberation of the Old City in 1967.<\/strong><\/span><\/h4>\n<p>.<\/p>\n<p style=\"text-align: center;\"><img decoding=\"async\" src=\"https:\/\/images.jpost.com\/image\/upload\/f_auto,fl_lossy\/c_fill,g_faces:center,h_537,w_822\/537927\" width=\"100%\" \/><span style=\"color: #808080;\"><em>Prime Minister Benjamin Netanyahu speaks at a cabinet meeting next to the Western Wall, May 21, 2023 \/ (photo credit: KOBI GIDEON\/GPO)<\/em><\/span><\/p>\n<p style=\"text-align: left;\"><span style=\"color: #000080;\">The Jewish people have been in Jerusalem for thousands of years and will remain for thousands more, Prime Minister Benjamin Netanyahu said on Sunday,\u00a0<a style=\"color: #000080;\" href=\"https:\/\/www.jpost.com\/international\/article-743145\">responding to Palestinian Authority President Mahmoud Abbas\u2019s recent claim<\/a>\u00a0that Israel is lying about its historic ties to the city.<\/span><\/p>\n<p style=\"text-align: left;\"><span style=\"color: #000080;\">\u201cAbbas said days ago at the UN that the Jewish people has no connection to the Temple Mount and that east Jerusalem is part of the Palestinian Authority,\u201d\u00a0<a style=\"color: #000080;\" href=\"https:\/\/www.jpost.com\/breaking-news\/article-743726\">Netanyahu said.<\/a>\u00a0\u201cWell, it should be brought to his attention that we are holding a special cabinet meeting in honor of Jerusalem at the foot of the Temple Mount that on which King Solomon built the First Temple of the Jewish people, and again, it should be brought to Abbas\u2019s attention, the heart of the historic State of Israel, the\u00a0<a style=\"color: #000080;\" href=\"https:\/\/www.jpost.com\/archaeology\/article-743349\">City of David, was here 3,000 years ago<\/a>.\u201d<\/span><\/p>\n<p style=\"text-align: left;\"><span style=\"color: #000080;\">Netanyahu made the remarks in a cabinet meeting at the Western Wall Tunnels, honoring\u00a0<a style=\"color: #000080;\" href=\"https:\/\/www.jpost.com\/israel-news\/politics-and-diplomacy\/article-743488\">Jerusalem Day<\/a>, celebrated last Thursday to mark Israel\u2019s reunification of the city and liberation of the Old City in 1967. The cabinet approved a NIS 60 million budget increase for the Western Wall over the next five years, to upgrade infrastructure and encourage visits to the holy site, as well as archaeology and educational activities.<\/span><\/p>\n<p style=\"text-align: left;\"><span style=\"color: #000080;\">Abbas claimed at the UN event in honor of \u201cNakba Day,\u201d marking the \u201ccatastrophe\u201d of Israel\u2019s establishment, that Israel \u201cdug under al-Aqsa\u2026 they dug everywhere, and they could not find anything.\u201d<\/span><\/p>\n<p style=\"text-align: left;\"><span style=\"color: #000080;\">\u201cThe ownership of al-Buraq Wall [the Western Wall] and al-Haram al-Sharif [Temple Mount] belongs exclusively and only to the Islamic Wakf alone,\u201d he added.<\/span><br \/>\n<img decoding=\"async\" class=\"aligncenter\" src=\"https:\/\/images.jpost.com\/image\/upload\/f_auto,fl_lossy\/c_fill,g_faces:center,h_537,w_822\/505589\" width=\"100%\" \/><span style=\"color: #808080;\"><em>The Temple Mount in Jerusalem. \/ (credit: OLIVIER FITOUSSI\/FLASH90)<\/em><\/span><\/p>\n<p style=\"text-align: left;\"><span style=\"color: #000080;\">The Temple Mount, is the holiest site in Judaism and the third-holiest to Muslims. Al-Aksa is the mosque on the Mount. The Western Wall is a retaining wall of the Mount, dating to the Second Temple.<\/span><\/p>\n<p style=\"text-align: left;\"><span style=\"color: #000080;\">Netanyahu said that Jerusalem was the Jewish capital 1,100 years before London was the capital of England, 1,800 years before Paris was the capital of France and 2,800 years before Washington D.C. was the capital of the US.<\/span><\/p>\n<p style=\"text-align: left;\"><span style=\"color: #000080;\">\u201cFor 100 generation Jews expressed the special yearning of our people for Jerusalem in three prayers a day and under every wedding canopy,\u201d the prime minister said.<\/span><\/p>\n<h5 style=\"text-align: left;\"><strong>The battle for Jerusalem didn&#8217;t end in 1967<\/strong><\/h5>\n<p style=\"text-align: left;\"><span style=\"color: #000080;\">The battle for Jerusalem did not end in\u00a0<a style=\"color: #000080;\" href=\"https:\/\/www.jpost.com\/j-spot\/article-743169\">1967<\/a>, he added, saying that he and others have to beat back international pressure on the matter regularly.<\/span><\/p>\n<p style=\"text-align: left;\"><span style=\"color: #000080;\">\u201cSome prime ministers were willing to give in to these pressures\u2026We acted differently\u2026I am proud of the great merit I had to build new neighborhoods in Jerusalem like Har Homa, Givat HaMatos and Maaleh HaZeitim, in which tens of thousands of Israelis live. We did this under massive international pressure and we stood up to that pressure,\u201d Netanyahu said.<\/span><\/p>\n<p style=\"text-align: left;\"><span style=\"color: #000080;\">The three neighborhoods the prime minister mentioned are over the 1949 armistice line, known as the Green Line, and were subject to international condemnations.<\/span><\/p>\n<p style=\"text-align: left;\"><span style=\"color: #000080;\">Netanyahu also said he is proud that the US embassy moved to Jerusalem while he was prime minister and promised more countries will follow suit.<\/span><\/p>\n<p style=\"text-align: left;\"><span style=\"color: #000080;\">The Reform Movement said that the budget increase for the Western Wall was discriminatory.<\/span><\/p>\n<p style=\"text-align: left;\"><span style=\"color: #000080;\">\u201cThe Western Wall [is] a place that is supposed to be for the entire Jewish people in all of its streams, but in reality includes a [gender] separated plaza that functions as a haredi synagogue in accordance to how the rabbi of the Kotel\u2019s view,\u201d the movement stated. \u201cThe egalitarian section, which serves many from Israel and abroad does not get government funding\u2026The time has come to fix this discrimination and understand that there is more than one way to be Jewish, including at the Western Wall.\u201d\u00a0<\/span><\/p>\n<hr style=\"height: 15px; background: #d0e6fa; width: 100%;\" \/>\n<div id=\"content\" class=\"content-alignment\">\n<div id=\"watch-description\" class=\"yt-uix-button-panel\">\n<div id=\"watch-description-text\" style=\"text-align: center;\">\n<p><em>Zawarto\u015b\u0107 publikowanych artyku\u0142\u00f3w i materia\u0142\u00f3w nie reprezentuje pogl\u0105d\u00f3w ani opinii Reunion&#8217;68,<\/em><em><br \/>\nani te\u017c webmastera Blogu Reunion&#8217;68, chyba ze jest to wyra\u017anie zaznaczone.<br \/>\nTwoje uwagi, linki, w\u0142asne artyku\u0142y lub wiadomo\u015bci prze\u015blij na adres:<br \/>\n<\/em><span style=\"color: #000080;\"><strong><em><a style=\"color: #000080;\" href=\"mailto:webmaster@reunion68.com\"><span style=\"text-decoration: underline;\">webmaster@reunion68.com<\/span><\/a><\/em><\/strong><\/span><\/p>\n<\/div>\n<\/div>\n<\/div>\n<hr style=\"width: 100%;\" \/>\n","protected":false},"excerpt":{"rendered":"<p>Netanyahu calls out Abbas lies about Jewish history in Jerusalem LAHAV HARKOV Netanyahu made the remarks in a cabinet meeting at the Western Wall Tunnels, honoring Jerusalem Day, to mark Israel\u2019s reunification of the city and liberation of the Old City in 1967. . Prime Minister Benjamin Netanyahu speaks at a cabinet meeting next to [&hellip;]<\/p>\n","protected":false},"author":1,"featured_media":0,"comment_status":"closed","ping_status":"closed","sticky":false,"template":"","format":"standard","meta":[],"categories":[3],"tags":[26,24],"_links":{"self":[{"href":"https:\/\/www.reunion68.se\/index.php?rest_route=\/wp\/v2\/posts\/104477"}],"collection":[{"href":"https:\/\/www.reunion68.se\/index.php?rest_route=\/wp\/v2\/posts"}],"about":[{"href":"https:\/\/www.reunion68.se\/index.php?rest_route=\/wp\/v2\/types\/post"}],"author":[{"embeddable":true,"href":"https:\/\/www.reunion68.se\/index.php?rest_route=\/wp\/v2\/users\/1"}],"replies":[{"embeddable":true,"href":"https:\/\/www.reunion68.se\/index.php?rest_route=%2Fwp%2Fv2%2Fcomments&post=104477"}],"version-history":[{"count":7,"href":"https:\/\/www.reunion68.se\/index.php?rest_route=\/wp\/v2\/posts\/104477\/revisions"}],"predecessor-version":[{"id":104492,"href":"https:\/\/www.reunion68.se\/index.php?rest_route=\/wp\/v2\/posts\/104477\/revisions\/104492"}],"wp:attachment":[{"href":"https:\/\/www.reunion68.se\/index.php?rest_route=%2Fwp%2Fv2%2Fmedia&parent=104477"}],"wp:term":[{"taxonomy":"category","embeddable":true,"href":"https:\/\/www.reunion68.se\/index.php?rest_route=%2Fwp%2Fv2%2Fcategories&post=104477"},{"taxonomy":"post_tag","embeddable":true,"href":"https:\/\/www.reunion68.se\/index.php?rest_route=%2Fwp%2Fv2%2Ftags&post=104477"}],"curies":[{"name":"wp","href":"https:\/\/api.w.org\/{rel}","templated":true}]}}