{"id":104498,"date":"2023-05-23T17:09:43","date_gmt":"2023-05-23T15:09:43","guid":{"rendered":"http:\/\/www.reunion68.se\/?p=104498"},"modified":"2023-05-23T10:38:09","modified_gmt":"2023-05-23T08:38:09","slug":"30-09-70","status":"publish","type":"post","link":"https:\/\/www.reunion68.se\/?p=104498","title":{"rendered":"Czarnek pot\u0119piony przez badaczy i badaczki Zag\u0142ady z ca\u0142ego \u015bwiata [LIST OTWARTY]"},"content":{"rendered":"<h4 style=\"text-align: center;\"><img decoding=\"async\" class=\"aligncenter\" src=\"https:\/\/cdn.oko.press\/cdn-cgi\/image\/trim=590;144;593;142,width=1920,quality=75\/https:\/\/oko.press\/images\/2021\/01\/Barbara_Engelking_2018.jpg\" width=\"100%\" \/><span style=\"color: #808080;\"><em>Profesor Barbara Engelking, Polska Akademia Nauk \/ Adrian Grycuk<\/em><\/span><\/h4>\n<h5 style=\"text-align: center;\"><a href=\"https:\/\/oko.press\/\" target=\"_blank\" rel=\"noopener noreferrer\"><img decoding=\"async\" class=\"center alignleft\" src=\"http:\/\/www.reunion68.com\/Biuletyn\/img\/oko-1.png\" alt=\"\" width=\"20%\" \/><\/a><span style=\"text-decoration: underline; color: #000080;\"><strong><a style=\"color: #000080; text-decoration: underline;\" href=\"https:\/\/oko.press\/czarnek-potepiony-list-w-obronie-engelking\" target=\"_blank\" rel=\"noopener noreferrer\">Czarnek pot\u0119piony przez badaczy i badaczki Zag\u0142ady z ca\u0142ego \u015bwiata [LIST OTWARTY]<\/a><\/strong><\/span><\/h5>\n<p style=\"text-align: center;\"><span style=\"color: #000000;\"><strong>ADAM LESZCZY\u0143SKI<\/strong><\/span><\/p>\n<hr style=\"height: 15px; background: #d0e6fa; width: 100%;\" \/>\n<div class=\"column\">\n<div class=\"column\">\n<h4 class=\"mt-3 font-serif font-semibold text-lg text-gray-900 lg:mt-5 lg:text-xl lg:leading-8 dark:text-gray-50 print:dark:text-black\" style=\"text-align: center;\"><span style=\"color: #808080;\"><strong>Ponad setka najwa\u017cniejszych badaczy i badaczek Zag\u0142ady z ca\u0142ego \u015bwiata pot\u0119pi\u0142o brutalny atak rz\u0105dz\u0105cych na prof. Barbar\u0119 Engelking. \u201eJest badaczk\u0105 o nieskazitelnej osobistej i zawodowej prawo\u015bci\u201d \u2014 napisali. Czarnka skrytykowa\u0142 tak\u017ce Wydzia\u0142 Historii Uniwersytetu Warszawskiego<\/strong><\/span><\/h4>\n<p class=\"typography__paragraph my-5 font-serif font-normal text-xl leading-8 text-gray-900 dark:text-gray-50 print:dark:text-black\">.<\/p>\n<p style=\"text-align: left;\"><span style=\"color: #000080;\">POD LISTEM\u00a0otwartym datowanym 11 maja 2023 r. podpisa\u0142o si\u0119 kilkuset badaczy i badaczek z ca\u0142ego \u015bwiata. Ponad 70 badaczy i badaczek z Izraela, ponad 40 os\u00f3b z USA, po kilkana\u015bcie z Wielkiej Brytanii, Austrii, Niemiec, Polski, s\u0105 te\u017c podpisy badaczy z Grecji, W\u0142och, Francji, Holandii, Bu\u0142garii, Szwecji, Kanady, Szwajcarii, Australii.<\/span><\/p>\n<\/div>\n<div class=\"column\" style=\"text-align: left;\">\n<p class=\"typography__paragraph my-5 font-serif font-normal text-xl leading-8 text-gray-900 dark:text-gray-50 print:dark:text-black\"><span style=\"color: #000080;\">OKO.press publikuje list w ca\u0142o\u015bci (w oryginalnej, angielskiej wersji). To najdonio\u015blejszy z kilkunastu ju\u017c zbiorowych protest\u00f3w przeciwko atakom polityk\u00f3w rz\u0105dz\u0105cej prawicy wymierzonych w prof. Barbar\u0119 Engelking.<\/span><\/p>\n<\/div>\n<div class=\"column\" style=\"text-align: left;\">\n<p class=\"typography__paragraph my-5 font-serif font-normal text-xl leading-8 text-gray-900 dark:text-gray-50 print:dark:text-black\"><span style=\"color: #000080;\">Pisali\u015bmy o nich wielokrotnie \u2014 m.in.\u00a0<a class=\"typography__anchor underline text-gray-900 decoration-red-700 cursor-pointer hover:text-red-700 dark:text-gray-50 dark:decoration-red-400 dark:hover:text-red-400 print:dark:text-black\" style=\"color: #000080;\" href=\"https:\/\/oko.press\/naukowcy-i-naukowczynie-w-obronie-prof-engelking-niebezpieczne-i-niedopuszczalne-zapedy-cenzorskie\" target=\"_blank\" rel=\"follow index, noopener noreferrer\">tutaj<\/a>.<\/span><\/p>\n<\/div>\n<div class=\"column\" style=\"text-align: left;\">\n<p class=\"typography__paragraph my-5 font-serif font-normal text-xl leading-8 text-gray-900 dark:text-gray-50 print:dark:text-black\"><span style=\"color: #000080;\">W skr\u00f3cie: 19 kwietnia w TVN 24 pani profesor m\u00f3wi\u0142a o rzeczywistej skali polskiej pomocy \u017bydom podczas II wojny \u015bwiatowej. To, co powiedzia\u0142a, rozw\u015bcieczy\u0142o prawic\u0119 \u2014 \u017ce szmalcownictwo by\u0142o powszechne, \u017bydom pomagali nieliczni Polacy, kt\u00f3rzy w dodatku bali si\u0119 donosu ze strony s\u0105siad\u00f3w (wi\u0119cej o tym na ko\u0144cu tego artyku\u0142u).<\/span><\/p>\n<\/div>\n<div class=\"column\">\n<p class=\"typography__paragraph my-5 font-serif font-normal text-xl leading-8 text-gray-900 dark:text-gray-50 print:dark:text-black\" style=\"text-align: left;\"><span style=\"color: #000080;\">W li\u015bcie otwartym naukowcy i naukowczynie z ca\u0142ego \u015bwiata \u2014 w tym najwybitniejsi specjali\u015bci i specjalistki od Zag\u0142ady \u2014 wzi\u0119li w obron\u0119 prof. Engelking.<\/span><\/p>\n<\/div>\n<div class=\"column\">\n<h4 class=\"typography__header-two block mt-12 mb-6 font-sans font-bold text-[1.953rem] leading-[2.75rem] text-gray-900 dark:text-gray-50 print:dark:text-black\" style=\"text-align: left;\"><strong>Najwy\u017csze standardy akademickie<\/strong><\/h4>\n<\/div>\n<div class=\"column\">\n<p class=\"typography__paragraph my-5 font-serif font-normal text-xl leading-8 text-gray-900 dark:text-gray-50 print:dark:text-black\" style=\"text-align: left;\"><span style=\"color: #000080;\">\u201eWyra\u017camy nasze stanowcze wsparcie dla prof. Barbary Engelking i dla wolno\u015bci nauki w obliczu bezprzyk\u0142adnego i bezpodstawnego ataku ze strony polityk\u00f3w, medi\u00f3w i innych os\u00f3b publicznych\u201d \u2014 napisali badacze. &#8211; \u201eWi\u0119kszo\u015b\u0107 z nas zna Profesor Engelking zawodowo jako kole\u017cank\u0119 od wielu lat. Mo\u017cemy za\u015bwiadczy\u0107, \u017ce<\/span><\/p>\n<\/div>\n<div class=\"md:w-column xl:w-[57.125rem] mx-auto my-5 px-4 md:px-0 xl:pr-[6.75rem]\" style=\"text-align: left;\">\n<blockquote class=\"typography__blockquote mt-6 font-serif font-bold text-[1.8125rem] leading-[2.75rem] text-gray-900 before:inline-block before:mr-3 before:h-[0.8125rem] before:w-24 before:bg-red-700 dark:text-gray-50 dark:before:bg-red-400 print:dark:text-black before:print:dark:bg-black\"><p><strong>jest uczon\u0105 o nieskazitelnej osobistej i zawodowej uczciwo\u015bci.<\/strong><\/p><\/blockquote>\n<\/div>\n<div class=\"column\">\n<p class=\"typography__paragraph my-5 font-serif font-normal text-xl leading-8 text-gray-900 dark:text-gray-50 print:dark:text-black\" style=\"text-align: left;\"><span style=\"color: #000080;\">Jej dzia\u0142alno\u015b\u0107 naukowa spe\u0142nia najwy\u017csze standardy akademickie, za co zdoby\u0142a uznanie na ca\u0142ym \u015bwiecie, a tak\u017ce wyr\u00f3\u017cnienia i nagrody\u201d<\/span><\/p>\n<\/div>\n<div class=\"column\">\n<h4 class=\"typography__header-two block mt-12 mb-6 font-sans font-bold text-[1.953rem] leading-[2.75rem] text-gray-900 dark:text-gray-50 print:dark:text-black\" style=\"text-align: left;\"><strong>Wybitne i wa\u017cne badania<\/strong><\/h4>\n<\/div>\n<div class=\"column\">\n<p class=\"typography__paragraph my-5 font-serif font-normal text-xl leading-8 text-gray-900 dark:text-gray-50 print:dark:text-black\" style=\"text-align: left;\"><span style=\"color: #000080;\">Fragment po\u015bwi\u0119cony badaniom prof. Engelking zacytujemy w ca\u0142o\u015bci.<\/span><\/p>\n<\/div>\n<div class=\"column\" style=\"text-align: left;\">\n<p class=\"typography__paragraph my-5 font-serif font-normal text-xl leading-8 text-gray-900 dark:text-gray-50 print:dark:text-black\"><span style=\"color: #000080;\">\u201eNaukowy wk\u0142ad Profesor Engelking w badania nad Holokaustem w Polsce, a w szczeg\u00f3lno\u015bci w badania relacji mi\u0119dzy Polakami a ich \u017cydowskimi s\u0105siadami w tym czasie oraz walki \u017byd\u00f3w o przetrwanie, zaj\u0105\u0142 centralne miejsce w akademickim dyskursie na te tematy.<\/span><\/p>\n<\/div>\n<div class=\"column\" style=\"text-align: left;\">\n<p class=\"typography__paragraph my-5 font-serif font-normal text-xl leading-8 text-gray-900 dark:text-gray-50 print:dark:text-black\"><span style=\"color: #000080;\">Engelking cieszy si\u0119 opini\u0105 osoby zachowuj\u0105cej r\u00f3wnowag\u0119 w analizowaniu sytuacji historycznych i odwa\u017cnie podejmuj\u0105cej najtrudniejsze tematy. Wieloaspektowe podej\u015bcie Engelking do badania r\u00f3\u017cnorodnych zachowa\u0144 Polak\u00f3w w czasie Holokaustu i pr\u00f3ba zrozumienia zakresu postaw, od pr\u00f3b ratowania po udzia\u0142 w mordach, przy zachowaniu najwy\u017cszych standard\u00f3w akademickich, wnios\u0142y znacz\u0105cy wk\u0142ad w t\u0119 dziedzin\u0119\u201d.<\/span><\/p>\n<\/div>\n<div class=\"column\" style=\"text-align: left;\">\n<p class=\"typography__paragraph my-5 font-serif font-normal text-xl leading-8 text-gray-900 dark:text-gray-50 print:dark:text-black\"><span style=\"color: #000080;\">Nast\u0119pnie naukowcy ocenili, \u017ce wyniki bada\u0144 prof. Engelking s\u0105 zgodne z tym, co uwa\u017ca wi\u0119kszo\u015b\u0107 ekspertek i ekspert\u00f3w.<\/span><\/p>\n<\/div>\n<div class=\"column\">\n<p class=\"typography__paragraph my-5 font-serif font-normal text-xl leading-8 text-gray-900 dark:text-gray-50 print:dark:text-black\" style=\"text-align: left;\"><span style=\"color: #000080;\">\u201eJej badania oraz badania innych naukowc\u00f3w, wraz z wieloma relacjami ocalonych i ratuj\u0105cych, pokaza\u0142y, \u017ce<\/span><\/p>\n<\/div>\n<div class=\"md:w-column xl:w-[57.125rem] mx-auto my-5 px-4 md:px-0 xl:pr-[6.75rem]\" style=\"text-align: left;\">\n<blockquote class=\"typography__blockquote mt-6 font-serif font-bold text-[1.8125rem] leading-[2.75rem] text-gray-900 before:inline-block before:mr-3 before:h-[0.8125rem] before:w-24 before:bg-red-700 dark:text-gray-50 dark:before:bg-red-400 print:dark:text-black before:print:dark:bg-black\"><p><strong>wielu \u017byd\u00f3w spotka\u0142o si\u0119 w wojennej Polsce z powszechn\u0105 oboj\u0119tno\u015bci\u0105, a cz\u0119sto z wrogo\u015bci\u0105 czy nawet przemoc\u0105.<\/strong><\/p><\/blockquote>\n<\/div>\n<div class=\"column\">\n<p class=\"typography__paragraph my-5 font-serif font-normal text-xl leading-8 text-gray-900 dark:text-gray-50 print:dark:text-black\" style=\"text-align: left;\"><span style=\"color: #000080;\">Potencjalni ratuj\u0105cy bardziej ni\u017c kogokolwiek innego obawiali si\u0119 swoich w\u0142asnych s\u0105siad\u00f3w, co tym bardziej podkre\u015bla odwag\u0119 ratuj\u0105cych. Ustalenia Engelking s\u0105 poparte bogatym materia\u0142em \u017ar\u00f3d\u0142owym. Ponadto jej praca wpisuje si\u0119 w szersze przedsi\u0119wzi\u0119cie badawcze prowadzone obecnie w wielu krajach, polegaj\u0105ce na pr\u00f3bie zmierzenia si\u0119 z trudnym ogromem [ang. enormity] okresu Holokaustu\u201d.<\/span><\/p>\n<\/div>\n<div class=\"column\">\n<h4 class=\"typography__header-two block mt-12 mb-6 font-sans font-bold text-[1.953rem] leading-[2.75rem] text-gray-900 dark:text-gray-50 print:dark:text-black\" style=\"text-align: left;\"><strong>Kto si\u0119 podpisa\u0142?<\/strong><\/h4>\n<\/div>\n<div class=\"column\">\n<p class=\"typography__paragraph my-5 font-serif font-normal text-xl leading-8 text-gray-900 dark:text-gray-50 print:dark:text-black\" style=\"text-align: left;\"><span style=\"color: #000080;\">List podpisali najwybitniejsi badacze i badaczki Zag\u0142ady (a tak\u017ce badacze II Wojny \u015awiatowej) z ca\u0142ego \u015bwiata, m.in.:<\/span><\/p>\n<\/div>\n<div class=\"column\">\n<ul class=\"typography__unordered-list ul-list mt-5 pl-9 text-gray-900 first-child:mt-0 dark:text-gray-50 print:dark:text-black ul-level-0\">\n<li style=\"list-style-type: none;\">\n<ul class=\"typography__unordered-list ul-list mt-5 pl-9 text-gray-900 first-child:mt-0 dark:text-gray-50 print:dark:text-black ul-level-0\">\n<li class=\"typography__list-item mt-3 pl-1 font-serif font-normal text-xl leading-8 text-gray-900 dark:text-gray-50 marker:text-lg marker:leading-none marker:text-red-700 dark:marker:text-red-400 print:dark:text-black\"><strong><a class=\"typography__anchor underline text-gray-900 decoration-red-700 cursor-pointer hover:text-red-700 dark:text-gray-50 dark:decoration-red-400 dark:hover:text-red-400 print:dark:text-black\" href=\"https:\/\/en.wikipedia.org\/wiki\/Havi_Dreifuss\" target=\"_blank\" rel=\"nofollow noindex, noopener noreferrer\">Havi Dreifuss<\/a>\u00a0z Uniwersytetu w Tel Awiwie, dyrektorka Centrum Bada\u0144 nad Zag\u0142ad\u0105 w Polsce w Yad Vashem;<\/strong><\/li>\n<\/ul>\n<\/li>\n<\/ul>\n<ul class=\"typography__unordered-list ul-list mt-5 pl-9 text-gray-900 first-child:mt-0 dark:text-gray-50 print:dark:text-black ul-level-0\">\n<li style=\"list-style-type: none;\">\n<ul class=\"typography__unordered-list ul-list mt-5 pl-9 text-gray-900 first-child:mt-0 dark:text-gray-50 print:dark:text-black ul-level-0\">\n<li class=\"typography__list-item mt-3 pl-1 font-serif font-normal text-xl leading-8 text-gray-900 dark:text-gray-50 marker:text-lg marker:leading-none marker:text-red-700 dark:marker:text-red-400 print:dark:text-black\"><strong>97-letni nestor bada\u0144 nad Zag\u0142ad\u0105 prof.\u00a0<a class=\"typography__anchor underline text-gray-900 decoration-red-700 cursor-pointer hover:text-red-700 dark:text-gray-50 dark:decoration-red-400 dark:hover:text-red-400 print:dark:text-black\" href=\"https:\/\/en.wikipedia.org\/wiki\/Yehuda_Bauer\" target=\"_blank\" rel=\"nofollow noindex, noopener noreferrer\">Yehuda Bauer<\/a>\u00a0z Uniwersytetu Hebrajskiego w Jerozolimie oraz Yad Vashem;<\/strong><\/li>\n<\/ul>\n<\/li>\n<\/ul>\n<ul class=\"typography__unordered-list ul-list mt-5 pl-9 text-gray-900 first-child:mt-0 dark:text-gray-50 print:dark:text-black ul-level-0\">\n<li style=\"list-style-type: none;\">\n<ul class=\"typography__unordered-list ul-list mt-5 pl-9 text-gray-900 first-child:mt-0 dark:text-gray-50 print:dark:text-black ul-level-0\">\n<li class=\"typography__list-item mt-3 pl-1 font-serif font-normal text-xl leading-8 text-gray-900 dark:text-gray-50 marker:text-lg marker:leading-none marker:text-red-700 dark:marker:text-red-400 print:dark:text-black\"><strong><a class=\"typography__anchor underline text-gray-900 decoration-red-700 cursor-pointer hover:text-red-700 dark:text-gray-50 dark:decoration-red-400 dark:hover:text-red-400 print:dark:text-black\" href=\"https:\/\/en.wikipedia.org\/wiki\/Roni_Stauber\" target=\"_blank\" rel=\"nofollow noindex, noopener noreferrer\">Roni Stauber<\/a>\u00a0z Uniwersytetu w Tel Awiwie, badacz pami\u0119ci Zag\u0142ady;<\/strong><\/li>\n<\/ul>\n<\/li>\n<\/ul>\n<ul class=\"typography__unordered-list ul-list mt-5 pl-9 text-gray-900 first-child:mt-0 dark:text-gray-50 print:dark:text-black ul-level-0\">\n<li style=\"list-style-type: none;\">\n<ul class=\"typography__unordered-list ul-list mt-5 pl-9 text-gray-900 first-child:mt-0 dark:text-gray-50 print:dark:text-black ul-level-0\">\n<li style=\"list-style-type: none;\">\n<ul class=\"typography__unordered-list ul-list mt-5 pl-9 text-gray-900 first-child:mt-0 dark:text-gray-50 print:dark:text-black ul-level-0\">\n<li class=\"typography__list-item mt-3 pl-1 font-serif font-normal text-xl leading-8 text-gray-900 dark:text-gray-50 marker:text-lg marker:leading-none marker:text-red-700 dark:marker:text-red-400 print:dark:text-black\"><strong><a class=\"typography__anchor underline text-gray-900 decoration-red-700 cursor-pointer hover:text-red-700 dark:text-gray-50 dark:decoration-red-400 dark:hover:text-red-400 print:dark:text-black\" href=\"https:\/\/en.wikipedia.org\/wiki\/Omer_Bartov\" target=\"_blank\" rel=\"nofollow noindex, noopener noreferrer\">Omer Bartov<\/a>\u00a0z Brown University;<\/strong><\/li>\n<\/ul>\n<\/li>\n<\/ul>\n<ul class=\"typography__unordered-list ul-list mt-5 pl-9 text-gray-900 first-child:mt-0 dark:text-gray-50 print:dark:text-black ul-level-0\">\n<li class=\"typography__list-item mt-3 pl-1 font-serif font-normal text-xl leading-8 text-gray-900 dark:text-gray-50 marker:text-lg marker:leading-none marker:text-red-700 dark:marker:text-red-400 print:dark:text-black\"><strong>Ian Kershaw, historyk II Wojny \u015bwiatowej.<\/strong><\/li>\n<\/ul>\n<\/li>\n<\/ul>\n<\/div>\n<div class=\"column\">\n<p class=\"typography__paragraph my-5 font-serif font-normal text-xl leading-8 text-gray-900 dark:text-gray-50 print:dark:text-black\" style=\"text-align: left;\"><span style=\"color: #000080;\">W\u015br\u00f3d sygnatariuszy znalaz\u0142a si\u0119 tak\u017ce grupa polskich badaczy i badaczek \u2014 m.in. prof.\u00a0<a class=\"typography__anchor underline text-gray-900 decoration-red-700 cursor-pointer hover:text-red-700 dark:text-gray-50 dark:decoration-red-400 dark:hover:text-red-400 print:dark:text-black\" style=\"color: #000080;\" href=\"https:\/\/historia.uw.edu.pl\/personel\/artur-markowski\/\" target=\"_blank\" rel=\"nofollow noindex, noopener noreferrer\">Artur Markowski<\/a>\u00a0z Uniwersytetu Warszawskiego, redaktor i wsp\u00f3\u0142autor monumentalnego studium pogrom\u00f3w na ziemiach polskich czy prof.\u00a0<a class=\"typography__anchor underline text-gray-900 decoration-red-700 cursor-pointer hover:text-red-700 dark:text-gray-50 dark:decoration-red-400 dark:hover:text-red-400 print:dark:text-black\" style=\"color: #000080;\" href=\"https:\/\/wnpid.amu.edu.pl\/pracownicy\/pracownicy-wydzialu\/zaklad-kultury-politycznej\/piotr-forecki\" target=\"_blank\" rel=\"nofollow noindex, noopener noreferrer\">Piotr Forecki<\/a>\u00a0z Uniwersytetu Adama Mickiewicza, autor prac o pami\u0119ci Zag\u0142ady w Polsce.<\/span><\/p>\n<\/div>\n<div class=\"column\">\n<h4 class=\"typography__header-two block mt-12 mb-6 font-sans font-bold text-[1.953rem] leading-[2.75rem] text-gray-900 dark:text-gray-50 print:dark:text-black\" style=\"text-align: left;\"><strong>Polscy badacze te\u017c protestuj\u0105<\/strong><\/h4>\n<\/div>\n<div class=\"column\">\n<p class=\"typography__paragraph my-5 font-serif font-normal text-xl leading-8 text-gray-900 dark:text-gray-50 print:dark:text-black\" style=\"text-align: left;\"><span style=\"color: #000080;\">OKO.press wcze\u015bniej pisa\u0142o tak\u017ce o li\u015bcie otwartym kilkuset polskich badaczy i badaczek. Ataki na wolno\u015b\u0107 uprawiania nauki pot\u0119pi\u0142y tak\u017ce wa\u017cne instytucje \u2014 w tym m.in. Polska Akademia Nauk, Wydzia\u0142 Polonistyki Uniwersytetu Warszawskiego (oraz wiele innych).<\/span><\/p>\n<\/div>\n<div class=\"column\">\n<p class=\"typography__paragraph my-5 font-serif font-normal text-xl leading-8 text-gray-900 dark:text-gray-50 print:dark:text-black\" style=\"text-align: left;\"><span style=\"color: #000080;\">11 maja 2023 r. ataki ministra na niezale\u017cn\u0105 uczon\u0105 pot\u0119pi\u0142 tak\u017ce jednoznacznie Wydzia\u0142 Historyczny Uniwersytetu Warszawskiego \u2014 jeden z najbardziej licz\u0105cych si\u0119 o\u015brodk\u00f3w bada\u0144 historycznych w Polsce.<\/span><\/p>\n<hr \/>\n<p align=\"center\"><iframe loading=\"lazy\" id=\"twitter-widget-0\" class=\"\" title=\"Twitter Tweet\" src=\"https:\/\/platform.twitter.com\/embed\/Tweet.html?dnt=false&amp;embedId=twitter-widget-0&amp;features=eyJ0ZndfdGltZWxpbmVfbGlzdCI6eyJidWNrZXQiOltdLCJ2ZXJzaW9uIjpudWxsfSwidGZ3X2ZvbGxvd2VyX2NvdW50X3N1bnNldCI6eyJidWNrZXQiOnRydWUsInZlcnNpb24iOm51bGx9LCJ0ZndfdHdlZXRfZWRpdF9iYWNrZW5kIjp7ImJ1Y2tldCI6Im9uIiwidmVyc2lvbiI6bnVsbH0sInRmd19yZWZzcmNfc2Vzc2lvbiI6eyJidWNrZXQiOiJvbiIsInZlcnNpb24iOm51bGx9LCJ0ZndfZm9zbnJfc29mdF9pbnRlcnZlbnRpb25zX2VuYWJsZWQiOnsiYnVja2V0Ijoib24iLCJ2ZXJzaW9uIjpudWxsfSwidGZ3X21peGVkX21lZGlhXzE1ODk3Ijp7ImJ1Y2tldCI6InRyZWF0bWVudCIsInZlcnNpb24iOm51bGx9LCJ0ZndfZXhwZXJpbWVudHNfY29va2llX2V4cGlyYXRpb24iOnsiYnVja2V0IjoxMjA5NjAwLCJ2ZXJzaW9uIjpudWxsfSwidGZ3X3Nob3dfYmlyZHdhdGNoX3Bpdm90c19lbmFibGVkIjp7ImJ1Y2tldCI6Im9uIiwidmVyc2lvbiI6bnVsbH0sInRmd19kdXBsaWNhdGVfc2NyaWJlc190b19zZXR0aW5ncyI6eyJidWNrZXQiOiJvbiIsInZlcnNpb24iOm51bGx9LCJ0ZndfdXNlX3Byb2ZpbGVfaW1hZ2Vfc2hhcGVfZW5hYmxlZCI6eyJidWNrZXQiOiJvbiIsInZlcnNpb24iOm51bGx9LCJ0ZndfdmlkZW9faGxzX2R5bmFtaWNfbWFuaWZlc3RzXzE1MDgyIjp7ImJ1Y2tldCI6InRydWVfYml0cmF0ZSIsInZlcnNpb24iOm51bGx9LCJ0ZndfbGVnYWN5X3RpbWVsaW5lX3N1bnNldCI6eyJidWNrZXQiOnRydWUsInZlcnNpb24iOm51bGx9LCJ0ZndfdHdlZXRfZWRpdF9mcm9udGVuZCI6eyJidWNrZXQiOiJvbiIsInZlcnNpb24iOm51bGx9fQ%3D%3D&amp;frame=false&amp;hideCard=false&amp;hideThread=false&amp;id=1656572078768750592&amp;lang=en&amp;origin=https%3A%2F%2Foko.press%2Fczarnek-potepiony-list-w-obronie-engelking&amp;sessionId=c770107f4c6b38fdda0c42f85e35f96b29b0acc0&amp;theme=light&amp;widgetsVersion=aaf4084522e3a%3A1674595607486&amp;width=550px\" width=\"600\" height=\"850\" frameborder=\"0\" scrolling=\"yes\" allowfullscreen=\"allowfullscreen\" data-tweet-id=\"1656572078768750592\" data-mce-fragment=\"1\"><\/iframe><\/p>\n<hr \/>\n<p class=\"typography__paragraph my-5 font-serif font-normal text-xl leading-8 text-gray-900 dark:text-gray-50 print:dark:text-black\" style=\"text-align: left;\"><span style=\"color: #000080;\">\u201eRada Wydzia\u0142u Historii wyra\u017ca g\u0142\u0119bokie zaniepokojenie i dezaprobat\u0119 dla wykraczaj\u0105cych poza normy krytyki naukowej atak\u00f3w kierowanych przez osoby pe\u0142ni\u0105ce funkcje publiczne pod adresem prof. dr hab. Barbary Engelking (\u2026) Rada Wydzia\u0142u wyra\u017ca przy tym sprzeciw wobec gr\u00f3\u017ab rewizji dofinansowania jednostek naukowych ze wzgl\u0119du na wyst\u0105pienia publiczne ich pracownik\u00f3w\u201d.<\/span><\/p>\n<\/div>\n<div class=\"column\">\n<h4 class=\"typography__header-two block mt-12 mb-6 font-sans font-bold text-[1.953rem] leading-[2.75rem] text-gray-900 dark:text-gray-50 print:dark:text-black\" style=\"text-align: left;\"><strong>Gro\u017aby ministra Czarnka<\/strong><\/h4>\n<\/div>\n<div class=\"column\">\n<p class=\"typography__paragraph my-5 font-serif font-normal text-xl leading-8 text-gray-900 dark:text-gray-50 print:dark:text-black\" style=\"text-align: left;\"><span style=\"color: #000080;\">24 kwietnia 2023 r. minister Czarnek\u00a0<a class=\"typography__anchor underline text-gray-900 decoration-red-700 cursor-pointer hover:text-red-700 dark:text-gray-50 dark:decoration-red-400 dark:hover:text-red-400 print:dark:text-black\" style=\"color: #000080;\" href=\"https:\/\/www.tvp.info\/68955140\/24042023-1730\" target=\"_blank\" rel=\"nofollow noindex, noopener noreferrer\">zagrozi\u0142 w TVP Info<\/a>, \u017ce \u201enie b\u0119dzie finansowa\u0142 na wi\u0119ksz\u0105 skal\u0119 instytutu, kt\u00f3ry utrzymuje tego rodzaju ludzi, kt\u00f3rzy po prostu obra\u017caj\u0105 Polak\u00f3w\u201d \u2014 m\u00f3wi\u0105c o prof. Engelking.<\/span><\/p>\n<\/div>\n<div class=\"column\">\n<p class=\"typography__paragraph my-5 font-serif font-normal text-xl leading-8 text-gray-900 dark:text-gray-50 print:dark:text-black\" style=\"text-align: left;\"><span style=\"color: #000080;\">\u201eJa oczywi\u015bcie nie zamierzam wp\u0142ywa\u0107 w \u017caden spos\u00f3b na polityk\u0119 kadrow\u0105 Instytutu Socjologii PAN \u2013 nie jest to moja rola.<\/span><\/p>\n<\/div>\n<div class=\"md:w-column xl:w-[57.125rem] mx-auto my-5 px-4 md:px-0 xl:pr-[6.75rem]\" style=\"text-align: left;\">\n<blockquote class=\"typography__blockquote mt-6 font-serif font-bold text-[1.8125rem] leading-[2.75rem] text-gray-900 before:inline-block before:mr-3 before:h-[0.8125rem] before:w-24 before:bg-red-700 dark:text-gray-50 dark:before:bg-red-400 print:dark:text-black before:print:dark:bg-black\"><p><strong>Natomiast na pewno b\u0119d\u0119 rewidowa\u0142 swoje decyzje finansowe, bo ja nie b\u0119d\u0119 finansowa\u0142 na wi\u0119ksz\u0105 skal\u0119 instytutu, kt\u00f3ry utrzymuje tego rodzaju ludzi, kt\u00f3rzy po prostu obra\u017caj\u0105 Polak\u00f3w&#8221;,<\/strong><\/p><\/blockquote>\n<\/div>\n<div class=\"column\">\n<p class=\"typography__paragraph my-5 font-serif font-normal text-xl leading-8 text-gray-900 dark:text-gray-50 print:dark:text-black\" style=\"text-align: left;\"><span style=\"color: #000080;\">powiedzia\u0142 minister.<\/span><\/p>\n<\/div>\n<div class=\"column\" style=\"text-align: left;\">\n<p class=\"typography__paragraph my-5 font-serif font-normal text-xl leading-8 text-gray-900 dark:text-gray-50 print:dark:text-black\"><span style=\"color: #000080;\">\u201eTen rodzaj ludzi&#8221;, to oczywi\u015bcie prof. Barbara Engelking, dyrektorka\u00a0<a class=\"typography__anchor underline text-gray-900 decoration-red-700 cursor-pointer hover:text-red-700 dark:text-gray-50 dark:decoration-red-400 dark:hover:text-red-400 print:dark:text-black\" style=\"color: #000080;\" href=\"https:\/\/www.holocaustresearch.pl\/index.php?show=13\" target=\"_blank\" rel=\"nofollow noindex, noopener noreferrer\">Centrum Bada\u0144 nad Zag\u0142ad\u0105 \u017byd\u00f3w<\/a>\u00a0Instytutu Filozofii i Socjologii PAN, kt\u00f3ra 19 kwietnia w TVN 24 m\u00f3wi\u0142a o rzeczywistej skali polskiej pomocy \u017bydom podczas II wojny \u015bwiatowej.<\/span><\/p>\n<\/div>\n<div class=\"column\" style=\"text-align: left;\">\n<p class=\"typography__paragraph my-5 font-serif font-normal text-xl leading-8 text-gray-900 dark:text-gray-50 print:dark:text-black\"><span style=\"color: #000080;\">A ta opowie\u015b\u0107, poparta badaniami naukowymi, nie koresponduje z historyczn\u0105 propagand\u0105 w\u0142adzy (ni\u017cej w tek\u015bcie dok\u0142adne cytaty z prof. Engelking).<\/span><\/p>\n<\/div>\n<div class=\"column\" style=\"text-align: left;\">\n<p class=\"typography__paragraph my-5 font-serif font-normal text-xl leading-8 text-gray-900 dark:text-gray-50 print:dark:text-black\"><span style=\"color: #000080;\">\u201eTo jest skandal i bezczelno\u015b\u0107 nieprawdopodobna tej pani, zreszt\u0105 nie pierwszy raz. Ta pani nie rozumie tego, co si\u0119 dzia\u0142o w czasie II wojny \u015bwiatowej w Polsce. Ta pani nie rozumie dramatu, chocia\u017cby rodziny Ulm\u00f3w, a to jest tylko przyk\u0142ad. Ta pani bezczelnie obra\u017ca Polak\u00f3w&#8221;, m\u00f3wi\u0142 Czarnek.<\/span><\/p>\n<\/div>\n<div class=\"column\" style=\"text-align: left;\">\n<p class=\"typography__paragraph my-5 font-serif font-normal text-xl leading-8 text-gray-900 dark:text-gray-50 print:dark:text-black\"><span style=\"color: #000080;\">Zapowiedzia\u0142 te\u017c badania, kt\u00f3rych celem b\u0119dzie udowodnienie tezy prawicy o tym, \u017ce Polacy masowo ratowali \u017byd\u00f3w podczas wojny.<\/span><\/p>\n<\/div>\n<div class=\"column\">\n<p class=\"typography__paragraph my-5 font-serif font-normal text-xl leading-8 text-gray-900 dark:text-gray-50 print:dark:text-black\" style=\"text-align: left;\"><span style=\"color: #000080;\">W istocie minister nie doda\u0142 IFiS PAN pieni\u0119dzy, o kt\u00f3re wyst\u0105pi\u0142 instytut.<\/span><\/p>\n<\/div>\n<div class=\"column\">\n<h4 class=\"typography__header-two block mt-12 mb-6 font-sans font-bold text-[1.953rem] leading-[2.75rem] text-gray-900 dark:text-gray-50 print:dark:text-black\" style=\"text-align: left;\"><strong>Co powiedzia\u0142a prof. Engelking?<\/strong><\/h4>\n<\/div>\n<p style=\"text-align: left;\"><span style=\"color: #000080;\">W 80. rocznic\u0119 powstania w getcie warszawskim badaczka dziej\u00f3w Zag\u0142ady prof. Barbara Engelking udzieli\u0142a wywiadu Monice Olejnik w TVN24. (mo\u017cna go w ca\u0142o\u015bci obejrze\u0107\u00a0<a class=\"typography__anchor underline text-gray-900 decoration-red-700 cursor-pointer hover:text-red-700 dark:text-gray-50 dark:decoration-red-400 dark:hover:text-red-400 print:dark:text-black\" style=\"color: #000080;\" href=\"https:\/\/tvn24.pl\/go\/programy,7\/kropka-nad-i--odcinki,11419\/odcinek-1353,S00E1353,1047606\" target=\"_blank\" rel=\"nofollow noindex, noopener noreferrer\">tutaj<\/a>).<\/span><\/p>\n<\/div>\n<div class=\"column\" style=\"text-align: left;\">\n<p class=\"typography__paragraph my-5 font-serif font-normal text-xl leading-8 text-gray-900 dark:text-gray-50 print:dark:text-black\"><span style=\"color: #000080;\">To, co powiedzia\u0142a, rozw\u015bcieczy\u0142o prawic\u0119 i jak wida\u0107 w\u015bcieka j\u0105 nadal po pi\u0119ciu dniach. Co powiedzia\u0142a?<\/span><\/p>\n<\/div>\n<div class=\"column\" style=\"text-align: left;\">\n<p class=\"typography__paragraph my-5 font-serif font-normal text-xl leading-8 text-gray-900 dark:text-gray-50 print:dark:text-black\"><span style=\"color: #000080;\">\u201eTo wcale tak nie by\u0142o, \u017ce oko\u0142o nich si\u0119 uwijali Polacy, kt\u00f3rzy chcieli im pomaga\u0107. To tylko w fa\u0142szywej propagandzie mo\u017ce tak wygl\u0105da\u201d \u2013 m\u00f3wi\u0142a prof. Engelking o \u017bydach ukrywaj\u0105cych si\u0119 po \u201earyjskiej stronie\u201d getta.<\/span><\/p>\n<\/div>\n<div class=\"column\">\n<p class=\"typography__paragraph my-5 font-serif font-normal text-xl leading-8 text-gray-900 dark:text-gray-50 print:dark:text-black\" style=\"text-align: left;\"><span style=\"color: #000080;\">\u201eNaprawd\u0119 grozi\u0142o im na co dzie\u0144 najwi\u0119ksze niebezpiecze\u0144stwo ze strony Polak\u00f3w i s\u0105siad\u00f3w (\u2026) ju\u017c przy wychodzeniu z getta by\u0142y ca\u0142e szajki, kt\u00f3re obserwowa\u0142y ludzi wychodz\u0105cych, podchodzi\u0142y i zaczepia\u0142y. To by\u0142 pierwszy moment, kiedy trzeba by\u0142o si\u0119 okupi\u0107. P\u00f3\u017aniej cz\u0119sto na ulicy kogo\u015b z mniej aryjskim wygl\u0105dem albo kogo\u015b, kto zachowywa\u0142 si\u0119 w spos\u00f3b, kt\u00f3ry wskazywa\u0142 na to, \u017ce si\u0119 boi [szanta\u017cowano]\u201d \u2013 opowiada\u0142a Engelking.<\/span><\/p>\n<\/div>\n<div class=\"column\">\n<h4 class=\"typography__header-two block mt-12 mb-6 font-sans font-bold text-[1.953rem] leading-[2.75rem] text-gray-900 dark:text-gray-50 print:dark:text-black\" style=\"text-align: left;\"><strong>Podkre\u015bla\u0142a, \u017ce szmalcownictwo by\u0142o rozpowszechnione, a pomagali nieliczni<\/strong><\/h4>\n<\/div>\n<div class=\"column\">\n<p class=\"typography__paragraph my-5 font-serif font-normal text-xl leading-8 text-gray-900 dark:text-gray-50 print:dark:text-black\" style=\"text-align: left;\"><span style=\"color: #000080;\">Prof. Engelking m\u00f3wi\u0142a tak\u017ce, i\u017c atmosfera otaczaj\u0105ca powstanie w getcie nie by\u0142a zawsze \u017cyczliwa. Przypomnia\u0142a, \u017ce wbrew powtarzanym tak\u017ce przez polityk\u00f3w tezom nie tylko w Polsce ukrywaj\u0105cym \u017byd\u00f3w grozi\u0142a kara \u015bmierci. Oraz, \u017ce chocia\u017c \u015bmier\u0107 im grozi\u0142a, to kara cz\u0119sto nie by\u0142a wykonywana (co propaganda rz\u0105dowa cz\u0119sto przemilcza).<\/span><\/p>\n<\/div>\n<div class=\"column\" style=\"text-align: left;\">\n<p class=\"typography__paragraph my-5 font-serif font-normal text-xl leading-8 text-gray-900 dark:text-gray-50 print:dark:text-black\"><span style=\"color: #000080;\">\u201e\u017bydzi si\u0119 nieprawdopodobnie rozczarowali do Polak\u00f3w w czasie wojny. \u017bydzi wiedzieli, czego si\u0119 od Niemc\u00f3w spodziewa\u0107. Niemiec by\u0142 wrogiem. Ta relacja by\u0142a bardzo klarowna. Relacja z Polakami by\u0142a du\u017co bardziej z\u0142o\u017cona\u201d.<\/span><\/p>\n<\/div>\n<div class=\"column\">\n<p class=\"typography__paragraph my-5 font-serif font-normal text-xl leading-8 text-gray-900 dark:text-gray-50 print:dark:text-black\" style=\"text-align: left;\"><span style=\"color: #000080;\">\u201ePolacy zawiedli po prostu. Byli tacy, kt\u00f3rzy w czasie, kiedy getto p\u0142on\u0119\u0142o, stali na dachach i przygl\u0105dali si\u0119. Byli tacy, kt\u00f3rzy bawili si\u0119 przy karuzeli. Byli tacy, s\u0105 opisy, kt\u00f3rzy patrzyli na to, jak na jakie\u015b walki plemienne\u201d \u2013 m\u00f3wi\u0142a prof. Engelking.<\/span><\/p>\n<\/div>\n<div class=\"column\">\n<h4 class=\"typography__header-two block mt-12 mb-6 font-sans font-bold text-[1.953rem] leading-[2.75rem] text-gray-900 dark:text-gray-50 print:dark:text-black\" style=\"text-align: left;\"><strong>\u201eNaprawd\u0119 \u017bydzi byli nieprawdopodobnie osamotnieni w czasie powstania w getcie warszawskim.<\/strong><\/h4>\n<\/div>\n<div class=\"column\">\n<p class=\"typography__paragraph my-5 font-serif font-normal text-xl leading-8 text-gray-900 dark:text-gray-50 print:dark:text-black\" style=\"text-align: left;\"><span style=\"color: #000080;\">Byli oczywi\u015bcie Sprawiedliwi, kt\u00f3rym si\u0119 nale\u017cy cze\u015b\u0107 i szacunek, i kt\u00f3rych, jak powtarzam, by\u0142o bardzo niewielu&#8221;.<\/span><\/p>\n<\/div>\n<div class=\"column\">\n<p class=\"typography__paragraph my-5 font-serif font-normal text-xl leading-8 text-gray-900 dark:text-gray-50 print:dark:text-black\">Poni\u017cej link do pe\u0142nego tekstu listu:<\/p>\n<div class=\"column\">\n<p class=\"typography__paragraph my-5 font-serif font-normal text-xl leading-8 text-gray-900 dark:text-gray-50 print:dark:text-black\" style=\"text-align: center;\"><a class=\"typography__anchor underline text-gray-900 decoration-red-700 cursor-pointer hover:text-red-700 dark:text-gray-50 dark:decoration-red-400 dark:hover:text-red-400 print:dark:text-black\" href=\"https:\/\/oko.press\/images\/2023\/05\/engelking_list_wsparcia.pdf\" target=\"_blank\" rel=\"nofollow noindex, noopener noreferrer\"><span style=\"text-decoration: underline;\"><strong>engelking_list_wsparcia<\/strong><\/span><\/a><\/p>\n<\/div>\n<div class=\"column\">\n<div class=\"py-6 xl:pb-10 flex flex-col gap-6 bg-gray-100 dark:bg-gray-800 print:hidden\">\n<div>\n<div class=\"column\">\n<p class=\"typography__paragraph my-5 font-serif font-normal text-xl leading-8 text-gray-900 dark:text-gray-50 print:dark:text-black\"><strong>Ponad 400 dni temu&#8230;<\/strong><\/p>\n<\/div>\n<div class=\"column\">\n<p class=\"typography__paragraph my-5 font-serif font-normal text-xl leading-8 text-gray-900 dark:text-gray-50 print:dark:text-black\">\u2026 zacz\u0119\u0142a si\u0119 wywo\u0142ana przez W\u0142adimira Putina wojna w Ukrainie.\u00a0<strong>Od pierwszych godzin rosyjskiej inwazji w OKO.press opisujemy, co dzieje si\u0119 u naszych wschodnich s\u0105siad\u00f3w, analizujemy sytuacj\u0119 polityczn\u0105 i wojskow\u0105, przybli\u017camy Czytelnikom i Czytelniczkom metody dzia\u0142ania rosyjskiej propagandy.<\/strong>\u00a0B\u0119d\u0105c na miejscu, nasi dziennikarze opowiadaj\u0105 te\u017c o trudnej codzienno\u015bci mieszka\u0144c\u00f3w Ukrainy. W przeciwie\u0144stwie do wielu innych\u00a0<strong>OKO.press nie ma sponsor\u00f3w, reklamodawc\u00f3w, udzia\u0142owc\u00f3w ani bogatego w\u0142a\u015bciciela<\/strong>. Tylko determinacja i pasja po\u0142\u0105czone z dobrowolnym wsparciem od naszych odbiorc\u00f3w pozwalaj\u0105 nam na funkcjonowanie, rozw\u00f3j i podejmowanie nowych temat\u00f3w.<\/p>\n<\/div>\n<div class=\"column\">\n<p class=\"typography__paragraph my-5 font-serif font-normal text-xl leading-8 text-gray-900 dark:text-gray-50 print:dark:text-black\">Gdy OKO.press powstawa\u0142o 6 lat temu, nikt nie przypuszcza\u0142by, \u017ce opr\u00f3cz monitoringu polskiej polityki zaczniemy zajmowa\u0107 si\u0119 te\u017c bie\u017c\u0105cym relacjonowaniem dzia\u0142a\u0144 wojennych, reporta\u017cami, nowymi formami wideo i podcastowymi. To\u00a0<strong>wszystko dzi\u0119ki wsparciu od Czytelniczek i Czytelnik\u00f3w.\u00a0<\/strong>Co kluczowe,\u00a0<strong>wszystkie nasze materia\u0142y udost\u0119pniamy bezp\u0142atnie, dla ka\u017cdego. Czyta\u0107 i ogl\u0105da\u0107 mog\u0105 nas wszyscy, niezale\u017cnie od zasobno\u015bci portfela i wspierania pracy redakcji.\u00a0<\/strong>Robimy to, poniewa\u017c wierzymy, \u017ce dost\u0119p do rzetelnych i sprawdzonych informacji to jedno z podstawowych praw ka\u017cdego cz\u0142owieka. Ty te\u017c mo\u017cesz nam w tym pom\u00f3c. Ka\u017cda, nawet najmniejsza wp\u0142ata robi r\u00f3\u017cnic\u0119.<\/p>\n<\/div>\n<\/div>\n<\/div>\n<\/div>\n<\/div>\n<hr style=\"height: 15px; background: #d0e6fa; width: 100%;\" \/>\n<div id=\"content\" class=\"content-alignment\">\n<div id=\"watch-description\" class=\"yt-uix-button-panel\">\n<div id=\"watch-description-text\" style=\"text-align: center;\">\n<p><em>Zawarto\u015b\u0107 publikowanych artyku\u0142\u00f3w i materia\u0142\u00f3w nie reprezentuje pogl\u0105d\u00f3w ani opinii Reunion&#8217;68,<\/em><em><br \/>\nani te\u017c webmastera Blogu Reunion&#8217;68, chyba ze jest to wyra\u017anie zaznaczone.<br \/>\nTwoje uwagi, linki, w\u0142asne artyku\u0142y lub wiadomo\u015bci prze\u015blij na adres:<br \/>\n<\/em><span style=\"color: #000080;\"><strong><em><a style=\"color: #000080;\" href=\"mailto:webmaster@reunion68.com\"><span style=\"text-decoration: underline;\">webmaster@reunion68.com<\/span><\/a><\/em><\/strong><\/span><\/p>\n<\/div>\n<\/div>\n<\/div>\n<hr style=\"width: 100%;\" \/>\n","protected":false},"excerpt":{"rendered":"<p>Profesor Barbara Engelking, Polska Akademia Nauk \/ Adrian Grycuk Czarnek pot\u0119piony przez badaczy i badaczki Zag\u0142ady z ca\u0142ego \u015bwiata [LIST OTWARTY] ADAM LESZCZY\u0143SKI Ponad setka najwa\u017cniejszych badaczy i badaczek Zag\u0142ady z ca\u0142ego \u015bwiata pot\u0119pi\u0142o brutalny atak rz\u0105dz\u0105cych na prof. Barbar\u0119 Engelking. \u201eJest badaczk\u0105 o nieskazitelnej osobistej i zawodowej prawo\u015bci\u201d \u2014 napisali. Czarnka skrytykowa\u0142 tak\u017ce Wydzia\u0142 [&hellip;]<\/p>\n","protected":false},"author":1,"featured_media":0,"comment_status":"closed","ping_status":"closed","sticky":false,"template":"","format":"standard","meta":[],"categories":[6],"tags":[26,24],"_links":{"self":[{"href":"https:\/\/www.reunion68.se\/index.php?rest_route=\/wp\/v2\/posts\/104498"}],"collection":[{"href":"https:\/\/www.reunion68.se\/index.php?rest_route=\/wp\/v2\/posts"}],"about":[{"href":"https:\/\/www.reunion68.se\/index.php?rest_route=\/wp\/v2\/types\/post"}],"author":[{"embeddable":true,"href":"https:\/\/www.reunion68.se\/index.php?rest_route=\/wp\/v2\/users\/1"}],"replies":[{"embeddable":true,"href":"https:\/\/www.reunion68.se\/index.php?rest_route=%2Fwp%2Fv2%2Fcomments&post=104498"}],"version-history":[{"count":13,"href":"https:\/\/www.reunion68.se\/index.php?rest_route=\/wp\/v2\/posts\/104498\/revisions"}],"predecessor-version":[{"id":104505,"href":"https:\/\/www.reunion68.se\/index.php?rest_route=\/wp\/v2\/posts\/104498\/revisions\/104505"}],"wp:attachment":[{"href":"https:\/\/www.reunion68.se\/index.php?rest_route=%2Fwp%2Fv2%2Fmedia&parent=104498"}],"wp:term":[{"taxonomy":"category","embeddable":true,"href":"https:\/\/www.reunion68.se\/index.php?rest_route=%2Fwp%2Fv2%2Fcategories&post=104498"},{"taxonomy":"post_tag","embeddable":true,"href":"https:\/\/www.reunion68.se\/index.php?rest_route=%2Fwp%2Fv2%2Ftags&post=104498"}],"curies":[{"name":"wp","href":"https:\/\/api.w.org\/{rel}","templated":true}]}}