{"id":104553,"date":"2023-05-25T17:09:44","date_gmt":"2023-05-25T15:09:44","guid":{"rendered":"http:\/\/www.reunion68.se\/?p=104553"},"modified":"2023-05-25T09:34:31","modified_gmt":"2023-05-25T07:34:31","slug":"01-09-73","status":"publish","type":"post","link":"https:\/\/www.reunion68.se\/?p=104553","title":{"rendered":"Prawdziwe znaczenie \u201cOd rzeki do morza Palestyna b\u0119dzie wolna\u201d"},"content":{"rendered":"<p><img decoding=\"async\" class=\"aligncenter\" src=\"http:\/\/www.listyznaszegosadu.pl\/upload\/article\/bild\/4948\/996983\/4665_s.jpg\" width=\"60%\" \/><\/p>\n<hr \/>\n<h5 style=\"text-align: center;\"><a href=\"http:\/\/www.listyznaszegosadu.pl\/\" target=\"_blank\" rel=\"noopener noreferrer\"><img decoding=\"async\" class=\"center alignleft\" src=\"http:\/\/www.reunion68.com\/Biuletyn\/img\/z-naszego.jpg\" alt=\"\" width=\"50%\" \/><\/a><span style=\"text-decoration: underline; color: #000080;\"><span style=\"text-decoration: underline;\"><strong><a style=\"color: #000080; text-decoration: underline;\" href=\"http:\/\/www.listyznaszegosadu.pl\/brunatna-fala\/prawdziwe-znaczenie-od-rzeki-do-morza-palestyna-bedzie-wolna\" target=\"_blank\" rel=\"noopener noreferrer\">Prawdziwe znaczenie \u201cOd rzeki do morza Palestyna b\u0119dzie wolna\u201d<\/a><\/strong><\/span><\/span><\/h5>\n<p style=\"text-align: center;\"><span style=\"color: #000000;\"><strong>Bassam Tawil<br \/>\n<\/strong><span style=\"color: #808080;\"><em>T\u0142umaczenie:<\/em><\/span><strong> Ma\u0142gorzata Koraszewska<\/strong><\/span><\/p>\n<hr style=\"height: 15px; background: #d0e6fa; width: 100%;\" \/>\n<div class=\"templateArticleIngress\" style=\"text-align: left;\"><span style=\"color: #000080;\">Antyizraelscy studenci na wielu kampusach uniwersyteckich w USA, Kanadzie, Australii i Europie cz\u0119sto skanduj\u0105 has\u0142o \u201eOd rzeki do morza Palestyna b\u0119dzie wolna\u201d.\u00a0To has\u0142o, kt\u00f3re zasadniczo oznacza, \u017ce Izrael nie ma prawa istnie\u0107 na ziemi mi\u0119dzy rzek\u0105 Jordan a Morzem \u015ar\u00f3dziemnym \u2013 innymi s\u0142owy na ca\u0142ej ziemi, kt\u00f3ra obecnie stanowi Izrael \u2013 od dawna jest popierane przez grupy islamistyczne, kt\u00f3re otwarcie wzywaj\u0105 do wyeliminowania Izraela.<\/span><\/div>\n<div class=\"templateArticleBrodtext\" style=\"text-align: left;\">\n<p style=\"text-align: left;\"><span style=\"color: #000080;\">To samo wezwanie zosta\u0142o powt\u00f3rzono na:<\/span><\/p>\n<ul>\n<li><strong>Niedawnym\u00a0<a href=\"https:\/\/twitter.com\/StopAntisemites\/status\/1655230927277006848?s=20\" target=\"_blank\" rel=\"noopener noreferrer\">spotkani<\/a>u\u00a0Rady Student\u00f3w Uniwersytetu w Sydney, podczas kt\u00f3rego cz\u0142onkowie rady uniemo\u017cliwili \u017cydowskim studentom przemawianie lub wywieszanie izraelskich flag w Dniu Niepodleg\u0142o\u015bci Izraela.<\/strong><\/li>\n<li><strong>Wiec 8 kwietnia pod nazw\u0105 \u201eR\u0119ce precz od [meczetu] Al-Aksa\u201d, zorganizowany przez kilka pro-palesty\u0144skich organizacji w Nowym Jorku.\u00a0Na wiecu m\u00f3wcy\u00a0<a href=\"https:\/\/www.memri.org\/tv\/speakers-at-nyc-rally-hands-off-al-aqsa-praise-palestinian-terrorists\" target=\"_blank\" rel=\"noopener noreferrer\">wychwalali<\/a>\u00a0palesty\u0144ski \u201eop\u00f3r\u201d i jego \u201em\u0119czennik\u00f3w\u201d i powtarzali to samo has\u0142o.<\/strong><\/li>\n<li><strong>Wydarzenie zorganizowane na pocz\u0105tku tego roku przez grupy \u017cydowskie na University College London, gdzie dziesi\u0105tki antyizraelskich aktywist\u00f3w\u00a0<a href=\"https:\/\/www.ynetnews.com\/article\/rkzsfmlti\" target=\"_blank\" rel=\"noopener noreferrer\">skandowa\u0142y<\/a>: \u201eUwolni\u0107 Palestyn\u0119 od rzeki do morza\u201d.<\/strong><\/li>\n<\/ul>\n<p style=\"text-align: left;\"><span style=\"color: #000080;\">\u201ePowinni\u015bmy wezwa\u0107 arabskie i muzu\u0142ma\u0144skie armie do wyzwolenia Palestyny\u201d &#8211;\u00a0<a style=\"color: #000080;\" href=\"https:\/\/www.ynetnews.com\/article\/rkzsfmlti\" target=\"_blank\" rel=\"noopener noreferrer\">powiedzia\u0142\u00a0<\/a>wyra\u017anie\u00a0jeden z m\u00f3wc\u00f3w na antyizraelskim zgromadzeniu.<\/span><\/p>\n<p style=\"text-align: left;\"><span style=\"color: #000080;\">Pod koniec zesz\u0142ego roku spo\u0142eczno\u015b\u0107 \u017cydowska z Northwestern University w Chicago by\u0142a\u00a0<a style=\"color: #000080;\" href=\"https:\/\/www.jpost.com\/diaspora\/antisemitism\/article-722453\" target=\"_blank\" rel=\"noopener noreferrer\">zszokowana<\/a>, widz\u0105c, \u017ce wydrukowane kopie artyku\u0142u o dumie \u017cydowskiej zosta\u0142y zamalowane s\u0142owami: \u201eOd rzeki do morza Palestyna b\u0119dzie wolna\u201d.<\/span><\/p>\n<p style=\"text-align: left;\"><span style=\"color: #000080;\">Nie spos\u00f3b wyobrazi\u0107 sobie, \u017ce dzia\u0142acze antyizraelscy nie maj\u0105 poj\u0119cia, \u017ce to has\u0142o jest powszechnym wezwaniem do broni dla tych, kt\u00f3rzy chc\u0105 zniszczy\u0107 Izrael.<\/span><\/p>\n<p style=\"text-align: left;\"><span style=\"color: #000080;\">Has\u0142o to odzwierciedla \u017cyczenia Iranu i jego terrorystycznych pe\u0142nomocnik\u00f3w \u2013 zw\u0142aszcza Hamasu, Palesty\u0144skiego Islamskiego D\u017cihadu (PIJ) i Hezbollahu \u2013 zast\u0105pienia Izraela pi\u0119\u0107dziesi\u0105tym si\u00f3dmym pa\u0144stwem\u00a0<a style=\"color: #000080;\" href=\"https:\/\/www.oic-oci.org\/\" target=\"_blank\" rel=\"noopener noreferrer\">islamskim\u00a0\u2013<\/a>\u00a0od rzeki Jordan po Morze \u015ar\u00f3dziemne.<\/span><\/p>\n<p style=\"text-align: left;\"><span style=\"color: #000080;\">Ira\u0144scy przyw\u00f3dcy i oficjele cz\u0119sto\u00a0<a style=\"color: #000080;\" href=\"https:\/\/www.theatlantic.com\/ideas\/archive\/2022\/07\/joe-biden-middle-east-israel-iran\/670530\/\" target=\"_blank\" rel=\"noopener noreferrer\">powtarzaj\u0105<\/a>, \u017ce ich celem jest \u201ewymazanie Izraela z mapy\u201d.\u00a0Niedawno Ministerstwo Spraw Zagranicznych Iranu powt\u00f3rzy\u0142o wezwanie,\u00a0<a style=\"color: #000080;\" href=\"https:\/\/www.almayadeen.net\/news\/politics\/%D8%A5%D9%8A%D8%B1%D8%A7%D9%86:-%D8%A7%D9%84%D9%85%D9%82%D8%A7%D9%88%D9%85%D8%A9-%D8%A7%D9%84%D9%81%D9%84%D8%B3%D8%B7%D9%8A%D9%86%D9%8A%D8%A9-%D9%88%D9%85%D8%AD%D9%88%D8%B1-%D8%A7%D9%84%D9%82%D8%AF%D8%B3-%D9%84%D9%86-%D9%8A%D8%AA%D8%A3%D8%AE%D8%B1%D8%A7-%D9%81%D9%8A-%D8%A7%D9%84%D8%AF%D9%81%D8%A7%D8%B9-%D8%B9https:\/www.almayadeen.net\/news\/politics\/%D8%A5%D9%8A%D8%B1%D8%A7%D9%86:-%D8%A7%D9%84%D9%85%D9%82%D8%A7%D9%88%D9%85%D8%A9-%D8%A7%D9%84%D9%81%D9%84%D8%B3%D8%B7%D9%8A%D9%86%D9%8A%D8%A9-%D9%88%D9%85%D8%AD%D9%88%D8%B1-%D8%A7%D9%84%D9%82%D8%AF%D8%B3-%D9%84%D9%86-%D9%8A%D8%AA%D8%A3%D8%AE%D8%B1%D8%A7-%D9%81%D9%8A-%D8%A7%D9%84%D8%AF%D9%81%D8%A7%D8%B9-%D8%B9\" target=\"_blank\" rel=\"noopener noreferrer\">oznajmiaj\u0105c<\/a>, Jerozolima jest \u201ewieczn\u0105 stolic\u0105 Palestyny, od rzeki do morza\u201d.<\/span><\/p>\n<p style=\"text-align: left;\"><span style=\"color: #000080;\">W przeddzie\u0144 swojej niedawnej wizyty w Syrii prezydent Iranu, Ebrahim Raisi, powt\u00f3rzy\u0142 \u017cyczenie swojego re\u017cimu, aby Izrael zosta\u0142\u00a0<a style=\"color: #000080;\" href=\"https:\/\/ar.timesofisrael.com\/%D8%A7%D9%84%D8%B1%D8%A6%D9%8A%D8%B3-%D8%A7%D9%84%D8%A5%D9%8A%D8%B1%D8%A7%D9%86%D9%8A-%D9%8A%D9%87%D8%AF%D8%AF-%D8%A8%D8%B2%D9%88%D8%A7%D9%84-%D8%A5%D8%B3%D8%B1%D8%A7%D8%A6%D9%8A%D9%84-%D9%81%D9%8A\/\" target=\"_blank\" rel=\"noopener noreferrer\">usuni\u0119ty<\/a>\u00a0[z powierzchni ziemi].<\/span><\/p>\n<p style=\"text-align: left;\"><span style=\"color: #000080;\">Hamas, wspierana przez Iran grupa terrorystyczna kontroluj\u0105ca Stref\u0119 Gazy, nigdy nie przegapi\u0142 okazji, by zadeklarowa\u0107 sw\u00f3j zamiar przekazania tego samego przes\u0142ania.\u00a0W grudniu 2022 r., w 35.\u00a0rocznic\u0119\u00a0swojego powstania,\u00a0<a style=\"color: #000080;\" href=\"https:\/\/www.alquds.co.uk\/%D8%AD%D9%85%D8%A7%D8%B3-%D8%AA%D8%B9%D9%84%D9%86-%D8%B4%D8%B9%D8%A7%D8%B1-%D8%B0%D9%83%D8%B1%D9%89-%D8%A7%D9%86%D8%B7%D9%84%D8%A7%D9%82%D8%AA%D9%87%D8%A7-%D8%A7%D9%84%D9%8035-%D9%81%D9%84%D8%B3\/\" target=\"_blank\" rel=\"noopener noreferrer\">Hamas<\/a>\u00a0ujawni\u0142 swoje has\u0142o: \u201ePalestyna od rzeki do morza\u201d.\u00a0Mapa towarzysz\u0105ca sloganowi przedstawia\u0142a \u2013 bez Izraela \u2013 ca\u0142y kraj od rzeki Jordan do Morza \u015ar\u00f3dziemnego.<\/span><\/p>\n<p style=\"text-align: left;\"><span style=\"color: #000080;\">Na pocz\u0105tku tego roku przyw\u00f3dca Hamasu, Ismail Hanijja, ponownie powt\u00f3rzy\u0142 cel swojej grupy, jakim jest zniszczenie Izraela,\u00a0<a style=\"color: #000080;\" href=\"https:\/\/www.taghribnews.com\/ar\/news\/456992\/%D9%81%D9%84%D8%B3%D8%B7%D9%8A%D9%86-%D9%83%D9%84%D9%87%D8%A7-%D8%A7%D9%84%D9%86%D9%87%D8%B1-%D8%A5%D9%84%D9%89-%D8%A7%D9%84%D8%A8%D8%AD%D8%B1-%D9%88%D9%85%D9%86-%D8%B1%D8%A3%D8%B3-%D8%A7%D9%84%D9%86%D8%A7%D9%82%D9%88%D8%B1%D8%A9-%D8%A3%D9%85-%D8%A7%D9%84%D8%B1%D8%B4%D8%B1%D8%A7%D8%B4-%D9%87%D9%8A-%D8%A3%D8%B1%D8%B6-%D9%88%D8%A7%D8%AD%D8%AF%D8%A9\" target=\"_blank\" rel=\"noopener noreferrer\">m\u00f3wi\u0105c<\/a>:<\/span><\/p>\n<blockquote>\n<p style=\"text-align: left;\"><strong>\u201eCa\u0142a Palestyna, od rzeki do morza i od Ras al-Nakuora [na granicy izraelsko-liba\u0144skiej] do Umm al-Raszrasz [Ejlat, najbardziej wysuni\u0119te na po\u0142udnie miasto Izraela], jest jednym krajem, kt\u00f3ry jest niepodzielny i nie mo\u017ce by\u0107 sprzedany ani przehandlowany\u201d.<\/strong><\/p>\n<\/blockquote>\n<p style=\"text-align: left;\"><span style=\"color: #000080;\">Rzecznik Hamasu, Husam Badran, r\u00f3wnie\u017c potwierdzi\u0142 poparcie swojej grupy dla wyeliminowania Izraela: \u201ePalestyna, kt\u00f3r\u0105 znamy, rozci\u0105ga si\u0119 od rzeki do morza \u2013 nie pomijaj\u0105c ani centymetra\u201d \u2013\u00a0<a style=\"color: #000080;\" href=\"blank%D9%81%D9%84%D8%B3%D8%B7%D9%8A%D9%86%20%D8%A7%D9%84%D8%AA%D9%8A%20%D9%86%D8%B9%D8%B1%D9%81%D9%87%D8%A7%20%D9%85%D9%86%20%D8%A7%D9%84%D8%A8%D8%AD%D8%B1%20%D8%A7%D9%95%D9%84%D9%89%20%D8%A7%D9%84%D9%86%D9%87%D8%B1%20%D8%BA%D9%8A%D8%B1%20%D9%85%D9%86%D9%82%D9%88%D8%B5%D8%A9%20%D8%B4%D8%A8%D8%B1%D9%8B%D8%A7%20%D9%88%D8%A7%D8%AD%D8%AF%D9%8B%D8%A7\" target=\"_blank\" rel=\"noopener noreferrer\">powiedzia\u0142<\/a>.<\/span><\/p>\n<p style=\"text-align: left;\"><span style=\"color: #000080;\">U\u017cywaj\u0105c tego has\u0142a, Iran i Hamas m\u00f3wi\u0105 bez ogr\u00f3dek, \u017ce na Bliskim Wschodzie nie ma miejsca dla pa\u0144stwa \u017cydowskiego.<\/span><\/p>\n<p style=\"text-align: left;\"><span style=\"color: #000080;\">M\u00f3wi\u0105 te\u017c, \u017ce ziemie rozci\u0105gaj\u0105ce si\u0119 od rzeki Jordan do Morza \u015ar\u00f3dziemnego s\u0105 w ca\u0142o\u015bci w\u0142asno\u015bci\u0105 muzu\u0142man\u00f3w i nie mog\u0105 by\u0107 oddane \u017cadnym nie-muzu\u0142manom.<\/span><\/p>\n<p style=\"text-align: left;\"><span style=\"color: #000080;\"><a style=\"color: #000080;\" href=\"https:\/\/avalon.law.yale.edu\/20th_century\/hamas.asp\" target=\"_blank\" rel=\"noopener noreferrer\"><br \/>\nArtyku\u0142 11<\/a>\u00a0Karty Hamasu nie pozostawia \u017cadnych w\u0105tpliwo\u015bci;\u00a0jest po prostu ludob\u00f3jczy:<\/span><\/p>\n<blockquote>\n<p style=\"text-align: left;\"><strong>\u201eRuch Islamskiej Republiki [Hamas] wierzy, \u017ce ziemia Palestyny jest islamskim Wakf po\u015bwi\u0119conym przysz\u0142ym pokoleniom muzu\u0142man\u00f3w a\u017c do Dnia S\u0105du Ostatecznego. Ona ani \u017cadna jej cz\u0119\u015b\u0107 nie powinna by\u0107 trwoniona; z niej, ani z \u017cadnej jej cz\u0119\u015bci nie mo\u017cna zrezygnowa\u0107. Ani jeden kraj arabski, ani wszystkie kraje arabskie, \u017caden kr\u00f3l ani prezydent, ani wszyscy kr\u00f3lowie i prezydenci, ani \u017cadna organizacja, ani wszyscy, czy to Palesty\u0144czycy, czy Arabowie, nie maj\u0105 prawa tego zrobi\u0107\u201d.<\/strong><\/p>\n<\/blockquote>\n<p style=\"text-align: left;\"><a href=\"https:\/\/avalon.law.yale.edu\/20th_century\/hamas.asp\" target=\"_blank\" rel=\"noopener noreferrer\"><span style=\"color: #000080;\">Artyku\u0142 13<\/span><\/a><span style=\"color: #000080;\">\u00a0Karty Hamasu otwarcie opowiada si\u0119 za u\u017cyciem przemocy w celu zabicia \u017byd\u00f3w i wyeliminowania Izraela:<\/span><\/p>\n<blockquote><p><strong>\u201eNie ma rozwi\u0105zania kwestii palesty\u0144skiej poza d\u017cihadem [\u015bwi\u0119t\u0105 wojn\u0105]\u201d.<\/strong><\/p><\/blockquote>\n<p style=\"text-align: left;\"><span style=\"color: #000080;\"><a style=\"color: #000080;\" href=\"https:\/\/avalon.law.yale.edu\/20th_century\/hamas.asp\" target=\"_blank\" rel=\"noopener noreferrer\">Artyku\u0142 15<\/a>\u00a0Karty Hamasu stanowi:<\/span><\/p>\n<blockquote>\n<p style=\"text-align: left;\"><strong>\u201eD\u017cihad jest indywidualnym obowi\u0105zkiem ka\u017cdego muzu\u0142manina\u2026 Konieczne jest zaszczepienie ducha d\u017cihadu w sercu narodu, aby stawi\u0142 czo\u0142a wrogom i do\u0142\u0105czy\u0142 do szereg\u00f3w bojownik\u00f3w\u201d.<\/strong><\/p>\n<\/blockquote>\n<p style=\"text-align: left;\"><span style=\"color: #000080;\">Podobnie Palesty\u0144ski Islamski D\u017cihad, inna wspierana przez Iran grupa terrorystyczna z siedzib\u0105 w Strefie Gazy, r\u00f3wnie\u017c nalega, aby ca\u0142y\u00a0<a style=\"color: #000080;\" href=\"https:\/\/www.britannica.com\/topic\/Palestinian-Islamic-Jihad\" target=\"_blank\" rel=\"noopener noreferrer\">kraj<\/a>\u00a0od rzeki Jordan do Morza \u015ar\u00f3dziemnego znalaz\u0142 si\u0119 pod rz\u0105dami islamu.\u00a0Podobnie jak Hamas, PIJ by\u0142 zaanga\u017cowany w niezliczone ataki terrorystyczne przeciwko Izraelowi i odrzuca prawo Izraela do istnienia.<\/span><\/p>\n<p style=\"text-align: left;\"><span style=\"color: #000080;\">Antyizraelscy aktywi\u015bci, kt\u00f3rzy skanduj\u0105 \u201eOd rzeki do morza Palestyna b\u0119dzie wolna\u201d \u2013 czy s\u0105 tego \u015bwiadomi, czy nie \u2013 popieraj\u0105 ideologi\u0119 ira\u0144skich mu\u0142\u0142\u00f3w, Hamasu i innych grup terrorystycznych, kt\u00f3re od dawna pracowa\u0142y nad osi\u0105gni\u0119ciem swojego celu zniszczenia Izraela.<\/span><\/p>\n<p style=\"text-align: left;\"><span style=\"color: #000080;\">Ci aktywi\u015bci, kt\u00f3rzy cz\u0119sto okre\u015blaj\u0105 siebie jako \u201epro-palesty\u0144scy\u201d, tak naprawd\u0119 nie troszcz\u0105 si\u0119 o Palesty\u0144czyk\u00f3w ani o \u201ewyzwolenie Palestyny\u201d.\u00a0Gdyby tak by\u0142o, wzywaliby zamiast tego do stworzenia lepszych mo\u017cliwo\u015bci dla Palesty\u0144czyk\u00f3w;\u00a0do rz\u0105d\u00f3w palesty\u0144skich, kt\u00f3re by\u0142yby mniej skorumpowane;\u00a0do r\u00f3wnego stosowania prawa pod palesty\u0144skim przyw\u00f3dztwem; do praw kobiet i dzieci oraz wolno\u015bci s\u0142owa, zgromadze\u0144 i prasy.<\/span><\/p>\n<p style=\"text-align: left;\"><span style=\"color: #000080;\">Obecni protestuj\u0105cy to wy\u0142\u0105cznie izraelo\u017cercy \u2013 tak naprawd\u0119 antysemici \u2013 kt\u00f3rzy sprzymierzyli si\u0119 z muzu\u0142ma\u0144skimi ekstremistami i terrorystami.<\/span><\/p>\n<p style=\"text-align: left;\"><span style=\"color: #000080;\">Skanduj\u0105c \u201eOd rzeki do morza Palestyna b\u0119dzie wolna\u201d na kampusie uniwersyteckim na Zachodzie lub na wiecu w Nowym Jorku, aktywi\u015bci ci s\u0142u\u017c\u0105 jako rzecznicy muzu\u0142ma\u0144skich terroryst\u00f3w, kt\u00f3rzy codziennie morduj\u0105 ludzi z zimn\u0105 krwi\u0105 w\u00a0<a style=\"color: #000080;\" href=\"https:\/\/www.dailywire.com\/news\/breaking-school-hit-after-palestinian-terrorists-fire-130-rockets-at-israel-in-under-5-minutes\" target=\"_blank\" rel=\"noopener noreferrer\">szko\u0142ach<\/a>,\u00a0<a style=\"color: #000080;\" href=\"https:\/\/www.nytimes.com\/2016\/06\/09\/world\/middleeast\/tel-aviv-shootings.html\" target=\"_blank\" rel=\"noopener noreferrer\">kawiarniach<\/a>\u00a0i na drogach, tak jak zamordowali\u00a0<a style=\"color: #000080;\" href=\"https:\/\/www.camera.org\/article\/ny-times-downplays-dee-family-murders-continuing-pattern\/\" target=\"_blank\" rel=\"noopener noreferrer\">\u017cydowsk\u0105 matk\u0119 i jej dwie c\u00f3rki<\/a>\u00a0w drodze na \u017cydowskie \u015bwi\u0119to.\u00a0Hamas\u00a0<a style=\"color: #000080;\" href=\"https:\/\/palinfo.com\/news\/2023\/05\/04\/834807\/\" target=\"_blank\" rel=\"noopener noreferrer\">chwali\u0142 si\u0119<\/a>\u00a0nawet, \u017ce jego ludzie stali za zab\u00f3jstwem brytyjskiej rodziny\u00a0<a style=\"color: #000080;\" href=\"https:\/\/www.camera.org\/article\/ny-times-downplays-dee-family-murders-continuing-pattern\/\" target=\"_blank\" rel=\"noopener noreferrer\">Dee<\/a>\u00a0ostrzeliwuj\u0105c ich samoch\u00f3d, a potem strzelaj\u0105c z bliska do bezbronnych kobiet w Dolinie Jordanu na pocz\u0105tku kwietnia.<\/span><\/p>\n<p style=\"text-align: left;\"><span style=\"color: #000080;\">Nast\u0119pnym razem, gdy kto\u015b us\u0142yszy has\u0142o \u201eod rzeki do morza\u201d w Stanach Zjednoczonych, Kanadzie lub Europie, powinien zauwa\u017cy\u0107, \u017ce wyra\u017ca poparcie dla re\u017cimu Iranu \u2013\u00a0<a style=\"color: #000080;\" href=\"https:\/\/www.theguardian.com\/world\/video\/2023\/may\/02\/schoolgirls-in-iran-say-they-are-still-being-poisoned-heres-what-we-know-video\" target=\"_blank\" rel=\"noopener noreferrer\">truj\u0105cego<\/a>\u00a0setki uczennic\u00a0i wieszaj\u0105cego w\u0142asnych obywateli za \u201eprzest\u0119pstwa\u201d, takie jak \u201e<a style=\"color: #000080;\" href=\"https:\/\/www.pressreader.com\/canada\/national-post-latest-edition\/20230509\/281676849248502\" target=\"_blank\" rel=\"noopener noreferrer\">obraza religii<\/a>\u201d \u2013 jak r\u00f3wnie\u017c dla ira\u0144skich grup terrorystycznych za granicami Iranu: Hamasu, Palesty\u0144skiego Islamskiego D\u017cihadu i Hezbollahu.<\/span><\/p>\n<hr \/>\n<p><span style=\"color: #808080;\"><em>*<strong>Bassam Tawil<\/strong> jest muzu\u0142ma\u0144skim badaczem i publicyst\u0105 mieszkaj\u0105cym na Bliskim Wschodzie.<\/em><\/span><\/p>\n<hr style=\"height: 15px; background: #d0e6fa; width: 100%;\" \/>\n<div id=\"content\" class=\"content-alignment\">\n<div id=\"watch-description\" class=\"yt-uix-button-panel\">\n<div id=\"watch-description-text\" style=\"text-align: center;\">\n<p><em>Zawarto\u015b\u0107 publikowanych artyku\u0142\u00f3w i materia\u0142\u00f3w nie reprezentuje pogl\u0105d\u00f3w ani opinii Reunion&#8217;68,<\/em><em><br \/>\nani te\u017c webmastera Blogu Reunion&#8217;68, chyba ze jest to wyra\u017anie zaznaczone.<br \/>\nTwoje uwagi, linki, w\u0142asne artyku\u0142y lub wiadomo\u015bci prze\u015blij na adres:<br \/>\n<\/em><span style=\"color: #000080;\"><strong><em><a style=\"color: #000080;\" href=\"mailto:webmaster@reunion68.com\"><span style=\"text-decoration: underline;\">webmaster@reunion68.com<\/span><\/a><\/em><\/strong><\/span><\/p>\n<\/div>\n<\/div>\n<\/div>\n<hr style=\"width: 100%;\" \/>\n<\/div>\n","protected":false},"excerpt":{"rendered":"<p>Prawdziwe znaczenie \u201cOd rzeki do morza Palestyna b\u0119dzie wolna\u201d Bassam Tawil T\u0142umaczenie: Ma\u0142gorzata Koraszewska Antyizraelscy studenci na wielu kampusach uniwersyteckich w USA, Kanadzie, Australii i Europie cz\u0119sto skanduj\u0105 has\u0142o \u201eOd rzeki do morza Palestyna b\u0119dzie wolna\u201d.\u00a0To has\u0142o, kt\u00f3re zasadniczo oznacza, \u017ce Izrael nie ma prawa istnie\u0107 na ziemi mi\u0119dzy rzek\u0105 Jordan a Morzem \u015ar\u00f3dziemnym \u2013 [&hellip;]<\/p>\n","protected":false},"author":1,"featured_media":0,"comment_status":"closed","ping_status":"closed","sticky":false,"template":"","format":"standard","meta":[],"categories":[6],"tags":[26,24],"_links":{"self":[{"href":"https:\/\/www.reunion68.se\/index.php?rest_route=\/wp\/v2\/posts\/104553"}],"collection":[{"href":"https:\/\/www.reunion68.se\/index.php?rest_route=\/wp\/v2\/posts"}],"about":[{"href":"https:\/\/www.reunion68.se\/index.php?rest_route=\/wp\/v2\/types\/post"}],"author":[{"embeddable":true,"href":"https:\/\/www.reunion68.se\/index.php?rest_route=\/wp\/v2\/users\/1"}],"replies":[{"embeddable":true,"href":"https:\/\/www.reunion68.se\/index.php?rest_route=%2Fwp%2Fv2%2Fcomments&post=104553"}],"version-history":[{"count":8,"href":"https:\/\/www.reunion68.se\/index.php?rest_route=\/wp\/v2\/posts\/104553\/revisions"}],"predecessor-version":[{"id":104565,"href":"https:\/\/www.reunion68.se\/index.php?rest_route=\/wp\/v2\/posts\/104553\/revisions\/104565"}],"wp:attachment":[{"href":"https:\/\/www.reunion68.se\/index.php?rest_route=%2Fwp%2Fv2%2Fmedia&parent=104553"}],"wp:term":[{"taxonomy":"category","embeddable":true,"href":"https:\/\/www.reunion68.se\/index.php?rest_route=%2Fwp%2Fv2%2Fcategories&post=104553"},{"taxonomy":"post_tag","embeddable":true,"href":"https:\/\/www.reunion68.se\/index.php?rest_route=%2Fwp%2Fv2%2Ftags&post=104553"}],"curies":[{"name":"wp","href":"https:\/\/api.w.org\/{rel}","templated":true}]}}