{"id":10458,"date":"2014-12-09T19:09:24","date_gmt":"2014-12-09T17:09:24","guid":{"rendered":"http:\/\/www.reunion68.se\/?p=10458"},"modified":"2014-12-08T18:18:17","modified_gmt":"2014-12-08T16:18:17","slug":"10458","status":"publish","type":"post","link":"https:\/\/www.reunion68.se\/?p=10458","title":{"rendered":"Adam Erdheim fotografie."},"content":{"rendered":"<h5 style=\"text-align: center;\"><img decoding=\"async\" class=\"center alignleft\" src=\"http:\/\/www.reunion68.com\/Biuletyn\/img\/adam.jpg\" alt=\"\" width=\"100\" \/><span style=\"color: #000080;\"><strong>Adam Erdheim fotografie.<\/strong><\/span><\/h5>\n<hr style=\"height: 15px; background: #d0e6fa; width: 710px;\" \/>\n<h5 style=\"text-align: center;\"><strong><span style=\"text-decoration: underline;\"><span style=\"color: #000080; text-decoration: underline;\"><a style=\"color: #000080; text-decoration: underline;\" href=\"https:\/\/plus.google.com\/photos\/109219625515572602710\/albums\/6090387258012970065\" target=\"_blank\">Galeria zdjec: Bazar R\u00f3\u017cyckiego in b\/w<\/a><\/span><\/span><\/strong><\/h5>\n<div style=\"width: 460px\" class=\"wp-caption alignright\"><a href=\"\/\/lh6.googleusercontent.com\/-M_OiwD62pdE\/VIVnEW6U7OI\/AAAAAAAAJBc\/EUXJDrioybg\/w1202-h801-no\/DSCF9981-Edit.jpg\"><img decoding=\"async\" class=\"HAa Eha\" src=\"\/\/lh6.googleusercontent.com\/-M_OiwD62pdE\/VIVnEW6U7OI\/AAAAAAAAJBc\/EUXJDrioybg\/w1202-h801-no\/DSCF9981-Edit.jpg\" alt=\"\" width=\"450\" \/><\/a><p class=\"wp-caption-text\"><span style=\"color: #000080;\"><em>Bazar R\u00f3\u017cyckiego in b\/w foto: Adam Erdheim<\/em><\/span><\/p><\/div>\n<p style=\"text-align: left;\"><span style=\"color: #000080;\">Prawa strona Warszawy<\/span><br \/>\n<span style=\"color: #000080;\"> Od wielu lat, odwiedzaj\u0105c miasto w kt\u00f3rym si\u0119 urodzi\u0142em, trzyma\u0142em si\u0119 jego lewej strony kt\u00f3r\u0105 znam i z kt\u00f3r\u0105 kojarzy mi si\u0119 moja m\u0142odo\u015b\u0107. Miasta praw\u0105 stron\u0119 zna\u0142em tylko w okolicy Zoo, Stadionu Dzies\u0119ciolecia i z odwiedzin u kilku znajomych na Saskiej K\u0119pie. No i raz z tej okazji \u017ce rodzice dali mi pieni\u0105dze na d\u017cinsy, z jedej wizyty na Bazarze R\u00f3\u017cyckiego na pocz\u0105tku lat 60-tych.<\/span><\/p>\n<p>&nbsp;<\/p>\n<p style=\"text-align: left;\"><span style=\"color: #000080;\">Kiedy\u00a0b\u0119d\u0105c w Warszawie w pa\u017cdzierniku tego roku zobaczy\u0142em notatk\u0119 o otwarciu Muzeum Pragi, pomy\u015bla\u0142em sobie \u017ce to mo\u017ce by\u0107 ciekawe \u017ceby obejrze\u0107 t\u0105 dla mnie egzotyczn\u0105 cze\u015b\u0107 miasta. Pojecha\u0142em wi\u0119c na otwarcie tego muzeum. Okaza\u0142o si\u0119\u017ce samo muzeum ma t\u0105 sam\u0105 koncepcj\u0119 wystawy co Muzeum Historii \u017byd\u00f3w Polskich t.zn. jest w pe\u0142ni wirtualne i tak jak MH\u017bP by\u0142o na poczatku, prawie ca\u0142kowicie puste. Tyle tylko \u017ce na Pradze nie ma potrzeby wystawiania takiej szopki jak obecnie w MH\u017bP, bo ju\u017c z tarasu muzeum wida\u0107 prawdziwy zabytek tej dzielnicy, Bazar R\u00f3\u017cyckiego.<\/span><\/p>\n<div style=\"width: 460px\" class=\"wp-caption alignleft\"><a style=\"color: #000080;\" href=\"\/\/lh3.googleusercontent.com\/-RrsBTHKsa54\/VIVnOmcw74I\/AAAAAAAAJDE\/VdHxlEmG2NA\/w1202-h801-no\/DSCF0599-Edit.jpg\"><img decoding=\"async\" class=\"HAa Eha\" src=\"\/\/lh3.googleusercontent.com\/-RrsBTHKsa54\/VIVnOmcw74I\/AAAAAAAAJDE\/VdHxlEmG2NA\/w1202-h801-no\/DSCF0599-Edit.jpg\" alt=\"\" width=\"450\" \/><\/a><p class=\"wp-caption-text\"><\/span> <span style=\"color: #000080;\"><em>Bazar R\u00f3\u017cyckiego in b\/w foto: Adam Erdheim<\/em><\/span><\/p><\/div>\n<p style=\"text-align: left;\"><span style=\"color: #000080;\">Podczas gdy MH\u017bP jest muzeum ludzi umar\u0142ych to Bazar R\u00f3\u017cyckiego jest umieraj\u0105cym muzeum. S\u0105 coprawda r\u00f3\u017cne koncepcje reanimacji bazaru. Jedym z pomys\u0142\u00f3w m\u0142odych architekt\u00f3w jest zagospodarownie terenu bazaru nowymi budkami ustawionymi w kszta\u0142cie gwiazdy Dawida, z fontann\u0105 w \u015brodku i z pomnikiem Juliana R\u00f3\u017cyckiego. Nie powiem co ja osobi\u015bcie o tym s\u0105dz\u0119 bo tych s\u0142\u00f3w webmaster i tak nie dopu\u015bci do publikacji. Ale s\u0142ysza\u0142em ju\u017c co r\u00f3\u017cni pra\u017canie o tym my\u015bl\u0105. Zgadnijcie sami.<\/span><\/p>\n<p>&nbsp;<\/p>\n<p>&nbsp;<\/p>\n<p>&nbsp;<\/p>\n<p style=\"text-align: left;\"><span style=\"color: #000080;\">Przy okazji dowiedzia\u0142em sie jednak troch\u0119 wi\u0119cej o historii tej cz\u0119sci miasta kt\u00f3ra w swoim czasie by\u0142a bardzo \u017cydowsk\u0105 dzielnic\u0105, okresami prawdopodobnie z wiekszo\u015bci\u0105 ludno\u015bci \u017cydowskiej. Za\u0142o\u017cyciel bazaru, pan R\u00f3zycki, \u017cyd na tyle m\u0105dry \u017ce nigdy nie wpad\u0142by na pomys\u0142 ustawiania stragan\u00f3w w kszta\u0142cie gwiazdy Dawida.<\/span><br \/>\n<span style=\"color: #000080;\"> Fotograficzne spacery po bazarze i wysi\u0142ek kt\u00f3ry w\u0142ozy\u0142em namawiaj\u0105c sprzedawc\u00f3w na fotografowanie musia\u0142em sobie wynagrodzi\u0107 dobrym objadem w ma\u0142ej knajpie t\u00f3\u017c za rogiem Z\u0105bkowskiej i Targowej, rzut beretem do bazaru.<\/span><\/p>\n<h5 style=\"text-align: center;\"><span style=\"text-decoration: underline; color: #000080;\"><strong><a style=\"color: #000080; text-decoration: underline;\" href=\"https:\/\/plus.google.com\/photos\/109219625515572602710\/albums\/6089859029686352929\" target=\"_blank\">Pyzy Pani Krysi<\/a><\/strong><\/span><\/h5>\n<div style=\"width: 460px\" class=\"wp-caption alignright\"><a href=\"\/\/lh5.googleusercontent.com\/-Klr4QHezxV4\/VIOGqla66TI\/AAAAAAAAI5c\/1oBB7VYrr3Q\/w1202-h762-no\/DSCF0345.jpg\"><img decoding=\"async\" class=\"HAa Eha\" src=\"\/\/lh5.googleusercontent.com\/-Klr4QHezxV4\/VIOGqla66TI\/AAAAAAAAI5c\/1oBB7VYrr3Q\/w1202-h762-no\/DSCF0345.jpg\" alt=\"\" width=\"450\" \/><\/a><p class=\"wp-caption-text\"><span style=\"color: #000080;\"><em> Pani Krysia foto: Adam Erdheim<\/em><\/span><\/p><\/div>\n<p style=\"text-align: left;\"><span style=\"color: #000080;\">Pyzy pani Krysi (tej na lewo na zdj\u0119ciu zza lady) wsparte pierogami i szarlotk\u0105 z herbat\u0105 postawi\u0142y mnie zowu na nogi. A przy okazji dowiedzi\u0142em si\u0119 \u017ce w soboty gra tam warszawska kapela wi\u0119c mia\u0142em pow\u00f3d do jeszce jednej wyprawy na Prag\u0119. I chyba nie ostatniej.<\/span><\/p>\n<hr style=\"height: 15px; background: #d0e6fa; width: 710px;\" \/>\n<div id=\"content\" class=\"  content-alignment&lt;br \/&gt;&lt;br \/&gt; \">\n<div id=\"watch-description\" class=\"yt-uix-button-panel\">\n<div id=\"watch-description-text\">\n<p style=\"text-align: center;\"><span style=\"color: #808080;\"> twoje uwagi, linki, wlasne artykuly, lub wiadomosci przeslij do: <strong><span style=\"text-decoration: underline;\"><span style=\"color: #808080; text-decoration: underline;\"><a href=\"mailto:webmaster@reunion68.com\">webmaster@reunion68.com<\/a><\/span><\/span><\/strong><\/span><\/p>\n<\/div>\n<\/div>\n<\/div>\n<p>&nbsp;<\/p>\n<hr style=\"width: 710px;\" \/>\n","protected":false},"excerpt":{"rendered":"<p>Adam Erdheim fotografie. Galeria zdjec: Bazar R\u00f3\u017cyckiego in b\/w Prawa strona Warszawy Od wielu lat, odwiedzaj\u0105c miasto w kt\u00f3rym si\u0119 urodzi\u0142em, trzyma\u0142em si\u0119 jego lewej strony kt\u00f3r\u0105 znam i z kt\u00f3r\u0105 kojarzy mi si\u0119 moja m\u0142odo\u015b\u0107. Miasta praw\u0105 stron\u0119 zna\u0142em tylko w okolicy Zoo, Stadionu Dzies\u0119ciolecia i z odwiedzin u kilku znajomych na Saskiej K\u0119pie. [&hellip;]<\/p>\n","protected":false},"author":1,"featured_media":0,"comment_status":"closed","ping_status":"closed","sticky":false,"template":"","format":"standard","meta":[],"categories":[6],"tags":[24],"_links":{"self":[{"href":"https:\/\/www.reunion68.se\/index.php?rest_route=\/wp\/v2\/posts\/10458"}],"collection":[{"href":"https:\/\/www.reunion68.se\/index.php?rest_route=\/wp\/v2\/posts"}],"about":[{"href":"https:\/\/www.reunion68.se\/index.php?rest_route=\/wp\/v2\/types\/post"}],"author":[{"embeddable":true,"href":"https:\/\/www.reunion68.se\/index.php?rest_route=\/wp\/v2\/users\/1"}],"replies":[{"embeddable":true,"href":"https:\/\/www.reunion68.se\/index.php?rest_route=%2Fwp%2Fv2%2Fcomments&post=10458"}],"version-history":[{"count":66,"href":"https:\/\/www.reunion68.se\/index.php?rest_route=\/wp\/v2\/posts\/10458\/revisions"}],"predecessor-version":[{"id":10525,"href":"https:\/\/www.reunion68.se\/index.php?rest_route=\/wp\/v2\/posts\/10458\/revisions\/10525"}],"wp:attachment":[{"href":"https:\/\/www.reunion68.se\/index.php?rest_route=%2Fwp%2Fv2%2Fmedia&parent=10458"}],"wp:term":[{"taxonomy":"category","embeddable":true,"href":"https:\/\/www.reunion68.se\/index.php?rest_route=%2Fwp%2Fv2%2Fcategories&post=10458"},{"taxonomy":"post_tag","embeddable":true,"href":"https:\/\/www.reunion68.se\/index.php?rest_route=%2Fwp%2Fv2%2Ftags&post=10458"}],"curies":[{"name":"wp","href":"https:\/\/api.w.org\/{rel}","templated":true}]}}