{"id":104643,"date":"2023-05-28T17:00:51","date_gmt":"2023-05-28T15:00:51","guid":{"rendered":"http:\/\/www.reunion68.se\/?p=104643"},"modified":"2023-05-28T10:16:08","modified_gmt":"2023-05-28T08:16:08","slug":"04-00-80","status":"publish","type":"post","link":"https:\/\/www.reunion68.se\/?p=104643","title":{"rendered":"German Authorities Must Prosecute Roger Waters For Holocaust Distortion At Berlin Concert"},"content":{"rendered":"<h5 style=\"text-align: center;\"><a href=\"https:\/\/www.wiesenthal.com\/\" target=\"_blank\" rel=\"noopener noreferrer\"><img decoding=\"async\" class=\"center alignleft\" src=\"https:\/\/secure2.convio.net\/swc\/images\/content\/pagebuilder\/logo.png\" alt=\"\" width=\"35%\" \/><\/a><span style=\"text-decoration: underline; color: #000080;\"><strong><a style=\"color: #000080; text-decoration: underline;\" href=\"https:\/\/www.wiesenthal.com\/about\/news\/swc-german-authorities-must.html\" target=\"_blank\" rel=\"noopener noreferrer\">German Authorities Must Prosecute Roger Waters For Holocaust Distortion At Berlin Concert<\/a><\/strong><\/span><\/h5>\n<p style=\"text-align: center;\"><span style=\"color: #000000;\"><strong>Simon Wiesenthal Center<\/strong><\/span><\/p>\n<hr style=\"height: 15px; background: #d0e6fa; width: 100%;\" \/>\n<p style=\"text-align: left;\"><span style=\"color: #000080;\">The <strong>Simon Wiesenthal Center<\/strong> is calling on German authorities to prosecute Pink Floyd front man and anti-Israel zealot Roger Waters who embraced Holocaust distortion during a recent concert at the Mercedes Benz Stadium.<\/span><\/p>\n<p style=\"text-align: left;\"><span style=\"color: #000080;\">During the show, the names Anne Frank and Shireen Abu Akleh were projected side by side, drawing an equivalence between the teenage Holocaust victim and the Palestinian journalist who was accidentally shot dead while covering Israel\u2019s operation in the West Bank last year. Waters also dressed in the style of an SS soldier with an armband and firing a dummy rifle during the concert.<\/span><\/p>\n<p><img decoding=\"async\" class=\"aligncenter\" src=\"https:\/\/www.wiesenthal.com\/about\/news\/waters_berlin1.png\" width=\"100%\" \/><\/p>\n<p style=\"text-align: left;\"><span style=\"color: #000080;\"><strong>\u201cShame on Frankfurt authorities and Mercedes Benz arena in Berlin for providing anti-Semite Roger Waters this venue for his concert. Jewish community\u2019s concerns be damned\u2026 So will Germany prosecute Waters for Holocaust distortion or will promoters rush to book the anti-Semite for more lurid 3-D anti-Israel hate fests masquerading as concerts?,\u201d<\/strong> demanded Rabbi Abraham Cooper, Associate Dean and Director of Global Social Action.<\/span><\/p>\n<p style=\"text-align: left;\"><span style=\"color: #000080;\">There are few performers whose anti-Israel vitriol can match that of Waters. Despite his protests to the contrary, Waters has, for years, crossed the line between anti-Zionism and anti-Semitism [Waters has been included in SWC\u2019s 2013 Top 10 anti-Semitic Events as well as in 2018].<\/span><\/p>\n<p style=\"text-align: left;\"><span style=\"color: #000080;\">For further information, please email Michele Alkin, Director of Global Communications at malkin@wiesenthal.com or Shawn Rodgers at srodgers@wiesenthal.com, join the Center on Facebook, or follow @simonwiesenthal for news updates sent directly to your Twitter feed.<\/span><\/p>\n<p style=\"text-align: left;\"><span style=\"color: #000080;\">The Simon Wiesenthal Center is one of the largest international Jewish human rights organizations in the United States. It is an NGO at international agencies including the United Nations, UNESCO, the OSCE, the OAS, the Council of Europe and the Latin American Parliament (Parlatino).<\/span><\/p>\n<hr style=\"height: 15px; background: #d0e6fa; width: 100%;\" \/>\n<div id=\"content\" class=\"content-alignment\">\n<div id=\"watch-description\" class=\"yt-uix-button-panel\">\n<div id=\"watch-description-text\" style=\"text-align: center;\">\n<p><em>Zawarto\u015b\u0107 publikowanych artyku\u0142\u00f3w i materia\u0142\u00f3w nie reprezentuje pogl\u0105d\u00f3w ani opinii Reunion&#8217;68,<\/em><em><br \/>\nani te\u017c webmastera Blogu Reunion&#8217;68, chyba ze jest to wyra\u017anie zaznaczone.<br \/>\nTwoje uwagi, linki, w\u0142asne artyku\u0142y lub wiadomo\u015bci prze\u015blij na adres:<br \/>\n<\/em><span style=\"color: #000080;\"><strong><em><a style=\"color: #000080;\" href=\"mailto:webmaster@reunion68.com\"><span style=\"text-decoration: underline;\">webmaster@reunion68.com<\/span><\/a><\/em><\/strong><\/span><\/p>\n<\/div>\n<\/div>\n<\/div>\n<hr style=\"width: 100%;\" \/>\n","protected":false},"excerpt":{"rendered":"<p>German Authorities Must Prosecute Roger Waters For Holocaust Distortion At Berlin Concert Simon Wiesenthal Center The Simon Wiesenthal Center is calling on German authorities to prosecute Pink Floyd front man and anti-Israel zealot Roger Waters who embraced Holocaust distortion during a recent concert at the Mercedes Benz Stadium. During the show, the names Anne Frank [&hellip;]<\/p>\n","protected":false},"author":1,"featured_media":0,"comment_status":"closed","ping_status":"closed","sticky":false,"template":"","format":"standard","meta":[],"categories":[6],"tags":[26,24],"_links":{"self":[{"href":"https:\/\/www.reunion68.se\/index.php?rest_route=\/wp\/v2\/posts\/104643"}],"collection":[{"href":"https:\/\/www.reunion68.se\/index.php?rest_route=\/wp\/v2\/posts"}],"about":[{"href":"https:\/\/www.reunion68.se\/index.php?rest_route=\/wp\/v2\/types\/post"}],"author":[{"embeddable":true,"href":"https:\/\/www.reunion68.se\/index.php?rest_route=\/wp\/v2\/users\/1"}],"replies":[{"embeddable":true,"href":"https:\/\/www.reunion68.se\/index.php?rest_route=%2Fwp%2Fv2%2Fcomments&post=104643"}],"version-history":[{"count":6,"href":"https:\/\/www.reunion68.se\/index.php?rest_route=\/wp\/v2\/posts\/104643\/revisions"}],"predecessor-version":[{"id":104661,"href":"https:\/\/www.reunion68.se\/index.php?rest_route=\/wp\/v2\/posts\/104643\/revisions\/104661"}],"wp:attachment":[{"href":"https:\/\/www.reunion68.se\/index.php?rest_route=%2Fwp%2Fv2%2Fmedia&parent=104643"}],"wp:term":[{"taxonomy":"category","embeddable":true,"href":"https:\/\/www.reunion68.se\/index.php?rest_route=%2Fwp%2Fv2%2Fcategories&post=104643"},{"taxonomy":"post_tag","embeddable":true,"href":"https:\/\/www.reunion68.se\/index.php?rest_route=%2Fwp%2Fv2%2Ftags&post=104643"}],"curies":[{"name":"wp","href":"https:\/\/api.w.org\/{rel}","templated":true}]}}