{"id":104664,"date":"2023-05-29T17:05:31","date_gmt":"2023-05-29T15:05:31","guid":{"rendered":"http:\/\/www.reunion68.se\/?p=104664"},"modified":"2023-05-29T09:19:20","modified_gmt":"2023-05-29T07:19:20","slug":"05-05-88","status":"publish","type":"post","link":"https:\/\/www.reunion68.se\/?p=104664","title":{"rendered":"Jew-Hatred Struts the Stage in Berlin"},"content":{"rendered":"<h5 style=\"text-align: center;\"><a href=\"https:\/\/www.algemeiner.com\/\" target=\"_blank\" rel=\"noopener noreferrer\"><img decoding=\"async\" class=\"center alignleft\" src=\"http:\/\/www.reunion68.com\/Biuletyn\/img\/algem.png\" alt=\"\" width=\"35%\" \/><\/a><span style=\"text-decoration: underline; color: #000080;\"><span><strong><a style=\"color: #000080; text-decoration: underline;\" href=\"https:\/\/www.algemeiner.com\/2023\/05\/28\/jew-hatred-struts-the-stage-in-berlin\/\" target=\"_blank\" rel=\"noopener noreferrer\">Jew-Hatred Struts the Stage in Berlin<\/a><\/strong><\/span><\/span><\/h5>\n<p style=\"text-align: center;\"><span style=\"color: #000000;\"><strong>Melanie Phillips \/ JNS.org<\/strong><\/span><\/p>\n<hr style=\"height: 15px; background: #d0e6fa; width: 100%;\" \/>\n<p style=\"text-align: center;\"><img decoding=\"async\" class=\"aligncenter\" src=\"https:\/\/www.algemeiner.com\/wp-content\/uploads\/2023\/05\/Screen-Shot-2023-05-24-at-10.23.08-AM.jpg\" width=\"100%\" \/><span style=\"color: #808080;\"><em>A screen backdrop at Roger Waters\u2019 concert in Berlin with the names of Holocaust diarist Anne Frank and Palestinian journalist Shireen Abu Akleh. Photo: Twitter<\/em><\/span><\/p>\n<p style=\"text-align: left;\"><span style=\"color: #000080;\">The unspeakable performance by Roger Waters in Berlin last week crossed a number of new red lines, even for him.<\/span><\/p>\n<p class=\"wp-block-paragraph\" style=\"text-align: left;\"><span style=\"color: #000080;\">The former Pink Floyd guitarist has long been infamous for his venomous attacks on Israel and antisemitic remarks. Few, though, could ever have imagined that he would be allowed to stage the obscene performance he put on at Berlin\u2019s Mercedes-Benz arena.<\/span><\/p>\n<p class=\"wp-block-paragraph\" style=\"text-align: left;\"><span style=\"color: #000080;\">As described on the German website\u00a0<a style=\"color: #000080;\" href=\"https:\/\/www.belltower.news\/roger-waters-konzert-in-berlin-ich-bin-kein-antisemit-aber-149637\/\" target=\"_blank\" rel=\"noreferrer noopener\">Bell Tower,\u00a0<\/a>Waters displayed the names of people supposedly killed because of their identity. In an odious comparison, Anne Frank, who was indeed murdered because she was a Jew, was displayed as equivalent to Shireen Abu Akleh, the\u00a0<em>Al Jazeera<\/em>\u00a0journalist who was shot dead while covering clashes between Israeli troops and Palestinian gunmen in Jenin.<\/span><\/p>\n<p class=\"wp-block-paragraph\" style=\"text-align: left;\"><span style=\"color: #000080;\">Dressed in a Waffen SS\u00a0<a style=\"color: #000080;\" href=\"https:\/\/www.jns.org\/jns\/antisemitism\/23\/5\/24\/290517\/\" target=\"_blank\" rel=\"noreferrer noopener\">uniform<\/a>\u00a0under fascist-style banners hanging from the roof, Waters pretended to fire on the audience with a dummy rifle. When he exchanged this for a keffiyeh in an unsubtle reference to Israel and the Palestinian Arabs, the giant LED screen flashed up: \u201cF*** bombing people in their homes. F*** the occupation. You can\u2019t have occupation and human rights.\u201d<\/span><\/p>\n<p class=\"wp-block-paragraph\" style=\"text-align: left;\"><span style=\"color: #000080;\">In a speech bubble displayed on that screen, a fragment of dialogue channeled Jewish conspiracy theory by suggesting that the world was controlled by a cabal of wealthy individuals who were secretly pulling all the strings.<\/span><\/p>\n<p class=\"wp-block-paragraph\" style=\"text-align: left;\"><span style=\"color: #000080;\">This diabolical spectacle of Jew-hatred received a standing ovation from the audience. And this happened in Berlin, the very epicenter of the Shoah.<\/span><\/p>\n<p class=\"wp-block-paragraph\" style=\"text-align: left;\"><span style=\"color: #000080;\">Many who visit Berlin speak about the \u201cimpressive\u201d or \u201cmoving\u201d Holocaust memorial there. The fact that Waters could nevertheless stage this obscenity in that very city shows how thinking has become badly skewed.<\/span><\/p>\n<p class=\"wp-block-paragraph\" style=\"text-align: left;\"><span style=\"color: #000080;\">There is now an unprecedented amount of Holocaust memorializing and education in the West. Yet the Shoah is nevertheless routinely misappropriated, trivialized and demeaned.<\/span><\/p>\n<p class=\"wp-block-paragraph\" style=\"text-align: left;\"><span style=\"color: #000080;\">Words like \u201cNazi,\u201d \u201cfascism\u201d and \u201cholocaust\u201d are now used to describe a dizzying range of presumed social ills. Meanwhile, verbal and physical attacks on Jews are becoming ever more frequent and brazen.<\/span><\/p>\n<p class=\"wp-block-paragraph\" style=\"text-align: left;\"><span style=\"color: #000080;\">There are several reasons for this frightening trend. But Holocaust memorializing has itself played an unwitting part.<\/span><\/p>\n<p class=\"wp-block-paragraph\" style=\"text-align: left;\"><span style=\"color: #000080;\">The demonization of the Jews is, of course, the never-ending hatred, as is the corresponding impulse to deny Jewish suffering. At the core of the form it takes today lies moral relativism\u2014the replacement of objective truth by personal opinion, feelings and emotion. Relativism means no one\u2019s values or status can be higher or lower than anyone else\u2019s.<\/span><\/p>\n<p class=\"wp-block-paragraph\" style=\"text-align: left;\"><span style=\"color: #000080;\">There can be no hierarchy of suffering. So Jews can never be allowed to make the justifiable claim that the Jewish people are unique, or that antisemitism is unique, or that the Nazi genocide of the Jews was unique.<\/span><\/p>\n<p class=\"wp-block-paragraph\" style=\"text-align: left;\"><span style=\"color: #000080;\">Of course, this so-called equal status merely produces an inverted hierarchy in which good and bad, truth and lies, victim and victimizer are reversed.<\/span><\/p>\n<p class=\"wp-block-paragraph\" style=\"text-align: left;\"><span style=\"color: #000080;\">That\u2019s one reason why, in the minds of progressives for whom relativism is a kind of faith, Israel is an oppressor and its Palestinian attackers are its victims.<\/span><\/p>\n<p class=\"wp-block-paragraph\" style=\"text-align: left;\"><span style=\"color: #000080;\">That\u2019s why such progressives can\u2019t acknowledge that the fate of Israeli victims of Palestinian terrorism is in a different moral universe from the fate of the Palestinians.<\/span><\/p>\n<p class=\"wp-block-paragraph\" style=\"text-align: left;\"><span style=\"color: #000080;\">That\u2019s why\u00a0<em>CNN<\/em>\u00a0chief international anchor Christiane Amanpour misrepresented the point-blank murder of Lucy Dee and her daughters by Palestinian terrorists in the disputed territories of Judea and Samaria as a \u201cshootout\u201d; and why Amanpour\u2019s belated and lame attempt at an apology, altering \u201cshootout\u201d to the scarcely less distorted \u201cshooting,\u201d merely compounded the offense.<\/span><\/p>\n<p class=\"wp-block-paragraph\" style=\"text-align: left;\"><span style=\"color: #000080;\">It\u2019s why Waters so disgustingly equated Anne Frank with Shireen Abu Akleh, who was killed not because she was a Palestinian-American but because she had put herself in harm\u2019s way by standing in the middle of a fire-fight.<\/span><\/p>\n<p class=\"wp-block-paragraph\" style=\"text-align: left;\"><span style=\"color: #000080;\">And unfortunately, this most immoral equivalence has now become embedded into much Holocaust education and memorializing, which equate the genocide of the Jews with \u201cother genocides.\u201d<\/span><\/p>\n<p class=\"wp-block-paragraph\" style=\"text-align: left;\"><span style=\"color: #000080;\">In his book\u00a0<em>The End of the Holocaust<\/em>, Alvin Rosenfeld observed that the Anne Frank story has been reframed to articulate the need to overcome racism and homophobia, prevent mass murder and promote tolerance and kindness.<\/span><\/p>\n<p class=\"wp-block-paragraph\" style=\"text-align: left;\"><span style=\"color: #000080;\">Jews like Anne Frank, however, were wiped out not because of a lack of tolerance or kindness or through prejudice but because of a derangement beyond comprehension directed at the Jewish people.<\/span><\/p>\n<p class=\"wp-block-paragraph\" style=\"text-align: left;\"><span style=\"color: #000080;\">In\u00a0<a style=\"color: #000080;\" href=\"https:\/\/mosaicmagazine.com\/essay\/history-ideas\/2016\/02\/the-problem-with-jewish-museums\/\" target=\"_blank\" rel=\"noreferrer noopener\"><em>Mosaic<\/em><\/a>\u00a0in 2016, Edward Rothstein wrote that Holocaust museums flinched from emphasizing the uniqueness of Jewish suffering. No such museum, he observed, could seemingly be complete without invoking other 20th-century genocides in Rwanda, Darfur or Cambodia.<\/span><\/p>\n<p class=\"wp-block-paragraph\" style=\"text-align: left;\"><span style=\"color: #000080;\">If we are all guilty, though, then no one is guilty. More balefully still, if everyone can be a Nazi so, too, can the Jews. Holocaust universalism has thus led directly to the demonization of Israel by people claiming to be anti-racist.<\/span><\/p>\n<p class=\"wp-block-paragraph\" style=\"text-align: left;\"><span style=\"color: #000080;\">In Britain, this is one reason why there have been strenuous objections to the Holocaust memorial and education center that the government wants to construct in a small park next to the Houses of Parliament. The project has been derailed by the late discovery of a planning law that forbids any such construction in this park, a law that the government is determined to overturn.<\/span><\/p>\n<p class=\"wp-block-paragraph\" style=\"text-align: left;\"><span style=\"color: #000080;\">Aside from environmental objections, significant concerns have long been expressed that the message to be delivered by this center will relativize and thus devalue the Holocaust. These objections have been brushed aside by the government and the project\u2019s backers in the Jewish community leadership.<\/span><\/p>\n<p class=\"wp-block-paragraph\" style=\"text-align: left;\"><span style=\"color: #000080;\">However, the government itself has now given the game away by acknowledging that the main purpose of this center is not to commemorate the genocide of the Jews. As Housing Minister Baroness Scott disclosed earlier this month, its aim is to ensure that the story of what happened in the Holocaust \u201cresonates with the public.\u201d<\/span><\/p>\n<p class=\"wp-block-paragraph\" style=\"text-align: left;\"><span style=\"color: #000080;\">And how will it do that? By denying the unique nature of the Jewish genocide. \u201cThe content will also address genocides in Cambodia, Rwanda, Bosnia and Darfur,\u201d\u00a0she said.<\/span><\/p>\n<p class=\"wp-block-paragraph\" style=\"text-align: left;\"><span style=\"color: #000080;\">This drew a furious\u00a0<a style=\"color: #000080;\" href=\"https:\/\/www.thejc.com\/news\/politics\/government-accused-of-diluting-meaning-of-holocaust-with-westminster-memorial-plans-6Mvt406PQ90pTnCTMP216f?\" target=\"_blank\" rel=\"noreferrer noopener\">response<\/a>\u00a0from one of the leading opponents of the project, Baroness Deech, who said it would \u201cdemote the Shoah.\u201d<\/span><\/p>\n<p class=\"wp-block-paragraph\" style=\"text-align: left;\"><span style=\"color: #000080;\">Deech, who is Jewish and whose late father, historian Josef Fraenkel, fled the Nazis, said: \u201cIt would prompt generalities about hate and intolerance and would drain the presentation of the Shoah from its antisemitic origins dating back thousands of years.\u201d<\/span><\/p>\n<p class=\"wp-block-paragraph\" style=\"text-align: left;\"><span style=\"color: #000080;\">She went on: \u201cThey are going to put forward the message that if you see something bad going on, you must not be a bystander.\u00a0If it\u2019s just \u2018don\u2019t be a bystander,\u2019 I don\u2019t see how that helps people understand antisemitism and the plight of the Jews.\u201d<\/span><\/p>\n<p class=\"wp-block-paragraph\" style=\"text-align: left;\"><span style=\"color: #000080;\">Deech was backed by Gary Mond, chairman of the National Jewish Assembly, who said: \u201cThe main concern is that there must be no dilution to the principle that the Holocaust was totally unique and incomparable.\u201d<\/span><\/p>\n<p class=\"wp-block-paragraph\" style=\"text-align: left;\"><span style=\"color: #000080;\">But that message will be utterly diluted by this proposed memorial.<\/span><\/p>\n<p class=\"wp-block-paragraph\" style=\"text-align: left;\"><span style=\"color: #000080;\">The government is being egged on by Jewish community leaders who refuse to get the point. Instead, they have bullied objectors to the project and vilified them as antisemites, despite the fact that a number of them are Jews.<\/span><\/p>\n<p class=\"wp-block-paragraph\" style=\"text-align: left;\"><span style=\"color: #000080;\">These leaders are thus weaponizing antisemitism to drive through a project that will instrumentalize antisemitism, in order to deliver a message that will betray the memory of Jews murdered in the Shoah by diminishing their unique fate.<\/span><\/p>\n<p class=\"wp-block-paragraph\" style=\"text-align: left;\"><span style=\"color: #000080;\">Universalizing the Holocaust has happened for two reasons. The non-Jewish world wants to share the protected moral status of being victims of the greatest crime in history by claiming other evils are just as bad. Diaspora Jews, desperate not to be viewed as different, are terrified of asserting Jewish uniqueness, even over this.<\/span><\/p>\n<p class=\"wp-block-paragraph\" style=\"text-align: left;\"><span style=\"color: #000080;\">Meanwhile, a depraved antisemite struts the stage in Berlin.<\/span><\/p>\n<hr style=\"height: 15px; background: #d0e6fa; width: 100%;\" \/>\n<div id=\"content\" class=\"content-alignment\">\n<div id=\"watch-description\" class=\"yt-uix-button-panel\">\n<div id=\"watch-description-text\" style=\"text-align: center;\">\n<p><em>Zawarto\u015b\u0107 publikowanych artyku\u0142\u00f3w i materia\u0142\u00f3w nie reprezentuje pogl\u0105d\u00f3w ani opinii Reunion&#8217;68,<\/em><em><br \/>\nani te\u017c webmastera Blogu Reunion&#8217;68, chyba ze jest to wyra\u017anie zaznaczone.<br \/>\nTwoje uwagi, linki, w\u0142asne artyku\u0142y lub wiadomo\u015bci prze\u015blij na adres:<br \/>\n<\/em><span style=\"color: #000080;\"><strong><em><a style=\"color: #000080;\" href=\"mailto:webmaster@reunion68.com\"><span style=\"text-decoration: underline;\">webmaster@reunion68.com<\/span><\/a><\/em><\/strong><\/span><\/p>\n<\/div>\n<\/div>\n<\/div>\n<hr style=\"width: 100%;\" \/>\n","protected":false},"excerpt":{"rendered":"<p>Jew-Hatred Struts the Stage in Berlin Melanie Phillips \/ JNS.org A screen backdrop at Roger Waters\u2019 concert in Berlin with the names of Holocaust diarist Anne Frank and Palestinian journalist Shireen Abu Akleh. Photo: Twitter The unspeakable performance by Roger Waters in Berlin last week crossed a number of new red lines, even for him. [&hellip;]<\/p>\n","protected":false},"author":1,"featured_media":0,"comment_status":"closed","ping_status":"closed","sticky":false,"template":"","format":"standard","meta":[],"categories":[6],"tags":[26,24],"_links":{"self":[{"href":"https:\/\/www.reunion68.se\/index.php?rest_route=\/wp\/v2\/posts\/104664"}],"collection":[{"href":"https:\/\/www.reunion68.se\/index.php?rest_route=\/wp\/v2\/posts"}],"about":[{"href":"https:\/\/www.reunion68.se\/index.php?rest_route=\/wp\/v2\/types\/post"}],"author":[{"embeddable":true,"href":"https:\/\/www.reunion68.se\/index.php?rest_route=\/wp\/v2\/users\/1"}],"replies":[{"embeddable":true,"href":"https:\/\/www.reunion68.se\/index.php?rest_route=%2Fwp%2Fv2%2Fcomments&post=104664"}],"version-history":[{"count":5,"href":"https:\/\/www.reunion68.se\/index.php?rest_route=\/wp\/v2\/posts\/104664\/revisions"}],"predecessor-version":[{"id":104686,"href":"https:\/\/www.reunion68.se\/index.php?rest_route=\/wp\/v2\/posts\/104664\/revisions\/104686"}],"wp:attachment":[{"href":"https:\/\/www.reunion68.se\/index.php?rest_route=%2Fwp%2Fv2%2Fmedia&parent=104664"}],"wp:term":[{"taxonomy":"category","embeddable":true,"href":"https:\/\/www.reunion68.se\/index.php?rest_route=%2Fwp%2Fv2%2Fcategories&post=104664"},{"taxonomy":"post_tag","embeddable":true,"href":"https:\/\/www.reunion68.se\/index.php?rest_route=%2Fwp%2Fv2%2Ftags&post=104664"}],"curies":[{"name":"wp","href":"https:\/\/api.w.org\/{rel}","templated":true}]}}