{"id":104694,"date":"2023-06-06T17:05:58","date_gmt":"2023-06-06T15:05:58","guid":{"rendered":"http:\/\/www.reunion68.se\/?p=104694"},"modified":"2023-05-30T08:15:11","modified_gmt":"2023-05-30T06:15:11","slug":"06-05-90","status":"publish","type":"post","link":"https:\/\/www.reunion68.se\/?p=104694","title":{"rendered":"How Religious Jews Became Official Scapegoats of COVID Policy"},"content":{"rendered":"<h5 style=\"text-align: center;\"><a href=\"https:\/\/www.tabletmag.com\/\" target=\"_blank\" rel=\"noopener noreferrer\"><img decoding=\"async\" class=\"center alignleft\" src=\"http:\/\/www.reunion68.com\/Biuletyn\/img\/tablet-1.png\" alt=\"\" width=\"35%\" \/><\/a><span style=\"text-decoration: underline; color: #000080;\"><span><strong><a style=\"color: #000080; text-decoration: underline;\" href=\"https:\/\/www.tabletmag.com\/sections\/news\/articles\/how-religious-jews-became-official-scapegoats-covid-policy\" target=\"_blank\" rel=\"noopener noreferrer\">How Religious Jews Became Official Scapegoats of COVID Policy<\/a><\/strong><\/span><\/span><\/h5>\n<p style=\"text-align: center;\"><span style=\"color: #000000;\"><strong><br \/>\nMOSHE KRAKOWSKI<\/strong><\/span><\/p>\n<hr style=\"height: 15px; background: #d0e6fa; width: 100%;\" \/>\n<h4 style=\"text-align: center;\"><span style=\"color: #808080;\"><strong>Debates surrounding the pandemic continue to rely on false narratives about Haredim.<\/strong><\/span><br \/>\n.<\/h4>\n<p style=\"text-align: center;\"><img decoding=\"async\" src=\"https:\/\/tablet-mag-images.b-cdn.net\/production\/413b7c43f84c19cdcc1ed58df8f12cd776ddb9b8-4000x2666.jpg?auto=format\" width=\"100%\" \/><span style=\"color: #808080;\"><em>People congregate outside of the Congregation Yetev Lev D\u2019Satmar synagogue on Oct. 19, 2020, in Brooklyn\u2019s Williamsburg neighborhood. A wedding planned for a grandchild of Zalman Leib Teitelbaum, a grand rabbi of the Satmar sect, was ordered to be shut down after New York City authorities were alerted that the event could draw as many as 10,000 celebrants to Williamsburg during a COVID-19 outbreak in the community.SPENCER PLATT\/GETTY IMAGES<\/em><\/span><\/p>\n<div class=\"BlockContent col-12 lg:col-10 xl-wide:col-8 mxauto\">\n<p style=\"text-align: left;\"><span style=\"color: #000080;\">Dr. Anthony Fauci became famous early on in the pandemic for his dedication to lockdowns and masking. For many, this made him a hero\u2014and anyone who questioned or defied these measures a villain. Perhaps no one in the country became greater COVID pariahs than religious Jews. \u201cJust drove through Hasidic Williamsburg. Saw at least 250 people, and not a *single* person was wearing a mask,\u201d\u00a0<em>New York Times<\/em>\u00a0reporter Eliza Shapiro\u00a0<a style=\"color: #000080;\" href=\"https:\/\/www.theyeshivaworld.com\/news\/featured\/1865926\/look-the-ny-times-once-again-shows-their-true-colors.html\">tweeted<\/a>\u00a0in outrage in May 2020.<\/span><\/p>\n<\/div>\n<div class=\"BlockContent col-12 lg:col-10 xl-wide:col-8 mxauto\" style=\"text-align: left;\"><\/div>\n<div class=\"BlockContent col-12 lg:col-10 xl-wide:col-8 mxauto\" style=\"text-align: left;\">\n<p><span style=\"color: #000080;\">But rhetoric about COVID has changed. Officials who once advocated for harsh restrictions are quietly seeking to distance themselves from their earlier positions. It\u2019s clear why Fauci, along with former New York City Mayor Bill de Blasio and President of the American Federation of Teachers Randi Weingarten would like to revise the record. The policies they supported are no longer popular.\u00a0There\u2019s mounting evidence that restrictions like\u00a0<a style=\"color: #000080;\" href=\"https:\/\/shared.outlook.inky.com\/link?domain=www.cochranelibrary.com&amp;t=h.eJw9jUtugzAUAK8SeZ36-RFsIKtIzUUe_gDC4MjYQajq3VtHUZYzi5kflqNn1xMbU3psV4B937kOeoy0Wj_1keLxzwtos0UwYQIUHIWoAGslsZUt_74LoSrR8EfuFbjsPTuf2FyiT_ITrSlZPa7Bh-H4StR7mxYawGx5oLjQevu41wgtdXVLKK1uXGWldK5Wpq8dXZyhrgNUrRQoUTa8upSVLatljjSHHW9H5tbk4k3xb_z9A00JSP0.MEQCIDZaQN3m6rB1lZwYMh-k6q6RPFwyG-JwdrlXkvNJ9OXyAiBeoBDl0AOWeJuAomff1Bl9LXyGdTnZjl-L-HNJuixrcw\">mask-wearing<\/a>\u00a0and school closures\u00a0<a style=\"color: #000080;\" href=\"https:\/\/www.cochranelibrary.com\/cdsr\/doi\/10.1002\/14651858.CD006207.pub6\/full#CD006207-sec-0039\">did little<\/a>\u00a0<a style=\"color: #000080;\" href=\"https:\/\/pubmed.ncbi.nlm.nih.gov\/34707318\/\">to reduce<\/a>\u00a0the spread of COVID\u2014but that these policies\u00a0<a style=\"color: #000080;\" href=\"https:\/\/ebm.bmj.com\/content\/28\/3\/164\">did cause<\/a>\u00a0<a style=\"color: #000080;\" href=\"https:\/\/www.unicef.org\/press-releases\/covid19-scale-education-loss-nearly-insurmountable-warns-unicef\">enormous harm<\/a>, including the worsening adolescent mental health crisis. But before we allow such officials to simply move on, it\u2019s worth revisiting how the casual slandering of religious Jews became an accepted part of COVID discourse\u2014especially since some of the decisions Haredim were vilified for have come to seem arguably wiser than those advocated by public health authorities.<\/span><\/p>\n<\/div>\n<div class=\"BlockContent col-12 lg:col-10 xl-wide:col-8 mxauto\" style=\"text-align: left;\"><\/div>\n<div class=\"BlockContent col-12 lg:col-10 xl-wide:col-8 mxauto\" style=\"text-align: left;\">\n<p><span style=\"color: #000080;\">Both Fauci and Weingarten now downplay their moral clarity during the pandemic. Fauci claims he never called for lockdowns, he only issued guidance. Weingarten\u2014who once aggressively lobbied, and even sued to ensure that public schools stayed closed, while calling demands for schools to reopen \u201creckless,\u201d \u201ccallous,\u201d and \u201ccruel\u201d\u2014recently testified before Congress that she had always wanted to open schools: \u201c(We) spent every day from February on trying to get schools open.\u201d (The string of\u00a0<a style=\"color: #000080;\" href=\"https:\/\/twitter.com\/rweingarten\/status\/1651267717968670720\">community note\u00a0<\/a>fact checks that her Twitter account has\u00a0<a style=\"color: #000080;\" href=\"https:\/\/twitter.com\/rweingarten\/status\/1651959322388094977\">accumulated<\/a>\u00a0demonstrates just how absurd this claim is.)<\/span><\/p>\n<\/div>\n<div class=\"BlockContent col-12 lg:col-10 xl-wide:col-8 mxauto\" style=\"text-align: left;\"><\/div>\n<div class=\"BlockContent col-12 lg:col-10 xl-wide:col-8 mxauto\">\n<p style=\"text-align: left;\"><span style=\"color: #000080;\">The emerging consensus on COVID is that more targeted and nuanced policies, such as those some European countries adopted, would not only have been significantly better for the economy, but also for public health\u2014physical and mental. Of course, it\u2019s easy to see the right thing in hindsight. What\u2019s hardest to swallow is not that our public officials made mistakes about how to handle an intensely difficult and confusing situation, but that they so viciously demonized those who saw things differently.<\/span><\/p>\n<div class=\"ArticleView__content-switch bradford text-article-body-md font-300 mxauto\">\n<div class=\"BlockContent col-12 lg:col-10 xl-wide:col-8 mxauto\" style=\"text-align: left;\">\n<p><span style=\"color: #000080;\">In August of 2022, Fauci singled out Haredim as poster children for the loss of herd immunity: \u201cwhen vaccinations get below that number you start to see outbreaks like we saw some time ago in the NYC area with Hasidic Jewish people who were not getting vaccinated.\u201d (<a style=\"color: #000080;\" href=\"https:\/\/ojpac.org\/updates\/mmr-vaccination-rates-among-hasidim\">This, despite the fact that measles vaccination rates in the Hasidic community were shown to be 96%<\/a>\u00a0and other, non-Jewish, communities experienced measles outbreaks too.)<\/span><\/p>\n<\/div>\n<div class=\"BlockContent col-12 lg:col-10 xl-wide:col-8 mxauto\" style=\"text-align: left;\"><\/div>\n<div class=\"BlockContent col-12 lg:col-10 xl-wide:col-8 mxauto\" style=\"text-align: left;\">\n<p><span style=\"color: #000080;\">In November 2021, a Department of Health official confirmed in testimony to Attorney General Letitia James that Gov. Coumo\u2019s COVID cluster zones\u00a0<a style=\"color: #000080;\" href=\"https:\/\/hamodia.com\/2021\/11\/11\/doh-employee-cuomo-cluster-zones-metrics\/\">had targeted<\/a>\u00a0Orthodox\u00a0<a style=\"color: #000080;\" href=\"https:\/\/agudah.org\/newly-released-doh-testimony-further-vindicates-agudah-scotus-lawsuit\/\">neighborhoods<\/a>, even though other neighborhoods in the city met exactly the same COVID positivity metrics.<\/span><\/p>\n<\/div>\n<div class=\"BlockContent col-12 lg:col-10 xl-wide:col-8 mxauto\" style=\"text-align: left;\"><\/div>\n<div class=\"BlockContent col-12 lg:col-10 xl-wide:col-8 mxauto\" style=\"text-align: left;\">\n<p><span style=\"color: #000080;\">Haredim were routinely described as\u00a0<a style=\"color: #000080;\" href=\"https:\/\/www.nydailynews.com\/opinion\/ny-oped-here-we-go-again-ultra-orthodox-covid-20200930-xpvxcetmwnhojgg7adt3ysco5i-story.html\">ignorant and clannish<\/a>, and as engaging in\u00a0<a style=\"color: #000080;\" href=\"https:\/\/www.nytimes.com\/2020\/10\/07\/nyregion\/orthodox-jews-nyc-coronavirus.html\">mob behavior<\/a>. Haredi religious beliefs and values were\u00a0<a style=\"color: #000080;\" href=\"https:\/\/www.foxnews.com\/politics\/bill-de-blasio-slammed-for-halting-prayer-gatherings-but-allowing-protests-400-years-of-racism-is-not-the-same-as-religion\">mocked as unimportant<\/a>. In April of 2020, de Blasio issued a special \u201cmessage to the Jewish community\u201d threatening that \u201cthe time for warnings has passed\u201d and indicated that he would be dispatching the police to \u201carrest those who gather in large groups.\u201d Jews were the only one of the city\u2019s many ethnic groups whom de Blasio singled out for public condemnation. And yet, just a few months later, he defended the large public gatherings taking place during the BLM protests in the summer of 2020. \u201cWhen you see a nation, an entire nation, simultaneously grappling with an extraordinary crisis seeded in 400 years of American racism, I\u2019m sorry, that is not the same question as the understandably aggrieved store owner or the devout religious person who wants to go back to services.\u201d<\/span><\/p>\n<\/div>\n<div class=\"BlockContent col-12 lg:col-10 xl-wide:col-8 mxauto\" style=\"text-align: left;\"><\/div>\n<div class=\"BlockContent col-12 lg:col-10 xl-wide:col-8 mxauto\" style=\"text-align: left;\">\n<p><span style=\"color: #000080;\">An opinion piece in\u00a0<em>The New York Daily News<\/em>\u00a0<a style=\"color: #000080;\" href=\"https:\/\/www.nydailynews.com\/opinion\/ny-oped-why-some-jews-flouting-rules-20200409-u6jetgi4ubgtxla4oindag37gy-story.html\">blamed<\/a>\u00a0ultra-Orthodox Jews who \u201cdefiantly [refuse] to follow social distancing regulations\u201d for burdening the health care system at a time when \u201cthe sick were flooding already strained health-care facilities.\u201d The explanation? \u201cThe ultra-Orthodox do not always share their fellow citizens\u2019 visions for civil society \u2026 tolerance, cooperation and pluralism take a back seat to Jewish exceptionalism.\u201d<\/span><\/p>\n<\/div>\n<div class=\"BlockContent col-12 lg:col-10 xl-wide:col-8 mxauto\" style=\"text-align: left;\"><\/div>\n<div class=\"BlockContent col-12 lg:col-10 xl-wide:col-8 mxauto\" style=\"text-align: left;\">\n<p><span style=\"color: #000080;\">Ah.<\/span><\/p>\n<\/div>\n<div class=\"BlockContent col-12 lg:col-10 xl-wide:col-8 mxauto\" style=\"text-align: left;\"><\/div>\n<div class=\"BlockContent col-12 lg:col-10 xl-wide:col-8 mxauto\" style=\"text-align: left;\">\n<p><span style=\"color: #000080;\">It\u2019s true that over the course of the pandemic many Haredi Jewish communities resisted some\u2014and occasionally most\u2014public health guidelines for containing COVID. While Haredi communities were extremely quick to shut down schools and synagogues at the very outset of the pandemic\u2014there was no public celebration of Passover almost anywhere in the world in 2020\u2014they were also much quicker to reopen than the country at large. By summer of 2020 many Haredi populations had returned to something close to their pre-COVID normal.<\/span><\/p>\n<\/div>\n<div class=\"BlockContent col-12 lg:col-10 xl-wide:col-8 mxauto\" style=\"text-align: left;\"><\/div>\n<div class=\"BlockContent col-12 lg:col-10 xl-wide:col-8 mxauto\" style=\"text-align: left;\">\n<p><span style=\"color: #000080;\">But Haredim were not alone in this regard. For example, residents of many\u00a0<a style=\"color: #000080;\" href=\"https:\/\/www.nytimes.com\/2020\/08\/20\/nyregion\/nyc-face-masks.html\">majority<\/a>\u00a0<a style=\"color: #000080;\" href=\"https:\/\/journals.healio.com\/doi\/pdf\/10.3928\/24748307-20200707-01\">African American<\/a>\u00a0and\u00a0<a style=\"color: #000080;\" href=\"https:\/\/www.tandfonline.com\/doi\/pdf\/10.1080\/00330124.2021.1933552?casa_token=IHgk6wLymK8AAAAA:CqxeWAP6MNppfh9-OJhi9Q3jpy40txixZrDsFQ2rOgKj3noDFsGGI6SsDEpF4DO-LaOgYvTqLN5V\">Hispanic neighborhoods<\/a>\u00a0in New York similarly masked at low rates. The difference was that journalists sought to understand this response rather than condemn it.\u00a0<em>The New York Times<\/em>, writing about COVID in Israel,\u00a0<a style=\"color: #000080;\" href=\"https:\/\/www.nytimes.com\/2020\/03\/30\/world\/middleeast\/coronavirus-israel-cases-orthodox.html\">explained<\/a>\u00a0Haredi responses to COVID in light of that communities\u2019 \u201cdeep distrust of state authority, ignorance of the health risks \u2026 and a zealous devotion to a way of life centered on communal activity.\u201d In contrast, the\u00a0<em>Times<\/em>\u00a0described similar responses within immigrant neighborhoods in Queens and in African American communities throughout the U.S.\u00a0<a style=\"color: #000080;\" href=\"https:\/\/www.nytimes.com\/2020\/04\/07\/us\/coronavirus-race.html\">in terms of<\/a>\u00a0\u201centrenched inequalities in resources, health and access to care.\u201d\u00a0As several commentators\u00a0<a style=\"color: #000080;\" href=\"https:\/\/www.algemeiner.com\/2020\/04\/12\/coronavirus-blacks-and-black-hats-a-classic-new-york-times-double-standard\/\">noted<\/a>\u00a0<a style=\"color: #000080;\" href=\"https:\/\/twitter.com\/bungarsargon\/status\/1249313751871954949\">at the time<\/a>, most of the press refused to explore Haredi decision-making on its own terms, or to understand why Haredim made the decisions they did. Everyone \u201cknew\u201d that Haredim were simply flouting the law.<\/span><\/p>\n<\/div>\n<div class=\"BlockContent col-12 lg:col-10 xl-wide:col-8 mxauto\" style=\"text-align: left;\"><\/div>\n<div class=\"BlockContent col-12 lg:col-10 xl-wide:col-8 mxauto\" style=\"text-align: left;\">\n<p><span style=\"color: #000080;\">But this \u201cknowledge\u201d wasn\u2019t real. We actually have very little clear or systematic data about how and why Haredim responded to COVID\u2014or how the virus responded in turn. There are strong reasons to believe the Hasidic COVID death rate was exactly\u00a0<a style=\"color: #000080;\" href=\"https:\/\/friedavizel.com\/2021\/01\/28\/1-year-review-hasidim-had-similar-covid-outcomes-despite-opening\/\">the same as<\/a>\u00a0the rest of New York, despite the community suffering a massive surge of deaths in the very initial wave that kicked off the pandemic.<\/span><\/p>\n<\/div>\n<div class=\"BlockContent col-12 lg:col-10 xl-wide:col-8 mxauto\" style=\"text-align: left;\"><\/div>\n<div class=\"BlockContent col-12 lg:col-10 xl-wide:col-8 mxauto\" style=\"text-align: left;\">\n<p><span style=\"color: #000080;\">This is a shame, because there\u2019s probably an interesting story to be told here. Many Haredim eschewed CDC guidance at the height of the pandemic and after, but they didn\u2019t eschew\u00a0<em>all\u00a0<\/em>guidance. Most Haredi communities adopted their own internal guidelines in consultation with doctors and epidemiologists that community members trusted. Moreover, this guidance wasn\u2019t monolithic. From Lakewood, New Jersey, to Williamsburg, Brooklyn, Haredim adopted a whole host of\u00a0<em>different<\/em>\u00a0rules and practices\u2014from outdoor synagogues and social-distanced classrooms, to targeted masking and isolating of the vulnerable, to schools and synagogues operating without any restrictions at all. Many Haredi municipalities worked closely with doctors and public health officials to craft policies that were both safe and culturally and religiously sensitive. Others dismissed government mandates as antisemitic targeting and ignored them entirely.<\/span><\/p>\n<\/div>\n<div class=\"PullQuote PullQuote--center flex flex-col items-center pt1_5 pb3 mt1_75 mb_75 border-bottom-black\" style=\"text-align: left;\">\n<p class=\"PullQuote__text PullQuote--center__text text-center\"><span style=\"color: #000080;\">We actually have very little clear or systematic data about how and why Haredim responded to COVID\u2014or how the virus responded in turn.<\/span><\/p>\n<\/div>\n<div class=\"BlockContent col-12 lg:col-10 xl-wide:col-8 mxauto\" style=\"text-align: left;\">\n<p><span style=\"color: #000080;\">Here\u2019s an example of a nuanced account of one response to COVID: During the winter of 2020-21, I complained to the head of school at a Hasidic elementary school in Brooklyn that his community wasn\u2019t masking. (Despite my skepticism as to masking\u2019s efficacy, I generally think we should all follow the law except in the most extreme of circumstances.)<\/span><\/p>\n<\/div>\n<div class=\"BlockContent col-12 lg:col-10 xl-wide:col-8 mxauto\" style=\"text-align: left;\"><\/div>\n<div class=\"BlockContent col-12 lg:col-10 xl-wide:col-8 mxauto\" style=\"text-align: left;\">\n<p><span style=\"color: #000080;\">But he told me they had good reason: Before COVID was known to be endemic, his Hasidic group shut down all their schools, well before the government had even asked them to. But in late May 2020, his Hasidic group had tested everyone for antibodies and found that 70% of the men in the community were already positive\u2014from community spread that took place\u00a0<em>before<\/em>\u00a0the state- and city-imposed lockdowns and mask mandates. At this point they decided that keeping schools closed would have no effect on further spread of the virus, and reopened them. While we don\u2019t have any independent corroboration of his claim, it is worth considering that an\u00a0<a style=\"color: #000080;\" href=\"http:\/\/www.nishmaresearch.com\/assets\/pdf\/Nishma-Hatzalah%20COVID-19%20Vaccine%20Survey%20June%202021.pdf\">excellent survey<\/a>\u00a0of the Hasidic community conducted in April 2021 also indicated a self-reported 70% antibody figure.<\/span><\/p>\n<\/div>\n<div class=\"BlockContent col-12 lg:col-10 xl-wide:col-8 mxauto\" style=\"text-align: left;\"><\/div>\n<div class=\"BlockContent col-12 lg:col-10 xl-wide:col-8 mxauto\" style=\"text-align: left;\">\n<p><span style=\"color: #000080;\">The same 2021 survey also indicated that the vast majority of Hasidim who were vaccine hesitant, were reluctant because they were very young and had already had COVID. Many of those who had COVID chose to receive only one dose (<a style=\"color: #000080;\" href=\"https:\/\/www.health.gov.il\/UnitsOffice\/HD\/PH\/epidemiology\/td\/286116521.pdf\">which was in fact the policy in Israel<\/a>\u00a0for much of the pandemic).<\/span><\/p>\n<\/div>\n<div class=\"BlockContent col-12 lg:col-10 xl-wide:col-8 mxauto\" style=\"text-align: left;\"><\/div>\n<div class=\"BlockContent col-12 lg:col-10 xl-wide:col-8 mxauto\" style=\"text-align: left;\">\n<p><span style=\"color: #000080;\">Haredi responses to COVID produced a natural experiment whose results have not been analyzed fully. Clouded by the rhetoric around Haredi irresponsibility, nobody has bothered to find out, for example, whether there actually was dramatic COVID spread in Haredi schools or synagogues after the first intense wave of COVID at the very outset of the pandemic. Nor has anyone tried to measure the impact of different practices within American Haredi communities\u2014something that might have provided valuable data to the country at large. Whereas in Israel both academics and the media took the trouble to consider\u00a0<a style=\"color: #000080;\" href=\"https:\/\/katz.sas.upenn.edu\/resources\/blog\/haredi-moment-online-forum-part-2\">a range of complex explanations for Haredi behaviors<\/a>\u00a0during COVID, in the U.S.,\u00a0<em>The New York Times<\/em>\u00a0and others\u00a0<a style=\"color: #000080;\" href=\"https:\/\/www.nytimes.com\/2020\/04\/21\/nyregion\/coronavirus-jews-hasidic-ny.html\">instead continued to run sensationalist stories<\/a>\u00a0framing Hasidim as a threat to public health.<\/span><\/p>\n<\/div>\n<div class=\"BlockContent col-12 lg:col-10 xl-wide:col-8 mxauto\" style=\"text-align: left;\"><\/div>\n<div class=\"BlockContent col-12 lg:col-10 xl-wide:col-8 mxauto\" style=\"text-align: left;\">\n<p><span style=\"color: #000080;\">But this lack of curiosity had a more pernicious outcome, too. The net result of the constant drumbeat of Haredi malfeasance was to associate Haredim with disease, normalize prejudice toward them, and encourage bigotry to proliferate cheerfully, without being recognized for what it is. There\u2019s a direct line between Shapiro\u2019s 2020 tweet from Williamsburg and an outpouring of shockingly anti-Haredi articles that she and other reporters at the\u00a0<em>Times<\/em>\u00a0and other major newspapers have published since.<\/span><\/p>\n<\/div>\n<div class=\"BlockContent col-12 lg:col-10 xl-wide:col-8 mxauto\" style=\"text-align: left;\"><\/div>\n<div class=\"BlockContent col-12 lg:col-10 xl-wide:col-8 mxauto\" style=\"text-align: left;\">\n<p><span style=\"color: #000080;\">In December 2022, for instance,\u00a0<em>The Washington Post<\/em>\u00a0illustrated an\u00a0<a style=\"color: #000080;\" href=\"https:\/\/twitter.com\/SEichenstein\/status\/1607524873303392258\">article<\/a>\u00a0about measles outbreak among a Somali community in Ohio with no pictures of members of the Somali community in question, but of<a style=\"color: #000080;\" href=\"https:\/\/twitter.com\/SEichenstein\/status\/1607524873303392258\">\u00a0Hasidim<\/a>\u00a0in New York. And just last week, the\u00a0<a style=\"color: #000080;\" href=\"https:\/\/www.nytimes.com\/2023\/05\/11\/nyregion\/mikvah-cemetery-rockland-county.html\"><em>Times<\/em>\u00a0ran an article\u00a0<\/a>about nonsensical \u201cenvironmental concerns\u201d surrounding the construction of a Jewish cemetery in Rockland County, New York, which launders an updated version of medieval well-poisoning accusations made by the borderline neo-Nazi hate group Rise Up Ocean County.<\/span><\/p>\n<\/div>\n<div class=\"BlockContent col-12 lg:col-10 xl-wide:col-8 mxauto\" style=\"text-align: left;\"><\/div>\n<div class=\"BlockContent col-12 lg:col-10 xl-wide:col-8 mxauto\">\n<p style=\"text-align: left;\"><span style=\"color: #000080;\">As a policy matter moving forward, the Haredi example is important. The more we let different communities find their own way, the greater our opportunity to see what works and what doesn\u2019t. Had we treated Haredi communities with a bit of understanding and tolerance, instead of lazily writing them off as anti-science COVID deniers, we could have gathered important data about what worked and what didn\u2019t in managing an unprecedented global pandemic.<\/span><\/p>\n<hr \/>\n<\/div>\n<\/div>\n<div class=\"AuthorBioBlock col-12 lg:col-10 xl-wide:col-8 w100 mt6 mxauto\">\n<div class=\"AuthorBioBlock__container graebenbach mt1_5 text-section-details-sm font-300 color-red\">\n<p style=\"text-align: left;\"><span style=\"color: #808080;\"><em><strong>Moshe Krakowski<\/strong> is a Professor of Jewish Education at the Azrieli Graduate School for Jewish Education and Administration at Yeshiva University, where he also directs Azrieli\u2019s doctoral program. He studies American Haredi education and culture, focusing on the relationship between communal worldview, identity, and education. He also works on curriculum, cognition, and inquiry learning in Jewish educational settings.<\/em><\/span><\/p>\n<\/div>\n<\/div>\n<\/div>\n<hr style=\"height: 15px; background: #d0e6fa; width: 100%;\" \/>\n<div id=\"content\" class=\"content-alignment\">\n<div id=\"watch-description\" class=\"yt-uix-button-panel\">\n<div id=\"watch-description-text\" style=\"text-align: center;\">\n<p><em>Zawarto\u015b\u0107 publikowanych artyku\u0142\u00f3w i materia\u0142\u00f3w nie reprezentuje pogl\u0105d\u00f3w ani opinii Reunion&#8217;68,<\/em><em><br \/>\nani te\u017c webmastera Blogu Reunion&#8217;68, chyba ze jest to wyra\u017anie zaznaczone.<br \/>\nTwoje uwagi, linki, w\u0142asne artyku\u0142y lub wiadomo\u015bci prze\u015blij na adres:<br \/>\n<\/em><span style=\"color: #000080;\"><strong><em><a style=\"color: #000080;\" href=\"mailto:webmaster@reunion68.com\"><span style=\"text-decoration: underline;\">webmaster@reunion68.com<\/span><\/a><\/em><\/strong><\/span><\/p>\n<\/div>\n<\/div>\n<\/div>\n<hr style=\"width: 100%;\" \/>\n","protected":false},"excerpt":{"rendered":"<p>How Religious Jews Became Official Scapegoats of COVID Policy MOSHE KRAKOWSKI Debates surrounding the pandemic continue to rely on false narratives about Haredim. . People congregate outside of the Congregation Yetev Lev D\u2019Satmar synagogue on Oct. 19, 2020, in Brooklyn\u2019s Williamsburg neighborhood. A wedding planned for a grandchild of Zalman Leib Teitelbaum, a grand rabbi [&hellip;]<\/p>\n","protected":false},"author":1,"featured_media":0,"comment_status":"closed","ping_status":"closed","sticky":false,"template":"","format":"standard","meta":[],"categories":[6],"tags":[26,24],"_links":{"self":[{"href":"https:\/\/www.reunion68.se\/index.php?rest_route=\/wp\/v2\/posts\/104694"}],"collection":[{"href":"https:\/\/www.reunion68.se\/index.php?rest_route=\/wp\/v2\/posts"}],"about":[{"href":"https:\/\/www.reunion68.se\/index.php?rest_route=\/wp\/v2\/types\/post"}],"author":[{"embeddable":true,"href":"https:\/\/www.reunion68.se\/index.php?rest_route=\/wp\/v2\/users\/1"}],"replies":[{"embeddable":true,"href":"https:\/\/www.reunion68.se\/index.php?rest_route=%2Fwp%2Fv2%2Fcomments&post=104694"}],"version-history":[{"count":8,"href":"https:\/\/www.reunion68.se\/index.php?rest_route=\/wp\/v2\/posts\/104694\/revisions"}],"predecessor-version":[{"id":104722,"href":"https:\/\/www.reunion68.se\/index.php?rest_route=\/wp\/v2\/posts\/104694\/revisions\/104722"}],"wp:attachment":[{"href":"https:\/\/www.reunion68.se\/index.php?rest_route=%2Fwp%2Fv2%2Fmedia&parent=104694"}],"wp:term":[{"taxonomy":"category","embeddable":true,"href":"https:\/\/www.reunion68.se\/index.php?rest_route=%2Fwp%2Fv2%2Fcategories&post=104694"},{"taxonomy":"post_tag","embeddable":true,"href":"https:\/\/www.reunion68.se\/index.php?rest_route=%2Fwp%2Fv2%2Ftags&post=104694"}],"curies":[{"name":"wp","href":"https:\/\/api.w.org\/{rel}","templated":true}]}}