{"id":104696,"date":"2023-05-30T17:00:30","date_gmt":"2023-05-30T15:00:30","guid":{"rendered":"http:\/\/www.reunion68.se\/?p=104696"},"modified":"2023-05-30T08:06:38","modified_gmt":"2023-05-30T06:06:38","slug":"06-00-93","status":"publish","type":"post","link":"https:\/\/www.reunion68.se\/?p=104696","title":{"rendered":"Jewish protestors raise Israeli flag, sing at Roger Waters Frankfurt concert"},"content":{"rendered":"<h5 style=\"text-align: center;\"><a href=\"https:\/\/www.jpost.com\/d\" target=\"_blank\" rel=\"noopener noreferrer\"><img decoding=\"async\" class=\"center alignleft\" src=\"http:\/\/www.reunion68.com\/Biuletyn\/img\/jpost.png\" alt=\"\" width=\"35%\" \/><\/a><span style=\"text-decoration: underline; color: #000080;\"><strong><a style=\"color: #000080; text-decoration: underline;\" href=\"https:\/\/www.jpost.com\/diaspora\/antisemitism\/article-744479?dicbo=v2-cvHkLMa\" target=\"_blank\" rel=\"noopener noreferrer\">Jewish protestors raise Israeli flag, sing at Roger Waters Frankfurt concert<\/a><\/strong><\/span><\/h5>\n<p style=\"text-align: center;\"><span style=\"color: #000000;\"><strong> JERUSALEM POST STAFF<\/strong><\/span><\/p>\n<hr style=\"height: 15px; background: #d0e6fa; width: 100%;\" \/>\n<h4 style=\"text-align: center;\"><span style=\"color: #808080;\"><strong>Frankfurt had tried to prevent the concert from happening in the city because of Waters&#8217; antisemitism but was told it cannot stop him.<\/strong><\/span><br \/>\n.<\/h4>\n<p style=\"text-align: center;\"><img decoding=\"async\" src=\"https:\/\/images.jpost.com\/image\/upload\/f_auto,fl_lossy\/c_fill,g_faces:center,h_537,w_822\/538539\" width=\"100%\" \/><span style=\"color: #808080;\"><em>Roger Waters performs in Barcelona. \/ <\/em><\/span><span style=\"color: #808080;\"><em>(photo credit: Wikimedia Commons)<\/em><\/span><\/p>\n<p style=\"text-align: left;\"><span style=\"color: #000080;\">Jewish protestors interrupted\u00a0<a style=\"color: #000080;\" href=\"https:\/\/www.jpost.com\/diaspora\/antisemitism\/article-744348\">Roger Waters<\/a>&#8216; concert in Frankfurt on Sunday with Israeli flags and by singing &#8220;Am Israel Chai&#8221; (the people of Israel live), according to a video posted by Twitter user Jewish Defense Network.<\/span><\/p>\n<p align=\"center\">\n<p><iframe loading=\"lazy\" id=\"twitter-widget-0\" class=\"\" title=\"Twitter Tweet\" src=\"https:\/\/platform.twitter.com\/embed\/Tweet.html?dnt=false&amp;embedId=twitter-widget-0&amp;features=eyJ0ZndfdGltZWxpbmVfbGlzdCI6eyJidWNrZXQiOltdLCJ2ZXJzaW9uIjpudWxsfSwidGZ3X2ZvbGxvd2VyX2NvdW50X3N1bnNldCI6eyJidWNrZXQiOnRydWUsInZlcnNpb24iOm51bGx9LCJ0ZndfdHdlZXRfZWRpdF9iYWNrZW5kIjp7ImJ1Y2tldCI6Im9uIiwidmVyc2lvbiI6bnVsbH0sInRmd19yZWZzcmNfc2Vzc2lvbiI6eyJidWNrZXQiOiJvbiIsInZlcnNpb24iOm51bGx9LCJ0ZndfZm9zbnJfc29mdF9pbnRlcnZlbnRpb25zX2VuYWJsZWQiOnsiYnVja2V0Ijoib24iLCJ2ZXJzaW9uIjpudWxsfSwidGZ3X21peGVkX21lZGlhXzE1ODk3Ijp7ImJ1Y2tldCI6InRyZWF0bWVudCIsInZlcnNpb24iOm51bGx9LCJ0ZndfZXhwZXJpbWVudHNfY29va2llX2V4cGlyYXRpb24iOnsiYnVja2V0IjoxMjA5NjAwLCJ2ZXJzaW9uIjpudWxsfSwidGZ3X3Nob3dfYmlyZHdhdGNoX3Bpdm90c19lbmFibGVkIjp7ImJ1Y2tldCI6Im9uIiwidmVyc2lvbiI6bnVsbH0sInRmd19kdXBsaWNhdGVfc2NyaWJlc190b19zZXR0aW5ncyI6eyJidWNrZXQiOiJvbiIsInZlcnNpb24iOm51bGx9LCJ0ZndfdXNlX3Byb2ZpbGVfaW1hZ2Vfc2hhcGVfZW5hYmxlZCI6eyJidWNrZXQiOiJvbiIsInZlcnNpb24iOm51bGx9LCJ0ZndfdmlkZW9faGxzX2R5bmFtaWNfbWFuaWZlc3RzXzE1MDgyIjp7ImJ1Y2tldCI6InRydWVfYml0cmF0ZSIsInZlcnNpb24iOm51bGx9LCJ0ZndfbGVnYWN5X3RpbWVsaW5lX3N1bnNldCI6eyJidWNrZXQiOnRydWUsInZlcnNpb24iOm51bGx9LCJ0ZndfdHdlZXRfZWRpdF9mcm9udGVuZCI6eyJidWNrZXQiOiJvbiIsInZlcnNpb24iOm51bGx9fQ%3D%3D&amp;frame=false&amp;hideCard=false&amp;hideThread=false&amp;id=1662937859035152385&amp;lang=en&amp;origin=https%3A%2F%2Fwww.jpost.com%2Fdiaspora%2Fantisemitism%2Farticle-744479&amp;sessionId=1f60c25e7ea019931b13d289646901659413d66d&amp;siteScreenName=Jerusalem_Post&amp;theme=light&amp;widgetsVersion=aaf4084522e3a%3A1674595607486&amp;width=550px\" width=\"100%\" height=\"750\" frameborder=\"0\" scrolling=\"yes\" allowfullscreen=\"allowfullscreen\" data-tweet-id=\"1662937859035152385\" data-mce-fragment=\"1\"><\/iframe><\/p>\n<p style=\"text-align: left;\"><span style=\"color: #000080;\">The video shows one protestor rushing onto the stage with an Israeli flag as security guards rush to stop him. Meanwhile, in the audience, a group of spectators raise Israeli flags and sing.<\/span><\/p>\n<p style=\"text-align: left;\"><span style=\"color: #000080;\">This protest was carried out after reports that Jewish groups had planned to hold a memorial ceremony at the venue before the performance in protest of Waters&#8217; antisemitism.<\/span><\/p>\n<p style=\"text-align: left;\"><span style=\"color: #000080;\">Waters, who has been accused of antisemitism on many occasions and supports BDS, caused outrage last week after he performed in a concert\u00a0<a style=\"color: #000080;\" href=\"https:\/\/www.jpost.com\/diaspora\/antisemitism\/article-744072\">dressed as a Nazi Schutzstaffel (SS) officer<\/a>\u00a0and compared journalist Shireen Abu Akleh, who was accidentally killed in clashes between Palestinians and the IDF, to Anne Frank who was murdered in the Holocaust.<\/span><\/p>\n<p style=\"text-align: left;\"><span style=\"color: #000080;\">The performance prompted German authorities to open an investigation into Waters as displays of swastikas and other Nazi imagery are banned in the country.<\/span><\/p>\n<p style=\"text-align: center;\"><img decoding=\"async\" class=\"aligncenter\" src=\"https:\/\/images.jpost.com\/image\/upload\/f_auto,fl_lossy\/c_fill,g_faces:center,h_537,w_822\/530386\" width=\"100%\" \/><span style=\"color: #808080;\"><em>Former rock band &#8221;Pink Floyd&#8221; musician Roger Waters performs on stage during his tour, at Tacoma Dome in Tacoma, Washington, US, September 18, 2022. (credit: REUTERS\/AMR ALFIKY)<\/em><\/span><\/p>\n<h5 style=\"text-align: left;\"><strong>Concert held in significant Kristallnacht site<\/strong><\/h5>\n<p style=\"text-align: left;\"><span style=\"color: #000080;\">The Frankfurt concert, which authorities had\u00a0<a style=\"color: #000080;\" href=\"https:\/\/www.jpost.com\/diaspora\/antisemitism\/article-741276\">tried to prevent<\/a>\u00a0due to his past antisemitism, was held at Festhalle where more than 2,700 Jews were brutally beaten and abused during Kristallnacht in 1938 before later being deported to concentration camps.<\/span><\/p>\n<p style=\"text-align: left;\"><span style=\"color: #000080;\">Reports said that the Jewish protests before the concert would include protestors reading aloud the names of 600 Jews who were rounded up in Festhalle. A joint Jewish-Christian prayer in memory of the Holocaust victims was also meant to be held and attended by Frankfurt&#8217;s mayor and the head of the Frankfurt Jewish community.<\/span><\/p>\n<p style=\"text-align: left;\"><span style=\"color: #000080;\">Waters has been accused of antisemitism by fellow artists on multiple occasions, including Disturbed singer David Draiman and his own former fellow\u00a0<a style=\"color: #000080;\" href=\"https:\/\/www.jpost.com\/diaspora\/antisemitism\/article-730864\">Pink Floyd bandmate David Gilmour<\/a>.<\/span><\/p>\n<p style=\"text-align: left;\"><span style=\"color: #000080;\">He was once filmed comparing Jews to aliens and a couple of years ago, he sang about &#8220;taking back the land (Israel) from Jordan to the sea.&#8221;\u00a0<\/span><\/p>\n<hr style=\"height: 15px; background: #d0e6fa; width: 100%;\" \/>\n<div id=\"content\" class=\"content-alignment\">\n<div id=\"watch-description\" class=\"yt-uix-button-panel\">\n<div id=\"watch-description-text\" style=\"text-align: center;\">\n<p><em>Zawarto\u015b\u0107 publikowanych artyku\u0142\u00f3w i materia\u0142\u00f3w nie reprezentuje pogl\u0105d\u00f3w ani opinii Reunion&#8217;68,<\/em><em><br \/>\nani te\u017c webmastera Blogu Reunion&#8217;68, chyba ze jest to wyra\u017anie zaznaczone.<br \/>\nTwoje uwagi, linki, w\u0142asne artyku\u0142y lub wiadomo\u015bci prze\u015blij na adres:<br \/>\n<\/em><span style=\"color: #000080;\"><strong><em><a style=\"color: #000080;\" href=\"mailto:webmaster@reunion68.com\"><span style=\"text-decoration: underline;\">webmaster@reunion68.com<\/span><\/a><\/em><\/strong><\/span><\/p>\n<\/div>\n<\/div>\n<\/div>\n<hr style=\"width: 100%;\" \/>\n","protected":false},"excerpt":{"rendered":"<p>Jewish protestors raise Israeli flag, sing at Roger Waters Frankfurt concert JERUSALEM POST STAFF Frankfurt had tried to prevent the concert from happening in the city because of Waters&#8217; antisemitism but was told it cannot stop him. . Roger Waters performs in Barcelona. \/ (photo credit: Wikimedia Commons) Jewish protestors interrupted\u00a0Roger Waters&#8216; concert in Frankfurt [&hellip;]<\/p>\n","protected":false},"author":1,"featured_media":0,"comment_status":"closed","ping_status":"closed","sticky":false,"template":"","format":"standard","meta":[],"categories":[6],"tags":[26,24],"_links":{"self":[{"href":"https:\/\/www.reunion68.se\/index.php?rest_route=\/wp\/v2\/posts\/104696"}],"collection":[{"href":"https:\/\/www.reunion68.se\/index.php?rest_route=\/wp\/v2\/posts"}],"about":[{"href":"https:\/\/www.reunion68.se\/index.php?rest_route=\/wp\/v2\/types\/post"}],"author":[{"embeddable":true,"href":"https:\/\/www.reunion68.se\/index.php?rest_route=\/wp\/v2\/users\/1"}],"replies":[{"embeddable":true,"href":"https:\/\/www.reunion68.se\/index.php?rest_route=%2Fwp%2Fv2%2Fcomments&post=104696"}],"version-history":[{"count":14,"href":"https:\/\/www.reunion68.se\/index.php?rest_route=\/wp\/v2\/posts\/104696\/revisions"}],"predecessor-version":[{"id":104715,"href":"https:\/\/www.reunion68.se\/index.php?rest_route=\/wp\/v2\/posts\/104696\/revisions\/104715"}],"wp:attachment":[{"href":"https:\/\/www.reunion68.se\/index.php?rest_route=%2Fwp%2Fv2%2Fmedia&parent=104696"}],"wp:term":[{"taxonomy":"category","embeddable":true,"href":"https:\/\/www.reunion68.se\/index.php?rest_route=%2Fwp%2Fv2%2Fcategories&post=104696"},{"taxonomy":"post_tag","embeddable":true,"href":"https:\/\/www.reunion68.se\/index.php?rest_route=%2Fwp%2Fv2%2Ftags&post=104696"}],"curies":[{"name":"wp","href":"https:\/\/api.w.org\/{rel}","templated":true}]}}