{"id":104832,"date":"2023-06-04T17:09:46","date_gmt":"2023-06-04T15:09:46","guid":{"rendered":"http:\/\/www.reunion68.se\/?p=104832"},"modified":"2023-06-04T07:35:18","modified_gmt":"2023-06-04T05:35:18","slug":"11-09-77","status":"publish","type":"post","link":"https:\/\/www.reunion68.se\/?p=104832","title":{"rendered":"G\u0142upota i pod\u0142o\u015b\u0107 w s\u0142u\u017cbie walki o w\u0142adz\u0119"},"content":{"rendered":"<p><img decoding=\"async\" src=\"https:\/\/studioopinii.pl\/wp-content\/uploads\/2023\/06\/image-11.png\" width=\"100%\" \/><\/p>\n<h5 style=\"text-align: center;\"><a href=\"https:\/\/studioopinii.pl\/\" target=\"_blank\" rel=\"noopener noreferrer\"><img decoding=\"async\" class=\"center alignleft\" src=\"http:\/\/www.reunion68.com\/Biuletyn\/img\/studio.png\" alt=\"\" width=\"35%\" \/><\/a><span style=\"text-decoration: underline; color: #000080;\"><strong><a style=\"color: #000080; text-decoration: underline;\" href=\"https:\/\/studioopinii.pl\/archiwa\/235328\" target=\"_blank\" rel=\"noopener noreferrer\">G\u0142upota i pod\u0142o\u015b\u0107 w s\u0142u\u017cbie walki o w\u0142adz\u0119<\/a><\/strong><\/span><\/h5>\n<p style=\"text-align: center;\"><span style=\"color: #000000;\"><strong>Andrzej Koraszewski<\/strong><\/span><\/p>\n<hr style=\"height: 15px; background: #d0e6fa; width: 100%;\" \/>\n<h4 style=\"text-align: left;\"><strong>Najnowszy skandal wywo\u0142any przez pisowskich propagandyst\u00f3w to pr\u00f3ba przekonania, \u017ce marsz z okazji 4 czerwca powinien kojarzy\u0107 si\u0119 z obozem \u015bmierci w Auschwitz. Gensek (generalny sekretarz) Prawa i Sprawiedliwo\u015bci, Krzysztof Sobolewski, zapewnia, \u017ce u\u017cycie archiwalnych zdj\u0119\u0107 z Auschwitz by\u0142o ca\u0142kowicie zgodne z prawem. By\u0107 mo\u017ce prokurator mia\u0142by pewien problem z przedstawieniem aktu oskar\u017cenia, trudno jednak o jakiekolwiek w\u0105tpliwo\u015bci, \u017ce mamy do czynienia z ca\u0142kowicie amoralnym zachowaniem, podyktowanym bezdenn\u0105 g\u0142upot\u0105 i skrajn\u0105 pod\u0142o\u015bci\u0105.<\/strong><\/h4>\n<p style=\"text-align: right;\"><img decoding=\"async\" class=\"alignright\" src=\"https:\/\/s.yimg.com\/ny\/api\/res\/1.2\/3EI1U90Lz8Nkit8Pk2OKnw--\/YXBwaWQ9aGlnaGxhbmRlcjt3PTcwNTtoPTExNDg7Y2Y9d2VicA--\/https:\/\/media.zenfs.com\/en-GB\/homerun\/newsroom.news.yahoo.com.uk\/75901f3170f8888cfcb967ed73b184d7\" width=\"50%\" \/><span style=\"color: #808080;\"><em>02.06.2023Sklep pod nazwa \u201eHitler\u201d, ten na zdjeciu jest akurat w Kairze, sklepy z ta nazwa znajdujemy w Turcji<\/em><\/span><\/p>\n<p class=\"has-helvetica-font-family has-custom-font has-custom-weight has-custom-lineheight\"><strong>Czy\u00a0ten skandal mo\u017ce cokolwiek zmieni\u0107, czy\u00a0zn\u00f3w mamy troch\u0119 medialnego szumu, kt\u00f3ry\u00a0za\u00a0kilka dni ucichnie, wypchni\u0119ty przez\u00a0kolejne skandale?<\/strong><\/p>\n<p style=\"text-align: left;\"><span style=\"color: #000080;\">Wiele lat temu Adam Michnik by\u0142 w\u00a0Londynie; podczas spotkania w\u00a0Polskiej Sekcji BBC zapyta\u0142em go\u00a0o\u00a0fenomen skandali, kt\u00f3re nie\u00a0powoduj\u0105 wstrz\u0105su, niczego nie\u00a0zmieniaj\u0105, staj\u0105c si\u0119 po\u00a0prostu cz\u0119\u015bci\u0105 codzienno\u015bci.<\/span><\/p>\n<p style=\"text-align: left;\"><span style=\"color: #000080;\">By\u0142o to\u00a0wkr\u00f3tce po\u00a0tym, jak w\u00a0Sejmie grasowa\u0142a panna Anastazja P., wi\u0119c\u00a0Michnik s\u0105dzi\u0142, \u017ce\u00a0pytam o\u00a0skandale seksualne. Mia\u0142em na\u00a0my\u015bli znacznie powa\u017cniejsze skandale, kt\u00f3re powinny spo\u0142ecze\u0144stwem wstrz\u0105sn\u0105\u0107, ale\u00a0znika\u0142y z\u00a0radar\u00f3w r\u00f3wnie szybko, jak si\u0119 na\u00a0nich pojawia\u0142y.<\/span><\/p>\n<p style=\"text-align: left;\"><span style=\"color: #000080;\">Czy\u00a0r\u00f3wnie\u017c ten skandal b\u0119dzie za\u00a0tydzie\u0144 zapomniany jak wszystkie inne? Prawdopodobnie. Wiele wskazuje na\u00a0to, \u017ce\u00a0nasza wra\u017cliwo\u015b\u0107 moralna ma\u00a0zadyszk\u0119 i\u00a0nieustannie szukamy nowych podniet, szybko zapominaj\u0105c o\u00a0powodach wczorajszego oburzenia moralnego. Prawda, poda\u017c skandali mamy ogromn\u0105. Kryminalny wyst\u0119p pos\u0142a Grzegorza Brauna, s\u0142ownie i\u00a0fizycznie atakuj\u0105cego m\u00f3wc\u0119 i\u00a0niszcz\u0105cego sprz\u0119t, prawdopodobnie nie\u00a0zainteresowa\u0142 \u017cadnego prokuratora i\u00a0nie\u00a0zauwa\u017cy\u0142em r\u00f3wnie\u017c \u017c\u0105dania pozbawienia go\u00a0immunitetu poselskiego, ani kar dyscyplinarnych za\u00a0oczywiste wykroczenie przeciw etyce poselskiej.<\/span><\/p>\n<p style=\"text-align: left;\"><span style=\"color: #000080;\">Gdyby\u00a0brunatny pose\u0142 Grzegorz Braun przypadkiem stan\u0105\u0142 przed\u00a0s\u0105dem oskar\u017cony o\u00a0gangstersk\u0105 napa\u015b\u0107, zapewne t\u0142umaczy\u0142by wysokiemu s\u0105dowi, \u017ce\u00a0wyst\u0119powa\u0142 w\u00a0obronie polskiego honoru, chroni\u0105c cze\u015b\u0107 i\u00a0pami\u0119\u0107 tych, kt\u00f3rzy\u00a0mordowali \u017byd\u00f3w pod\u00a0os\u0142on\u0105 nazistowskiego okupanta.<\/span><\/p>\n<p style=\"text-align: left;\"><span style=\"color: #000080;\">Skandal ze\u00a0zdj\u0119ciami z\u00a0Auschwitz w\u00a0propagandowym spocie pisowc\u00f3w nie\u00a0jest bez\u00a0zwi\u0105zku z\u00a0wyczynem brunatnego pos\u0142a z\u00a0Torunia. \u015awiatowe media na\u00a0moment zatrzyma\u0142y si\u0119 na\u00a0wyst\u0119pach innego mi\u0142o\u015bnika tradycji, Rogera Watersa, kt\u00f3ry\u00a0w\u00a0Berlinie \u015bci\u0105gn\u0105\u0142 tysi\u0119czne rzesze na\u00a0orgi\u0119 morderczego antysemityzmu w\u00a0niemieckiej stolicy. Najwyra\u017aniej w\u00a0miar\u0119 up\u0142ywu czasu s\u0142abnie odraza do\u00a0nazistowskiej zarazy.<\/span><\/p>\n<p style=\"text-align: left;\"><span style=\"color: #000080;\">Ameryka\u0144ski dziennikarz Daniel Greenfield przypomnia\u0142 w\u0142a\u015bnie sw\u00f3j tekst sprzed dw\u00f3ch lat o\u00a0wsp\u00f3\u0142czesnych, wielokulturowych zwolennikach Adolfa Hitlera. Jest ich wielu i\u00a0s\u0105\u00a0rozsiani po\u00a0ca\u0142ym globie. Korespondent szacownej ameryka\u0144skiej stacji telewizyjnej CNN Adeel Raja, bez\u00a0cienia za\u017cenowania pisa\u0142 na\u00a0Twitterze: \u201eDzisiejszy \u015bwiat potrzebuje Hitlera\u201d, dziennikarka BBC, specjalistka od\u00a0spraw palesty\u0144skich, Tala Halawa wywali\u0142a ca\u0142\u0105 tyrad\u0119 z\u00a0hashtagiem #HitlerMia\u0142Racj\u0119. Nie\u00a0trudno by\u0142o odkry\u0107, \u017ce\u00a0to\u00a0has\u0142o Hitler mia\u0142 racj\u0119 jest szczeg\u00f3lnie popularne w\u015br\u00f3d tych, kt\u00f3rzy\u00a0s\u0105\u00a0aktywni pod\u00a0hashtagiem #FreePalestine. Jak pisze Greenfield, Hitler jest dzi\u015b chyba najbardziej modny w\u00a0Pakistanie. (Ira\u0144scy w\u0142adcy nie\u00a0s\u0105\u00a0za\u00a0nimi daleko w\u00a0tyle).\u00a0\u00a0\u00a0\u00a0\u00a0\u00a0<\/span><\/p>\n<p style=\"text-align: left;\"><span style=\"color: #000080;\">Pose\u0142 do\u00a0pakista\u0144skiego parlamentu pisa\u0142: \u201ePami\u0119tam powiedzenie Hitlera, kt\u00f3ry\u00a0powiedzia\u0142, \u017ce\u00a0oszcz\u0119dzi\u0142 kilku \u017byd\u00f3w, aby \u015bwiat wiedzia\u0142, dlaczego ich zabi\u0142.\u00a0Dzi\u015b mocno w\u00a0to\u00a0wierz\u0119\u201d. \u00a0Pakista\u0144ska aktorka, Veena Malik, zamie\u015bci\u0142a na\u00a0Twitterze ten sam fa\u0142szywy cytat z\u00a0Hitlera.\u00a0\u201eZabi\u0142bym wszystkich \u017byd\u00f3w na\u00a0\u015bwiecie\u2026 ale\u00a0zatrzyma\u0142em kilku, aby pokaza\u0107 \u015bwiatu, dlaczego ich zabi\u0142em\u201d.<\/span><\/p>\n<p style=\"text-align: left;\"><span style=\"color: #000080;\">Pakista\u0144ski minister pisa\u0142 z\u00a0dum\u0105 o\u00a0swoim (by\u0142ym ju\u017c) premierze, \u017ce\u00a0Hitler nale\u017cy do\u00a0jego idoli dodaj\u0105c, \u017ce\u00a0Imre Khan jest jak Hitler. \u00a0\u00a0<\/span><\/p>\n<p style=\"text-align: left;\"><span style=\"color: #000080;\">Podobnie jest w\u00a0Autonomii Palesty\u0144skiej, gdzie rodzice ch\u0119tnie nadaj\u0105 synom imi\u0119 \u201eHitler\u201d, a\u00a0doro\u015bli dodaj\u0105 je\u00a0do\u00a0swojego nazwiska.<\/span><\/p>\n<p style=\"text-align: left;\"><span style=\"color: #000080;\">Greenfield przypomina posta\u0107 D\u017camala Abu Rouba, przyw\u00f3dc\u0119 terrorystycznej Brygady M\u0119czennik\u00f3w Al-Aksa, kt\u00f3ry\u00a0przybra\u0142 przydomek \u201eHitler\u201d, a\u00a0jego zwolennicy krzyczeli: \u201eOch, Hitlerze, przynios\u0142e\u015b dum\u0119 ojczy\u017anie i\u00a0Allahowi\u201d.<\/span><\/p>\n<p style=\"text-align: left;\"><span style=\"color: #000080;\">W\u00a0palesty\u0144skich mediach pochwa\u0142y Hitlera nie\u00a0s\u0105\u00a0rzadko\u015bci\u0105, a\u00a0nazistowski salut nieustannie powraca na\u00a0wiecach terroryst\u00f3w. \u00a0\u00a0<\/span><\/p>\n<p style=\"text-align: left;\"><span style=\"color: #000080;\">Wrzawa w\u00a0mediach zmusi\u0142a CNN do\u00a0rozstania si\u0119 ze\u00a0swoim korespondentem, b\u0119d\u0105cym wielbicielem Adolfa Hitlera. A\u00a0z\u00a0BBC musia\u0142a si\u0119 rozsta\u0107 r\u00f3wnie\u017c Tala Halawa. \u00a0<\/span><\/p>\n<p style=\"text-align: left;\"><span style=\"color: #000080;\">W\u00a0Ameryce sympatie dla Hitlera daj\u0105 o\u00a0sobie zna\u0107 w\u00a0szeregach czarnych nacjonalist\u00f3w. Farrakhan, przyw\u00f3dca Narodu Islamu, powiedzia\u0142, \u017ce\u00a0\u017bydzi por\u00f3wnuj\u0105 go\u00a0do\u00a0Hitlera, \u201eale Hitler to\u00a0dobre imi\u0119. Hitler by\u0142 wielkim cz\u0142owiekiem\u201d. \u00a0\u00a0\u00a0\u00a0\u00a0<\/span><\/p>\n<p class=\"has-helvetica-font-family has-custom-font has-custom-weight has-custom-lineheight\" style=\"text-align: left;\"><span style=\"color: #000080;\">By\u0142y minister edukacji Meksyku, Vasconcelos, wylansowa\u0142 ruch La\u00a0Raza Cosmica: nowej \u00a0rasy pan\u00f3w. Ten ruch \u2013 pisze Greenfield, zdoby\u0142 wielu sympatyk\u00f3w w\u00a0Stanach Zjednoczonych, gdzie znany jest pod\u00a0nazw\u0105 Raza Unida.<\/span><br \/>\n<span style=\"color: #000080;\">Rasizm nie\u00a0jest wymys\u0142em bia\u0142ego cz\u0142owieka i\u00a0nie\u00a0jest r\u00f3wnie\u017c wy\u0142\u0105cznie na\u00a0prawicy.<\/span><\/p>\n<p style=\"text-align: left;\"><span style=\"color: #000080;\">W\u00a02010 roku tygodnik \u201ePolityka\u201d\u00a0<a class=\"extlink https\" style=\"color: #000080;\" href=\"https:\/\/www.polityka.pl\/tygodnikpolityka\/swiat\/1505308,1,listy-do-hitlera.read\">pisa\u0142 o\u00a0ksi\u0105\u017cce\u00a0<\/a>b\u0119d\u0105cej analiz\u0105 list\u00f3w do\u00a0Adolfa Hitlera. Na\u00a0zbi\u00f3r tych list\u00f3w natrafi\u0142 w\u00a0moskiewskich archiwach niemiecki historyk Henrik Eberle. \u00a0<\/span><\/p>\n<p class=\"has-custom-weight\" style=\"text-align: left;\"><span style=\"color: #000080;\">Jeden z\u00a0tych dziesi\u0105tk\u00f3w tysi\u0119cy list\u00f3w do\u00a0wodza brzmia\u0142 tak:<\/span><\/p>\n<blockquote class=\"wp-block-quote\">\n<p style=\"text-align: left;\"><strong>Nie\u00a0chcemy ju\u017c, by\u00a0rz\u0105dzi\u0142 nami ktokolwiek inny. Chcemy tylko\u00a0ADOLFA HITLERA jako wodza, jako cz\u0142owieka rz\u0105dz\u0105cego siln\u0105 r\u0119k\u0105, jako dyktatora. My, narodowi socjali\u015bci chcemy zakazu wydawania wszystkich gazet, kt\u00f3re plu\u0142y jadem na\u00a0naszego Wodza, chcemy wydalenia z\u00a0kraju wszystkich \u017byd\u00f3w, usuni\u0119cia ze\u00a0stanowisk wszystkich w\u00f3jt\u00f3w, kt\u00f3rzy\u00a0szykanowali mieszka\u0144c\u00f3w wsi i\u00a0podejmowali oburzaj\u0105co niesprawiedliwe decyzje. Oddamy nasz\u0105 krew za\u00a0Adolfa Hitlera \u2013 ale\u00a0prosz\u0119 \u017celazn\u0105 r\u0119k\u0105 rozprawi\u0107 si\u0119 z\u00a0wszystkimi opornymi i\u00a0po\u00a0dyktatorsku wciela\u0107 w\u00a0\u017cycie program naszej partii. \u017badnych rozm\u00f3w \u2013 tylko\u00a0czyny! Ufamy naszemu Wodzowi i\u00a0ofiarujemy mu\u00a0ka\u017cde uderzenie naszych serc! Ratuj nas, Wodzu, przed\u00a0zniewoleniem przez\u00a0wewn\u0119trznego wroga! Heil Hitler!<\/strong><\/p>\n<\/blockquote>\n<p class=\"has-helvetica-font-family has-custom-font has-custom-weight has-custom-lineheight\" style=\"text-align: left;\"><span style=\"color: #000080;\">Czytam ten list sprzed bez\u00a0ma\u0142a stu lat i\u00a0wracam my\u015blami do\u00a0naszych skandali. Niekt\u00f3rym zn\u00f3w si\u0119 podoba narodowy socjalizm, czasem sygnalizuj\u0105 to\u00a0dyskretnie, czasem niemal ca\u0142kiem otwarcie. Ciekawe zjawisko, bo\u00a0ci\u00a0sami ludzie, kt\u00f3rzy\u00a0otwarcie lub dyskretnie wchodz\u0105 w\u00a0stare koleiny lubi\u0105 insynuowa\u0107 zwi\u0105zki z\u00a0nazizmem swoim wrogom.\u00a0 \u00a0 \u00a0<\/span><\/p>\n<hr \/>\n<p style=\"text-align: left;\"><img decoding=\"async\" class=\"alignleft\" src=\"https:\/\/studioopinii.pl\/wp-content\/uploads\/2017\/06\/Koraszewski.jpg\" width=\"20%\" \/><span style=\"color: #808080;\"><em><strong>Andrzej Koraszewski<\/strong> &#8211; Publicysta i pisarz ekonomiczno-spo\u0142eczny.\u00a0 Ur. 26 marca\u00a0<strong>1940\u00a0<\/strong>w\u00a0Szymbarku, by\u0142y dziennikarz\u00a0<a class=\"extlink https\" style=\"color: #808080;\" href=\"https:\/\/www.wikiwand.com\/pl\/BBC\">BBC<\/a>, wiceszef polskiej sekcji BBC, i\u00a0publicysta paryskiej \u201e<a class=\"extlink https\" style=\"color: #808080;\" href=\"https:\/\/www.wikiwand.com\/pl\/Kultura_(miesi%C4%99cznik)\">Kultury<\/a>\u201d.\u00a0<strong><a class=\"extlink https\" style=\"color: #808080;\" href=\"https:\/\/www.wikiwand.com\/pl\/Andrzej_Koraszewski\" target=\"_blank\" rel=\"noreferrer noopener\">Wi\u0119cej w\u00a0Wikipedii<\/a><\/strong>. <a class=\"extlink https\" style=\"color: #808080;\" href=\"https:\/\/www.facebook.com\/andrzej.koraszewski\" target=\"_blank\" rel=\"noreferrer noopener\"><strong>Facebook<\/strong><\/a><\/em><\/span><\/p>\n<hr style=\"height: 15px; background: #d0e6fa; width: 100%;\" \/>\n<div id=\"content\" class=\"content-alignment\">\n<div id=\"watch-description\" class=\"yt-uix-button-panel\">\n<div id=\"watch-description-text\" style=\"text-align: center;\">\n<p><em>Zawarto\u015b\u0107 publikowanych artyku\u0142\u00f3w i materia\u0142\u00f3w nie reprezentuje pogl\u0105d\u00f3w ani opinii Reunion&#8217;68,<\/em><em><br \/>\nani te\u017c webmastera Blogu Reunion&#8217;68, chyba ze jest to wyra\u017anie zaznaczone.<br \/>\nTwoje uwagi, linki, w\u0142asne artyku\u0142y lub wiadomo\u015bci prze\u015blij na adres:<br \/>\n<\/em><span style=\"color: #000080;\"><strong><em><a style=\"color: #000080;\" href=\"mailto:webmaster@reunion68.com\"><span style=\"text-decoration: underline;\">webmaster@reunion68.com<\/span><\/a><\/em><\/strong><\/span><\/p>\n<\/div>\n<\/div>\n<\/div>\n<hr style=\"width: 100%;\" \/>\n","protected":false},"excerpt":{"rendered":"<p>G\u0142upota i pod\u0142o\u015b\u0107 w s\u0142u\u017cbie walki o w\u0142adz\u0119 Andrzej Koraszewski Najnowszy skandal wywo\u0142any przez pisowskich propagandyst\u00f3w to pr\u00f3ba przekonania, \u017ce marsz z okazji 4 czerwca powinien kojarzy\u0107 si\u0119 z obozem \u015bmierci w Auschwitz. Gensek (generalny sekretarz) Prawa i Sprawiedliwo\u015bci, Krzysztof Sobolewski, zapewnia, \u017ce u\u017cycie archiwalnych zdj\u0119\u0107 z Auschwitz by\u0142o ca\u0142kowicie zgodne z prawem. By\u0107 mo\u017ce [&hellip;]<\/p>\n","protected":false},"author":1,"featured_media":0,"comment_status":"closed","ping_status":"closed","sticky":false,"template":"","format":"standard","meta":[],"categories":[6],"tags":[26,24],"_links":{"self":[{"href":"https:\/\/www.reunion68.se\/index.php?rest_route=\/wp\/v2\/posts\/104832"}],"collection":[{"href":"https:\/\/www.reunion68.se\/index.php?rest_route=\/wp\/v2\/posts"}],"about":[{"href":"https:\/\/www.reunion68.se\/index.php?rest_route=\/wp\/v2\/types\/post"}],"author":[{"embeddable":true,"href":"https:\/\/www.reunion68.se\/index.php?rest_route=\/wp\/v2\/users\/1"}],"replies":[{"embeddable":true,"href":"https:\/\/www.reunion68.se\/index.php?rest_route=%2Fwp%2Fv2%2Fcomments&post=104832"}],"version-history":[{"count":13,"href":"https:\/\/www.reunion68.se\/index.php?rest_route=\/wp\/v2\/posts\/104832\/revisions"}],"predecessor-version":[{"id":104865,"href":"https:\/\/www.reunion68.se\/index.php?rest_route=\/wp\/v2\/posts\/104832\/revisions\/104865"}],"wp:attachment":[{"href":"https:\/\/www.reunion68.se\/index.php?rest_route=%2Fwp%2Fv2%2Fmedia&parent=104832"}],"wp:term":[{"taxonomy":"category","embeddable":true,"href":"https:\/\/www.reunion68.se\/index.php?rest_route=%2Fwp%2Fv2%2Fcategories&post=104832"},{"taxonomy":"post_tag","embeddable":true,"href":"https:\/\/www.reunion68.se\/index.php?rest_route=%2Fwp%2Fv2%2Ftags&post=104832"}],"curies":[{"name":"wp","href":"https:\/\/api.w.org\/{rel}","templated":true}]}}