{"id":104910,"date":"2023-06-08T17:09:59","date_gmt":"2023-06-08T15:09:59","guid":{"rendered":"http:\/\/www.reunion68.se\/?p=104910"},"modified":"2023-06-08T08:06:17","modified_gmt":"2023-06-08T06:06:17","slug":"14-09-83","status":"publish","type":"post","link":"https:\/\/www.reunion68.se\/?p=104910","title":{"rendered":"Farhud i \u201csprawa\u201d Palesty\u0144ska Nazizm nadal inspiruje Palesty\u0144czyk\u00f3w"},"content":{"rendered":"<p style=\"text-align: center;\"><img decoding=\"async\" class=\"aligncenter\" src=\"https:\/\/besacenter.org\/wp-content\/uploads\/2021\/06\/Arab-mob-with-swords-hunting-Iraqi-Jews-during-the-Farhud-June-1941-image-from-the-Otniel-Margalit-collection-photo-archive-Yad-Ben-Zvi-via-Museum-of-the-Jewish-People-e1622705127345.jpg\" width=\"100%\"><span style=\"color: #808080;\"><em>Farhud, Bagdad 1941. Zdj\u0119cie: Yad Yitzhak Ben Zvi Archive.<\/em><\/span><\/p>\n<hr>\n<h5 style=\"text-align: center;\"><a href=\"http:\/\/www.listyznaszegosadu.pl\/\" target=\"_blank\" rel=\"noopener noreferrer\"><img decoding=\"async\" class=\"center alignleft\" src=\"http:\/\/www.reunion68.com\/Biuletyn\/img\/z-naszego.jpg\" alt=\"\" width=\"50%\"><\/a><span style=\"text-decoration: underline; color: #000080;\"><span><strong><a style=\"color: #000080; text-decoration: underline;\" href=\"http:\/\/www.listyznaszegosadu.pl\/brunatna-fala\/farhud-i-sprawa-palestynskanazizm-nadal-inspiruje-palestynczykalw\" target=\"_blank\" rel=\"noopener noreferrer\">Farhud i \u201csprawa\u201d Palesty\u0144ska Nazizm nadal inspiruje Palesty\u0144czyk\u00f3w<\/a><\/strong><\/span><\/span><\/h5>\n<p style=\"text-align: center;\"><span style=\"color: #000000;\"><strong>Lyn Julius<br \/>\n<\/strong><span style=\"color: #808080;\"><em>T\u0142umaczenie: <\/em><\/span><strong>Ma\u0142gorzata Koraszewska<\/strong><\/span><\/p>\n<hr style=\"height: 15px; background: #d0e6fa; width: 100%;\">\n<div class=\"templateArticleIngress\">\n<p style=\"text-align: left;\"><span style=\"color: #000080;\">S\u0142yszeli\u015bcie o Farhud?&nbsp;Nie wszyscy s\u0142yszeli. Ta anty\u017cydowska masakra \u2013&nbsp;<em>Farhud<\/em>&nbsp;oznacza \u201eprzymusowe wyw\u0142aszczenie\u201d po arabsku \u2013 mia\u0142a miejsce 82 lata temu w Iraku.&nbsp;Jednak niedawny&nbsp;<a style=\"color: #000080;\" href=\"blank\" target=\"_blank\" rel=\"noopener noreferrer\">sonda\u017c<\/a>&nbsp;wykaza\u0142, \u017ce tylko 7% Izraelczyk\u00f3w o tym s\u0142ysza\u0142o.<\/span><\/p>\n<p style=\"text-align: left;\">\n<span style=\"color: #000080;\">W dniach 1-2 czerwca 1941 r. w Bagdadzie i Basrze zamordowano co najmniej 180 \u017byd\u00f3w \u2014 liczba ta mog\u0142a si\u0119ga\u0107 nawet 600 \u2013 2000 zosta\u0142o rannych, a 900 dom\u00f3w i 586 \u017cydowskich przedsi\u0119biorstw zosta\u0142o zniszczonych.&nbsp;Dosz\u0142o do grabie\u017cy, gwa\u0142t\u00f3w i okalecze\u0144.&nbsp;Mn\u00f3stwo jest opowie\u015bci o zamordowanych niemowl\u0119tach i odmawianiu leczenia pacjentom \u017cydowskim lub truciu ich.&nbsp;Zmar\u0142ych pochowano w po\u015bpiechu w zbiorowej mogile.<\/span><\/p>\n<\/div>\n<p style=\"text-align: left;\">\n<div class=\"templateArticleBrodtext\">\n<p style=\"text-align: left;\"><span style=\"color: #000080;\">Farhud wybi\u0142 ostatni\u0105 godzin\u0119 dla staro\u017cytnej spo\u0142eczno\u015bci \u017cydowskiej w Iraku.&nbsp;Inne pogromy zdziesi\u0105tkowa\u0142y spo\u0142eczno\u015bci \u017cydowskie w innych krajach arabskich, prowadz\u0105c do masowego exodusu.&nbsp;Wi\u0119kszo\u015b\u0107 z tych \u017byd\u00f3w uciek\u0142a do Izraela, gdzie oni i ich potomkowie stanowi\u0105 dzi\u015b ponad po\u0142ow\u0119 ludno\u015bci \u017cydowskiej.<\/span><\/p>\n<p style=\"text-align: left;\">\n<span style=\"color: #000080;\">Poza og\u00f3ln\u0105 ignorancj\u0105 o Farhudzie, rola Palesty\u0144czyk\u00f3w w nim jest prawie nieznana.&nbsp;W rzeczywisto\u015bci os\u0142awiony Wielki Mufti Jerozolimy, Had\u017c Amin al-Husseini, pom\u00f3g\u0142 po\u0142o\u017cy\u0107 podwaliny pod t\u0119 masakr\u0119.<\/span><\/p>\n<p style=\"text-align: left;\">\n<span style=\"color: #000080;\">Innymi s\u0142owy, Farhud by\u0142 dowodem na to, \u017ce antysyjonistyczny \u201eop\u00f3r\u201d wobec \u017byd\u00f3w w Palestynie przekszta\u0142ci\u0142 si\u0119 w bezwstydny antysemityzm skierowany przeciwko \u017bydom \u015bwiata arabskiego.<\/span><\/p>\n<p style=\"text-align: left;\">\n<span style=\"color: #000080;\">Sam mufti sp\u0119dzi\u0142 dwa lata w Iraku, pocz\u0105wszy od 1939 roku. Przyby\u0142 z 400 Syryjczykami i Palesty\u0144czykami, w wi\u0119kszo\u015bci nauczycielami.&nbsp;W kwietniu 1941 r. Mufti popar\u0142 pro-nazistowski zamach stanu kierowany przez Raszida Alego al-Gilaniego i czterech oficer\u00f3w wojskowych.&nbsp;By\u0142 to jedyny re\u017cim arabski, kt\u00f3ry podpisa\u0142 traktat z nazistowskimi Niemcami.<\/span><\/p>\n<p style=\"text-align: left;\">\n<span style=\"color: #000080;\">Na ca\u0142ym Bliskim Wschodzie arabska opinia publiczna by\u0142a w wi\u0119kszo\u015bci proniemiecka.&nbsp;Ankieta przeprowadzona na zlecenie konsulatu USA w Jerozolimie w lutym 1941 r. wykaza\u0142a, \u017ce 88% palesty\u0144skich Arab\u00f3w chcia\u0142o, aby nazi\u015bci wygrali wojn\u0119<strong>.<\/strong><\/span><\/p>\n<p style=\"text-align: left;\">\n<span style=\"color: #000080;\">Chocia\u017c pro-nazistowski rz\u0105d w Iraku zosta\u0142 pokonany, a prowodyrzy zmuszeni do ucieczki, mufti uciek\u0142 do Berlina, gdzie by\u0142 hojnie finansowanym go\u015bciem Hitlera w czasie wojny.&nbsp;Mufti cieszy\u0142 si\u0119 \u015bwit\u0105 60 arabskich wygna\u0144c\u00f3w i pompowa\u0142 do arabskiego \u015bwiata truj\u0105c\u0105 propagand\u0119 z Radia Berlin w Zeesen, \u0142\u0105cz\u0105c anty\u017cydowskie wersety z Koranu ze wsp\u00f3\u0142czesnymi antysemickimi teoriami spiskowymi.&nbsp;\u201eZabijajcie \u017byd\u00f3w, gdziekolwiek ich znajdziecie.&nbsp;To podoba si\u0119 Bogu, historii i religii\u201d \u2013 nawo\u0142ywa\u0142 na antenie.<\/span><\/p>\n<p style=\"text-align: left;\">\n<span style=\"color: #000080;\">Na spotkaniu z Hitlerem w listopadzie 1941 r. mufti zobowi\u0105za\u0142 si\u0119 pom\u00f3c nazistom w wygraniu wojny i za\u017c\u0105da\u0142 pozwolenia na kierowanie eksterminacj\u0105 \u017byd\u00f3w w jego strefie wp\u0142yw\u00f3w.<\/span><\/p>\n<p style=\"text-align: left;\">\n<span style=\"color: #000080;\">Wsp\u00f3\u0142praca Muftiego z nazistami, pomimo usilnych wysi\u0142k\u00f3w Arab\u00f3w, by jej nie przypomina\u0107, jest dobrze udokumentowana.&nbsp;Podczas pobytu w Berlinie pozna\u0142 wszystkich najwy\u017cszych rang\u0105 nazist\u00f3w: w\u015br\u00f3d nich Himmlera, Goebbelsa i Eichmanna.<\/span><\/p>\n<p style=\"text-align: left;\">\n<span style=\"color: #000080;\">Jego og\u00f3lny wk\u0142ad w nazistowsk\u0105 spraw\u0119 by\u0142 dwojaki.&nbsp;Aby powstrzyma\u0107 \u017byd\u00f3w przed ucieczk\u0105 do Palestyny, przekonywa\u0142 nazist\u00f3w, by porzucili plany wyp\u0119dzenia \u017byd\u00f3w z Europy.&nbsp;Bior\u0105c pod uwag\u0119 nazistowsk\u0105 ideologi\u0119, po odrzuceniu opcji wyp\u0119dzenia, jedyn\u0105 rzecz\u0105, jak\u0105 mo\u017cna by\u0142o zrobi\u0107 z \u017bydami, by\u0142a ich eksterminacja.&nbsp;Mufti utworzy\u0142 tak\u017ce jednostki SS oddzia\u0142\u00f3w muzu\u0142ma\u0144skich w Bo\u015bni i Albanii, kt\u00f3re dopu\u015bci\u0142y si\u0119 straszliwych okrucie\u0144stw.<\/span><\/p>\n<p style=\"text-align: left;\">\n<span style=\"color: #000080;\">Wed\u0142ug historyka&nbsp;<a style=\"color: #000080;\" href=\"blank\" target=\"_blank\" rel=\"noopener noreferrer\">Matthiasa Kuentzela<\/a>&nbsp;mufti by\u0142 punktem zbie\u017cno\u015bci mi\u0119dzy wielk\u0105 wojn\u0105 nazist\u00f3w przeciwko \u017bydom i ma\u0142\u0105 wojn\u0105 Arab\u00f3w przeciwko spo\u0142eczno\u015bci \u017cydowskiej w Palestynie.&nbsp;G\u0142\u00f3wnymi dow\u00f3dcami wojskowymi Muftiego w ma\u0142ej wojnie przeciwko \u017bydom byli Fawzi al-Kawukd\u017ci, Abdel Kader al-Husseini i Hassan Salama.&nbsp;Wszyscy byli nazistowskimi kolaborantami.&nbsp;Istniej\u0105 doniesienia, \u017ce palesty\u0144skie si\u0142y arabskie mia\u0142y by\u0142ych nazistowskich doradc\u00f3w w terenie.<\/span><\/p>\n<p style=\"text-align: left;\">\n<span style=\"color: #000080;\">Mufti, z r\u00f3\u017cnych powod\u00f3w&nbsp;<em>realpolitik<\/em>, nigdy nie by\u0142 s\u0105dzony w Norymberdze.&nbsp;Oznacza\u0142o to, \u017ce w przeciwie\u0144stwie do Europy antysemityzm inspirowany przez nazist\u00f3w nigdy nie zosta\u0142 zdyskredytowany w \u015bwiecie arabskim i muzu\u0142ma\u0144skim.&nbsp;W rzeczywisto\u015bci Egipt i Syria sta\u0142y si\u0119 rajami dla nazistowskich zbrodniarzy wojennych.<\/span><\/p>\n<p style=\"text-align: left;\">\n<span style=\"color: #000080;\">Powojenne wp\u0142ywy by\u0142ych nazist\u00f3w w Kairze przyczyni\u0142y si\u0119 do rozszerzenia ideologicznej, terytorialnej i rasowej wojny Arab\u00f3w przeciwko Izraelowi na lata pi\u0119\u0107dziesi\u0105te i p\u00f3\u017aniej.&nbsp;Na przyk\u0142ad Adolf Eichmann postrzega\u0142 wojn\u0119 \u015bwiata muzu\u0142ma\u0144skiego z Izraelem jako kontynuacj\u0119 nazistowskiej walki z \u017bydami.&nbsp;\u201eNie uda\u0142o mi si\u0119 wykona\u0107 zadania ca\u0142kowitej zag\u0142ady \u017byd\u00f3w, ale mam nadziej\u0119, \u017ce muzu\u0142manie wykonaj\u0105 je za mnie\u201d \u2013 napisa\u0142 w swoich wspomnieniach.<\/span><\/p>\n<p style=\"text-align: left;\">\n<span style=\"color: #000080;\">Liga Arabska, za\u0142o\u017cona w 1945 roku, by\u0142a pe\u0142na by\u0142ych kolaborant\u00f3w pa\u0144stw Osi.&nbsp;Abdel Rahman Azzam, jej pierwszy sekretarz generalny, by\u0142 jednym z agent\u00f3w Muftiego, kt\u00f3rzy pracowali z nazistami.&nbsp;Obieca\u0142&nbsp;\u201ewojn\u0119 eksterminacyjn\u0105, jakiej nie widziano od masakr mongolskich\u201d, je\u015bli powstanie pa\u0144stwo \u017cydowskie&nbsp;<a style=\"color: #000080;\" href=\"about:blank\">.&nbsp;<\/a>Rzeczywi\u015bcie, inspirowany przez muftiego statut Ligi Arabskiej mia\u0142 wkr\u00f3tce sta\u0107 si\u0119 podstaw\u0105 wypowiedzenia przez Lig\u0119 wojny unicestwienia rodz\u0105cemu si\u0119 pa\u0144stwu Izrael w 1948 roku.<\/span><\/p>\n<p style=\"text-align: left;\">\n<span style=\"color: #000080;\">Produktem ubocznym niepowodzenia Arab\u00f3w w wygraniu ma\u0142ej wojny przeciwko \u017bydom i ich nowemu pa\u0144stwu by\u0142a masowa czystka etniczna prawie miliona \u017byd\u00f3w z kraj\u00f3w arabskich.&nbsp;Na pocz\u0105tku pa\u0144stwa Ligi Arabskiej opracowa\u0142y&nbsp;<a style=\"color: #000080;\" href=\"blank\" target=\"_blank\" rel=\"noopener noreferrer\">antysemickie dekrety<\/a>, kt\u00f3re upiornie przypominaj\u0105 nazistowskie ustawy norymberskie, pozbawiaj\u0105c \u017byd\u00f3w ich praw i kradn\u0105c ich w\u0142asno\u015b\u0107.<\/span><\/p>\n<p style=\"text-align: left;\">\n<span style=\"color: #000080;\">Mo\u017cna by zapyta\u0107, co mufti ma wsp\u00f3lnego z dzisiejszymi Palesty\u0144czykami?&nbsp;Podczas gdy kilka pa\u0144stw arabskich zawar\u0142o pok\u00f3j z Izraelem, \u201eumiarkowane\u201d kierownictwo Autonomii Palesty\u0144skiej pozostaje zdeterminowane, by kontynuowa\u0107 tradycj\u0119 muftiego wojny totalnej przeciwko Izraelowi.<\/span><\/p>\n<p style=\"text-align: left;\">\n<span style=\"color: #000080;\">W swoim&nbsp;<a style=\"color: #000080;\" href=\"about:blank\">niedawnym przem\u00f3wieniu<\/a>&nbsp;do ONZ z okazji 75. rocznicy nakby&nbsp;<em>\u2013<\/em>&nbsp;uw\u0142aczaj\u0105cego palesty\u0144skiego terminu na utworzenie Izraela \u2013 szef Autonomii Palesty\u0144skiej, Mahmoud Abbas, kt\u00f3rego praca doktorska zaprzecza\u0142a Holokaustowi, nie pr\u00f3bowa\u0142 ukry\u0107 swoich eliminacyjnych cel\u00f3w, m\u00f3wi\u0105c o \u201erozwi\u0105zaniu w postaci dw\u00f3ch pa\u0144stw\u201d lub wycofania si\u0119 z osiedli po 1967 roku.&nbsp;Powiedzia\u0142, \u017ce Izrael musi zosta\u0107 wyrzucony z ONZ.&nbsp;Nie ma dla Izraela miejsca ani historii na Bliskim Wschodzie.<\/span><\/p>\n<p style=\"text-align: left;\">\n<span style=\"color: #000080;\">Wezwanie Abbasa do powrotu palesty\u0144skich uchod\u017ac\u00f3w arabskich w najlepszym przypadku zamieni \u017byd\u00f3w Izraela w ujarzmion\u0105 mniejszo\u015b\u0107 pod rz\u0105dami arabskimi.<\/span><\/p>\n<p style=\"text-align: left;\">\n<span style=\"color: #000080;\">Jest jasne, \u017ce duch Farhudu wci\u0105\u017c unosi si\u0119 nad \u201espraw\u0105\u201d palesty\u0144sk\u0105.<\/span><\/p>\n<\/div>\n<hr>\n<p><span style=\"color: #808080;\"><em>Lyn Julius jest brytyjsk\u0105 dziennikark\u0105 pochodz\u0105c\u0105 z Iraku.<\/em><\/span><\/p>\n<hr style=\"height: 15px; background: #d0e6fa; width: 100%;\">\n<div id=\"content\" class=\"content-alignment\">\n<div id=\"watch-description\" class=\"yt-uix-button-panel\">\n<div id=\"watch-description-text\" style=\"text-align: center;\">\n<p><em>Zawarto\u015b\u0107 publikowanych artyku\u0142\u00f3w i materia\u0142\u00f3w nie reprezentuje pogl\u0105d\u00f3w ani opinii Reunion&#8217;68,<\/em><em><br \/>\nani te\u017c webmastera Blogu Reunion&#8217;68, chyba ze jest to wyra\u017anie zaznaczone.<br \/>\nTwoje uwagi, linki, w\u0142asne artyku\u0142y lub wiadomo\u015bci prze\u015blij na adres:<br \/>\n<\/em><span style=\"color: #000080;\"><strong><em><a style=\"color: #000080;\" href=\"mailto:webmaster@reunion68.com\"><span style=\"text-decoration: underline;\">webmaster@reunion68.com<\/span><\/a><\/em><\/strong><\/span><\/p>\n<\/div>\n<\/div>\n<\/div>\n<hr style=\"width: 100%;\">\n","protected":false},"excerpt":{"rendered":"<p>Farhud, Bagdad 1941. Zdj\u0119cie: Yad Yitzhak Ben Zvi Archive. Farhud i \u201csprawa\u201d Palesty\u0144ska Nazizm nadal inspiruje Palesty\u0144czyk\u00f3w Lyn Julius T\u0142umaczenie: Ma\u0142gorzata Koraszewska S\u0142yszeli\u015bcie o Farhud?&nbsp;Nie wszyscy s\u0142yszeli. Ta anty\u017cydowska masakra \u2013&nbsp;Farhud&nbsp;oznacza \u201eprzymusowe wyw\u0142aszczenie\u201d po arabsku \u2013 mia\u0142a miejsce 82 lata temu w Iraku.&nbsp;Jednak niedawny&nbsp;sonda\u017c&nbsp;wykaza\u0142, \u017ce tylko 7% Izraelczyk\u00f3w o tym s\u0142ysza\u0142o. W dniach 1-2 czerwca [&hellip;]<\/p>\n","protected":false},"author":1,"featured_media":0,"comment_status":"closed","ping_status":"closed","sticky":false,"template":"","format":"standard","meta":[],"categories":[6],"tags":[26,24],"_links":{"self":[{"href":"https:\/\/www.reunion68.se\/index.php?rest_route=\/wp\/v2\/posts\/104910"}],"collection":[{"href":"https:\/\/www.reunion68.se\/index.php?rest_route=\/wp\/v2\/posts"}],"about":[{"href":"https:\/\/www.reunion68.se\/index.php?rest_route=\/wp\/v2\/types\/post"}],"author":[{"embeddable":true,"href":"https:\/\/www.reunion68.se\/index.php?rest_route=\/wp\/v2\/users\/1"}],"replies":[{"embeddable":true,"href":"https:\/\/www.reunion68.se\/index.php?rest_route=%2Fwp%2Fv2%2Fcomments&post=104910"}],"version-history":[{"count":9,"href":"https:\/\/www.reunion68.se\/index.php?rest_route=\/wp\/v2\/posts\/104910\/revisions"}],"predecessor-version":[{"id":104925,"href":"https:\/\/www.reunion68.se\/index.php?rest_route=\/wp\/v2\/posts\/104910\/revisions\/104925"}],"wp:attachment":[{"href":"https:\/\/www.reunion68.se\/index.php?rest_route=%2Fwp%2Fv2%2Fmedia&parent=104910"}],"wp:term":[{"taxonomy":"category","embeddable":true,"href":"https:\/\/www.reunion68.se\/index.php?rest_route=%2Fwp%2Fv2%2Fcategories&post=104910"},{"taxonomy":"post_tag","embeddable":true,"href":"https:\/\/www.reunion68.se\/index.php?rest_route=%2Fwp%2Fv2%2Ftags&post=104910"}],"curies":[{"name":"wp","href":"https:\/\/api.w.org\/{rel}","templated":true}]}}