{"id":104938,"date":"2023-06-09T17:09:26","date_gmt":"2023-06-09T15:09:26","guid":{"rendered":"http:\/\/www.reunion68.se\/?p=104938"},"modified":"2023-06-08T08:06:32","modified_gmt":"2023-06-08T06:06:32","slug":"15-09-83","status":"publish","type":"post","link":"https:\/\/www.reunion68.se\/?p=104938","title":{"rendered":"Izraelskie migawki"},"content":{"rendered":"<p><img decoding=\"async\" class=\"aligncenter\" src=\"https:\/\/studioopinii.pl\/wp-content\/uploads\/2012\/04\/izrael.jpeg\" width=\"100%\"><\/p>\n<hr>\n<h5 style=\"text-align: center;\"><a href=\"https:\/\/studioopinii.pl\/\" target=\"_blank\" rel=\"noopener noreferrer\"><img decoding=\"async\" class=\"center alignleft\" src=\"http:\/\/www.reunion68.com\/Biuletyn\/img\/studio.png\" alt=\"\" width=\"35%\"><\/a><span style=\"text-decoration: underline; color: #000080;\"><span><strong><a style=\"color: #000080; text-decoration: underline;\" href=\"https:\/\/studioopinii.pl\/archiwa\/235468\" target=\"_blank\" rel=\"noopener noreferrer\">Izraelskie migawki<\/a><\/strong><\/span><\/span><\/h5>\n<p style=\"text-align: center;\"><span style=\"color: #000000;\"><strong>Maciej Koz\u0142owski<\/strong><\/span><\/p>\n<hr style=\"height: 15px; background: #d0e6fa; width: 100%;\">\n<h3 style=\"text-align: center;\"><span style=\"color: #808080;\"><strong>Gdy&nbsp;samolot podchodzi do&nbsp;l\u0105dowania mimo wszystko czuj\u0119 pewien niepok\u00f3j. Od&nbsp;dw\u00f3ch dni trwa rakietowy ostrza\u0142 Izraela. Izraelska obrona przeciwlotnicza jest zab\u00f3jczo skuteczna, jednak wiadomo cho\u0107by z&nbsp;tego, co&nbsp;dzieje si\u0119 za&nbsp;nasz\u0105 wschodnia granic\u0105, a&nbsp;tak\u017ce na&nbsp;terytorium Polski, \u017ce&nbsp;gwarancji obrony stuprocentowej nikt da\u0107 nie&nbsp;mo\u017ce. W&nbsp;kilka godzin po&nbsp;naszym l\u0105dowaniu jedna z&nbsp;wystrzelonych z&nbsp;Gazy rakiet trafi\u0142a w&nbsp;dom w&nbsp;mie\u015bcie Rehovot, kilkana\u015bcie kilometr\u00f3w od&nbsp;lotniska Ben Guriona. Jedna osoba zgin\u0119\u0142a kilka zosta\u0142o rannych.<\/strong><\/span><\/h3>\n<p class=\"has-helvetica-font-family has-custom-font has-custom-weight has-custom-lineheight\"><strong>Kiedy jednak nast\u0119pnego dnia spotykam si\u0119 z&nbsp;przyjaci\u00f3\u0142mi nie&nbsp;m\u00f3wimy o&nbsp;rakietach, lecz&nbsp;o&nbsp;tym, czym od&nbsp;p\u00f3\u0142 roku \u017cyje Izrael, a&nbsp;przynajmniej ta&nbsp;cz\u0119\u015b\u0107 Izraela, kt\u00f3r\u0105 znam. O&nbsp;demonstracjach. Przyjaciele pokazuj\u0105 mi&nbsp;bransoletki z&nbsp;napisem: Yariv Levin kan ze&nbsp;lo Polin czyli Jariwie Lewin tu&nbsp;nie&nbsp;jest Polska. Ta&nbsp;zgrabna rymowanka to&nbsp;podczas ostatnich demonstracji najcz\u0119\u015bciej skandowane has\u0142o demonstrant\u00f3w obok zawsze obecnych \u201edemokracja\u201d i&nbsp;\u201eprecz z&nbsp;dyktatur\u0105\u201d.<\/strong><\/p>\n<p style=\"text-align: left;\"><span style=\"color: #000080;\">Izraelskie demonstracje w&nbsp;obronie niezale\u017cnego s\u0105downictwa z&nbsp;uwag\u0105 obserwuje ca\u0142y demokratyczny \u015bwiat. Wszystkie wielkie stacje telewizyjne przekazuj\u0105 bezpo\u015brednie transmisje. Specjali\u015bci od&nbsp;dobrego wizerunku Polski z&nbsp;Reduty Dobrego Imienia i&nbsp;podobnych instytucji powinni by\u0107 zadowoleni. Polska jest obecna na&nbsp;ekranach milion\u00f3w telewizor\u00f3w. I&nbsp;to&nbsp;bez&nbsp;milionowych nak\u0142ad\u00f3w na&nbsp;bia\u0142oczerwone jachty czy&nbsp;hollywoodzkie produkcje.<\/span><\/p>\n<p style=\"text-align: left;\"><span style=\"color: #000080;\">Mimo rakiet i&nbsp;rosn\u0105cego napi\u0119cia \u2013 nast\u0119pnego dnia zn\u00f3w by\u0142y dwie ofiary \u015bmiertelne, tym razem byli to&nbsp;palesty\u0144scy robotnicy \u2013 nastr\u00f3j zupe\u0142nie inny ni\u017c ten, kt\u00f3ry&nbsp;zapami\u0119ta\u0142em wyje\u017cd\u017caj\u0105c z&nbsp;Tel Avivu w&nbsp;pierwszych dniach stycznia. W\u00f3wczas w&nbsp;tym Izraelu, kt\u00f3ry&nbsp;znam \u2013 czyli Izraelu wykszta\u0142conym, \u015bwieckim, w&nbsp;wi\u0119kszo\u015bci o&nbsp;korzeniach aszkenazyjskich panowa\u0142a atmosfera przygn\u0119bienia granicz\u0105ca wr\u0119cz z&nbsp;rozpacz\u0105.<\/span><\/p>\n<p style=\"text-align: left;\"><span style=\"color: #000080;\">Przypomnijmy. Po&nbsp;upadku latem ubieg\u0142ego roku rz\u0105du utworzonego przez&nbsp;z&nbsp;trudem sklecon\u0105 koalicj\u0119 partii od&nbsp;skrajnej lewicy po&nbsp;skrajn\u0105 prawic\u0119 kolejne \u2013 pi\u0105te ju\u017c w&nbsp;ci\u0105gu dw\u00f3ch lat \u2013 wybory zn\u00f3w nie&nbsp;przynios\u0142y jednoznacznego rozstrzygniecie. Partie demokratyczne zachowa\u0142y wprawdzie dotychczasowy stan posiadania, ale&nbsp;dwa czynniku sprawi\u0142y, \u017ce&nbsp;znalaz\u0142y si\u0119 w&nbsp;mniejszo\u015bci. Skrajnie lewicowa partia pod&nbsp;wodz\u0105 Tamary Zandberg postanowi\u0142a \u201ezachowa\u0107 to\u017csamo\u015b\u0107\u201d i&nbsp;o&nbsp;trzy dziesi\u0105te punktu procentowego znalaz\u0142a si\u0119 pod&nbsp;progiem wyborczym. Osobno wystartowa\u0142y partie arabskie i&nbsp;zamiast kilkunastu, jak w&nbsp;poprzednich wyborach wprowadzi\u0142y do&nbsp;Knessetu tylko&nbsp;kilku pos\u0142\u00f3w.<\/span><\/p>\n<p style=\"text-align: left;\"><span style=\"color: #000080;\">Najwi\u0119ksz\u0105 liczb\u0119 pos\u0142\u00f3w tak&nbsp;jak poprzednio zdoby\u0142 Likud Benjamina Netanyahu i&nbsp;to&nbsp;on&nbsp;zdo\u0142a\u0142 stworzy\u0107 nowa koalicj\u0119, si\u0119gaj\u0105c \u2013 po&nbsp;raz pierwszy w&nbsp;historii Izraela \u2013 po&nbsp;si\u0142y skrajnie prawicowe, kt\u00f3re \u015bmia\u0142o nazwa\u0107 mo\u017cna faszystowskimi. Przyw\u00f3dca partii Ozma Yehudit czyli \u017bydowska Si\u0142a Itamar Ben Gwir dzia\u0142a\u0142 w&nbsp;m\u0142odzie\u017c\u00f3wce partii Kach, kt\u00f3ra&nbsp;zosta\u0142a uznana za&nbsp;organizacj\u0119 terrorystyczn\u0105 i&nbsp;zdelegalizowana. Ben Gwir nie&nbsp;kry\u0142 sympatii do&nbsp;Barucha Goldsteina, kt\u00f3ry&nbsp;dokona\u0142 najwi\u0119kszej w&nbsp;Izraelu masakry zabijaj\u0105c 29 Palesty\u0144czyk\u00f3w w&nbsp;grocie patriarch\u00f3w w&nbsp;Hebronie. W&nbsp;nowym rz\u0105dzie Ben Gwir otrzyma\u0142 tek\u0119 ministra ds.&nbsp;bezpiecze\u0144stwa, kt\u00f3remu&nbsp;mi\u0119dzy innymi przypad\u0142 nadz\u00f3r nad&nbsp;policj\u0105. Tek\u0119 ministra finans\u00f3w i&nbsp;wiceministra obrony otrzyma\u0142 inny radyka\u0142 Bazezel Smotricz. Ten, poza jawnie rasistowskimi pogl\u0105dami g\u0142osi potrzeb\u0119 podporzadkowania systemu prawnego pa\u0144stwa prawu religijnemu. \u201eaby by\u0142o tak&nbsp;jak za&nbsp;kr\u00f3la Davida\u201d.<\/span><\/p>\n<p style=\"text-align: left;\"><span style=\"color: #000080;\">Nowy rz\u0105d zaprzysi\u0119\u017cony zosta\u0142 29 grudnia. Ju\u017c cztery dni p\u00f3\u017aniej Ben Gwir ze&nbsp;swymi zwolennikami wybra\u0142 si\u0119 na&nbsp;Wzg\u00f3rze \u015bwi\u0105tynne najwyra\u017aniej chc\u0105c sprowokowa\u0107 zamieszki, co&nbsp;jednak mu&nbsp;si\u0119 nie&nbsp;uda\u0142o, gdy\u017c&nbsp;zar\u00f3wno Palesty\u0144czycy jak i&nbsp;kraje arabskie powstrzyma\u0142y si\u0119 od&nbsp;gwa\u0142townych reakcji.<\/span><\/p>\n<p style=\"text-align: left;\"><span style=\"color: #000080;\">Jednak najwi\u0119ksze zagro\u017cenie dla izraelskiej demokracji przysz\u0142o nie&nbsp;tylko&nbsp;ze&nbsp;strony radyka\u0142\u00f3w lecz&nbsp;samego Netanyahu i&nbsp;partii Likud. Czwartego stycznia minister sprawiedliwo\u015bci Yariv Levin przedstawi\u0142 plan dog\u0142\u0119bnej reformy s\u0105downictwa. Zaprezentowany pakiet ustaw mia\u0142 na&nbsp;celu zlikwidowanie w&nbsp;praktyce niezale\u017cnej kontroli s\u0105dowej nad&nbsp;ustawodawstwem, a&nbsp;tak\u017ce poprzez zmiany w&nbsp;systemie wyboru s\u0119dzi\u00f3w podporz\u0105dkowanie s\u0105downictwa powszechnego w\u0142adzy wykonawczej.<\/span><\/p>\n<p style=\"text-align: left;\"><span style=\"color: #000080;\">Jak wiadomo Izrael nie&nbsp;ma&nbsp;konstytucji. Podstawowe prawa obywatelskie zapisane zosta\u0142y w&nbsp;Deklaracji Niepodleg\u0142o\u015bci, a&nbsp;ustr\u00f3j pa\u0144stwa reguluj\u0105 tak&nbsp;zwane prawa podstawowe. Nad&nbsp;zgodno\u015bci\u0105 uchwalanych przez&nbsp;Kneset ustaw z&nbsp;tymi zasadami czuwa S\u0105d Najwy\u017cszy. W&nbsp;pe\u0142ni niezale\u017cne pozostaj\u0105 prokuratura i&nbsp;s\u0105dy powszechne, a&nbsp;dodatkowym zabezpieczeniem przed&nbsp;r\u00f3\u017cnymi nie&nbsp;zawsze zgodnymi z&nbsp;prawem pomys\u0142ami polityk\u00f3w czuwaj\u0105 niezale\u017cni od&nbsp;zmieniaj\u0105cych si\u0119 z&nbsp;ka\u017cdym politycznym nadaniem ministr\u00f3w urz\u0119dnicy cywilni, zwani radcami prawnymi ministerstw. System ten \u2013 lepiej czy&nbsp;gorzej \u2013 funkcjonowa\u0142 od&nbsp;za\u0142o\u017cenia pa\u0144stwa, zapewniaj\u0105c pe\u0142ni\u0119 swob\u00f3d obywatelskich i&nbsp;\u0142ad demokratyczny niezale\u017cnie od&nbsp;tego czy&nbsp;rz\u0105dzi\u0142a lewica , prawica, centrum, czy&nbsp;te\u017c r\u00f3\u017cne, nieraz bardzo egzotyczne koalicje. I&nbsp;w\u0142a\u015bnie teraz \u2013 mo\u017ce dlatego, \u017ce&nbsp;sam musi t\u0142umaczy\u0107 si\u0119 przed&nbsp;s\u0105dami z&nbsp;zarzut\u00f3w o&nbsp;\u0142apownictwo \u2013 postanowi\u0142 system ten wywr\u00f3ci\u0107, czyli zrobi\u0107 to, co&nbsp;uda\u0142o si\u0119 najpierw w&nbsp;pe\u0142ni Putinowi i&nbsp;\u0141ukaszence, a&nbsp;potem w&nbsp;r\u00f3\u017cnym stopniu Erdoganowi w&nbsp;Turcji, Orbanowi na&nbsp;W\u0119grzech czy&nbsp;Kaczy\u0144skiemu w&nbsp;Polsce. Oczywi\u015bcie pod&nbsp;has\u0142em przywr\u00f3cenia \u201eprawdziwej demokracji\u201d czyli niepoddawaniu woli tak&nbsp;czy&nbsp;inaczej skleconej wi\u0119kszo\u015bci parlamentarnej i&nbsp;wy\u0142onionemu przez&nbsp;t\u0105&nbsp;wi\u0119kszo\u015b\u0107 rz\u0105dowi jakimkolwiek ograniczeniom.<\/span><\/p>\n<p style=\"text-align: left;\"><span style=\"color: #000080;\">Wtedy, na&nbsp;pocz\u0105tku stycznia wydawa\u0142o si\u0119, \u017ce&nbsp;rzecz jest przes\u0105dzona. Netanyahu mia\u0142 solidn\u0105 wi\u0119kszo\u015b\u0107 w&nbsp;parlamencie, zwolennicy partii skrajnych, ale&nbsp;tak\u017ce Likudu niesieni byli rewolucyjnym zapa\u0142em \u201eodbierania w\u0142adzy elitom\u201d, partie religijne szykowa\u0142y si\u0119 do&nbsp;poszerzenia swych wp\u0142yw\u00f3w, a&nbsp;przede wszystkim uzyskiwania coraz wi\u0119kszych pieni\u0119dzy. Opozycja po&nbsp;wyborczej kl\u0119sce liza\u0142a rany i&nbsp;oskar\u017ca\u0142a si\u0119 nawzajem o&nbsp;przegran\u0105.<\/span><\/p>\n<p style=\"text-align: left;\"><span style=\"color: #000080;\">Pami\u0119tam rozmow\u0119 z&nbsp;by\u0142ym szefem sztabu, by\u0142ym ministrem obrony Mosze Yaalonem, kt\u00f3ry&nbsp;mocno anga\u017cowa\u0142 si\u0119 spo\u0142ecznie, mi\u0119dzy innymi krytykuj\u0105c zbyt jego zdaniem ostro\u017cn\u0105 i&nbsp;kr\u00f3tkowzroczn\u0105 polityk\u0119 Izraela wobec wojny na&nbsp;Ukrainie. Zapyta\u0142em go&nbsp;co&nbsp;demokratyczny Izrael mo\u017ce zrobi\u0107. Odpowiedzia\u0142. Nie&nbsp;odpu\u015bcimy. B\u0119dziemy wychodzi\u0107 na&nbsp;ulice.<\/span><\/p>\n<p style=\"text-align: left;\"><span style=\"color: #000080;\">I&nbsp;rzeczywi\u015bcie, w&nbsp;dwa dni po&nbsp;naszej rozmowie 7 stycznia w&nbsp;Tel Avivie na&nbsp;ulice wysz\u0142o 20 tysi\u0119cy ludzi. Pocz\u0105tkowo mia\u0142 to&nbsp;by\u0107 protest przeciw przeciwko obecno\u015bci rasistowskich radyka\u0142\u00f3w w&nbsp;rz\u0105dzie jednak og\u0142oszone 4 stycznia plany zmian w&nbsp;s\u0105downictwie sprawi\u0142y, \u017ce&nbsp;przerodzi\u0142 si\u0119 on&nbsp;w&nbsp;demonstracje w&nbsp;obronie podstaw demokracji. Niewielkie grupy demonstrant\u00f3w wysz\u0142y te\u017c na&nbsp;ulice w&nbsp;Hajfie i&nbsp;kilku innych miastach. Rz\u0105d protestami si\u0119 nie&nbsp;przej\u0105\u0142 i&nbsp;ruszy\u0142a machina zmian. Zaproponowano na&nbsp;przyk\u0142ad by&nbsp;to&nbsp;rz\u0105d, a&nbsp;nie&nbsp;jak dotychczas kolegium rektor\u00f3w, mia\u0142 g\u0142os decyduj\u0105cy przy rozdziale \u015brodk\u00f3w na&nbsp;szkolnictwo wy\u017csze. Cala spo\u0142eczno\u015b\u0107 akademicka jednoznacznie i&nbsp;ostro zaprotestowa\u0142a i&nbsp;rz\u0105d musia\u0142 si\u0119 z&nbsp;pomys\u0142u wycofa\u0107. Wtedy w\u0142a\u015bnie po&nbsp;raz pierwszy pojawi\u0142y si\u0119 por\u00f3wnania do&nbsp;Polski i&nbsp;W\u0119gier. Izraelczycy zrozumieli, \u017ce&nbsp;wszystko co&nbsp;mog\u0105 zrobi\u0107, to&nbsp;protestowa\u0107 i&nbsp;nie&nbsp;odpuszcza\u0107. Ca\u0142y kraj oblepi\u0142y plakaty \u017c\u0105daj\u0105ce ust\u0105pienia Netanyahu i&nbsp;obrony demokracji.<\/span><\/p>\n<p style=\"text-align: left;\"><span style=\"color: #000080;\">Cosobotnie demonstracje sta\u0142y si\u0119 swoistym rytua\u0142em. Demonstrowa\u0107 sz\u0142y ca\u0142e rodziny. Obok ocalonych z&nbsp;Holocaustu, m\u0142odzie\u017c, obok milioner\u00f3w z&nbsp;Hightechu bezrobotni i&nbsp;bezdomni. W&nbsp;Tel Avivie w\u0142a\u015bciciele parking\u00f3w udost\u0119pniaj\u0105 je&nbsp;w&nbsp;sobotnie wieczory za&nbsp;darmo, aby demonstrowa\u0107 mogli tak\u017ce przyjezdni. Demonstracje odbywaj\u0105 si\u0119 ju\u017c w&nbsp;wsz\u0119dzie. Nawet a&nbsp;ma\u0142ych miasteczkach co&nbsp;sobota wida\u0107 na&nbsp;ulicach ludzi z&nbsp;flagami i&nbsp;sloganami. Na&nbsp;demonstracjach pojawiaj\u0105 si\u0119 byli szefowie Szin Bet i&nbsp;Mosadu, byli dow\u00f3dcy wojskowi z&nbsp;Mosze Yaalonem na&nbsp;czele, przyszed\u0142 te\u017c najwi\u0119kszy autorytet ekonomiczny, by\u0142y szef banku centralnego Jakob Frenkel. Z&nbsp;ka\u017cdym tygodniem demonstracje s\u0105&nbsp;coraz liczniejsze. W&nbsp;Tel Avivie trzeba by\u0142o je&nbsp;przenie\u015b\u0107 z&nbsp;placu Habima na&nbsp;ulic\u0119 Kaplan, kt\u00f3ra&nbsp;przechodzi mostem nad&nbsp;przecinaj\u0105c\u0105 Tel Aviv autostrad\u0105 Ayalon.<\/span><\/p>\n<p style=\"text-align: left;\"><span style=\"color: #000080;\">No&nbsp;i&nbsp;sta\u0142o si\u0119 to, co&nbsp;by\u0142o nie&nbsp;do&nbsp;unikni\u0119cia. W&nbsp;pewnym momencie demonstranci zablokowali autostrad\u0119. Policja wprawdzie pr\u00f3bowa\u0142a interweniowa\u0107, ale&nbsp;bez&nbsp;nadmiernego u\u017cycia przemocy. Nast\u0119pnego dnia Netanyahu nazwa\u0142 demonstrant\u00f3w anarchistami, a&nbsp;sprawuj\u0105cy nadz\u00f3r nad&nbsp;policj\u0105 Ben Gwir zdymisjonowa\u0142 komendanta policji w&nbsp;Tel Avivie. Wywo\u0142a\u0142o to&nbsp;powszechne oburzenie Prokurator generalny zastopowa\u0142 t\u0119&nbsp;decyzj\u0119, Komendant G\u0142\u00f3wny Policji uzna\u0142 dymisj\u0119 za&nbsp;b\u0142\u0105d i&nbsp;podczas kolejnej demonstracji Amiczaj Esher w&nbsp;mundurze pojawi\u0142 si\u0119 w\u015br\u00f3d demonstrant\u00f3w wywo\u0142uj\u0105c powszechny entuzjazm.<\/span><\/p>\n<p style=\"text-align: left;\"><span style=\"color: #000080;\">Jednak walec legislacyjny posuwa si\u0119 do&nbsp;przodu. Szef Komisji Sprawiedliwo\u015bci w&nbsp;Knesecie Simcha Rothem zapowiada, \u017ce&nbsp;13 lutego nad&nbsp;pakietem reform g\u0142osowa\u0107 b\u0119dzie specjalna komisja. Wydaje si\u0119, \u017ce&nbsp;sprawa jest przes\u0105dzona. Mosze Yaalon, kt\u00f3ry&nbsp;sta\u0142 si\u0119 jedn\u0105 z&nbsp;g\u0142\u00f3wnych twarzy protest\u00f3w, wzywa do&nbsp;kolejnej wielkiej demonstracji i&nbsp;zapowiada mo\u017cliwo\u015b\u0107 strajku generalnego.<\/span><\/p>\n<p style=\"text-align: left;\"><span style=\"color: #000080;\">Trzynastego lutego przed&nbsp;Knesetem w&nbsp;Jerozolimie, mimo \u017ce&nbsp;to&nbsp;poniedzia\u0142ek, zwyk\u0142y dzie\u0144 roboczy, zebra\u0142o si\u0119 ponad sto tysi\u0119cy demonstrant\u00f3w. Demonstracje odby\u0142y si\u0119 te\u017c w&nbsp;Tel Avivie i&nbsp;w&nbsp;innych miastach. W&nbsp;niekt\u00f3rych przedsi\u0119biorstwach og\u0142oszono strajki. Mimo to&nbsp;komisja konstytucyjna w&nbsp;Knesecie stosunkiem g\u0142os\u00f3w 9 do&nbsp;7 przeg\u0142osowa\u0142a proponowane zmiany, a&nbsp;rz\u0105d zapowiedzia\u0142, \u017ce&nbsp;si\u0119 nie&nbsp;cofnie i&nbsp;jeszcze przed&nbsp;\u015bwi\u0105teczna przerw\u0105 pakiet ustaw zostanie uchwalony.<\/span><\/p>\n<p style=\"text-align: left;\"><span style=\"color: #000080;\">Trwaj\u0105ce ju\u017c jednak ponad miesi\u0105c z&nbsp;tygodnia na&nbsp;tydzie\u0144 coraz pot\u0119\u017cniejsze, cho\u0107 wci\u0105\u017c ca\u0142kowicie pokojowe demonstracje zaczynaj\u0105 przynosi\u0107 efekty, kt\u00f3rych&nbsp;rz\u0105d nie&nbsp;przewidzia\u0142. Protesty, w&nbsp;r\u00f3\u017cnej formie organizuj\u0105 rozliczne bardzo nieraz od&nbsp;siebie odleg\u0142e ideowo i&nbsp;politycznie organizacje, stowarzyszenia, korporacje zawodowe. Najgro\u017aniejszy dla w\u0142adz okaza\u0142 si\u0119 protest rezerwist\u00f3w si\u0142 zbrojnych.<\/span><\/p>\n<p style=\"text-align: left;\"><span style=\"color: #000080;\">W&nbsp;Izraelu obowi\u0105zuje powszechna s\u0142u\u017cba wojskowa zar\u00f3wno kobiet jak i&nbsp;i&nbsp;m\u0119\u017cczyzn. Jednak pot\u0119ga wojskowa tego pa\u0144stwa opiera si\u0119 na&nbsp;przewadze technologicznej, a&nbsp;ta&nbsp;z&nbsp;kolei na&nbsp;s\u0142u\u017cbie przede wszystkim w&nbsp;lotnictwie, w&nbsp;wywiadzie , w&nbsp;obronie przeciwlotniczej i&nbsp;innych kluczowych elementach bezpiecze\u0144stwa pa\u0144stwa oficer\u00f3w rezerwy. S\u0105&nbsp;to&nbsp;najwy\u017cszej klasy specjali\u015bci, kt\u00f3rzy&nbsp;nadal dobrowolnie s\u0142u\u017c\u0105 w&nbsp;swych jednostkach i&nbsp;to&nbsp;oni g\u0142\u00f3wnie na&nbsp;zasadzie ochotniczej wykonuj\u0105 najtrudniejsze dzia\u0142ania cho\u0107by takie jak niszczenie na&nbsp;terenie Syrii baz i&nbsp;sk\u0142ad\u00f3w broni Hezbollahu. Odmowa przez&nbsp;nich dalszej dobrowolnej s\u0142u\u017cby to&nbsp;jednoznaczne zagro\u017cenie bezpiecze\u0144stwa pa\u0144stwa.<\/span><\/p>\n<p style=\"text-align: left;\"><span style=\"color: #000080;\">Drugim filarem bezpiecze\u0144stwa Izraela jest sojusz wojskowy z&nbsp;USA. W&nbsp;przeddzie\u0144 protest\u00f3w 13 lutego prezydent Biden powiedzia\u0142: \u201eGeniusz ameryka\u0144skiej i&nbsp;izraelskiej demokracji polega na&nbsp;tym, \u017ce&nbsp;opieraj\u0105 si\u0119 na&nbsp;mocnych instytucjach, na&nbsp;zasadzie r\u00f3wnowa\u017cenia w\u0142adz (cheks and balances) i&nbsp;na&nbsp;niezale\u017cnym s\u0105downictwie\u201d. Do&nbsp;akcji postanowi\u0142 te\u017c wkroczy\u0107 pe\u0142ni\u0105cy zwyczajowo jedynie ceremonialne funkcje prezydent Izraela Izaak Herzog. W&nbsp;or\u0119dziu do&nbsp;narodu wezwa\u0142 rz\u0105d do&nbsp;powstrzymania reform i&nbsp;konsultacje mi\u0119dzy przedstawicielami rz\u0105du i&nbsp;opozycji.<\/span><\/p>\n<p style=\"text-align: left;\"><span style=\"color: #000080;\">Netanyahu powiedzia\u0142, \u017ce&nbsp;nie&nbsp;ma&nbsp;nic przeciw konsultacjom, ale&nbsp;reformy zostan\u0105 wprowadzone. Odpowiedzi\u0105 by\u0142y kolejne wielusettysi\u0119czne manifestacje. Tyle tylko, \u017ce&nbsp;na&nbsp;znak protestu przeciw dzia\u0142aniom Knesetu na&nbsp;demonstracjach nie&nbsp;pozwalano przemawia\u0107 \u017cadnym politykom, tak\u017ce tym z&nbsp;opozycji.<\/span><\/p>\n<p style=\"text-align: left;\"><span style=\"color: #000080;\">9 marca og\u0142oszony zosta\u0142 narodowym dniem oporu. Tego dnia w&nbsp;protestach wzi\u0119\u0142o udzia\u0142 ponad \u0107wier\u0107 miliona ludzi. Zablokowane zosta\u0142o lotnisko Ben Guriona co&nbsp;powa\u017cnie skomplikowa\u0142o \u017cycie premierowi, kt\u00f3ry&nbsp;akurat tego dnia wybiera\u0142 si\u0119 z&nbsp;wizyt\u0105 do&nbsp;W\u0142och.<\/span><\/p>\n<p style=\"text-align: left;\"><span style=\"color: #000080;\">Jednocze\u015bnie ferment w&nbsp;armii i&nbsp;w&nbsp;innych wra\u017cliwych sektorach narasta\u0142. Netanyahu zdecydowa\u0142 si\u0119 na&nbsp;rozwi\u0105zanie si\u0142owe. Po&nbsp;kolejnym prote\u015bcie w&nbsp;kt\u00f3rym&nbsp;zn\u00f3w wzi\u0119\u0142o udzia\u0142 ponad \u0107wier\u0107 miliona ludzi zapowiedzia\u0142 dymisj\u0119 przez&nbsp;siebie mianowanego ministra obrony Yoava Gallanta. Ten bowiem, czuj\u0105c nastroje w&nbsp;armii lepiej ni\u017c inni zw\u0142aszcza ci&nbsp;najbardziej fanatyczni cz\u0142onkowie rz\u0105du wezwa\u0142 do&nbsp;natychmiastowego zawieszenia prac nad&nbsp;zmianami w&nbsp;sadownictwie gdy\u017c&nbsp;\u201eobecna sytuacja to&nbsp;bezpo\u015brednie i&nbsp;jednoznaczne zagro\u017cenie bezpiecze\u0144stwa pa\u0144stwa\u201d.<\/span><\/p>\n<p style=\"text-align: left;\"><span style=\"color: #000080;\">Decyzja o&nbsp;dymisji Gallanta okaza\u0142a si\u0119 dla Netanyahu i&nbsp;pomys\u0142u parlamentarnego zamachu stanu prawdziw\u0105 katastrof\u0105. W&nbsp;niedziel\u0119 26 marca w&nbsp;ponad 150 miastach manifestanci zablokowali drogi. Dymisj\u0119 z\u0142o\u017cy\u0142 konsul generalny Izraela w&nbsp;Nowym Jorku Asaf Zamir. Natychmiast sta\u0142 si\u0119 on&nbsp;kolejna rozpoznawaln\u0105 twarz\u0105 masowych protest\u00f3w. Wszystkie uczelnie z&nbsp;wyj\u0105tkiem Uniwersytetu Ariel na&nbsp;okupowanym Zachodnim Brzegu og\u0142osi\u0142y bezterminowy strajk. Generalny strajk zapowiedzia\u0142 szef zwi\u0105zk\u00f3w zawodowych Histadrut, a&nbsp;tak\u017ce dziesi\u0105tki r\u00f3\u017cnych stowarzysze\u0144 zawodowych i&nbsp;biznesowych. Wstrzymany zosta\u0142 ruch na&nbsp;lotnisku Ben Guriona \u201ePo raz pierwszy w&nbsp;historii Izraela wielki biznes i&nbsp;zwi\u0105zki zawodowe poda\u0142y sobie r\u0119ce, by&nbsp;broni\u0107 kraj przed&nbsp;chaosem\u201d, powiedzia\u0142 szef organizacji reprezentuj\u0105cej wielki izraelski biznes w&nbsp;Izraelu Dubai Amitai.<\/span><\/p>\n<p style=\"text-align: left;\"><span style=\"color: #000080;\">Wszystko to&nbsp;dzia\u0142o si\u0119 w&nbsp;tygodniu poprzedzaj\u0105cym najwi\u0119ksze \u017cydowskie \u015bwi\u0119ta \u2013 Pesach. Wiadomo by\u0142o, \u017ce&nbsp;je\u015bli ustawy nie&nbsp;zostan\u0105 przeprowadzone do&nbsp;pocz\u0105tk\u00f3w kwietnia, to&nbsp;nast\u0119pne podej\u015bcie do&nbsp;ich uchwalenia dokona\u0107 b\u0119dzie mog\u0142o dopiero w&nbsp;maju.<\/span><\/p>\n<p style=\"text-align: left;\"><span style=\"color: #000080;\">27 wieczorem w&nbsp;telewizyjnym or\u0119dziu Netanyahu zapowiedzia\u0142, \u017ce&nbsp;proces legislacyjny zostaje zawieszony na&nbsp;miesi\u0105c, w&nbsp;kt\u00f3rego&nbsp;czasie toczy\u0107 si\u0119 b\u0119d\u0105 rozmowy pod&nbsp;egid\u0105 Isaaka Herzoga. Zapowiedzia\u0142 te\u017c, \u017ce&nbsp;minister obrony pozostanie na&nbsp;stanowisku. Oczywi\u015bcie ze&nbsp;wzgl\u0119du na&nbsp;bezpiecze\u0144stwo pa\u0144stwa. Strajk generalny zosta\u0142 odwo\u0142any.<\/span><\/p>\n<p style=\"text-align: left;\"><span style=\"color: #000080;\">Nie&nbsp;odby\u0142o si\u0119 to&nbsp;jednak bez&nbsp;pewnej ceny. Netanyahu zgodzi\u0142 si\u0119 na&nbsp;powo\u0142anie podleg\u0142ej bezpo\u015brednio ministrowi bezpiecze\u0144stwa czyli Itamarowi Ben Gwirowi Gwardii Narodowej. Poniewa\u017c w&nbsp;Izraelu jednym z&nbsp;naj\u0142agodniejszych okre\u015ble\u0144 tego fanatyka jest \u201efaszysta\u201d analogie nasuwaj\u0105 si\u0119 same.<\/span><\/p>\n<p style=\"text-align: left;\"><span style=\"color: #000080;\">Mimo tak&nbsp;spektakularnego zwyci\u0119stwa organizatorzy protest\u00f3w, a&nbsp;co&nbsp;najwa\u017cniejsze ich uczestnicy postanowili nie&nbsp;odpuszcza\u0107. Mimo \u015bwi\u0105t najpierw religijnych potem pa\u0144stwowych i&nbsp;patriotycznych cosobotnie demonstracje w&nbsp;Tel Avivie i&nbsp;w&nbsp;innych miastach gromadz\u0105 od&nbsp;stu do&nbsp;dwustu tysi\u0119cy uczestnik\u00f3w, a&nbsp;has\u0142o Yariv Levin kan ze&nbsp;lo Polin powtarzane jest co&nbsp;tydzie\u0144 w&nbsp;dziesi\u0105tkach miejsc.<\/span><\/p>\n<p style=\"text-align: left;\"><span style=\"color: #000080;\">Pech chcia\u0142, \u017ce&nbsp;znalaz\u0142em si\u0119 w&nbsp;Izraelu akurat w&nbsp;t\u0119&nbsp;sobot\u0119 13 maja, kiedy demonstracje z&nbsp;powodu ostrza\u0142u rakietowego zosta\u0142y odwo\u0142ane. Jednak w&nbsp;dziesi\u0105tkach rozm\u00f3w jakie mia\u0142em okazje odby\u0107 przewa\u017ca\u0142 optymizm i&nbsp;poczucie \u201edali\u015bmy rad\u0119\u201d. Zastanawiali\u015bmy si\u0119 te\u017c wsp\u00f3lnie co&nbsp;sprawi\u0142o, \u017ce&nbsp;to&nbsp;w\u0142a\u015bnie w&nbsp;Izraelu uda\u0142o si\u0119 w&nbsp;pokojowym prote\u015bcie spo\u0142ecznym powstrzyma\u0107 zmiany, kt\u00f3re w&nbsp;ostatecznym rezultacie mog\u0142y szybko doprowadzi\u0107 do&nbsp;zast\u0105pienia kwitn\u0105cej demokracji autorytaryzmem.<\/span><\/p>\n<p style=\"text-align: left;\"><span style=\"color: #000080;\">Odpowiedzi jest wiele, ale&nbsp;kilka wydaje si\u0119 szczeg\u00f3lnie istotnych. Pierwsz\u0105 oczywist\u0105 by\u0142a i&nbsp;jest masowo\u015b\u0107 protest\u00f3w. Jak zawsze i&nbsp;wsz\u0119dzie szacunki co&nbsp;do&nbsp;liczby uczestnik\u00f3w demonstracji r\u00f3\u017cni\u0105 si\u0119, i&nbsp;to&nbsp;nieraz o&nbsp;liczby rz\u0119du setek tysi\u0119cy. Przyj\u0105\u0107 jednak mo\u017cna, \u017ce&nbsp;w&nbsp;szczytowym momencie protestowa\u0142o mi\u0119dzy \u0107wier\u0107, a&nbsp;p\u00f3\u0142 miliona Izraelczyk\u00f3w. Je\u015bli na\u0142o\u017cymy to&nbsp;na&nbsp;sytuacje demograficzna Izraela \u2013 kraju niespe\u0142na dziesi\u0119ciomilionowego, gdzie na&nbsp;dodatek \u017bydzi to&nbsp;tylko&nbsp;trzy czwarte ludno\u015bci kraju \u2013 te&nbsp;liczby musz\u0105 robi\u0107 wra\u017cenie. Drugim czynnikiem by\u0142a zdecydowana determinacja. Nieodpuszczanie. To&nbsp;nie&nbsp;by\u0142 jednorazowy zryw, kt\u00f3ry&nbsp;po&nbsp;kilku czy&nbsp;kilkunastu miesi\u0105cach si\u0119 wypali\u0142, lecz&nbsp;protest, kt\u00f3ry&nbsp;ca\u0142y czas narasta\u0142 i&nbsp;nadal narasta mimo pierwszych ust\u0119pstw w\u0142adzy.<\/span><\/p>\n<p style=\"text-align: left;\"><span style=\"color: #000080;\">Teraz jednym z&nbsp;cel\u00f3w protestu jest zar\u00f3wno wymuszenie na&nbsp;ca\u0142kowite wycofanie si\u0119 z&nbsp;pr\u00f3b zmian w&nbsp;s\u0105downictwie, ale&nbsp;tak\u017ce patrzenie na&nbsp;r\u0119ce opozycji czy&nbsp;przypadkiem podczas rozm\u00f3w pod&nbsp;egid\u0105 prezydenta Herzoga nie&nbsp;jest szykowany jaki\u015b zgni\u0142y kompromis. I&nbsp;w\u0142a\u015bnie ta&nbsp;masowo\u015b\u0107 i&nbsp;nieodpuszczanie sprawi\u0142y, \u017ce&nbsp;do&nbsp;protestu przy\u0142\u0105cza\u0142y si\u0119 kolejne grupy zawodowe, organizacje, \u015brodowiska.<\/span><\/p>\n<p style=\"text-align: left;\"><span style=\"color: #000080;\">Nast\u0105pi\u0142o szczeg\u00f3lne sprz\u0119\u017cenie zwrotne. Si\u0142a protest\u00f3w sk\u0142oni\u0142a wielu aktywnych przedstawicieli spo\u0142ecze\u0144stwa obywatelskiego do&nbsp;organizowania akcji protestacyjnych we&nbsp;w\u0142asnych \u015brodowiskach zawodowych z&nbsp;kolei te&nbsp;protesty, zw\u0142aszcza ten najpowa\u017cniejszy, rezerwist\u00f3w, motywowa\u0142y do&nbsp;dalszego wychodzenia na&nbsp;ulice. Po&nbsp;trzecie protesty, cho\u0107 z&nbsp;natury stricte polityczne abstrahowa\u0142y niejako od&nbsp;bie\u017c\u0105cej polityki. Protest\u00f3w nie&nbsp;organizowali aktywni w&nbsp;Knesecie politycy opozycji. Ma\u0142o tego, w&nbsp;pewnym sensie nie&nbsp;byli na&nbsp;tych protestach mile widziani. To&nbsp;wysun\u0119\u0142o na&nbsp;plan pierwszy ludzi spoza aktywnej polityki ale&nbsp;za&nbsp;to&nbsp;obdarzonych spo\u0142ecznym autorytetem i&nbsp;zaufanie. To&nbsp;z&nbsp;kolei pozwoli\u0142o anga\u017cowa\u0107 si\u0119 w&nbsp;akcie protestacyjne ludziom ze&nbsp;wszystkich stron politycznego spectrum. Ma\u0142o tego. Do&nbsp;protestu zacz\u0119li do\u0142\u0105cza\u0107 ludzie bliscy sprawuj\u0105cym w\u0142adz\u0119. Jak cho\u0107by syn legendy izraelskiej prawicy Ariela Sharona I&nbsp;zapewne to&nbsp;w\u0142a\u015bnie, a&nbsp;nie&nbsp;tylko&nbsp;gro\u017aba strajku generalnego sk\u0142oni\u0142a Netanyahu do&nbsp;cofni\u0119cia si\u0119.<\/span><\/p>\n<p style=\"text-align: left;\"><span style=\"color: #000080;\">Po&nbsp;czwarte, protesty nie&nbsp;rozmienia\u0142y si\u0119 na&nbsp;drobne poprzez wysuwanie mo\u017ce i&nbsp;zasadnych, ale&nbsp;partykularnych postulat\u00f3w. Zrozumiano, \u017ce&nbsp;gdy&nbsp;zagro\u017cone s\u0105&nbsp;same podstawy demokracji, m\u00f3wienie o&nbsp;prawach mniejszo\u015bci, o&nbsp;mieszkalnictwie o&nbsp;prawach pracowniczych, , a&nbsp;nawet o&nbsp;fundamentalnych kwestiach takich jak przysz\u0142o\u015b\u0107 okupowanych teren\u00f3w os\u0142abia zasadniczy przekaz. Bez&nbsp;zagwarantowania podstawowych wolno\u015bci wszystkie te&nbsp;postulaty i&nbsp;tak&nbsp;b\u0119d\u0105 nie&nbsp;do&nbsp;spe\u0142nienia bo&nbsp;ich rozwi\u0105zywanie b\u0119dzie wy\u0142\u0105cznie dyktowane potrzeba umocnienia autorytarnej w\u0142adzy, No&nbsp;i&nbsp;wreszcie masowe protesty wytworzy\u0142y szczeg\u00f3lny rodzaj spo\u0142ecznej wi\u0119zi, zbudowa\u0142y tak&nbsp;potrzebny w&nbsp;ka\u017cdej demokracji kapita\u0142 spo\u0142eczny.<\/span><\/p>\n<p style=\"text-align: left;\"><span style=\"color: #000080;\">I&nbsp;dlatego, mimo \u017ce&nbsp;zap\u0119dy autorytarne nie&nbsp;zosta\u0142y poskromione, a&nbsp;jedynie zawieszone, mimo spadaj\u0105cych rakiet, mimo ogromu problem\u00f3w, przed&nbsp;kt\u00f3rymi stoi Izrael przyt\u0142aczaj\u0105ca wi\u0119kszo\u015b\u0107 moich&nbsp;rozm\u00f3wc\u00f3w by\u0142a pe\u0142na optymizmu.<\/span><\/p>\n<p style=\"text-align: left;\"><span style=\"color: #000080;\">Nie&nbsp;mog\u0142em wzi\u0105\u0107 udzia\u0142u w&nbsp;manifestacji i&nbsp;poczu\u0107 tej&nbsp;szczeg\u00f3lnej atmosfery, o&nbsp;kt\u00f3rej&nbsp;z&nbsp;prawdziwym ogniem w&nbsp;oczach opowiadali mi&nbsp;wszyscy izraelscy znajomi. Mog\u0142em jednak by\u0107 uczestnikiem wydarzenia szczeg\u00f3lnego jakim jest coroczna ceremonia nadawania tytu\u0142\u00f3w doktorat\u00f3w honoris causa na&nbsp;Uniwersytecie Telawiwskim. Mimo \u017ce&nbsp;liczy sobie niewiele ponad 60 lat jest w&nbsp;pierwszej setce wy\u017cszych uczelni \u015bwiata w&nbsp;tak&nbsp;zwanym rankingu szanghajskim, a&nbsp;niekt\u00f3rych dziedzinach, takich jak matematyka czy&nbsp;computer science jest w&nbsp;pierwszej dziesi\u0105tce uniwersytet\u00f3w \u015bwiata. Doktorat honorowy tego w\u0142a\u015bnie uniwersytetu to&nbsp;zaszczyt szczeg\u00f3lny, tym bardziej \u017ce&nbsp;kryteria nadawania tego tytu\u0142u s\u0105&nbsp;niezwykle ostre i&nbsp;zwykle tylko&nbsp;kilka os\u00f3b rocznie dost\u0119puje tego zaszczytu. W&nbsp;tym roku by\u0142o nieco inaczej bo&nbsp;wr\u0119czano dyplomy tak\u017ce laureatom z&nbsp;lat poprzednich, kt\u00f3rzy&nbsp;nie&nbsp;mogli osobi\u015bcie odebra\u0107 dyplom\u00f3w wcze\u015bniej z&nbsp;powod\u00f3w covidowych. By\u0142o wiec laureat\u00f3w a\u017c&nbsp;jedenastu. Byli w\u015br\u00f3d nich tradycyjnie wielcy darczy\u0144cy i&nbsp;filantropi zasilaj\u0105cy izraelska nauk\u0119 setkami milion\u00f3w dolar\u00f3w, by\u0142 wybitny palesty\u0144ski dziennikarz, byli wielcy uczeni z&nbsp;Francji i&nbsp;ze&nbsp;Stan\u00f3w Zjednoczonych, by\u0142y wreszcie dwie Polki profesor Barbara Engelking i&nbsp;Olga Tokarczuk.<\/span><\/p>\n<p style=\"text-align: left;\"><span style=\"color: #000080;\">Barbara Engelking zosta\u0142a doktorem honoris causa za&nbsp;\u201ewybitne pionierskie osi\u0105gni\u0119cia naukowe w&nbsp;dziedzinie bada\u0144 nad&nbsp;Holocaustem, a&nbsp;tak\u017ce \u00bbza odwag\u0119 i&nbsp;determinacj\u0119 w&nbsp;ukazywaniu z\u0142o\u017cono\u015bci stosunk\u00f3w polsko-\u017cydowskich w&nbsp;okresie II&nbsp;wojny \u015bwiatowej\u00ab. Olga Tokarczuk otrzyma\u0142a honorowy tytu\u0142 nie&nbsp;tylko&nbsp;za&nbsp;swe prace literackie lecz&nbsp;r\u00f3wnie\u017c za&nbsp;dzia\u0142alno\u015b\u0107 spo\u0142eczn\u0105 w&nbsp;tym za&nbsp;zaanga\u017cowanie na&nbsp;rzecz uchod\u017ac\u00f3w. To&nbsp;w\u0142a\u015bnie jej przypad\u0142 zaszczyt przemawiania w&nbsp;imieniu wszystkich laureat\u00f3w.<\/span><\/p>\n<p style=\"text-align: left;\"><span style=\"color: #000080;\">W&nbsp;ceremonii na&nbsp;Uniwersytecie uczestniczy\u0142o kilkaset os\u00f3b w&nbsp;tym najwybitniejsi przedstawiciele izraelskiego \u015bwiata nauki i&nbsp;kultury. Ceremonia by\u0142a transmitowana na&nbsp;ca\u0142y \u015bwiat. Ci, kt\u00f3rzy&nbsp;ja&nbsp;ogl\u0105dali zobaczyli, \u017ce&nbsp;Polska to&nbsp;nie&nbsp;tylko&nbsp;symbol autorytarnych rz\u0105d\u00f3w, \u017ce&nbsp;mamy ambasadorki nauki i&nbsp;kultury, kt\u00f3rymi mo\u017cemy si\u0119 szczyci\u0107. I&nbsp;kt\u00f3re buduj\u0105 w&nbsp;\u015bwiecie dobre imi\u0119 naszego kraju.<\/span><\/p>\n<p style=\"text-align: left;\"><span style=\"color: #000080;\">I&nbsp;tak&nbsp;jak Izrael mo\u017ce by\u0107 pierwszym krajem w&nbsp;kt\u00f3rym&nbsp;masowe protesty spo\u0142ecze\u0144stwa obywatelskiego zatrzyma\u0142y autorytarne zap\u0119dy w\u0142adzy, tak&nbsp;mo\u017ce Polska stanie si\u0119 pierwszym krajem, gdy&nbsp;takie rz\u0105dy zostan\u0105 obalone za&nbsp;pomoc\u0105 kartki wyborczej. Po&nbsp;polskim 4 czerwca wydaje si\u0119, \u017ce&nbsp;jeste\u015bmy, by\u0107 mo\u017ce, nieco bli\u017cej tego celu.<\/span><\/p>\n<p style=\"text-align: left;\"><span style=\"color: #000080;\">A&nbsp;tymczasem Izrael nie&nbsp;odpuszcza. 3 czerwca w&nbsp;Tel Avivie zn\u00f3w na&nbsp;ulice wysz\u0142o 200 tysi\u0119cy demonstrant\u00f3w. A&nbsp;od&nbsp;kilkunastu godzin furor\u0119 w&nbsp;izraelskich mediach spo\u0142eczno\u015bciowych robi p\u00f3\u0142toraminutowy film pokazuj\u0105cy naprzemiennie migawki z&nbsp;ulic izraelskich i&nbsp;niedzielnego marszu w&nbsp;Warszawie z&nbsp;jednoznacznym przes\u0142aniem Tel Aviv Warszawa \u2013&nbsp;<strong>wsp\u00f3lna sprawa.<\/strong><\/span><\/p>\n<div id=\"content\" class=\"content-alignment\">\n<div id=\"watch-description\" class=\"yt-uix-button-panel\">\n<div id=\"watch-description-text\" style=\"text-align: center;\">\n<p><iframe loading=\"lazy\" title=\"\u05d4\u05d9\u05d9 \u05d9\u05e8\u05d9\u05d1 \u05dc\u05d5\u05d9\u05df, \u05d9\u05e9 \u05dc\u05da \u05d3&quot;\u05e9 \u05de\u05e4\u05d5\u05dc\u05d9\u05df &#x1f1f5;&#x1f1f1;\" src=\"https:\/\/www.youtube.com\/embed\/2ZcNGWxNjWg\" width=\"680\" height=\"400\" frameborder=\"0\" allowfullscreen=\"allowfullscreen\"><\/iframe><\/p>\n<\/div>\n<\/div>\n<\/div>\n<hr>\n<p>Maciej Koz\u0142owski -(ur. 1943) \u2013 polski historyk, dziennikarz, publicysta, dzia\u0142acz opozycji w okresie PRL, dyplomata, w latach 1999\u20132003 Ambasador RP w Izraelu<\/p>\n<hr style=\"height: 15px; background: #d0e6fa; width: 100%;\">\n<div id=\"content\" class=\"content-alignment\">\n<div id=\"watch-description\" class=\"yt-uix-button-panel\">\n<div id=\"watch-description-text\" style=\"text-align: center;\">\n<p><em>Zawarto\u015b\u0107 publikowanych artyku\u0142\u00f3w i materia\u0142\u00f3w nie reprezentuje pogl\u0105d\u00f3w ani opinii Reunion&#8217;68,<\/em><em><br \/>\nani te\u017c webmastera Blogu Reunion&#8217;68, chyba ze jest to wyra\u017anie zaznaczone.<br \/>\nTwoje uwagi, linki, w\u0142asne artyku\u0142y lub wiadomo\u015bci prze\u015blij na adres:<br \/>\n<\/em><span style=\"color: #000080;\"><strong><em><a style=\"color: #000080;\" href=\"mailto:webmaster@reunion68.com\"><span style=\"text-decoration: underline;\">webmaster@reunion68.com<\/span><\/a><\/em><\/strong><\/span><\/p>\n<\/div>\n<\/div>\n<\/div>\n<hr style=\"width: 100%;\">\n","protected":false},"excerpt":{"rendered":"<p>Izraelskie migawki Maciej Koz\u0142owski Gdy&nbsp;samolot podchodzi do&nbsp;l\u0105dowania mimo wszystko czuj\u0119 pewien niepok\u00f3j. Od&nbsp;dw\u00f3ch dni trwa rakietowy ostrza\u0142 Izraela. Izraelska obrona przeciwlotnicza jest zab\u00f3jczo skuteczna, jednak wiadomo cho\u0107by z&nbsp;tego, co&nbsp;dzieje si\u0119 za&nbsp;nasz\u0105 wschodnia granic\u0105, a&nbsp;tak\u017ce na&nbsp;terytorium Polski, \u017ce&nbsp;gwarancji obrony stuprocentowej nikt da\u0107 nie&nbsp;mo\u017ce. W&nbsp;kilka godzin po&nbsp;naszym l\u0105dowaniu jedna z&nbsp;wystrzelonych z&nbsp;Gazy rakiet trafi\u0142a w&nbsp;dom w&nbsp;mie\u015bcie Rehovot, kilkana\u015bcie [&hellip;]<\/p>\n","protected":false},"author":1,"featured_media":0,"comment_status":"closed","ping_status":"closed","sticky":false,"template":"","format":"standard","meta":[],"categories":[6],"tags":[26,24],"_links":{"self":[{"href":"https:\/\/www.reunion68.se\/index.php?rest_route=\/wp\/v2\/posts\/104938"}],"collection":[{"href":"https:\/\/www.reunion68.se\/index.php?rest_route=\/wp\/v2\/posts"}],"about":[{"href":"https:\/\/www.reunion68.se\/index.php?rest_route=\/wp\/v2\/types\/post"}],"author":[{"embeddable":true,"href":"https:\/\/www.reunion68.se\/index.php?rest_route=\/wp\/v2\/users\/1"}],"replies":[{"embeddable":true,"href":"https:\/\/www.reunion68.se\/index.php?rest_route=%2Fwp%2Fv2%2Fcomments&post=104938"}],"version-history":[{"count":4,"href":"https:\/\/www.reunion68.se\/index.php?rest_route=\/wp\/v2\/posts\/104938\/revisions"}],"predecessor-version":[{"id":104948,"href":"https:\/\/www.reunion68.se\/index.php?rest_route=\/wp\/v2\/posts\/104938\/revisions\/104948"}],"wp:attachment":[{"href":"https:\/\/www.reunion68.se\/index.php?rest_route=%2Fwp%2Fv2%2Fmedia&parent=104938"}],"wp:term":[{"taxonomy":"category","embeddable":true,"href":"https:\/\/www.reunion68.se\/index.php?rest_route=%2Fwp%2Fv2%2Fcategories&post=104938"},{"taxonomy":"post_tag","embeddable":true,"href":"https:\/\/www.reunion68.se\/index.php?rest_route=%2Fwp%2Fv2%2Ftags&post=104938"}],"curies":[{"name":"wp","href":"https:\/\/api.w.org\/{rel}","templated":true}]}}