{"id":104994,"date":"2023-06-10T17:00:48","date_gmt":"2023-06-10T15:00:48","guid":{"rendered":"http:\/\/www.reunion68.se\/?p=104994"},"modified":"2023-06-10T07:25:55","modified_gmt":"2023-06-10T05:25:55","slug":"17-00-80","status":"publish","type":"post","link":"https:\/\/www.reunion68.se\/?p=104994","title":{"rendered":"Israeli Short Film Premiering at Palm Springs Festival Explores Adolescent Rebellion in Jerusalem"},"content":{"rendered":"<h5 style=\"text-align: center;\"><a href=\"https:\/\/www.algemeiner.com\/\" target=\"_blank\" rel=\"noopener noreferrer\"><img decoding=\"async\" class=\"center alignleft\" src=\"http:\/\/www.reunion68.com\/Biuletyn\/img\/algem.png\" alt=\"\" width=\"35%\"><\/a><span style=\"text-decoration: underline; color: #000080;\"><strong><a style=\"color: #000080; text-decoration: underline;\" href=\"https:\/\/www.algemeiner.com\/2023\/06\/09\/israeli-short-film-premiering-at-palm-springs-festival-explores-adolescent-rebellion-in-jerusalem\/\" target=\"_blank\" rel=\"noopener noreferrer\">Israeli Short Film Premiering at Palm Springs Festival Explores Adolescent Rebellion in Jerusalem<\/a><\/strong><\/span><\/h5>\n<p style=\"text-align: center;\"><span style=\"color: #000000;\"><strong>Shiryn Ghermezian<\/strong><\/span><\/p>\n<hr style=\"height: 15px; background: #d0e6fa; width: 100%;\">\n<p style=\"text-align: center;\"><img decoding=\"async\" class=\"aligncenter\" src=\"https:\/\/www.algemeiner.com\/wp-content\/uploads\/2023\/06\/Screen-Shot-2023-06-07-at-12.35.13-PM.jpg\" width=\"100%\"><span style=\"color: #808080;\"><em>A photo still from the new film \u201cArava.\u201d Photo: Provided<\/em><\/span><\/p>\n<p style=\"text-align: left;\"><span style=\"color: #000080;\">The Hebrew-language short film&nbsp;<a style=\"color: #000080;\" href=\"https:\/\/www.psfilmfest.org\/shortfest-2023\/film-finder\/arava\" target=\"_blank\" rel=\"noopener noreferrer\"><em>Arava<\/em><\/a>&nbsp;will make its world&nbsp;premiere at the Palm Springs International ShortFest on June 22 and is also in the running for the festival\u2019s award for best&nbsp;international&nbsp;short.<\/span><\/p>\n<p style=\"text-align: left;\"><span style=\"color: #000080;\">The 27-minute coming-of-age story by director and screenwriter Sarah Meital Benjamin takes place in the 2000s and is set in Jerusalem as a teenage girl named Arava returns home after spending six months in a secluded rehab facility. She reunites with her troublemaker best friend Tzipi, who convinces her to go on a trip up north in Israel. As the two runaways hitchhike through the country, they face experiences and situations that force them to confront their own conflicts, identities, hopes and losses as well as their friendship.<\/span><\/p>\n<p style=\"text-align: left;\"><span style=\"color: #000080;\">\u201c<em>Arava<\/em>&nbsp;is a story of friendship and unquenched passion between two young girls in an unsafe world, but beyond that, it is a portrait of the complexity, magic, pain and hope in the realities of at-risk youth in Israel,\u201d according to a synopsis for the film.<\/span><\/p>\n<p style=\"text-align: left;\"><span style=\"color: #000080;\">The film was produced by Michael Utznik and co-written by Batel Zaharaa Mann with cinematography done by Keren Bergman. It stars Swell Ariel Or, from the Netflix Israeli series&nbsp;<em>The Beauty Queen of Jerusalem<\/em>, along with Batel Zaharaa Mann, Itamar Rothchild, Itamar Abuhatzira, Shlomi Shtern, Elisha Shwartz.<\/span><\/p>\n<p style=\"text-align: left;\"><span style=\"color: #000080;\"><em>Arava<\/em>&nbsp;is a true story based on Benjamin\u2019s life experiences. The filmmaker was born in Jerusalem to a Mizrahi-Ashkenazi family from a Hasidic community that she then left at a young age.<\/span><\/p>\n<p style=\"text-align: left;\"><span style=\"color: #000080;\">\u201c<em>Arava<\/em>&nbsp;is a personal story picked out of my archive of adolescent adventures as a post-religious, bisexual runaway teen who spent<\/span><br \/>\n<span style=\"color: #000080;\">her youth hanging out in the punk scene of Jerusalem,\u201d said Benjamin in a director\u2019s note for the film. \u201cThe world of characters, the saturated city, and the unapologetic teen spirit of young adults facing distinct challenging realities, is the beating heart behind the project.\u201d<\/span><\/p>\n<p style=\"text-align: left;\"><span style=\"color: #000080;\">She added: \u201cJerusalem at its core is a melting pot that brings together many forms of lives on a daily basis. The main characters of&nbsp;<em>Arava<\/em>&nbsp;are a depiction of this very reality; religion versus faith, untamed individuality versus a collective identity, and the constant, fruitful battle between fantasy and reality \u2026 Although&nbsp;<em>Arava<\/em>&nbsp;is based on a personal story and set in a very specific world, it is firstly a human story about a young girl in search of belonging, a primal yearning that exists within every human heart.\u201d<\/span><\/p>\n<p style=\"text-align: left;\"><span style=\"color: #000080;\">ShortFest will take place from June 20-26. All of the festival\u2019s awards, which come with a cash prize between $500-$5,000 and five Academy Award-qualifying awards, will be announced on June 25.<\/span><\/p>\n<p style=\"text-align: left;\"><span style=\"color: #000080;\">Watch the trailer for&nbsp;<em>Arava<\/em>&nbsp;below.<\/span><\/p>\n<div id=\"content\" class=\"content-alignment\">\n<div id=\"watch-description\" class=\"yt-uix-button-panel\">\n<div id=\"watch-description-text\" style=\"text-align: center;\">\n<p><iframe loading=\"lazy\" title=\"vimeo-player\" src=\"https:\/\/player.vimeo.com\/video\/823665561?h=80b4f0c7ec\" width=\"640\" height=\"360\" frameborder=\"0\" allowfullscreen=\"allowfullscreen\"><\/iframe><\/p>\n<\/div>\n<\/div>\n<\/div>\n<hr style=\"height: 15px; background: #d0e6fa; width: 100%;\">\n<div id=\"content\" class=\"content-alignment\">\n<div id=\"watch-description\" class=\"yt-uix-button-panel\">\n<div id=\"watch-description-text\" style=\"text-align: center;\">\n<p><em>Zawarto\u015b\u0107 publikowanych artyku\u0142\u00f3w i materia\u0142\u00f3w nie reprezentuje pogl\u0105d\u00f3w ani opinii Reunion&#8217;68,<\/em><em><br \/>\nani te\u017c webmastera Blogu Reunion&#8217;68, chyba ze jest to wyra\u017anie zaznaczone.<br \/>\nTwoje uwagi, linki, w\u0142asne artyku\u0142y lub wiadomo\u015bci prze\u015blij na adres:<br \/>\n<\/em><span style=\"color: #000080;\"><strong><em><a style=\"color: #000080;\" href=\"mailto:webmaster@reunion68.com\"><span style=\"text-decoration: underline;\">webmaster@reunion68.com<\/span><\/a><\/em><\/strong><\/span><\/p>\n<\/div>\n<\/div>\n<\/div>\n<hr style=\"width: 100%;\">\n","protected":false},"excerpt":{"rendered":"<p>Israeli Short Film Premiering at Palm Springs Festival Explores Adolescent Rebellion in Jerusalem Shiryn Ghermezian A photo still from the new film \u201cArava.\u201d Photo: Provided The Hebrew-language short film&nbsp;Arava&nbsp;will make its world&nbsp;premiere at the Palm Springs International ShortFest on June 22 and is also in the running for the festival\u2019s award for best&nbsp;international&nbsp;short. The 27-minute [&hellip;]<\/p>\n","protected":false},"author":1,"featured_media":0,"comment_status":"closed","ping_status":"closed","sticky":false,"template":"","format":"standard","meta":[],"categories":[3],"tags":[26,24],"_links":{"self":[{"href":"https:\/\/www.reunion68.se\/index.php?rest_route=\/wp\/v2\/posts\/104994"}],"collection":[{"href":"https:\/\/www.reunion68.se\/index.php?rest_route=\/wp\/v2\/posts"}],"about":[{"href":"https:\/\/www.reunion68.se\/index.php?rest_route=\/wp\/v2\/types\/post"}],"author":[{"embeddable":true,"href":"https:\/\/www.reunion68.se\/index.php?rest_route=\/wp\/v2\/users\/1"}],"replies":[{"embeddable":true,"href":"https:\/\/www.reunion68.se\/index.php?rest_route=%2Fwp%2Fv2%2Fcomments&post=104994"}],"version-history":[{"count":7,"href":"https:\/\/www.reunion68.se\/index.php?rest_route=\/wp\/v2\/posts\/104994\/revisions"}],"predecessor-version":[{"id":105019,"href":"https:\/\/www.reunion68.se\/index.php?rest_route=\/wp\/v2\/posts\/104994\/revisions\/105019"}],"wp:attachment":[{"href":"https:\/\/www.reunion68.se\/index.php?rest_route=%2Fwp%2Fv2%2Fmedia&parent=104994"}],"wp:term":[{"taxonomy":"category","embeddable":true,"href":"https:\/\/www.reunion68.se\/index.php?rest_route=%2Fwp%2Fv2%2Fcategories&post=104994"},{"taxonomy":"post_tag","embeddable":true,"href":"https:\/\/www.reunion68.se\/index.php?rest_route=%2Fwp%2Fv2%2Ftags&post=104994"}],"curies":[{"name":"wp","href":"https:\/\/api.w.org\/{rel}","templated":true}]}}