{"id":105050,"date":"2023-07-04T17:00:49","date_gmt":"2023-07-04T15:00:49","guid":{"rendered":"http:\/\/www.reunion68.se\/?p=105050"},"modified":"2023-06-26T06:24:19","modified_gmt":"2023-06-26T04:24:19","slug":"19-00-79","status":"publish","type":"post","link":"https:\/\/www.reunion68.se\/?p=105050","title":{"rendered":"Tribeca Film Festival Hosts World Premiere of Stan Lee Documentary About Jewish Marvel Comics Visionary"},"content":{"rendered":"<h5 style=\"text-align: center;\"><a href=\"https:\/\/www.algemeiner.com\/\" target=\"_blank\" rel=\"noopener noreferrer\"><img decoding=\"async\" class=\"center alignleft\" src=\"http:\/\/www.reunion68.com\/Biuletyn\/img\/algem.png\" alt=\"\" width=\"35%\"><\/a><span style=\"text-decoration: underline; color: #000080;\"><span><strong><a style=\"color: #000080; text-decoration: underline;\" href=\"https:\/\/www.algemeiner.com\/2023\/06\/09\/tribeca-film-festival-hosts-world-premiere-of-stan-lee-documentary-about-jewish-marvel-comics-visionary\/\" target=\"_blank\" rel=\"noopener noreferrer\">Tribeca Film Festival Hosts World Premiere of Stan Lee Documentary About Jewish Marvel Comics Visionary<\/a><\/strong><\/span><\/span><\/h5>\n<p style=\"text-align: center;\"><span style=\"color: #000000;\"><strong>Shiryn Ghermezian<\/strong><\/span><\/p>\n<hr style=\"height: 15px; background: #d0e6fa; width: 100%;\">\n<p style=\"text-align: center;\"><img decoding=\"async\" class=\"aligncenter\" src=\"https:\/\/www.algemeiner.com\/wp-content\/uploads\/2018\/11\/stanlee.jpg\" width=\"100%\"><span style=\"color: #808080;\"><em>Stan Lee gestures as he poses at the premiere of \u201cIron Man 3\u201d at El Capitan theater in Hollywood, California, April 24, 2013. Photo: Reuters \/ Mario Anzuoni \/ File.<\/em><\/span><\/p>\n<p style=\"text-align: left;\"><span style=\"color: #000080;\">Stan Lee, the Jewish Marvel Comics legend who co-created some of the most iconic superheroes in pop culture, is the focus of a new documentary making its world premiere this weekend at the Tribeca Film Festival before it premieres on the Disney+ streaming platform.<\/span><\/p>\n<p style=\"text-align: left;\"><span style=\"color: #000080;\">The writer, scripter and editor \u2014 who was born in 1922 as Stanley Martin Lieber to Jewish immigrants from Romania \u2014 co-created Spider-Man,&nbsp;Fantastic Four,&nbsp;Iron Man,&nbsp;Black Panther,&nbsp;The Incredible Hulk,&nbsp;X-Men,&nbsp;Thor,&nbsp;Silver Surfer,&nbsp;Ant-Man,&nbsp;Nick Fury,&nbsp;The Avengers and hundreds of other beloved characters, according to Marvel. He made cameos in several pages of Marvel Comics and in many Marvel Studios films. Lee died in November 2018 at the age of 95.<\/span><\/p>\n<p style=\"text-align: left;\"><span style=\"color: #000080;\">The 86-minute film by director David Gelb, simply titled&nbsp;<a style=\"color: #000080;\" href=\"https:\/\/tribecafilm.com\/films\/stan-lee-2023\" target=\"_blank\" rel=\"noopener noreferrer\"><em>Stan Lee<\/em><\/a>, features personal footage about Lee\u2019s career that have never before been shown to the public as well as voice recordings, interview clips and newsreels. Some of Lee\u2019s closest colleagues also talk in the film about his life and legacy such as comic book publisher Flo Steinberg, who once was Lee\u2019s secretary. The film is produced by Gelb as well as Jason Sterman and Brian McGinn with cinematography done by Ernesto Lomeli. Jeff Redmond, Andy Heyward, Gill Champion, Jamie McBriety and Sarah Regan serve as executive producers.<\/span><\/p>\n<p style=\"text-align: left;\"><span style=\"color: #000080;\">Lee began his career in comics as a teenager in 1939. He also wrote a personal column called \u201cStan\u2019s Soapbox\u201d that ran in every Marvel comic published between 1967 through 1980.<\/span><\/p>\n<p style=\"text-align: left;\"><span style=\"color: #000080;\"><em>Stan Lee<\/em>&nbsp;will screen in-person as part of the Tribeca Film Festival on June 10, 11 and 18, but will also be available for purchase and viewing as part of the Tribeca at Home online platform. The documentary will begin streaming on Disney+ on June 16.<\/span><\/p>\n<p style=\"text-align: left;\"><span style=\"color: #000080;\">Watch the trailer for&nbsp;<em>Stan Lee<\/em>&nbsp;below.<\/span><\/p>\n<div id=\"content\" class=\"content-alignment\">\n<div id=\"watch-description\" class=\"yt-uix-button-panel\">\n<div id=\"watch-description-text\" style=\"text-align: center;\"><iframe loading=\"lazy\" title=\"Stan Lee | Announcement | Disney+\" src=\"https:\/\/www.youtube.com\/embed\/epOInfo_LWU\" width=\"680\" height=\"400\" frameborder=\"0\" allowfullscreen=\"allowfullscreen\"><\/iframe><\/p>\n<\/div>\n<\/div>\n<\/div>\n<hr style=\"height: 15px; background: #d0e6fa; width: 100%;\">\n<div id=\"content\" class=\"content-alignment\">\n<div id=\"watch-description\" class=\"yt-uix-button-panel\">\n<div id=\"watch-description-text\" style=\"text-align: center;\">\n<p><em>Zawarto\u015b\u0107 publikowanych artyku\u0142\u00f3w i materia\u0142\u00f3w nie reprezentuje pogl\u0105d\u00f3w ani opinii Reunion&#8217;68,<\/em><em><br \/>\nani te\u017c webmastera Blogu Reunion&#8217;68, chyba ze jest to wyra\u017anie zaznaczone.<br \/>\nTwoje uwagi, linki, w\u0142asne artyku\u0142y lub wiadomo\u015bci prze\u015blij na adres:<br \/>\n<\/em><span style=\"color: #000080;\"><strong><em><a style=\"color: #000080;\" href=\"mailto:webmaster@reunion68.com\"><span style=\"text-decoration: underline;\">webmaster@reunion68.com<\/span><\/a><\/em><\/strong><\/span><\/p>\n<\/div>\n<\/div>\n<\/div>\n<hr style=\"width: 100%;\">\n","protected":false},"excerpt":{"rendered":"<p>Tribeca Film Festival Hosts World Premiere of Stan Lee Documentary About Jewish Marvel Comics Visionary Shiryn Ghermezian Stan Lee gestures as he poses at the premiere of \u201cIron Man 3\u201d at El Capitan theater in Hollywood, California, April 24, 2013. Photo: Reuters \/ Mario Anzuoni \/ File. Stan Lee, the Jewish Marvel Comics legend who [&hellip;]<\/p>\n","protected":false},"author":1,"featured_media":0,"comment_status":"closed","ping_status":"closed","sticky":false,"template":"","format":"standard","meta":[],"categories":[6],"tags":[26,24],"_links":{"self":[{"href":"https:\/\/www.reunion68.se\/index.php?rest_route=\/wp\/v2\/posts\/105050"}],"collection":[{"href":"https:\/\/www.reunion68.se\/index.php?rest_route=\/wp\/v2\/posts"}],"about":[{"href":"https:\/\/www.reunion68.se\/index.php?rest_route=\/wp\/v2\/types\/post"}],"author":[{"embeddable":true,"href":"https:\/\/www.reunion68.se\/index.php?rest_route=\/wp\/v2\/users\/1"}],"replies":[{"embeddable":true,"href":"https:\/\/www.reunion68.se\/index.php?rest_route=%2Fwp%2Fv2%2Fcomments&post=105050"}],"version-history":[{"count":6,"href":"https:\/\/www.reunion68.se\/index.php?rest_route=\/wp\/v2\/posts\/105050\/revisions"}],"predecessor-version":[{"id":105286,"href":"https:\/\/www.reunion68.se\/index.php?rest_route=\/wp\/v2\/posts\/105050\/revisions\/105286"}],"wp:attachment":[{"href":"https:\/\/www.reunion68.se\/index.php?rest_route=%2Fwp%2Fv2%2Fmedia&parent=105050"}],"wp:term":[{"taxonomy":"category","embeddable":true,"href":"https:\/\/www.reunion68.se\/index.php?rest_route=%2Fwp%2Fv2%2Fcategories&post=105050"},{"taxonomy":"post_tag","embeddable":true,"href":"https:\/\/www.reunion68.se\/index.php?rest_route=%2Fwp%2Fv2%2Ftags&post=105050"}],"curies":[{"name":"wp","href":"https:\/\/api.w.org\/{rel}","templated":true}]}}