{"id":105126,"date":"2023-06-14T17:09:07","date_gmt":"2023-06-14T15:09:07","guid":{"rendered":"http:\/\/www.reunion68.se\/?p=105126"},"modified":"2023-06-14T16:50:27","modified_gmt":"2023-06-14T14:50:27","slug":"22-09-81","status":"publish","type":"post","link":"https:\/\/www.reunion68.se\/?p=105126","title":{"rendered":"Agnieszka Holland nie dosta\u0142a pieni\u0119dzy na nowy film."},"content":{"rendered":"<p style=\"text-align: center;\"><img decoding=\"async\" class=\"aligncenter\" src=\"https:\/\/i.iplsc.com\/-\/000H9VHPW9L9GJD8-C122.jpg\" width=\"100%\"><span style=\"color: #808080;\"><em>Agnieszka Holland \/ Beata Zawrzel \/Reporter<\/em><\/span><\/p>\n<hr>\n<h5 style=\"text-align: center;\"><a href=\"https:\/\/film.interia.pl\/\" target=\"_blank\" rel=\"noopener noreferrer\"><img decoding=\"async\" class=\"center alignleft\" src=\"http:\/\/www.reunion68.com\/Biuletyn\/img\/interia-f.png\" alt=\"\" width=\"35%\"><\/a><span style=\"text-decoration: underline; color: #000080;\"><strong><a style=\"color: #000080; text-decoration: underline;\" href=\"https:\/\/film.interia.pl\/wiadomosci\/news-agnieszka-holland-nie-dostala-pieniedzy-na-nowy-film-wybuchl,nId,6838646\" target=\"_blank\" rel=\"noopener noreferrer\">Agnieszka Holland nie dosta\u0142a pieni\u0119dzy na nowy film. <\/a><\/strong><\/span><\/h5>\n<p style=\"text-align: center;\"><span style=\"color: #000000;\"><strong>interia<\/strong><\/span><\/p>\n<hr style=\"height: 15px; background: #d0e6fa; width: 100%;\">\n<h4><span style=\"color: #808080;\"><strong>Pomimo rekomendacji ekspert\u00f3w, Agnieszka Holland nie otrzyma\u0142a na nowy film pieni\u0119dzy z Polskiego Instytutu Sztuki Filmowej. &#8220;Nie przypominam sobie, abym kiedykolwiek w \u017cyciu spotka\u0142 si\u0119 z tak\u0105 doz\u0105 oszczerstwa, pogardy i nienawi\u015bci&#8221; &#8211; m\u00f3wi dyrektor PISF Rados\u0142aw \u015amigulski. &#8220;Powiedzia\u0142am panu \u015amigulskiemu co\u015b nieprzyjemnego pod wp\u0142ywem silnych emocji&#8221; &#8211; wyja\u015bnia re\u017cyserka.<\/strong><\/span><\/h4>\n<p>.<\/p>\n<p style=\"text-align: left;\"><span style=\"color: #000080;\"><a style=\"color: #000080;\" href=\"https:\/\/film.interia.pl\/gwiazda-agnieszka-holland,pId,2616\"><u><b>Agnieszka Holland <\/b><\/u><\/a>zako\u0144czy\u0142a w\u0142a\u015bnie zdj\u0119cia do swojego najnowszego filmu zatytu\u0142owanego <a style=\"color: #000080;\" href=\"https:\/\/film.interia.pl\/film-zielona-granica---2023,fId,21416\"><u><b>&#8220;Zielona granica&#8221;<\/b><\/u><\/a>. Kolejne dzie\u0142o trzykrotnie nominowanej do Oscara re\u017cyserki,&nbsp;to opowie\u015b\u0107 o tym, \u017ce ka\u017cdy z nas mo\u017ce nieoczekiwanie znale\u017a\u0107 si\u0119 w sytuacji granicznej i dokonywa\u0107 wybor\u00f3w pomi\u0119dzy dobrem a z\u0142em<\/span>.<\/p>\n<div id=\"naglowek-zielona-granica-nowy-film-agnieszki-holland\" class=\"embed embed-subheader\">\n<h4 class=\"embed-subheader-text\" style=\"text-align: left;\"><strong>&#8220;Zielona granica&#8221;: Nowy film Agnieszki Holland<\/strong><\/h4>\n<\/div>\n<p style=\"text-align: left;\"><span style=\"color: #000080;\">&#8220;Zielona granica&#8221; u\u015bwiadamia nam, \u017ce dyskusja o wyborach moralnych nie jest domen\u0105 akademickich sal, lecz dzieje si\u0119 tu i teraz, we wsp\u00f3\u0142czesnej Polsce. Film jest fikcj\u0105, ale jego scenariusz powsta\u0142 na bazie prawdziwych wydarze\u0144, kt\u00f3re dziej\u0105 si\u0119 tu\u017c obok nas. Przygotowania do filmu obj\u0119\u0142y setki godzin analizy dokument\u00f3w, wywiady z uchod\u017acami, stra\u017cnikami granicznymi, mieszka\u0144cami pogranicza, aktywistami i ekspertami.&nbsp;Przejmuj\u0105co aktualna &#8220;Zielona granica&#8221; to kino na istotny i anga\u017cuj\u0105cy temat, kt\u00f3re otwiera oczy, trafia prosto w serce i nikogo nie pozostawia oboj\u0119tnym.<\/span><\/p>\n<p style=\"text-align: left;\"><span style=\"color: #000080;\">W filmie przeplataj\u0105 si\u0119 trzy perspektywy &#8211; uchod\u017ac\u00f3w, polskich aktywist\u00f3w i stra\u017cnik\u00f3w granicznych &#8211; ale &#8220;Zielona granica&#8221; jest przede wszystkim opowie\u015bci\u0105 o ludziach. O ludziach stawianych przed sytuacjami granicznymi.&nbsp;Jest filmem o odwadze, o strachu i bohaterstwie, o krzywdzie i nadziei.<\/span><\/p>\n<p style=\"text-align: center;\"><img decoding=\"async\" class=\"aligncenter\" src=\"https:\/\/i.iplsc.com\/fotos-z-filmu-zielona-granica\/000H51S35QA9HMNE-C122-F4.jpg\" width=\"100%\"><span style=\"color: #808080;\"><em>Fotos z filmu &#8220;Zielona granica&#8221; \/ Agata Kubis \/materia\u0142y prasowe<\/em><\/span><\/p>\n<p style=\"text-align: left;\"><span style=\"color: #000080;\">W obsadzie mi\u0119dzynarodowej koprodukcji znale\u017ali si\u0119 <a style=\"color: #000080;\" href=\"https:\/\/film.interia.pl\/gwiazda-maja-ostaszewska,pId,773\"><u><b>Maja Ostaszewska<\/b><\/u><\/a>, <a style=\"color: #000080;\" href=\"https:\/\/film.interia.pl\/gwiazda-tomasz-wlosok,pId,19062\"><u><b>Tomasz W\u0142osok<\/b><\/u><\/a>, <a style=\"color: #000080;\" href=\"https:\/\/film.interia.pl\/gwiazda-malwina-buss,pId,21752\"><u><b>Malwina Buss<\/b><\/u><\/a>, <a style=\"color: #000080;\" href=\"https:\/\/film.interia.pl\/gwiazda-monika-frajczyk,pId,21753\"><u><b>Monika Frajczyk<\/b><\/u><\/a>, <a style=\"color: #000080;\" href=\"https:\/\/film.interia.pl\/gwiazda-piotr-stramowski,pId,17752\"><u><b>Piotr Stramowski<\/b><\/u><\/a>, <a style=\"color: #000080;\" href=\"https:\/\/film.interia.pl\/gwiazda-jasmina-polak,pId,16763\"><u><b>Ja\u015bmina Polak<\/b><\/u><\/a>, <a style=\"color: #000080;\" href=\"https:\/\/film.interia.pl\/gwiazda-marta-stalmierska,pId,21291\"><u><b>Marta Stalmierska<\/b><\/u><\/a>, <a style=\"color: #000080;\" href=\"https:\/\/film.interia.pl\/gwiazda-agata-kulesza,pId,12609\"><u><b>Agata Kulesza<\/b><\/u><\/a>, <a style=\"color: #000080;\" href=\"https:\/\/film.interia.pl\/gwiazda-maciej-stuhr,pId,103\"><u><b>Maciej Stuhr<\/b><\/u><\/a> i <a style=\"color: #000080;\" href=\"https:\/\/film.interia.pl\/gwiazda-magdalena-poplawska,pId,32\"><u><b>Magdalena Pop\u0142awska<\/b><\/u><\/a> oraz zagraniczni aktorzy &#8211; Jalal Altawil, Behi Djanati Atai i Mohamed Alarashi. Scenariusz filmu jest wsp\u00f3lnym dzie\u0142em Agnieszki Holland, re\u017cyserki Gabrieli \u0141azarkiewicz-Sieczko oraz pisarza Macieja Pisuka (scenarzysty &#8220;Jeste\u015b Bogiem&#8221;). Za zdj\u0119cia do filmu odpowiada ceniony operator Tomasz Naumiuk.<\/span><\/p>\n<p style=\"text-align: left;\"><span style=\"color: #000080;\">&#8220;\u017byjemy w \u015bwiecie, w kt\u00f3rym potrzeba wielkiej wyobra\u017ani i odwagi, \u017ceby zmierzy\u0107 si\u0119 z wszystkimi wyzwaniami wsp\u00f3\u0142czesno\u015bci. Rewolucja medi\u00f3w spo\u0142eczno\u015bciowych, sztucznej inteligencji sprawi\u0142y, \u017ce coraz trudniej wybrzmie\u0107 czystemu g\u0142osowi. W moim odczuciu nie ma sensu zajmowa\u0107 si\u0119 sztuk\u0105, je\u015bli nie walczy si\u0119 w\u0142a\u015bnie o ten g\u0142os, je\u015bli nie walczy si\u0119 o to, by zadawa\u0107 pytania na tematy wa\u017cne, bolesne, czasami nierozwi\u0105zywalne, stawiaj\u0105ce nas przed wyborami, nieraz bardzo dramatycznymi. Tak\u0105 w\u0142a\u015bnie sytuacj\u0105 jest dla mnie to, co dzieje si\u0119 na granicy polsko-bia\u0142oruskiej&#8221; &#8211;&nbsp;m\u00f3wi Agnieszka Holland.<\/span><br \/>\n<span style=\"color: #000080;\">Dystrybutorem &#8220;Zielonej granicy&#8221; w Polsce jest Kino \u015awiat. Nie wiadomo jeszcze, kiedy film trafi na ekrany kin, cho\u0107 w rozmowie z Interi\u0105 Agnieszka Holland wyrazi\u0142a nadziej\u0119, \u017ce widzowie zobacz\u0105 &#8220;Zielon\u0105 granic\u0119&#8221; jeszcze w 2023 roku.<\/span><\/p>\n<div id=\"naglowek-zielona-granica-wzbudza-kontrowersje\" class=\"embed embed-subheader\">\n<h4 class=\"embed-subheader-text\" style=\"text-align: left;\"><strong>&#8220;Zielona granica&#8221; wzbudza kontrowersje<\/strong><\/h4>\n<\/div>\n<p style=\"text-align: left;\"><span style=\"color: #000080;\">Wicepremier Piotr Gli\u0144ski o\u015bwiadczy\u0142 wprost, \u017ce &#8220;absolutnie ten film nie jest sponsorowany ze \u015brodk\u00f3w Ministerstwa Kultury i Dziedzictwa Narodowego, ani z \u017cadnych innych instytucji powi\u0105zanych z MKiDN&#8221;. Z kolei pos\u0142anka PiS <a style=\"color: #000080;\" href=\"https:\/\/film.interia.pl\/wiadomosci\/news-poslanka-pis-atakuje-agnieszke-holland-zarzuca-jej-brak-madr,nId,6722493\"><u><b>Joanna Lichocka powiedzia\u0142a w TV Republika, \u017ce film &#8220;Zielona granica&#8221; to &#8220;element walki z polskim rz\u0105dem&#8221;<\/b><\/u><\/a>.<\/span><\/p>\n<p style=\"text-align: left;\"><span style=\"color: #000080;\">&#8211; My\u015bl\u0119, \u017ce pos\u0142anka Lichocka istnieje w&nbsp;parlamencie, \u017ceby przynosi\u0107 wstyd polskiemu parlamentaryzmowi, dlatego trudno mi jej s\u0142owa traktowa\u0107 bardzo powa\u017cnie. Pami\u0119tam za to jej s\u0142ynny gest, kt\u00f3ry pokazuje i&nbsp;innym pos\u0142om, i&nbsp;&#8211; w&nbsp;zasadzie &#8211; obywatelom. Mo\u017ce pojawia\u0107 si\u0119 taki odbi\u00f3r, ale trudno m\u00f3wi\u0107 o&nbsp;filmie, kt\u00f3rego si\u0119 nie widzia\u0142o, wi\u0119c nie wiem, jak kto\u015b ma czelno\u015b\u0107, \u017ceby os\u0105dza\u0107 i&nbsp;etykietowa\u0107 film, zanim go zobaczy. Nigdy nie jest moim celem, \u017ceby szkodzi\u0107 polskim si\u0142om zbrojnym ani og\u00f3lnie Polsce. Raczej jest mi bliskie podej\u015bcie \u017beromskiego, kt\u00f3ry sformu\u0142owa\u0142 takie zdanie: &#8220;Rozdrapujmy rany narodowe, \u017ceby nie zaros\u0142y b\u0142on\u0105 pod\u0142o\u015bci&#8221;. My\u015bl\u0119, \u017ce ta b\u0142ona pod\u0142o\u015bci jest najbardziej niebezpieczna dla zdrowia moralnego i&nbsp;si\u0142y kraju &#8211; Agnieszka Holland powiedzia\u0142a w rozmowie z Interi\u0105.<\/span><\/p>\n<h4 style=\"text-align: left;\"><strong>&#8220;Franz&#8221; Agnieszki Holland bez dofinansowania z PISF-u<\/strong><\/h4>\n<p style=\"text-align: left;\"><span style=\"color: #000080;\">Pomimo tego \u017ce Holland dopiero zako\u0144czy\u0142a prac\u0119 na planie &#8220;Zielonej granicy&#8221;, ju\u017c ma projekt nast\u0119pnego filmu. Opowiada\u0142 on b\u0119dzie o Franzu Kafce. &#8220;Franz&#8221; ubiega\u0142 si\u0119 o dofinansowanie z Polskiego Instytutu Sztuki Filmowej, jednak nie otrzyma\u0142 pieni\u0119dzy. Pomimo rekomendacji ekspert\u00f3w (Filip Bajon, Tadeusz Lampka, Ewa Piaskowska, Jacek Raginis-Kr\u00f3likiewicz, Agata Szyma\u0144ska) jako jedyna fabu\u0142a zosta\u0142 skierowany do p\u00f3\u017aniejszej decyzji.<\/span><br \/>\n<span style=\"color: #000080;\">W rozmowie z Onetem dyrektor PISF Rados\u0142aw \u015amigulski ostro wypowiada\u0142 si\u0119 o polskiej re\u017cyserce. &#8220;Nie przypominam sobie, abym kiedykolwiek w \u017cyciu spotka\u0142 si\u0119 z tak\u0105 doz\u0105 oszczerstwa, pogardy i nienawi\u015bci, jakie wobec mnie wypowiedzia\u0142a pani Holland. Jest to dla mnie tym trudniejsze do zrozumienia, \u017ce przez ca\u0142y okres mojej pracy w PISF wspiera\u0142em jej projekty, a sama re\u017cyserka wci\u0105\u017c wskazuje konieczno\u015b\u0107 poszanowania godno\u015bci innego cz\u0142owieka&#8221; &#8211; przekonywa\u0142.<\/span><\/p>\n<p style=\"text-align: left;\"><span style=\"color: #000080;\">Dyrektor \u015amigulski sprowokowa\u0142 mnie do niem\u0105drej wypowiedzi. Us\u0142ysza\u0142am od niego: &#8216;Franz Kafka nie jest wart dofinansowania przez Polsk\u0119 filmu o nim&#8217;. P\u00f3\u017aniej wbrew faktom pan dyrektor pr\u00f3bowa\u0142 dowie\u015b\u0107 niewystarczaj\u0105cego udzia\u0142u polskich tw\u00f3rc\u00f3w. Film ma cz\u0119\u015bciowo polsk\u0105 ekip\u0119, a przede wszystkim jest autorskim projektem polskiej re\u017cyserki i zosta\u0142 wysoko oceniony przez komisj\u0119 polskich ekspert\u00f3w. Zawsze traktowa\u0142am dyrektora \u015amigulskiego z nale\u017cytym szacunkiem, tu spotka\u0142am si\u0119 z brakiem takiego pod adresem swoim i jednego z najwa\u017cniejszych artyst\u00f3w XX wieku&#8221; &#8211; zapewni\u0142a w rozmowie z portalem Agnieszka Holland.<\/span><\/p>\n<p style=\"text-align: left;\"><span style=\"color: #000080;\">&#8220;Powiedzia\u0142am panu \u015amigulskiemu co\u015b nieprzyjemnego pod wp\u0142ywem silnych emocji, czego nie ma sensu teraz powtarza\u0107. Wypowiedzia\u0142am tylko jedno zdanie, kt\u00f3re mog\u0142o by\u0107 \u017ale zrozumiane. Od razu przeprosi\u0142am i je\u015bli pan dyrektor nadal czuje si\u0119 ura\u017cony, ponawiam szczere przeprosiny. Ale wra\u017cliwo\u015b\u0107 dyrektora nie powinna decydowa\u0107 o tym, czy dany film otrzyma pa\u0144stwowe wsparcie&#8221; &#8211; doda\u0142a re\u017cyserka.<\/span><\/p>\n<p style=\"text-align: left;\"><span style=\"color: #000080;\">&#8220;Urz\u0119dnicy PiS zachowuj\u0105 si\u0119, jakby publiczne pieni\u0105dze by\u0142y ich prywatnymi, a polityczne czy osobiste sympatie mog\u0142y by\u0107 rozstrzygaj\u0105ce. Nie mam w\u0105tpliwo\u015bci, \u017ce obecna w\u0142adza mnie nie lubi. Wiem, dlaczego nie dosta\u0142am pa\u0144stwowych pieni\u0119dzy, mia\u0142am na ten temat przecieki z instytutu&#8221; &#8211; m\u00f3wi\u0142a Holland, kt\u00f3ra w przypadku &#8220;Zielonej granicy&#8221; nie ubiega\u0142a si\u0119 o dofinansowanie z Polskiego Instytutu Sztuki Filmowej.<\/span><br \/>\n<span style=\"color: #000080;\">&#8220;Zwr\u00f3ci\u0142am si\u0119 za to do PISF o rutynowe za\u015bwiadczenie potwierdzaj\u0105ce, \u017ce &#8216;Zielona granica&#8217; to polska produkcja, co\u015b takiego jest potrzebne do um\u00f3w mi\u0119dzynarodowych. Dostali\u015bmy odmow\u0119 pod proceduralnym, nigdy niestosowanym pretekstem, czyli dano mi do zrozumienia, \u017ce nie jestem dostatecznie polska, mimo \u017ce, a mo\u017ce w\u0142a\u015bnie dlatego, \u017ce film m\u00f3wi o polskiej wsp\u00f3\u0142czesno\u015bci, zosta\u0142 zrealizowany w Polsce, po polsku, przez polskich tw\u00f3rc\u00f3w i z polsk\u0105 ekip\u0105&#8221; &#8211; zdradzi\u0142a Onetowi Agnieszka Holland.<\/span><\/p>\n<p style=\"text-align: left;\"><span style=\"color: #000080;\">W najnowszej sesji PISF dofinansowa\u0142 m.in.: &#8220;Hot Spot&#8221; (bud\u017cet ponad 21 mln z\u0142, dofinansowanie 4 mln z\u0142), czyli nowy projekt Agnieszki Smoczy\u0144skiej (&#8220;Silent Twins&#8221;), &#8220;Kuleja&#8221;, biografi\u0119 s\u0142ynnego boksera, kt\u00f3r\u0105 realizuje Xawery \u017bu\u0142awski (bud\u017cet ponad 12 mln z\u0142, dofinansowanie prawie 4 mln z\u0142) czy &#8220;The Island&#8221; &#8211; hollywoodzk\u0105 produkcj\u0119 Paw\u0142a Pawlikowskiego (bud\u017cet ponad 94 mln z\u0142, dofinansowanie 6 mln z\u0142), nad kt\u00f3r\u0105 prace ostatnio musia\u0142y zosta\u0107 przerwane.<\/span><br \/>\n<span style=\"color: #000080;\">Sze\u015bcioma milionami z\u0142otych wsparto r\u00f3wnie\u017c jeszcze jedn\u0105 produkcj\u0119. Ten drugi obraz zatytu\u0142owany &#8220;Enemy of my Enemy&#8221; mo\u017ce si\u0119 popisa\u0107 rekordowym bud\u017cetem wynosz\u0105cym a\u017c 228 milion\u00f3w z\u0142otych. Jednocze\u015bnie jest jedynym wspartym przez PISF filmem, pod kt\u00f3rym nie podpisa\u0142 si\u0119 \u017caden re\u017cyser.<\/span><\/p>\n<p style=\"text-align: left;\"><span style=\"color: #000080;\">To projekt znany wcze\u015bniej pod nazw\u0105 &#8216;Ochotnik&#8217;, praca nad nim prowadzona jest jeszcze od okresu przed COVID-19, a dotyczy historii W. Pileckiego. Nazwisko re\u017cysera\/re\u017cyserki oraz odtw\u00f3rcy g\u0142\u00f3wnej roli s\u0105 mi znane, ale musz\u0105 pozosta\u0107 tajemnic\u0105 do czasu zawarcia niezb\u0119dnych um\u00f3w&#8221; &#8211; wyja\u015bni\u0142 w rozmowie z Onetem \u015amigulski.<\/span><\/p>\n<p style=\"text-align: left;\"><span style=\"color: #000080;\">&#8220;Jak to mo\u017cliwe, \u017ce film bez re\u017cysera, z ma\u0142o do\u015bwiadczon\u0105 ameryka\u0144sk\u0105 producentk\u0105 i bez publicznie znanych szczeg\u00f3\u0142\u00f3w o udziale Polak\u00f3w dostaje bardzo du\u017ce dofinansowanie? Nie widz\u0119 powodu, dla kt\u00f3rego publiczne pieni\u0105dze wydawane s\u0105 po kryjomu. Jeden &#8211; r\u00f3wnie\u017c nietransparentnie produkowany projekt o Pileckim &#8211; poch\u0142on\u0105\u0142 ju\u017c, bez widocznego rezultatu, ogromne \u015brodki. My\u015bl\u0119, \u017ce ten wybitny polski bohater zas\u0142uguje na naprawd\u0119 wybitny film, tu &#8211; obawiam si\u0119 &#8211; znowu nie ma na to gwarancji&#8221; &#8211; odpowiedzia\u0142a dla Onetu Agnieszka Holland.<\/span><\/p>\n<div id=\"naglowek-brak-dofinansowania-dla-festiwalu-kino-na-granicy-przez-holl\" class=\"embed embed-subheader\">\n<h4 class=\"embed-subheader-text\" style=\"text-align: left;\"><strong>Brak dofinansowania dla festiwalu Kino na Granicy. Przez Holland?<\/strong><\/h4>\n<\/div>\n<p style=\"text-align: left;\"><span style=\"color: #000080;\">Przypomnijmy, \u017ce Agnieszka Holland by\u0142a go\u015bciem specjalnym tegorocznej edycji festiwalu <a style=\"color: #000080;\" href=\"https:\/\/film.interia.pl\/raport-kino-na-granicy-2023\"><u><b>Kino na Granicy<\/b><\/u><\/a>. Tu\u017c przed rozpocz\u0119ciem festiwalu okaza\u0142o si\u0119, \u017ce Polski Instytut Sztuki Filmowej wstrzyma\u0142 dotacj\u0119 dla Kina na Granicy w wysoko\u015bci 100 tys. z\u0142otych. W kuluarach m\u00f3wi\u0142o si\u0119 o tym, \u017ce sta\u0142o si\u0119 to mi\u0119dzy innymi z powodu nowego filmu (g\u0142\u00f3wnie tematyki) Agnieszki Holland &#8220;Zielona granica&#8221;.<\/span><\/p>\n<p style=\"text-align: left;\"><span style=\"color: #000080;\">&#8211; Szczerze m\u00f3wi\u0105c, nie ma innego powodu wstrzymania tej dotacji. To jest m\u015bciwo\u015b\u0107 obecnych w\u0142adz, \u017ce karz\u0105 tw\u00f3rc\u00f3w albo naukowc\u00f3w, kt\u00f3rzy im si\u0119 nie podobaj\u0105, poniewa\u017c nie podzielaj\u0105 skrajnie nacjonalistycznej wizji \u015bwiata. Karz\u0105 festiwal, nie przyznaj\u0105c mu \u015brodk\u00f3w finansowych, a daj\u0105 miliardy na tak zwan\u0105 telewizj\u0119 publiczn\u0105, a tak naprawd\u0119 partyjn\u0105 &#8211; tak t\u0119 sytuacj\u0119 skomentowa\u0142a <b>Agnieszka Holland w rozmowie z Interi\u0105<\/b>.<\/span><\/p>\n<p style=\"text-align: left;\"><span style=\"color: #000080;\">Spraw\u0119 braku dofinansowania dla festiwalu skomentowa\u0142a dla nas r\u00f3wnie\u017c <b>Jolanta Dygo\u015b, dyrektorka&nbsp;Kina na Granicy<\/b>.<\/span><\/p>\n<p style=\"text-align: left;\"><span style=\"color: #000080;\">&#8211; 7 kwietnia na stronie PISF opublikowane zosta\u0142y wyniki programu &#8220;Upowszechnianie kultury filmowej&#8221;, do kt\u00f3rego z\u0142o\u017cyli\u015bmy wniosek o dofinansowanie. Przy naszym stowarzyszeniu widnia\u0142a i widnieje nadal, mimo i\u017c min\u0119\u0142o p\u00f3\u0142tora miesi\u0105ca od zako\u0144czenia przegl\u0105du, adnotacja &#8220;Do p\u00f3\u017aniejszej decyzji&#8221;. Regularnie od wielu lat otrzymywali\u015bmy wsparcie PISF, kt\u00f3re jest dla nas nies\u0142ychanie wa\u017cne, st\u0105d decyzja by\u0142a szokuj\u0105co niezrozumia\u0142a.<\/span><\/p>\n<p style=\"text-align: left;\"><span style=\"color: #000080;\">&#8211; 17 kwietnia przekazali\u015bmy pro\u015bb\u0119 o podj\u0119cie pozytywnej decyzji ze wzgl\u0119du na zbli\u017caj\u0105cy si\u0119 termin rozpocz\u0119cia przegl\u0105du. Nie otrzymali\u015bmy \u017cadnej odpowiedzi. 16 maja wys\u0142a\u0142am do sekretariatu dyrektora Rados\u0142awa \u015amigulskiego pro\u015bb\u0119 o spotkanie, zn\u00f3w bez odpowiedzi. 29 maja znowu listem i znowu z\u0142o\u017conym osobi\u015bcie, przekazali\u015bmy pro\u015bb\u0119 o podj\u0119cie pozytywnej decyzji ze wzgl\u0119du na braki w tegorocznym bud\u017cecie (rok temu otrzymali\u015bmy dotacj\u0119 w wysoko\u015bci 120 000 PLN). Teraz dociera do nas, i\u017c najprawdopodobniej jest to zwi\u0105zane z osob\u0105 Agnieszki Holland. By\u0142a ona, wraz z rodzin\u0105, bohaterk\u0105 jednej w retrospektyw &#8220;Filmowy Klan&#8221;. Agnieszka Holland jest przez nas niezwykle lubiana i podziwiana. Ponadto jak nikt inny \u0142\u0105czy polsk\u0105, czesk\u0105 i s\u0142owack\u0105 kinematografi\u0105, kt\u00f3re to s\u0105 przedmiotem zainteresowania Kina na Granicy. Ca\u0142y polsko-czeski zesp\u00f3\u0142 organizator\u00f3w by\u0142 i jest dumny, \u017ce przyj\u0119\u0142a nasze zaproszenie &#8211; <b>powiedzia\u0142a Interii Jolanta Dygo\u015b<\/b>.<\/span><\/p>\n<hr style=\"height: 15px; background: #d0e6fa; width: 100%;\">\n<div id=\"content\" class=\"content-alignment\">\n<div id=\"watch-description\" class=\"yt-uix-button-panel\">\n<div id=\"watch-description-text\" style=\"text-align: center;\">\n<p><em>Zawarto\u015b\u0107 publikowanych artyku\u0142\u00f3w i materia\u0142\u00f3w nie reprezentuje pogl\u0105d\u00f3w ani opinii Reunion&#8217;68,<\/em><em><br \/>\nani te\u017c webmastera Blogu Reunion&#8217;68, chyba ze jest to wyra\u017anie zaznaczone.<br \/>\nTwoje uwagi, linki, w\u0142asne artyku\u0142y lub wiadomo\u015bci prze\u015blij na adres:<br \/>\n<\/em><span style=\"color: #000080;\"><strong><em><a style=\"color: #000080;\" href=\"mailto:webmaster@reunion68.com\"><span style=\"text-decoration: underline;\">webmaster@reunion68.com<\/span><\/a><\/em><\/strong><\/span><\/p>\n<\/div>\n<\/div>\n<\/div>\n<hr style=\"width: 100%;\">\n","protected":false},"excerpt":{"rendered":"<p>Agnieszka Holland \/ Beata Zawrzel \/Reporter Agnieszka Holland nie dosta\u0142a pieni\u0119dzy na nowy film. interia Pomimo rekomendacji ekspert\u00f3w, Agnieszka Holland nie otrzyma\u0142a na nowy film pieni\u0119dzy z Polskiego Instytutu Sztuki Filmowej. &#8220;Nie przypominam sobie, abym kiedykolwiek w \u017cyciu spotka\u0142 si\u0119 z tak\u0105 doz\u0105 oszczerstwa, pogardy i nienawi\u015bci&#8221; &#8211; m\u00f3wi dyrektor PISF Rados\u0142aw \u015amigulski. &#8220;Powiedzia\u0142am panu [&hellip;]<\/p>\n","protected":false},"author":1,"featured_media":0,"comment_status":"closed","ping_status":"closed","sticky":false,"template":"","format":"standard","meta":[],"categories":[6],"tags":[26,24],"_links":{"self":[{"href":"https:\/\/www.reunion68.se\/index.php?rest_route=\/wp\/v2\/posts\/105126"}],"collection":[{"href":"https:\/\/www.reunion68.se\/index.php?rest_route=\/wp\/v2\/posts"}],"about":[{"href":"https:\/\/www.reunion68.se\/index.php?rest_route=\/wp\/v2\/types\/post"}],"author":[{"embeddable":true,"href":"https:\/\/www.reunion68.se\/index.php?rest_route=\/wp\/v2\/users\/1"}],"replies":[{"embeddable":true,"href":"https:\/\/www.reunion68.se\/index.php?rest_route=%2Fwp%2Fv2%2Fcomments&post=105126"}],"version-history":[{"count":17,"href":"https:\/\/www.reunion68.se\/index.php?rest_route=\/wp\/v2\/posts\/105126\/revisions"}],"predecessor-version":[{"id":105148,"href":"https:\/\/www.reunion68.se\/index.php?rest_route=\/wp\/v2\/posts\/105126\/revisions\/105148"}],"wp:attachment":[{"href":"https:\/\/www.reunion68.se\/index.php?rest_route=%2Fwp%2Fv2%2Fmedia&parent=105126"}],"wp:term":[{"taxonomy":"category","embeddable":true,"href":"https:\/\/www.reunion68.se\/index.php?rest_route=%2Fwp%2Fv2%2Fcategories&post=105126"},{"taxonomy":"post_tag","embeddable":true,"href":"https:\/\/www.reunion68.se\/index.php?rest_route=%2Fwp%2Fv2%2Ftags&post=105126"}],"curies":[{"name":"wp","href":"https:\/\/api.w.org\/{rel}","templated":true}]}}