{"id":105197,"date":"2023-06-17T17:09:29","date_gmt":"2023-06-17T15:09:29","guid":{"rendered":"http:\/\/www.reunion68.se\/?p=105197"},"modified":"2023-06-17T05:37:02","modified_gmt":"2023-06-17T03:37:02","slug":"24-09-86","status":"publish","type":"post","link":"https:\/\/www.reunion68.se\/?p=105197","title":{"rendered":"Czy Hitler wiedzia\u0142 o Holokau\u015bcie? S\u0105d rozstrzygnie sp\u00f3r mi\u0119dzy Januszem Korwin-Mikkem a serwisem braci Karnowskich &#8211; wPolityce.pl"},"content":{"rendered":"<p style=\"text-align: center;\"><img decoding=\"async\" class=\"aligncenter\" src=\"https:\/\/upload.wikimedia.org\/wikipedia\/commons\/thumb\/2\/21\/Janusz_Korwin-Mikke_Sejm_2016.JPG\/220px-Janusz_Korwin-Mikke_Sejm_2016.JPG\" width=\"50%\"><span style=\"color: #808080;\"><em>MEP Janusz Korwin-Mikke in the Sejm<\/em><\/span><\/p>\n<hr>\n<h5 style=\"text-align: center;\"><a href=\"https:\/\/wyborcza.pl\/\" target=\"_blank\" rel=\"noopener noreferrer\"><img decoding=\"async\" class=\"center alignleft\" src=\"http:\/\/www.reunion68.com\/Biuletyn\/img\/wyborcza-duzy.png\" alt=\"\" width=\"35%\"><\/a><span style=\"text-decoration: underline; color: #000080;\"><span style=\"text-decoration: underline;\"><strong><a style=\"color: #000080; text-decoration: underline;\" href=\"https:\/\/wyborcza.pl\/duzyformat\/7,127290,29851824,wolnosc-debaty-czy-negacjonizm-korwin-mikke-czy-hitler-wiedzial.html\" target=\"_blank\" rel=\"noopener noreferrer\">Czy Hitler wiedzia\u0142 o Holokau\u015bcie? S\u0105d rozstrzygnie sp\u00f3r mi\u0119dzy Januszem Korwin-Mikkem a serwisem braci Karnowskich &#8211; wPolityce.pl<\/a><\/strong><\/span><\/span><\/h5>\n<p style=\"text-align: center;\"><span style=\"color: #000000;\"><strong>Piotr G\u0142uchowski<\/strong><\/span><\/p>\n<hr style=\"height: 15px; background: #d0e6fa; width: 100%;\">\n<p style=\"text-align: center;\"><img decoding=\"async\" class=\"aligncenter\" src=\"https:\/\/bi.im-g.pl\/im\/b2\/78\/1c\/z29851826AMP,Adolf-Hitler-w-1932-r-.jpg\" width=\"100%\"><span style=\"color: #808080;\"><em>Adolf Hitler w 1932 r. (Fot. AP \/ AP)<\/em><\/span><\/p>\n<h4 class=\"text--lead \" style=\"text-align: center;\"><span style=\"color: #808080;\"><strong>Korwin-Mikke: Zobaczy\u0142em szans\u0119 \u0142atwego zarobienia pieni\u0119dzy z odszkodowania. Poza tym, gdy wygram, zostanie urz\u0119dowo potwierdzone, \u017ce Hitler o Holokau\u015bcie nie wiedzia\u0142.<\/strong><\/span><\/h4>\n<p>.<\/p>\n<div class=\"article--content article--content-free  \" style=\"text-align: left;\">\n<p class=\"text--paragraph\" style=\"text-align: left;\"><span style=\"color: #000080;\">Tez\u0119 \u201enie ma dowodu, \u017ce przyw\u00f3dca III Rzeszy wiedzia\u0142 o Zag\u0142adzie&#8221; Korwin-Mikke prezentowa\u0142 publicznie wiele razy. Mi\u0119dzy innymi na antenie radiowej Tr\u00f3jki w 2014 r.: \u2013 Jest nagroda p\u00f3\u0142 miliona funt\u00f3w dla cz\u0142owieka, kt\u00f3ry wska\u017ce cie\u0144 dowodu, \u017ce Adolf Hitler wiedzia\u0142 o Holokau\u015bcie\u2026 \u2013 zacz\u0105\u0142.<\/span><\/p>\n<p class=\"text--paragraph\" style=\"text-align: left;\"><span style=\"color: #000080;\">Faktycznie nagroda nie \u201ejest&#8221;, ale \u201eby\u0142a&#8221; i wynosi\u0142a tysi\u0105c funt\u00f3w, a ustanowi\u0142 j\u0105 jeszcze w latach 70. brytyjski historyk \u2013 negacjonista (wedle polskiego prawa \u2013 \u201ek\u0142amca o\u015bwi\u0119cimski&#8221;) David Irving, kt\u00f3ry za g\u0142oszenie swych tez przesiedzia\u0142 na pocz\u0105tku wieku 12 miesi\u0119cy w austriackim wi\u0119zieniu. Dzi\u015b mia\u0142by k\u0142opot nawet z wyp\u0142aceniem tej skromnej sumy, poniewa\u017c jest bankrutem obci\u0105\u017conym licznymi d\u0142ugami. Zrujnowa\u0142 go przegrany proces z ameryka\u0144sk\u0105 historyczk\u0105 Deborah Lipstadt, autork\u0105 ksi\u0105\u017cki \u201eDenying the Holocaust&#8221;, kt\u00f3ra okre\u015bli\u0142a go mianem \u201ezwolennika Hitlera&#8221;, co potwierdzi\u0142 brytyjski s\u0105d.<\/span><\/p>\n<p class=\"text--paragraph\" style=\"text-align: left;\"><span style=\"color: #000080;\">Korwin-Mikke w Tr\u00f3jce dalej: \u2013 Istnieje ogromna mo\u017cliwo\u015b\u0107, \u017ce Hitler o Zag\u0142adzie nie wiedzia\u0142. Znamy nawet tak\u0105 s\u0142ynn\u0105 wypowied\u017a Reichsf\u00fchrera SS Heinricha Himmlera, kt\u00f3ry powiedzia\u0142 do swego adiutanta: \u201eZrobi\u0142em co\u015b strasznego, ale imi\u0119 Hitlera pozostanie nieskalane&#8221;. Z tego mo\u017cna by wnioskowa\u0107, \u017ce on po prostu nie raczy\u0142 poinformowa\u0107 szefa, a przyw\u00f3dca kraju wie tyle, co pisz\u0105 gazety, za\u015b w gazetach o Holokau\u015bcie nie pisano.<\/span><\/p>\n<p class=\"text--paragraph\" style=\"text-align: left;\"><span style=\"color: #000080;\">W kolejnych latach Korwin-Mikke powtarza\u0142 te s\u0142owa m.in. na antenie Superstacji i na \u0142amach tygodnika \u201eDo Rzeczy&#8221;, gdzie stwierdzi\u0142, \u017ce \u201emordowanie milion\u00f3w ludzi nie by\u0142o celem Hitlera i nie ma chocia\u017c jednego zdania, kt\u00f3re b\u0119dzie \u015bwiadczy\u0107 o tym, \u017ce wiedzia\u0142 o eksterminacji \u017byd\u00f3w. Gdyby dzi\u015b stan\u0105\u0142 przed s\u0105dem, musia\u0142by zosta\u0107 uniewinniony&#8221;.<\/span><\/p>\n<h4 class=\"text--title font-head-700\" style=\"text-align: left;\"><strong>PIERWSZY PROCES \u2013 WYBORCZY<\/strong><\/h4>\n<p class=\"text--paragraph\" style=\"text-align: left;\"><span style=\"color: #000080;\">Pr\u00f3b\u0119 poci\u0105gni\u0119cia \u00f3wczesnego prezesa Kongresu Nowej Prawicy do odpowiedzialno\u015bci za powy\u017csze zdania podj\u0119li przed eurowyborami w 2014 r. politycy konkurencyjnej Polski Razem \u2013 partii Jaros\u0142awa Gowina. Pe\u0142nomocnik jego komitetu dr Grzegorz K\u0105dzielawski z\u0142o\u017cy\u0142 w trybie wyborczym wniosek o \u201ezakazanie kandydatowi na europos\u0142a Januszowi Korwin-Mikkemu rozpowszechniania nieprawdziwej informacji, jakoby nie by\u0142o dowodu, \u017ce Adolf Hitler wiedzia\u0142 o Holokau\u015bcie&#8221;. Do pozwu mecenas do\u0142\u0105czy\u0142 kopie stron z trzech ksi\u0105\u017cek. W pierwszej, wydanej w Niemczech w 1996 r. pod tytu\u0142em \u201eW Auschwitz nikogo nie zagazowano. 60 ultraprawicowych k\u0142amstw i jak si\u0119 je obala&#8221; niemiecki historyk dydaktyk (tak\u017ce autor ksi\u0105\u017cek dla m\u0142odzie\u017cy) Markus Tiedemann przytacza wypowied\u017a Hitlera z lutego 1942: \u201eNajwi\u0119ksza rewolucja, jaka kiedykolwiek mia\u0142a miejsce na \u015bwiecie: \u017byd zostanie rozpoznany! Wiele chor\u00f3b powstaje z tego samego zarazka: \u017byda!! B\u0119dziemy zdrowi, je\u017celi \u017byd\u00f3w wyeliminujemy&#8221;.<\/span><\/p>\n<p class=\"text--paragraph\" style=\"text-align: left;\"><span style=\"color: #000080;\">Ksi\u0105\u017cka druga to autobiografia Rudolfa H\u00f6ssa \u201eKomendant w O\u015bwi\u0119cimiu&#8221;, kt\u00f3r\u0105 SS-Obersturmbannf\u00fchrer napisa\u0142, czekaj\u0105c w krakowskim wi\u0119zieniu Montelupich na proces (dosta\u0142 kar\u0119 \u015bmierci wykonan\u0105 w obozie Auschwitz-Birkenau w kwietniu 1947 r.). Fragment do\u0142\u0105czony do pozwu Polski Razem: \u201eW lecie 1941, nie jestem w stanie poda\u0107 dok\u0142adnej daty, zosta\u0142em nagle wezwany do Reichsf\u00fchrera SS do Berlina i to bezpo\u015brednio przez jego adiutanta. Himmler wyjawi\u0142 mi mniej wi\u0119cej to: F\u00fchrer nakaza\u0142 ostateczne rozwi\u0105zanie problemu \u017cydowskiego, a my, czyli SS, musimy wykona\u0107 ten rozkaz&#8221;.<\/span><\/p>\n<p class=\"text--paragraph\" style=\"text-align: left;\"><span style=\"color: #000080;\">Ksi\u0105\u017cka trzecia to wydany r\u00f3wnie\u017c w Niemczech w 1991 r. \u201eProtok\u00f3\u0142 Eichmanna. Nagrania z przes\u0142ucha\u0144 izraelskich&#8221; autorstwa Jochena von Langa. Wypytywany przez \u017cydowskich \u015bledczych przed procesem w Jerozolimie SS-Obersturmbannf\u00fchrer Adolf Eichmann (mia\u0142 ten sam stopie\u0144 co H\u00f6ss) wyzna\u0142, \u017ce pewnego dnia \u2013 daty nie poda\u0142 \u2013 zosta\u0142 wezwany do szefa G\u0142\u00f3wnego Urz\u0119du Bezpiecze\u0144stwa Rzeszy Reinharda Heydricha. \u201eZameldowa\u0142em si\u0119, a on mi powiedzia\u0142, \u017ce F\u00fchrer nakaza\u0142 fizyczn\u0105 eksterminacj\u0119 \u017byd\u00f3w&#8221;.<\/span><\/p>\n<p class=\"text--paragraph\" style=\"text-align: left;\"><span style=\"color: #000080;\">Powy\u017csze za\u0142\u0105czniki do pozwu nie wystarczy\u0142y. 22 maja 2014 warszawski s\u0105d okr\u0119gowy uchyli\u0142 si\u0119 od rozpoznania sprawy wniesionej przez komitet Gowina, podaj\u0105c pow\u00f3d formalny: wypowiedzi Korwin-Mikkego o Hitlerze nie mia\u0142y charakteru wyborczego. Pe\u0142nomocnik Polski Razem z\u0142o\u017cy\u0142 wi\u0119c apelacj\u0119, kt\u00f3ra winna by\u0107 rozpatrzona w ci\u0105gu 24 godzin. Sto\u0142eczny s\u0105d apelacyjny zwyczajnie tego nie zrobi\u0142. Sprawa na siedem lat przygas\u0142a&#8230;<\/span><\/p>\n<h4 class=\"text--title font-head-700\" style=\"text-align: left;\"><strong>NIE BRONI\u0118 SIEBIE<\/strong><\/h4>\n<p class=\"text--paragraph\" style=\"text-align: left;\"><span style=\"color: #000080;\">\u2026a\u017c tu 4 maja 2021 autor tygodnika \u201eSieci&#8221; Jakub Maciejewski zamie\u015bci\u0142 w serwisie braci Jacka i Micha\u0142a Karnowskich wPolityce.pl tekst pt. \u201eS\u0105 liczne dowody na to, \u017ce Hitler wiedzia\u0142 o Holokau\u015bcie. Dlaczego wi\u0119c Janusz Korwin-Mikke twierdzi, \u017ce jest inaczej?&#8221;.<\/span><\/p>\n<p class=\"text--paragraph\" style=\"text-align: left;\"><span style=\"color: #000080;\">Fragmenty: \u201eS\u0142owa: \u00bbNie ma dowodu, \u017ce Hitler wiedzia\u0142 o Holokau\u015bcie\u00ab s\u0105 antypolskim k\u0142amstwem, kt\u00f3re w formie przebojowego gad\u017cetu rozmywa ostro\u015b\u0107 odpowiedzialno\u015bci historycznej Niemc\u00f3w i anga\u017cuje cz\u0119\u015b\u0107 wyborc\u00f3w w intelektualn\u0105 pu\u0142apk\u0119. (\u2026) Na czym polega pu\u0142apka zawierzenia Korwin-Mikkemu? Podobnie jak z lewicowymi dogmatami \u2013 z\u0142o\u017cenie ideowego wyznania wiary anga\u017cuje emocjonalnie, a (\u2026) z wyznawcy czyni zak\u0142adnika. Skoro ju\u017c przyzna\u0142e\u015b, \u017ce istnieje 55 p\u0142ci albo \u017ce Hitler nie wiedzia\u0142 o Holokau\u015bcie (\u2026), to ju\u017c nie masz wyj\u015bcia, musisz tkwi\u0107 w raz przyj\u0119tych za\u0142o\u017ceniach. Albo rozwijasz abstrakcyjne teorie w swojej ba\u0144ce informacyjnej, albo przyznajesz si\u0119 do b\u0142\u0119du \u2013 a to zawsze sporo kosztuje. Rzecz jasna polityka kontrowersji (\u2026) pozwala si\u0119 przebi\u0107 w mediach, a jednak prze\u0142amanie granic absurdu jest ju\u017c szkodliwe spo\u0142ecznie. Czy chcieliby\u015bmy polityka-p\u0142askoziemca?&#8221;.<\/span><\/p>\n<p class=\"text--paragraph\" style=\"text-align: left;\"><span style=\"color: #000080;\">Rok po publikacji Korwin-Mikke, teraz ju\u017c pose\u0142 na Sejm i prezes partii swojego imienia \u2013 Koalicji Odnowy Rzeczypospolitej Wolno\u015b\u0107 i Nadzieja \u2013 z\u0142o\u017cy\u0142 w warszawskim s\u0105dzie okr\u0119gowym pozew przeciwko Maciejewskiemu i sp\u00f3\u0142ce wydawniczej Fratria. Za\u017c\u0105da\u0142 usuni\u0119cia artyku\u0142u z sieci i 50 tys. z\u0142 zado\u015b\u0107uczynienia za \u201eo\u015bmieszenie i podwa\u017cenie zaufania do jego osoby w oczach spo\u0142ecze\u0144stwa&#8221;. Proces ju\u017c si\u0119 rozpocz\u0105\u0142.<\/span><\/p>\n<p class=\"text--paragraph\" style=\"text-align: left;\"><span style=\"color: #000080;\">\u2013 Wiele gazet pisze o panu nieprzychylnie i wiele nazywa pa\u0144skie wypowiedzi, na przyk\u0142ad o ni\u017cszej inteligencji kobiet, skandalicznymi, g\u0142upimi, bzdurnymi\u2026 Dlaczego wytoczy\u0142 pan dzia\u0142a akurat w sprawie tego artyku\u0142u? \u2013 pytam pos\u0142a.<\/span><\/p>\n<p class=\"text--paragraph\" style=\"text-align: left;\"><span style=\"color: #000080;\">\u2013 Bo zobaczy\u0142em szans\u0119 \u0142atwego zarobienia pieni\u0119dzy z odszkodowania. Poza tym, gdy wygram, zostanie urz\u0119dowo potwierdzone, \u017ce Hitler o Holokau\u015bcie nie wiedzia\u0142.<\/span><\/p>\n<p class=\"text--paragraph\" style=\"text-align: left;\"><span style=\"color: #000080;\">\u2013 Czemu panu na tym zale\u017cy? Na wybielaniu zbrodniarza\u2026<\/span><\/p>\n<blockquote class=\"text--quote font-quotation-500\"><p><strong>\u2013 Ja go nie wybielam! Hitler powinien zosta\u0107 powieszony cho\u0107by za to, co zrobi\u0142 Polakom. Natomiast od zarzut\u00f3w o udzia\u0142 w Holokau\u015bcie ka\u017cdy uczciwy s\u0105d musia\u0142by go uniewinni\u0107, co ju\u017c powtarza\u0142em.<\/strong><\/p><\/blockquote>\n<p class=\"text--paragraph\"><span style=\"color: #000080;\">\u2013 A H\u00f6ss pisz\u0105cy o s\u0142owach Himmlera, kt\u00f3remu F\u00fchrer nakaza\u0142 \u201eostateczne rozwi\u0105zanie problemu \u017cydowskiego&#8221;?<\/span><\/p>\n<p class=\"text--paragraph\"><span style=\"color: #000080;\">\u2013 On s\u0142ysza\u0142 od Himmlera, \u017ce ten s\u0142ysza\u0142 od Hitlera\u2026 To nie jest \u017caden dow\u00f3d, tylko relacja z trzeciej r\u0119ki.<\/span><\/p>\n<p class=\"text--paragraph\"><span style=\"color: #000080;\">\u2013 A Eichmann, kt\u00f3remu Heydrich przekaza\u0142, \u017ce \u201eF\u00fchrer nakaza\u0142 fizyczn\u0105 eksterminacj\u0119 \u017byd\u00f3w&#8221;?<\/span><\/p>\n<p class=\"text--paragraph\"><span style=\"color: #000080;\">\u2013 Heydrich to nie jest wiarygodne \u017ar\u00f3d\u0142o. Eichmann tym bardziej, szczeg\u00f3lnie \u017ce siedz\u0105c w kozie w Izraelu, mia\u0142 interes w wybielaniu si\u0119 kosztem Hitlera\u2026<\/span><\/p>\n<p class=\"text--paragraph\"><span style=\"color: #000080;\">\u2013 Nie boi si\u0119 pan, \u017ce wytaczaj\u0105c proces poniek\u0105d w obronie Hitlera, sam si\u0119 pan ubrudzi? Holokaustowy kontekst sprawia, \u017ce mo\u017ce si\u0119 tu rozej\u015b\u0107 brzydka wo\u0144 antysemityzmu.<\/span><\/p>\n<p class=\"text--paragraph\"><span style=\"color: #000080;\">\u2013 Je\u017celi mi przylepi\u0105 \u0142atk\u0119 antysemity, to i tak dobrze dla mnie, bo dostan\u0119 g\u0142osy prawdziwych antysemit\u00f3w, kt\u00f3rych s\u0105 w Polsce miliony. A chyba lepiej, \u017ceby tacy g\u0142osowali na mnie, ni\u017c mieliby g\u0142osowa\u0107 na antysemit\u0119 autentycznego?<\/span><\/p>\n<p class=\"text--paragraph\"><span style=\"color: #000080;\">\u2013 Kt\u00f3rym pan nie jest.<\/span><\/p>\n<p class=\"text--paragraph\"><span style=\"color: #000080;\">\u2013 Oczywi\u015bcie, \u017ce nie. Gdy by\u0142em deputowanym w Parlamencie Europejskim i jaki\u015b angloj\u0119zyczny dziennikarz mnie o to zapyta\u0142, pogoni\u0142em faceta ze schod\u00f3w.<\/span><\/p>\n<p class=\"text--paragraph\"><span style=\"color: #000080;\">\u2013 Ale teraz niemiecko-, francusko- i angloj\u0119zyczni dziennikarze napisz\u0105: pose\u0142 polskiej ultraprawicy broni Hitlera przed zarzutem o zag\u0142ad\u0119 \u017byd\u00f3w.<\/span><\/p>\n<p class=\"text--paragraph\"><span style=\"color: #000080;\">\u2013 Uwielbiam, jak o mnie \u017ale pisz\u0105. Churchill m\u00f3wi\u0142: \u201eGdy gazety ci\u0119 krytykuj\u0105, znaczy, \u017ce czynisz s\u0142usznie&#8221;.<\/span><\/p>\n<p class=\"text--paragraph\"><span style=\"color: #000080;\">\u2013 Maciejewski napisa\u0142 o panu \u017ale i ma proces\u2026<\/span><\/p>\n<p class=\"text--paragraph\"><span style=\"color: #000080;\">\u2013 Pan nic nie rozumie! Gdyby on napisa\u0142: \u201eKorwin-Mikke to szuja i skurwysyn&#8221;, \u017cadnego procesu by nie mia\u0142, bo to by by\u0142a opinia. A tutaj chodzi o fakt historyczny: czy Hitler wiedzia\u0142, czy nie? Ja twierdz\u0119, \u017ce nie ma dowodu, aby wiedzia\u0142, i broni\u0119 tego twierdzenia, a nie swojej osoby.<\/span><\/p>\n<h4 class=\"text--title font-head-700\"><strong>NOWY POZEW: CHODZI O WOLNO\u015a\u0106 DEBATY<\/strong><\/h4>\n<p class=\"text--paragraph\"><span style=\"color: #000080;\">\u2013 Dlaczego pan w og\u00f3le napisa\u0142 taki tekst akurat w 2021 roku? \u2013 pytam Maciejewskiego. \u2013 Przecie\u017c Korwin-Mikke powtarza te swoje tezy od dw\u00f3ch dekad\u2026<\/span><\/p>\n<p class=\"text--paragraph\"><span style=\"color: #000080;\">\u2013 Na pierwszej rozprawie s\u0105d te\u017c mnie o to dopytywa\u0142, dlatego nie mog\u0119 panu odpowiedzie\u0107, bo nie chc\u0119 zdradza\u0107 naszej strategii procesowej. Ciekawsze jest: dlaczego Korwin-Mikke pozwa\u0142 nas dopiero rok od publikacji, ju\u017c po wybuchu wojny na Ukrainie?<\/span><\/p>\n<p class=\"text--paragraph\"><span style=\"color: #000080;\">\u2013 Dlaczego?<\/span><\/p>\n<p class=\"text--paragraph\"><span style=\"color: #000080;\">\u2013 Ka\u017cdy widzi, \u017ce on si\u0119 bardzo zaktywizowa\u0142 w zwi\u0105zku z wojn\u0105. G\u0142osi tezy zbie\u017cne z rosyjsk\u0105 dezinformacj\u0105, kt\u00f3ra m\u00f3wi o ukrai\u0144skich banderowcach i faszystach, a tak\u017ce o odradzaniu si\u0119 faszyzmu w Polsce. I tu nagle dostajemy pozew polskiego polityka w obronie Hitlera. To zastanawiaj\u0105ce\u2026<\/span><\/p>\n<p class=\"text--paragraph\"><span style=\"color: #000080;\">Pow\u00f3dztwo w imieniu J.K.M. z\u0142o\u017cy\u0142 w S\u0105dzie Okr\u0119gowym Warszawa-Praga mecenas Andrzej Ceglarski, cz\u0142onek w\u0142adz sto\u0142ecznej izby adwokackiej i wyk\u0142adowca akademicki. Uj\u0105\u0142 problem tak: \u201eW debacie spo\u0142eczno-politycznej na temat przyw\u00f3dcy III Rzeszy (\u2026) prezentowane s\u0105 dwa zasadnicze stanowiska. Jedno, kt\u00f3re reprezentuje pow\u00f3d, odnosi si\u0119 do okoliczno\u015bci niezachowania w dost\u0119pnym materiale dowodowym namacalnego dowodu na wiedz\u0119 Adolfa Hitlera o Holokau\u015bcie. Drugie prezentuje np. biograf F\u00fchrera prof. Ian Kershaw, kt\u00f3ry wskazuje na jego sprawczo\u015b\u0107 w budowaniu pa\u0144stwa nazistowskiego, bez czego Holokaust nie by\u0142by mo\u017cliwy. Stanowiska te nie s\u0105 bynajmniej wykluczaj\u0105ce (\u2026).<\/span><\/p>\n<p class=\"text--paragraph\"><span style=\"color: #000080;\">Swoboda debaty historycznej, kt\u00f3rej pow\u00f3d jest od lat czynnym uczestnikiem, powinna mie\u0107 warto\u015b\u0107 nadrz\u0119dn\u0105. Na takim stanowisku stan\u0105\u0142 S\u0105d Najwy\u017cszy, przyjmuj\u0105c, \u017ce publikowanie wypowiedzi na temat postaci historycznych stanowi przejaw dopuszczalnego korzystania z wolno\u015bci wypowiedzi tak\u017ce wtedy, gdy s\u0105 one kontrowersyjne i niezgodne z dominuj\u0105c\u0105 wersj\u0105 wydarze\u0144&#8221;.<\/span><\/p>\n<p class=\"text--paragraph\"><span style=\"color: #000080;\">O co chodzi z tym SN? O spraw\u0119 CK 329\/02, kt\u00f3r\u0105 najwy\u017csza instancja rozpatrywa\u0142a w lutym 2004. Rzecz dotyczy\u0142a ksi\u0105\u017cki o \u201e\u017co\u0142nierzach wykl\u0119tych&#8221; pt. \u201eZaporczycy&#8221;. Zwi\u0105zana z prawic\u0105 historyczka Ewa Kurek napisa\u0142a w niej m.in. o prominentnym cz\u0142onku delegatury rz\u0105du londy\u0144skiego i \u017co\u0142nierzu AK (po wojnie dzia\u0142aczu zrzeszenia Wolno\u015b\u0107 i Niezawis\u0142o\u015b\u0107, jeszcze p\u00f3\u017aniej znanym adwokacie) W\u0142adys\u0142awie Sile-Nowickim pseudonim \u201eStefan&#8221;. Wedle ksi\u0105\u017cki Kurek Si\u0142a-Nowicki rzekomo wyda\u0142 towarzyszy Urz\u0119dowi Bezpiecze\u0144stwa PRL. Ta teza oburzy\u0142a potomk\u00f3w mecenasa. S\u0105d Najwy\u017cszy przyzna\u0142 im racj\u0119 i utrzyma\u0142 w mocy wcze\u015bniejsze orzeczenie s\u0105du lubelskiego nakazuj\u0105ce autorce przeprosiny \u2013 bo Si\u0142a-Nowicki zdrajc\u0105 nie by\u0142, o czym mo\u017cna si\u0119 by\u0142o przekona\u0107, docieraj\u0105c do \u017ar\u00f3de\u0142, kt\u00f3re Kurek zlekcewa\u017cy\u0142a. Przy okazji jednak troje s\u0119dzi\u00f3w SN (Tadeusz \u017byznowski, El\u017cbieta Skowro\u0144ska-Bocian, Miros\u0142awa Wysocka) uzna\u0142o, \u017ce samo przedstawienie \u201eStefana&#8221; jako negatywnego bohatera \u201eZaporczyk\u00f3w&#8221; jest dopuszczalne w ramach literackiej beletryzacji autentycznej historii \u2013 i tak sprawa dr Kurek znalaz\u0142a si\u0119 w pozwie J.K.M., do kt\u00f3rego mecenas Ceglarski do\u0142\u0105czy\u0142 jeszcze artyku\u0142 historyka Romana Sidorskiego z portalu Histmag.org. Tytu\u0142: \u201eCzy Hitler nie wiedzia\u0142 o Holokau\u015bcie?&#8221;.<\/span><\/p>\n<h4 class=\"text--title font-head-700\"><strong>PRZEPOWIEDNIA Z REICHSTAGU<\/strong><\/h4>\n<p class=\"text--paragraph\"><span style=\"color: #000080;\">Sidorski pisze: \u201eDokument, kt\u00f3ry zawiera\u0142by wydany przez F\u00fchrera rozkaz wymordowania \u017byd\u00f3w znajduj\u0105cych si\u0119 w niemieckiej strefie wp\u0142yw\u00f3w, rzeczywi\u015bcie nie istnieje. Fakt ten nie wystarcza jednak, by rozstrzygn\u0105\u0107 ca\u0142\u0105 spraw\u0119 i odpowiedzie\u0107 na pytanie, czy Hitler wiedzia\u0142 o Holokau\u015bcie. (\u2026)<\/span><\/p>\n<p class=\"text--paragraph\"><span style=\"color: #000080;\">Wiele wskazuje na to, \u017ce przynajmniej do lata 1941 roku najwy\u017csze w\u0142adze III Rzeszy planowa\u0142y wywiezienie \u017byd\u00f3w na Madagaskar, a nast\u0119pnie \u2013 po spodziewanym pokonaniu ZSRR \u2013 na syberyjskie pustkowia. Gdy zorientowano si\u0119, \u017ce jedno i drugie nie b\u0119dzie szybko mo\u017cliwe, zacz\u0119to poszukiwa\u0107 sposob\u00f3w usuni\u0119cia \u017byd\u00f3w jeszcze w czasie trwania wojny i na terenie opanowanym ju\u017c przez Niemcy. Po okresie pr\u00f3b i zastosowaniu r\u00f3\u017cnych dora\u017anych rozwi\u0105za\u0144, w pierwszej po\u0142owie 1942 roku wykrystalizowa\u0142o si\u0119 rozwi\u0105zanie w postaci kom\u00f3r gazowych, [jednak] pisemny rozkaz wymordowania \u017byd\u00f3w nie zosta\u0142 nigdy wydany nie tylko przez Hitlera, ale r\u00f3wnie\u017c Himmlera czy kogokolwiek innego. Ca\u0142y proces dokona\u0142 si\u0119 stopniowo, a jego poszczeg\u00f3lne etapy otrzymywa\u0142y samodzieln\u0105 akceptacj\u0119, najcz\u0119\u015bciej ustn\u0105. [Niemniej] Hitler w niezliczonych, pe\u0142nych nienawi\u015bci wyst\u0105pieniach por\u00f3wnywa\u0142 \u017byd\u00f3w do paso\u017cyt\u00f3w lub zarazk\u00f3w i m\u00f3wi\u0142 o konieczno\u015bci ich unicestwienia. Szczeg\u00f3lnie wa\u017cne jest przem\u00f3wienie, jakie wyg\u0142osi\u0142 30 stycznia 1939 roku w Reichstagu: \u00bbDzisiaj raz jeszcze przepowiem przysz\u0142o\u015b\u0107: je\u015bli mi\u0119dzynarodowym \u017cydowskim finansistom z Europy i spoza niej uda si\u0119 jeszcze raz pogr\u0105\u017cy\u0107 narody w wojnie \u015bwiatowej, to skutkiem nie b\u0119dzie bolszewizacja ziemi, a tym samym zwyci\u0119stwo \u017cydostwa, lecz unicestwienie rasy \u017cydowskiej w Europie!\u00ab.<\/span><\/p>\n<p class=\"text--paragraph\"><span style=\"color: #000080;\">W grudniu 1941 roku \u2013 pisze dalej Roman Sidorski \u2013 w\u00f3dz III Rzeszy oznajmi\u0142 szefowi SS Himmlerowi, \u017ce \u017bydzi na Wschodzie maj\u0105 zosta\u0107 eksterminowani, [za\u015b] 28 lipca 1942, gdy ostateczne rozwi\u0105zanie by\u0142o ju\u017c w toku, Himmler napisa\u0142 w \u015bci\u015ble tajnym li\u015bcie do SS: \u00bbOkupowane wschodnie terytoria s\u0105 uwalniane od \u017byd\u00f3w. F\u00fchrer na moich barkach z\u0142o\u017cy\u0142 realizacj\u0119 tego bardzo trudnego rozkazu (\u2026)\u00ab.<\/span><\/p>\n<p class=\"text--paragraph\"><span style=\"color: #000080;\">Po wojnie osobisty adiutant Hitlera Otton G\u00fcnsch oraz kamerdyner Heinz Linge twierdzili, i\u017c F\u00fchrer rozmawia\u0142 z Himmlerem tak\u017ce o szczeg\u00f3\u0142ach prac nad wdro\u017ceniem kom\u00f3r gazowych. Osoby takie jak Adolf Eichmann, jego zast\u0119pca Dieter Wisliceny czy komendant Auschwitz Rudolf H\u00f6ss r\u00f3wnie\u017c utrzymywa\u0142y, \u017ce dzia\u0142a\u0142y z polecenia dyktatora. Wiarygodno\u015b\u0107 tych \u015bwiadectw w r\u00f3\u017cnych kwestiach jest podwa\u017cana ze wzgl\u0119du na (\u2026) ch\u0119\u0107 usprawiedliwienia samych siebie, niemniej zgodno\u015b\u0107 w kwestii wiedzy i odpowiedzialno\u015bci Hitlera jest godna odnotowania&#8221;.<\/span><\/p>\n<p class=\"text--paragraph\"><span style=\"color: #000080;\">Tyle w tek\u015bcie z portalu Histmag.org. Wracamy do procesu.<\/span><\/p>\n<h4 class=\"text--title font-head-700\"><strong>ODPOWIED\u0179 POZWANEJ FRATRII<\/strong><\/h4>\n<p class=\"text--paragraph\"><span style=\"color: #000080;\">Latem ub.r. pozew Korwin-Mikkego zosta\u0142 przyj\u0119ty, a praski s\u0105d wezwa\u0142 stron\u0119 pozwan\u0105 do udzielenia odpowiedzi. T\u0119 sformu\u0142owa\u0142 w imieniu Fratrii i Maciejewskiego adwokat Dariusz Pluta \u2013 specjalista od prawa prasowego i ochrony d\u00f3br osobistych. Zawnioskowa\u0142 o odrzucenie pow\u00f3dztwa bez procesu jako \u201eoczywi\u015bcie bezzasadnego&#8221;, a w przypadku, gdyby s\u0105d si\u0119 na to nie zgodzi\u0142 \u2013 o przes\u0142uchanie autora tekstu (co ju\u017c nast\u0105pi\u0142o) i prof. Bogdana Musia\u0142a, specjalisty od historii Niemiec (co ma nast\u0105pi\u0107 podczas najbli\u017cszej wokandy tego lata).<\/span><\/p>\n<p class=\"text--paragraph\"><span style=\"color: #000080;\">Dlaczego akurat prof. Musia\u0142? Poniewa\u017c jeszcze w 2021 r. udzieli\u0142 Maciejewskiemu wywiadu na interesuj\u0105cy nas temat. I powiedzia\u0142: \u201e[Chocia\u017c] nie ma podpisu Adolfa Hitlera pod dokumentem zwi\u0105zanym z Holokaustem, [to jednak] s\u0105 liczne rozporz\u0105dzenia, kt\u00f3re powo\u0142uj\u0105 si\u0119 na F\u00fchrera, co nie by\u0142o przecie\u017c przypadkowe ani bezwiedne. (\u2026) Hitler by\u0142 specyficznym biurokrat\u0105, poniewa\u017c wydawa\u0142 polecenia ustnie. Himmler, re\u017cyser Holokaustu, na bie\u017c\u0105co spisywa\u0142 harmonogram tego ludob\u00f3jstwa, gdzie pod konkretnymi datami wspomina o rozmowach z F\u00fchrerem na ten temat&#8221;.<\/span><\/p>\n<p class=\"text--paragraph\"><span style=\"color: #000080;\">Mecenas Pluta dalej w odpowiedzi na pozew: \u201eBior\u0105c pod uwag\u0119 powy\u017csze, pow\u00f3dztwo jest nadu\u017cyciem prawa (\u2026), a w aspekcie aksjologicznym i intelektualnym \u2013 naruszeniem zasad wsp\u00f3\u0142\u017cycia spo\u0142ecznego i dobrych zwyczaj\u00f3w. Proces i sala s\u0105dowa nie s\u0105 miejscem do rozstrzygania kontrowersji historycznych (\u2026). Pow\u00f3d, sk\u0142adaj\u0105c pozew, usi\u0142uje wci\u0105gn\u0105\u0107 s\u0105d w dyskusj\u0119, kt\u00f3ra ma prowadzi\u0107 do negacjonizmu. Jest to pomys\u0142 powoda na uzyskanie prawnej podstawy dla negacjonistycznych twierdze\u0144, kt\u00f3rych podstaw\u0105 mia\u0142by by\u0107 wyrok stwierdzaj\u0105cy naruszenie d\u00f3br osobistych powoda (\u2026).<\/span><\/p>\n<p class=\"text--paragraph\"><span style=\"color: #000080;\">Od dawna uczestnicy debaty publicznej mieli trudno\u015bci z adekwatnym okre\u015bleniem szeregu nieetycznych wypowiedzi powoda, np. \u017ce kobiety powinny mie\u0107 prawa wyborcze dopiero po 55. roku \u017cycia, a skr\u00f3t LGBT nale\u017cy rozszerzy\u0107 o liter\u0119 Z (zoofile), kt\u00f3rego to skr\u00f3tu LGBTZ pow\u00f3d zreszt\u0105 publicznie u\u017cywa. [Tego typu zdania] ostro\u017cnie nazywano szokuj\u0105cymi, kontrowersyjnymi, obrazoburczymi etc. (\u2026) Pow\u00f3d b\u0119d\u0105cy specyficzn\u0105 atrakcj\u0105 medialn\u0105, kt\u00f3ra mo\u017ce zapewni\u0107 du\u017c\u0105 ogl\u0105dalno\u015b\u0107 (klikalno\u015b\u0107), wypracowa\u0142 sobie pozycj\u0119 orygina\u0142a, kt\u00f3remu na sucho uchodzi to, co ka\u017cdego innego polityka (\u2026) odes\u0142a\u0142oby w ca\u0142kowity niebyt.<\/span><\/p>\n<p class=\"text--paragraph\"><span style=\"color: #000080;\">W\u015br\u00f3d wymienionych kontrowersyjnych tez powoda poczesne miejsce zajmuje twierdzenie, i\u017c nie ma dowod\u00f3w, \u017ce Adolf Hitler wiedzia\u0142 o Holokau\u015bcie. [W ten spos\u00f3b] pow\u00f3d bezgranicznie korzysta ze zdobyczy systemu demokratycznego, kt\u00f3rego nie szanuje, kt\u00f3rym gardzi i politycznie go zwalcza. Jednocze\u015bnie d\u0105\u017cy do pozbawienia innych [prawa do krytyki].<\/span><\/p>\n<p class=\"text--paragraph\"><span style=\"color: #000080;\">Bardzo istotnym jest, \u017ce na temat wypowiedzi powoda o kobietach, mniejszo\u015bciach seksualnych [i Hitlerze] wypowiedzia\u0142a si\u0119 w 2021 komisja etyki poselskiej, kt\u00f3ra uzna\u0142a je za nieetyczne i zastosowa\u0142a regulaminow\u0105 sankcj\u0119: upomnienie. Tu podkre\u015bli\u0107 nale\u017cy, \u017ce powodem krytyki red. Maciejewskiego by\u0142y te same wypowiedzi powoda, kt\u00f3rymi zajmowa\u0142a si\u0119 komisja etyki&#8221;.<\/span><\/p>\n<p class=\"text--paragraph\"><span style=\"color: #000080;\">Zajrzyjmy do protoko\u0142u jej posiedzenia z 28 pa\u017adziernika 2021.&nbsp;<\/span><\/p>\n<p style=\"text-align: center;\"><img decoding=\"async\" class=\"preview aligncenter\" src=\"https:\/\/bi.im-g.pl\/im\/b7\/78\/1c\/z29851831IH,Adolf-Hitler-w-Berlinie-.jpg\" srcset=\"https:\/\/bi.im-g.pl\/im\/b7\/78\/1c\/z29851831IH,Adolf-Hitler-w-Berlinie-.jpg, https:\/\/bi.im-g.pl\/im\/b7\/78\/1c\/z29851831IHR,Adolf-Hitler-w-Berlinie-.jpg 2x\" alt=\"Adolf Hitler w Berlinie.\" width=\"100%\"><span style=\"color: #808080;\"><em><span class=\"text--photo-title\">Adolf Hitler w Berlinie.<\/span>&nbsp;&nbsp;<span class=\"text--photo-author\">Fot. AP<\/span><\/em><\/span><\/p>\n<h4 class=\"text--title font-head-700\"><strong>HITLER NIE INTERESOWA\u0141 SI\u0118 DROBIAZGAMI?<\/strong><\/h4>\n<p class=\"text--paragraph\"><span style=\"color: #000080;\">Przewodnicz\u0105cy Jan \u0141opata (PSL): \u2013 Rozpatrujemy skarg\u0119 Stowarzyszenia Otwarta Rzeczpospolita dotycz\u0105c\u0105 wpisu pos\u0142a Janusza Korwin-Mikkego na Twitterze: \u201eBez wahania skaza\u0142bym Hitlera na \u015bmier\u0107, bo jestem zwolennikiem kary \u015bmierci, ale akurat za Holokaust musia\u0142bym go uniewinni\u0107&#8221;.<\/span><\/p>\n<p class=\"text--paragraph\"><span style=\"color: #000080;\">J.K.M.: \u2013 Kto konkretnie napisa\u0142 skarg\u0119?<\/span><\/p>\n<p class=\"text--paragraph\"><span style=\"color: #000080;\">Przewodnicz\u0105cy: \u2013 Pan Damian Wutke, sekretarz zarz\u0105du Stowarzyszenia.<\/span><\/p>\n<p class=\"text--paragraph\"><span style=\"color: #000080;\">J.K.M.: \u2013 Czy szanowna komisja mog\u0142aby odpisa\u0107 panu Wutke, \u017ceby si\u0119 stukn\u0105\u0142 w g\u0142ow\u0119? Nie ma \u017cadnego dowodu, czy Hitler wiedzia\u0142 o Holokau\u015bcie, czy nie wiedzia\u0142. Istnieje natomiast bardzo powa\u017cne przypuszczenie, \u017ce \u015bwi\u0119tej pami\u0119ci Himmler nie raczy\u0142 powiadomi\u0107 szefa, \u017ce urz\u0105dza Zag\u0142ad\u0119. I tyle.<\/span><\/p>\n<p class=\"text--paragraph\"><span style=\"color: #000080;\">Przewodnicz\u0105cy: \u2013 Hitler nie powiadomi\u0142 Himmlera?<\/span><\/p>\n<p class=\"text--paragraph\"><span style=\"color: #000080;\">J.K.M.: \u2013 Nie, odwrotnie. Himmler nie powiadomi\u0142 Hitlera. Mam w domu dzie\u0142o genera\u0142a [W\u0142adys\u0142awa] Andersa o wojnie niemiecko-sowieckiej [chodzi o wydan\u0105 w Londynie \u201eKl\u0119sk\u0119 Hitlera w Rosji 1941\u20131945&#8243;]. W pierwszym rozdziale jest napisane, \u017ce Hitler nie \u017cyczy\u0142 sobie oddzia\u0142\u00f3w pomocniczych sk\u0142adaj\u0105cych si\u0119 ze s\u0142owia\u0144skich podludzi. W rozdziale przedostatnim jest z kolei informacja, \u017ce pod koniec wojny dowiedzia\u0142 si\u0119 ze zdumieniem, i\u017c ma do dyspozycji dywizje RONA [chodzi o 29. Waffen-Grenadier-Division der SS zwan\u0105 Rosyjsk\u0105 Wyzwole\u0144cz\u0105 Armi\u0105 Ludow\u0105] i galicyjsk\u0105 [ukrai\u0144sk\u0105]. Je\u017celi wi\u0119c naczelny dow\u00f3dca nie wiedzia\u0142 przez trzy lata, \u017ce ma w armii obce dywizje, to r\u00f3wnie dobrze m\u00f3g\u0142 nie wiedzie\u0107 o Holokau\u015bcie. On si\u0119 nie interesowa\u0142 takimi drobiazgami. Wszystkie rozkazy wydawa\u0142 Himmler.<\/span><\/p>\n<p class=\"text--paragraph\"><span style=\"color: #000080;\">W trakcie dalszej dyskusji pos\u0142anka Lewicy Monika Falej opowiedzia\u0142a si\u0119 za kar\u0105 dla J.K.M., sprzeciwi\u0142 si\u0119 jednak pose\u0142 PiS z Wroc\u0142awia Jacek \u015awiat, z zawodu polonista:<\/span><\/p>\n<blockquote class=\"text--quote font-quotation-500\"><p><strong>\u2013 My nie jeste\u015bmy od oceniania pogl\u0105d\u00f3w \u2013 zacz\u0105\u0142. \u2013 Pan pose\u0142 Korwin-Mikke nie zaprzecza, \u017ce Holokaust by\u0142 faktem i \u017ce by\u0142a to straszliwa zbrodnia. Twierdzi jedynie, \u017ce Hitler o niej nie wiedzia\u0142. W przekonaniu moim i wi\u0119kszo\u015bci historyk\u00f3w taka opinia to bzdura, ale taki jest pogl\u0105d pana pos\u0142a. Nie widz\u0119 tutaj z\u0142amania prawa, a zatem nie widz\u0119 te\u017c zadania dla naszej komisji.<\/strong><\/p><\/blockquote>\n<p class=\"text--paragraph\"><span style=\"color: #000080;\">Ponadgodzinne posiedzenie zako\u0144czy\u0142o si\u0119, jak ju\u017c wiemy, najmniej dotkliw\u0105 kar\u0105 regulaminow\u0105: upomnieniem.<\/span><\/p>\n<h4 class=\"text--title font-head-700\"><strong>REPLIKA W SPRAWIE WOLNO\u015aCI S\u0141OWA<\/strong><\/h4>\n<p class=\"text--paragraph\"><span style=\"color: #000080;\">Po tym, gdy sekretariat praskiego s\u0105du dostarczy\u0142 Korwin-Mikkemu odpowied\u017a Fratrii na pozew, reprezentuj\u0105cy J.K.M. mecenas Ceglarski napisa\u0142 jeszcze replik\u0119 dotycz\u0105c\u0105 parlamentarnego upomnienia:<\/span><\/p>\n<p class=\"text--paragraph\"><span style=\"color: #000080;\">\u201eNagana od komisji etyki poselskiej nie mo\u017ce by\u0107 argumentem [w niniejszym procesie], poniewa\u017c pow\u00f3d nale\u017cy do ma\u0142ego ko\u0142a poselskiego [Konfederacji], kt\u00f3re jest zwalczane przez si\u0142y dominuj\u0105ce w parlamencie. S\u0105d nie powinien si\u0119 przy\u0142\u0105cza\u0107 do tych si\u0142.<\/span><\/p>\n<p class=\"text--paragraph\"><span style=\"color: #000080;\">Poza tym Ian Kershaw pisze w ksi\u0105\u017cce \u00bbHitler, Niemcy i ostateczne rozwi\u0105zanie\u00ab, \u017ce podczas konferencji [organizator\u00f3w Holokaustu] w Wannsee [sekretarz Kancelarii Rzeszy] Wilhelm Kritzinger jako jedyny z zebranych wyra\u017ca\u0142 w\u0105tpliwo\u015bci co do projektu ostatecznego rozwi\u0105zania kwestii \u017cydowskiej, jako \u017ce Hitler zapewni\u0142 go, i\u017c drastyczne \u015brodki nie b\u0119d\u0105 zastosowane. Reinhard Heydrich odpowiedzia\u0142, \u017ce Hitler oficjalnie nie popiera takiej polityki, jednak podj\u0119ta w sekrecie decyzja wymordowania \u017byd\u00f3w obliguje Kritzingera do poparcia projektu nawet bez pisemnego rozkazu Hitlera&#8221;.<\/span><\/p>\n<p class=\"text--paragraph\"><span style=\"color: #000080;\">Dwa ostatnie zdania pe\u0142nomocnik J.K.M. skopiowa\u0142 metod\u0105 kopiuj-wklej z Wikipedii. Dalszy ci\u0105g repliki:<\/span><\/p>\n<p class=\"text--paragraph\"><span style=\"color: #000080;\">\u201eNasze roszczenie (oddalenie pozwu) nie zmierza do rozstrzygni\u0119cia przez s\u0105d prawdy historycznej \u2013 przeciwnie: zmierza do ochrony wolno\u015bci s\u0142owa. (\u2026) Pow\u00f3d nigdy nie powiedzia\u0142, \u017ce Hitler nie odpowiada za Holokaust, a nawet nie powiedzia\u0142, \u017ce nigdy nie b\u0119dzie dowod\u00f3w, i\u017c wiedzia\u0142 o Holokau\u015bcie. Twierdzi tylko, \u017ce obecnie nie ma [takiego] dowodu.<\/span><\/p>\n<p class=\"text--paragraph\"><span style=\"color: #000080;\">Pow\u00f3d jest nestorem polskiej polityki, kontynuatorem my\u015bli politycznej Stefana Kisielewskiego, dla wielu jest najwi\u0119kszym \u017cyj\u0105cym polskim politykiem o ogromnych zas\u0142ugach (\u2026). Jako ma\u0142e dziecko straci\u0142 matk\u0119 w Powstaniu Warszawskim i nie d\u0105\u017cy do zanegowania odpowiedzialno\u015bci Adolfa Hitlera za cokolwiek, a ju\u017c na pewno nie za zag\u0142ad\u0119 \u017byd\u00f3w. Jest jednak r\u00f3\u017cnica mi\u0119dzy stwierdzeniem, \u017ce nie zachowa\u0142y si\u0119 na dan\u0105 okoliczno\u015b\u0107 \u017cadne dowody, a negowaniem istnienia tej okoliczno\u015bci&#8221;.<\/span><\/p>\n<p class=\"text--paragraph\"><span style=\"color: #000080;\">Do repliki mecenas Ceglarski do\u0142\u0105czy\u0142 artyku\u0142 Edwarda Krzemienia z serwisu OKO.press pt. \u201eKomisja etyki poselskiej \u2013 fasada i ob\u0142uda&#8221; z leadem: \u201eKEP to teatr i sztuka dla sztuki&#8221;. Z tekstu wynika, \u017ce orzeczenia komisji s\u0105 pozbawione znaczenia.<\/span><\/p>\n<h4 class=\"text--title font-head-700\"><strong>GRABOWSKI: ISTNIEJE TESTAMENT<\/strong><\/h4>\n<p class=\"text--paragraph\"><span style=\"color: #000080;\">\u2013 To jak w ko\u0144cu jest z t\u0105 wiedz\u0105 Hitlera o Holokau\u015bcie? \u2013 pytam prof. Jana Grabowskiego, badacza Zag\u0142ady z Uniwersytetu w Ottawie (Kanada).<\/span><\/p>\n<p class=\"text--paragraph\"><span style=\"color: #000080;\">\u2013 Jest tak, \u017ce wszyscy wy\u017csi rang\u0105 hitlerowcy zaanga\u017cowani w Holokaust powo\u0142ywali si\u0119 na tzw. F\u00fchrerbefehl, czyli rozkaz wodza, kt\u00f3rego na pi\u015bmie nikt nie widzia\u0142 i kt\u00f3ry najprawdopodobniej nigdy spisany nie zosta\u0142. Wszelkie zapiski Himmlera i Josepha Goebbelsa, w kt\u00f3rych oni wspominaj\u0105, \u017ce rozmawiali o Zag\u0142adzie z Hitlerem, s\u0105 wielce zawoalowane.<\/span><\/p>\n<p class=\"text--paragraph\"><span style=\"color: #000080;\">\u2013 Czyli Korwin-Mikke ma racj\u0119, \u017ce jednoznacznego dowodu na wiedz\u0119 F\u00fchrera o Zag\u0142adzie nie ma?<\/span><\/p>\n<p class=\"text--paragraph\"><span style=\"color: #000080;\">\u2013 Niech pan przeczyta tzw. testament Hitlera \u2013 jego enuncjacje z ostatnich dni w berli\u0144skim bunkrze. On tam m\u00f3wi o uwalnianiu \u015bwiata od \u017cydowskiego zagro\u017cenia.<\/span><\/p>\n<p class=\"text--paragraph\"><span style=\"color: #000080;\">Czytam. S\u0142owa \u201e\u017byd&#8221; i \u201e\u017cydostwo&#8221; pojawiaj\u0105 si\u0119 w \u201etestamencie&#8221; cztery razy:<\/span><\/p>\n<p class=\"text--paragraph\"><span style=\"color: #000080;\">Pierwszy: \u201eNieprawd\u0105 jest, bym ja lub ktokolwiek inny w Niemczech chcia\u0142 wojny w 1939 roku. Wojny tej pragn\u0119li i pod\u017cegali do niej wy\u0142\u0105cznie ci mi\u0119dzynarodowi m\u0119\u017cowie stanu, kt\u00f3rzy mieli pochodzenie \u017cydowskie lub pracowali na rzecz \u017cydowskich interes\u00f3w&#8221;.<\/span><\/p>\n<p class=\"text--paragraph\"><span style=\"color: #000080;\">Drugi: \u201eJeszcze trzy dni przed wybuchem wojny niemiecko-polskiej zaproponowa\u0142em brytyjskiemu ambasadorowi w Berlinie rozwi\u0105zanie problem\u00f3w niemiecko-polskich przy udziale mi\u0119dzynarodowego nadzoru. Tej propozycji nie mo\u017cna zaprzeczy\u0107. Odrzucono j\u0105 tylko z tego powodu, \u017ce decydenci z kr\u0119g\u00f3w polityki angielskiej (\u2026) nap\u0119dzani propagand\u0105 organizowan\u0105 przez mi\u0119dzynarodowe \u017cydostwo (\u2026) pragn\u0119li wojny&#8221;.<\/span><\/p>\n<p class=\"text--paragraph\"><span style=\"color: #000080;\">Trzeci: \u201eNie mam r\u00f3wnie\u017c \u017cadnych w\u0105tpliwo\u015bci, \u017ce gdy tylko narody Europy ponownie zostan\u0105 potraktowane jako zaledwie pakiety akcji przez tych spiskowc\u00f3w z mi\u0119dzynarodowej finansjery, w\u0142a\u015bnie ten nar\u00f3d zostanie poci\u0105gni\u0119ty do odpowiedzialno\u015bci \u2013 ten, kt\u00f3ry jest prawdziwym winnym morderczej wojny: \u017cydostwo!&#8221;.<\/span><\/p>\n<p class=\"text--paragraph\"><span style=\"color: #000080;\">Fragment czwarty i zarazem ostatni akapit \u201etestamentu&#8221;: \u201eZobowi\u0105zuj\u0119 przyw\u00f3dc\u00f3w narodu i wszystkich moich zaprzysi\u0119\u017conych stronnik\u00f3w do pedantycznego przestrzegania ustaw o czysto\u015bci rasy i do bezlitosnego oporu wobec pod\u017cegaczy [wojennych] \u2013 mi\u0119dzynarodowego \u017cydostwa&#8221;.<\/span><\/p>\n<h4 class=\"text--title font-head-700\"><strong>\u017bBIKOWSKI: HITLER ZLECI\u0141 ZAG\u0141AD\u0118 USTNIE<\/strong><\/h4>\n<p class=\"text--paragraph\"><span style=\"color: #000080;\">Dzwoni\u0119 do \u017bydowskiego Instytutu Historycznego i do prof. Andrzeja \u017bbikowskiego, specjalisty od nowo\u017cytnych dziej\u00f3w polskich \u017byd\u00f3w. Streszczam, w czym rzecz.<\/span><\/p>\n<p class=\"text--paragraph\"><span style=\"color: #000080;\">\u2013 Tytu\u0142owe pytanie jest g\u0142upie \u2013 odpowiada. \u2013 Hitler oczywi\u015bcie o Zag\u0142adzie wiedzia\u0142. I on, i jego sekretarz Martin Bormann dostawali chocia\u017cby raporty z dzia\u0142a\u0144 Einsatzgruppen, kt\u00f3re jeszcze przed wdro\u017ceniem kom\u00f3r gazowych zabi\u0142y p\u00f3\u0142 miliona \u017byd\u00f3w na podbitym Wschodzie. Jest natomiast prawd\u0105, \u017ce nie znamy podpisanego przez Hitlera rozkazu przeprowadzenia eksterminacji i nie ma nawet poszlaki, \u017ce takowy istnia\u0142, cho\u0107 historycy, nie tylko niemieccy, od lat 60. tego poszukuj\u0105. Od dawna trwa tak\u017ce sp\u00f3r intencjonalist\u00f3w z funkcjonalistami, kt\u00f3ry sprowadza si\u0119 do odpowiedzi: kiedy w\u00f3dz Rzeszy wpad\u0142 na pomys\u0142 wymordowania wszystkich \u017byd\u00f3w, czy kto\u015b mu go podsun\u0105\u0142, a on zaakceptowa\u0142, czy by\u0142o jeszcze inaczej?<\/span><\/p>\n<p class=\"text--paragraph\"><span style=\"color: #000080;\">\u2013 No dobrze\u2026 ale jest w ko\u0144cu jaki\u015b jednolity stan wiedzy o roli Hitlera w Zag\u0142adzie?<\/span><\/p>\n<p class=\"text--paragraph\"><span style=\"color: #000080;\">\u2013 Wszystko zrekapitulowa\u0142 w pracy \u201eGeneza \u00bbostatecznego rozwi\u0105zania\u00ab&#8221; ameryka\u0144ski historyk Robert Browning. Po zwyci\u0119stwie nad Sowietami pod Bria\u0144skiem w pa\u017adzierniku 1941 Niemcy byli w euforii. Na fali entuzjazmu zrodzi\u0142 si\u0119 pomys\u0142, aby przeprowadzi\u0107, jak to oni okre\u015blali, \u201eAusrottung&#8221;, czyli wytrzebienie\/wyt\u0119pienie \u017cydostwa jeszcze w trakcie wojny. Browning prze\u015bledzi\u0142 drog\u0119 decyzyjn\u0105. Hitler ustnie zleci\u0142 ostateczne rozwi\u0105zanie Hermannowi G\u00f6ringowi, ten dalej Himmlerowi, a Himmler z kolei Odilo Globocnikowi, dow\u00f3dcy SS i policji w dystrykcie lubelskim.<\/span><\/p>\n<blockquote class=\"text--quote font-quotation-500\"><p><strong>\u2013 Dlatego trzy g\u0142\u00f3wne, poza Auschwitz, fabryki zag\u0142ady \u2013 Majdanek, Sobib\u00f3r i Be\u0142\u017cec \u2013 znajduj\u0105 si\u0119 na dzisiejszej polskiej \u015bcianie wschodniej i przez to mamy k\u0142opot z \u201epolskimi obozami&#8221;\u2026<\/strong><\/p><\/blockquote>\n<p class=\"text--paragraph\"><span style=\"color: #000080;\">\u2013 Tak. Niezale\u017cnie od dzia\u0142a\u0144 Globocnika, czyli budowy kom\u00f3r stacjonarnych, prowadzono eksperyment z gazowaniem \u017byd\u00f3w w samochodach. Najpierw na terenach odebranych Zwi\u0105zkowi Sowieckiemu, potem w Che\u0142mnie nad Nerem. Ta metoda by\u0142a jednak ma\u0142o wydajna, dlatego ostatecznie zwyci\u0119\u017cy\u0142 koncept Globocnika: zwo\u017cenie do oboz\u00f3w, gazowanie, palenie w krematoriach.<\/span><\/p>\n<p class=\"text--paragraph\"><span style=\"color: #000080;\">\u2013 A Hitler o komorach wiedzia\u0142?<\/span><\/p>\n<p class=\"text--paragraph\"><span style=\"color: #000080;\">\u2013 Tego rzeczywi\u015bcie nie wiemy. Istniej\u0105 s\u0142ynne Tischreden, albo Tischgespr\u00e4che, czyli spisane przez wsp\u00f3\u0142pracownik\u00f3w wynurzenia Hitlera przy obiadach i kolacjach w Wilczym Sza\u0144cu i nie tylko tam. Jest w nich du\u017co o \u017bydach, jacy oni paskudni, ale o samej technologii Zag\u0142ady w\u00f3dz nie wypowiedzia\u0142 nawet zdania. Nic o obozach, niczego o komorach i krematoriach\u2026 By\u0107 mo\u017ce celowo nie chcia\u0142 o tym s\u0142ysze\u0107, a mo\u017ce szczeg\u00f3\u0142y go nie interesowa\u0142y.<\/span><\/p>\n<h4 class=\"text--title font-head-700\"><strong>GEBERT: ZASTOSUJMY LOGIK\u0118<\/strong><\/h4>\n<p class=\"text--paragraph\"><span style=\"color: #000080;\">Mam jeszcze ostatni trop: to ksi\u0105\u017cka pt. \u201eOstateczne rozwi\u0105zania&#8221; Konstantego Geberta, publicysty znanego czytelnikom \u201eWyborczej&#8221; tak\u017ce jako Dawid Warszawski. W rozdziale po\u015bwi\u0119conym Holokaustowi autor zebra\u0142 wszystkie \u015blady pozostawione przez F\u00fchrera w interesuj\u0105cej nas kwestii:<\/span><\/p>\n<p class=\"text--paragraph\"><span style=\"color: #000080;\">\u201eHitler mia\u0142 \u015bwiadomo\u015b\u0107 ogromu dzie\u0142a [Zag\u0142ady], jakie sobie postawi\u0142. Jak pisa\u0142 ju\u017c w 1919 roku do innego weterana I wojny \u015bwiatowej Adolfa Gemlicha, \u00bb(\u2026) nie mo\u017cna zwalcza\u0107 choroby bez zabicia jej narz\u0105du sprawczego, zarazka (\u2026). Wp\u0142yw \u017byd\u00f3w nigdy nie przeminie i zatruwanie ludzko\u015bci nigdy si\u0119 nie sko\u0144czy, dop\u00f3ki czynnik sprawczy \u2013 \u017byd \u2013 nie zostanie usuni\u0119ty spo\u015br\u00f3d nas (\u2026)\u00ab.<\/span><\/p>\n<p class=\"text--paragraph\"><span style=\"color: #000080;\">Nie ma jednak przekonuj\u0105cych dowod\u00f3w \u2013 pisze dalej Gebert \u2013 na to, \u017ce Hitler do wojny kierowa\u0142 si\u0119 w swoich politycznych decyzjach d\u0105\u017ceniem do eksterminacji \u017byd\u00f3w. Jego os\u0142awione proroctwo wyg\u0142oszone 30 stycznia 1939 w Reichstagu [o zag\u0142adzie rasy \u017cydowskiej w Europie] mia\u0142o jeszcze wymiar bardziej metaforyczny ni\u017c konkretny. [Dopiero] w pi\u0119\u0107 dni po odbytej w Wannsee konferencji, kt\u00f3ra stworzy\u0142a organizacyjne ramy Zag\u0142ady, (\u2026) przyw\u00f3dca III Rzeszy zdroworozs\u0105dkowo zauwa\u017cy\u0142: \u00bbUsuwanie z\u0119ba tylko o kilka milimetr\u00f3w co trzy miesi\u0105ce nie pomaga; dopiero kiedy zostanie on wyrwany do ko\u0144ca, b\u00f3l przechodzi\u00ab. A mowa by\u0142a o rozpoczynaj\u0105cym si\u0119 w\u0142a\u015bnie ludob\u00f3jstwie, kt\u00f3re zdaniem Hitlera nale\u017ca\u0142oby przeprowadzi\u0107 tak szybko, jak si\u0119 da (\u2026). Mo\u017cna by sobie wyobrazi\u0107 no\u015bne has\u0142o propagandowe: \u017bydzi to niemiecki b\u00f3l z\u0119ba. Nie wszyscy jednak\u017ce widzieli to w ten spos\u00f3b.<\/span><\/p>\n<p style=\"text-align: center;\"><img decoding=\"async\" class=\"preview aligncenter\" src=\"https:\/\/bi.im-g.pl\/im\/b8\/78\/1c\/z29851832IH,Janusz-Korwin-Mikke-podczas-konwencji-wyborczej-.jpg\" srcset=\"https:\/\/bi.im-g.pl\/im\/b8\/78\/1c\/z29851832IH,Janusz-Korwin-Mikke-podczas-konwencji-wyborczej-.jpg, https:\/\/bi.im-g.pl\/im\/b8\/78\/1c\/z29851832IHR,Janusz-Korwin-Mikke-podczas-konwencji-wyborczej-.jpg 2x\" alt=\"Janusz Korwin-Mikke podczas konwencji wyborczej.\" width=\"100%\"><br \/>\n<span style=\"color: #808080;\"><em><span class=\"text--photo-title\">Janusz Korwin-Mikke podczas konwencji wyborczej.<\/span>&nbsp;&nbsp;<span class=\"text--photo-author\">Fot. Jakub Orzechowski \/ Agencja Wyborcza.pl<\/span><\/em><\/span><\/p>\n<p class=\"text--paragraph\"><span style=\"color: #000080;\">W grudniu 1941 do okupowanej przez Niemc\u00f3w Rygi dotar\u0142 transport \u017byd\u00f3w z Berlina. Niemcy, wspierani przez litewskich szaulis\u00f3w, ko\u0144czyli w\u0142a\u015bnie dzie\u0142o wymordowania 40 tysi\u0119cy \u0142otewskich \u017byd\u00f3w, ale konieczno\u015b\u0107 zabicia berli\u0144czyk\u00f3w \u017ale wp\u0142yn\u0119\u0142a na morale wojska. Kilku oficer\u00f3w z\u0142o\u017cy\u0142o w tej sprawie raport, domagaj\u0105c si\u0119 poniechania takich akcji w przysz\u0142o\u015bci. Jeden z nich, kapitan Otto Schulz-Du Bois, w li\u015bcie do \u017cony tak opisywa\u0142 dalsze losy tego dokumentu:<\/span><\/p>\n<p class=\"text--paragraph\"><span style=\"color: #000080;\">\u00bbRaport zosta\u0142 przekazany (\u2026) szefowi kontrwywiadu, kt\u00f3ry mia\u0142 \u0142atwy dost\u0119p do F\u00fchrera [i kt\u00f3ry] przed\u0142o\u017cy\u0142 mu konsekwencje i okropn\u0105 istot\u0119 metod [zabijania \u017byd\u00f3w], na co F\u00fchrer mia\u0142 odpowiedzie\u0107: \u2013 Robi si\u0119 pan mi\u0119kki! Musz\u0119 to robi\u0107, bo po mnie nie zrobi nikt!\u00ab&#8221;.<\/span><\/p>\n<p class=\"text--paragraph\"><span style=\"color: #000080;\">\u2013 W pa\u0144skiej ksi\u0105\u017cce te\u017c nie ma bezpo\u015bredniego dowodu, \u017ce Hitler zleci\u0142 Zag\u0142ad\u0119 \u2013 m\u00f3wi\u0119 do Konstantego Geberta, t\u0142umacz\u0105c, o co chodzi w procesie przed praskim s\u0105dem. \u2013 To jaka ostatecznie jest prawda?<\/span><\/p>\n<p class=\"text--paragraph\"><span style=\"color: #000080;\">\u2013 Logika m\u00f3wi, \u017ce nie da si\u0119 udowodni\u0107, i\u017c kto\u015b o czym\u015b nie wiedzia\u0142. Na brak wiedzy nigdy nie b\u0119dzie namacalnego dowodu. Mo\u017cna tylko dowodzi\u0107, \u017ce kto\u015b wiedzia\u0142. Ja nie widz\u0119 \u017cadnego powodu, dla kt\u00f3rego w\u00f3dz III Rzeszy mia\u0142by nie wiedzie\u0107 o Zag\u0142adzie, skoro wiedzia\u0142, \u017ce Polska jest okupowana, a Niemcy przegra\u0142y bitw\u0119 na \u0141uku Kurskim. \u017beby stwierdzi\u0107 na serio, \u017ce Hitler nie wiedzia\u0142 o Holokau\u015bcie, trzeba by postawi\u0107 tez\u0119, \u017ce istnia\u0142 w III Rzeszy spisek maj\u0105cy na celu przeprowadzenie Zag\u0142ady bez zgody i wiedzy wodza. A to jest hipotetycznie wyobra\u017calne tak samo jak to, \u017ce noc\u0105 zielone ludziki odwiedzaj\u0105 redakcj\u0119 na Czerskiej. Inaczej si\u0119 tego nie da potraktowa\u0107.<\/span><\/p>\n<\/div>\n<hr style=\"height: 15px; background: #d0e6fa; width: 100%;\">\n<div id=\"content\" class=\"content-alignment\">\n<div id=\"watch-description\" class=\"yt-uix-button-panel\">\n<div id=\"watch-description-text\" style=\"text-align: center;\">\n<p><em>Zawarto\u015b\u0107 publikowanych artyku\u0142\u00f3w i materia\u0142\u00f3w nie reprezentuje pogl\u0105d\u00f3w ani opinii Reunion&#8217;68,<\/em><em><br \/>\nani te\u017c webmastera Blogu Reunion&#8217;68, chyba ze jest to wyra\u017anie zaznaczone.<br \/>\nTwoje uwagi, linki, w\u0142asne artyku\u0142y lub wiadomo\u015bci prze\u015blij na adres:<br \/>\n<\/em><span style=\"color: #000080;\"><strong><em><a style=\"color: #000080;\" href=\"mailto:webmaster@reunion68.com\"><span style=\"text-decoration: underline;\">webmaster@reunion68.com<\/span><\/a><\/em><\/strong><\/span><\/p>\n<\/div>\n<\/div>\n<\/div>\n<hr style=\"width: 100%;\">\n","protected":false},"excerpt":{"rendered":"<p>MEP Janusz Korwin-Mikke in the Sejm Czy Hitler wiedzia\u0142 o Holokau\u015bcie? S\u0105d rozstrzygnie sp\u00f3r mi\u0119dzy Januszem Korwin-Mikkem a serwisem braci Karnowskich &#8211; wPolityce.pl Piotr G\u0142uchowski Adolf Hitler w 1932 r. (Fot. AP \/ AP) Korwin-Mikke: Zobaczy\u0142em szans\u0119 \u0142atwego zarobienia pieni\u0119dzy z odszkodowania. Poza tym, gdy wygram, zostanie urz\u0119dowo potwierdzone, \u017ce Hitler o Holokau\u015bcie nie wiedzia\u0142. [&hellip;]<\/p>\n","protected":false},"author":1,"featured_media":0,"comment_status":"closed","ping_status":"closed","sticky":false,"template":"","format":"standard","meta":[],"categories":[6],"tags":[26,24],"_links":{"self":[{"href":"https:\/\/www.reunion68.se\/index.php?rest_route=\/wp\/v2\/posts\/105197"}],"collection":[{"href":"https:\/\/www.reunion68.se\/index.php?rest_route=\/wp\/v2\/posts"}],"about":[{"href":"https:\/\/www.reunion68.se\/index.php?rest_route=\/wp\/v2\/types\/post"}],"author":[{"embeddable":true,"href":"https:\/\/www.reunion68.se\/index.php?rest_route=\/wp\/v2\/users\/1"}],"replies":[{"embeddable":true,"href":"https:\/\/www.reunion68.se\/index.php?rest_route=%2Fwp%2Fv2%2Fcomments&post=105197"}],"version-history":[{"count":12,"href":"https:\/\/www.reunion68.se\/index.php?rest_route=\/wp\/v2\/posts\/105197\/revisions"}],"predecessor-version":[{"id":105215,"href":"https:\/\/www.reunion68.se\/index.php?rest_route=\/wp\/v2\/posts\/105197\/revisions\/105215"}],"wp:attachment":[{"href":"https:\/\/www.reunion68.se\/index.php?rest_route=%2Fwp%2Fv2%2Fmedia&parent=105197"}],"wp:term":[{"taxonomy":"category","embeddable":true,"href":"https:\/\/www.reunion68.se\/index.php?rest_route=%2Fwp%2Fv2%2Fcategories&post=105197"},{"taxonomy":"post_tag","embeddable":true,"href":"https:\/\/www.reunion68.se\/index.php?rest_route=%2Fwp%2Fv2%2Ftags&post=105197"}],"curies":[{"name":"wp","href":"https:\/\/api.w.org\/{rel}","templated":true}]}}