{"id":105226,"date":"2023-06-18T16:09:56","date_gmt":"2023-06-18T14:09:56","guid":{"rendered":"http:\/\/www.reunion68.se\/?p=105226"},"modified":"2023-06-18T16:35:26","modified_gmt":"2023-06-18T14:35:26","slug":"25-09-81","status":"publish","type":"post","link":"https:\/\/www.reunion68.se\/?p=105226","title":{"rendered":"Prawdziwe znaczenie &#8220;Od rzeki do morza Palestyna b\u0119dzie wolna&#8221;"},"content":{"rendered":"<p style=\"text-align: center;\"><img decoding=\"async\" class=\"aligncenter\" src=\"https:\/\/www.gatestoneinstitute.org\/pics\/4665.jpg\" width=\"100%\"><span style=\"color: #808080;\"><em>(Zdj\u0119cie: Andrew Ratto\/Wikimedia Commons)<\/em><\/span><\/p>\n<hr>\n<h5 style=\"text-align: center;\"><a href=\"https:\/\/pl.gatestoneinstitute.org\/\" target=\"_blank\" rel=\"noopener noreferrer\"><img decoding=\"async\" class=\"center alignleft\" src=\"https:\/\/pl.gatestoneinstitute.org\/images\/gatestone-logo-1000.gif\" alt=\"\" width=\"50%\"><\/a><span style=\"text-decoration: underline; color: #000080;\"><strong><a style=\"color: #000080; text-decoration: underline;\" href=\"https:\/\/pl.gatestoneinstitute.org\/19717\/od-rzeki-do-morza-palestyna-bedzie-wolna\" target=\"_blank\" rel=\"noopener noreferrer\"><br \/>\nPrawdziwe znaczenie &#8220;Od rzeki do morza Palestyna b\u0119dzie wolna&#8221;<\/a><\/strong><\/span><\/h5>\n<p style=\"text-align: center;\"><span style=\"color: #000000;\"><strong>Bassam Tawil<br \/>\n<\/strong><span style=\"color: #808080;\"><em>T\u0142umaczenie:<\/em> <\/span><strong>Ma\u0142gorzata Koraszewska<\/strong><\/span><\/p>\n<hr style=\"height: 15px; background: #d0e6fa; width: 100%;\">\n<p style=\"text-align: left;\"><span style=\"color: #000080;\">Antyizraelscy studenci na wielu kampusach uniwersyteckich w USA, Kanadzie, Australii i Europie cz\u0119sto skanduj\u0105 has\u0142o &#8220;Od rzeki do morza Palestyna b\u0119dzie wolna&#8221;. To has\u0142o, kt\u00f3re zasadniczo oznacza, \u017ce Izrael nie ma prawa istnie\u0107 na ziemi mi\u0119dzy rzek\u0105 Jordan a Morzem \u015ar\u00f3dziemnym \u2013 innymi s\u0142owy na ca\u0142ej ziemi, kt\u00f3ra obecnie stanowi Izrael \u2013 od dawna jest popierane przez grupy islamistyczne, kt\u00f3re otwarcie wzywaj\u0105 do wyeliminowania Izraela.<\/span><\/p>\n<p style=\"text-align: left;\"><span style=\"color: #000080;\">To samo wezwanie zosta\u0142o powt\u00f3rzono na:<\/span><\/p>\n<ul>\n<li><strong>Niedawnym&nbsp;<a href=\"https:\/\/twitter.com\/StopAntisemites\/status\/1655230927277006848?s=20\" target=\"_blank\" rel=\"noopener noreferrer\">spotkani<\/a>u Rady Student\u00f3w Uniwersytetu w Sydney, podczas kt\u00f3rego cz\u0142onkowie rady uniemo\u017cliwili \u017cydowskim studentom przemawianie lub wywieszanie izraelskich flag w Dniu Niepodleg\u0142o\u015bci Izraela.<\/strong><\/li>\n<li><strong>Wiec 8 kwietnia pod nazw\u0105 &#8220;R\u0119ce precz od [meczetu] Al-Aksa&#8221;, zorganizowany przez kilka pro-palesty\u0144skich organizacji w Nowym Jorku. Na wiecu m\u00f3wcy&nbsp;<a href=\"https:\/\/www.memri.org\/tv\/speakers-at-nyc-rally-hands-off-al-aqsa-praise-palestinian-terrorists\" target=\"_blank\" rel=\"noopener noreferrer\">wychwalali<\/a>&nbsp;palesty\u0144ski &#8220;op\u00f3r&#8221; i jego &#8220;m\u0119czennik\u00f3w&#8221; i powtarzali to samo has\u0142o.<\/strong><\/li>\n<li><strong>Wydarzenie zorganizowane na pocz\u0105tku tego roku przez grupy \u017cydowskie na University College London, gdzie dziesi\u0105tki antyizraelskich aktywist\u00f3w&nbsp;<a href=\"https:\/\/www.ynetnews.com\/article\/rkzsfmlti\" target=\"_blank\" rel=\"noopener noreferrer\">skandowa\u0142y<\/a>: &#8220;Uwolni\u0107 Palestyn\u0119 od rzeki do morza&#8221;.<\/strong><\/li>\n<\/ul>\n<p style=\"text-align: left;\"><span style=\"color: #000080;\">&#8220;Powinni\u015bmy wezwa\u0107 arabskie i muzu\u0142ma\u0144skie armie do wyzwolenia Palestyny&#8221; &#8211;&nbsp;<a style=\"color: #000080;\" href=\"https:\/\/www.ynetnews.com\/article\/rkzsfmlti\" target=\"_blank\" rel=\"noopener noreferrer\">powiedzia\u0142<\/a>&nbsp;wyra\u017anie jeden z m\u00f3wc\u00f3w na antyizraelskim zgromadzeniu.<\/span><\/p>\n<p style=\"text-align: left;\"><span style=\"color: #000080;\">Pod koniec zesz\u0142ego roku spo\u0142eczno\u015b\u0107 \u017cydowska z Northwestern University w Chicago by\u0142a&nbsp;<a style=\"color: #000080;\" href=\"https:\/\/www.jpost.com\/diaspora\/antisemitism\/article-722453\" target=\"_blank\" rel=\"noopener noreferrer\">zszokowana<\/a>, widz\u0105c, \u017ce wydrukowane kopie artyku\u0142u o dumie \u017cydowskiej zosta\u0142y zamalowane s\u0142owami: &#8220;Od rzeki do morza Palestyna b\u0119dzie wolna&#8221;.<\/span><\/p>\n<p style=\"text-align: left;\"><span style=\"color: #000080;\">Nie spos\u00f3b wyobrazi\u0107 sobie, \u017ce dzia\u0142acze antyizraelscy nie maj\u0105 poj\u0119cia, \u017ce to has\u0142o jest powszechnym wezwaniem do broni dla tych, kt\u00f3rzy chc\u0105 zniszczy\u0107 Izrael.<\/span><\/p>\n<p style=\"text-align: left;\"><span style=\"color: #000080;\">Has\u0142o to odzwierciedla \u017cyczenia Iranu i jego terrorystycznych pe\u0142nomocnik\u00f3w \u2013 zw\u0142aszcza Hamasu, Palesty\u0144skiego Islamskiego D\u017cihadu (PIJ) i Hezbollahu \u2013 zast\u0105pienia Izraela pi\u0119\u0107dziesi\u0105tym si\u00f3dmym pa\u0144stwem&nbsp;<a style=\"color: #000080;\" href=\"https:\/\/www.oic-oci.org\/\" target=\"_blank\" rel=\"noopener noreferrer\">islamskim \u2013<\/a>&nbsp;od rzeki Jordan po Morze \u015ar\u00f3dziemne.<\/span><\/p>\n<p style=\"text-align: left;\"><span style=\"color: #000080;\">Ira\u0144scy przyw\u00f3dcy i oficjele cz\u0119sto&nbsp;<a style=\"color: #000080;\" href=\"https:\/\/www.theatlantic.com\/ideas\/archive\/2022\/07\/joe-biden-middle-east-israel-iran\/670530\/\" target=\"_blank\" rel=\"noopener noreferrer\">powtarzaj\u0105<\/a>, \u017ce ich celem jest &#8220;wymazanie Izraela z mapy&#8221;. Niedawno Ministerstwo Spraw Zagranicznych Iranu powt\u00f3rzy\u0142o wezwanie,&nbsp;<a style=\"color: #000080;\" href=\"https:\/\/www.almayadeen.net\/news\/politics\/%D8%A5%D9%8A%D8%B1%D8%A7%D9%86:-%D8%A7%D9%84%D9%85%D9%82%D8%A7%D9%88%D9%85%D8%A9-%D8%A7%D9%84%D9%81%D9%84%D8%B3%D8%B7%D9%8A%D9%86%D9%8A%D8%A9-%D9%88%D9%85%D8%AD%D9%88%D8%B1-%D8%A7%D9%84%D9%82%D8%AF%D8%B3-%D9%84%D9%86-%D9%8A%D8%AA%D8%A3%D8%AE%D8%B1%D8%A7-%D9%81%D9%8A-%D8%A7%D9%84%D8%AF%D9%81%D8%A7%D8%B9-%D8%B9https:\/www.almayadeen.net\/news\/politics\/%D8%A5%D9%8A%D8%B1%D8%A7%D9%86:-%D8%A7%D9%84%D9%85%D9%82%D8%A7%D9%88%D9%85%D8%A9-%D8%A7%D9%84%D9%81%D9%84%D8%B3%D8%B7%D9%8A%D9%86%D9%8A%D8%A9-%D9%88%D9%85%D8%AD%D9%88%D8%B1-%D8%A7%D9%84%D9%82%D8%AF%D8%B3-%D9%84%D9%86-%D9%8A%D8%AA%D8%A3%D8%AE%D8%B1%D8%A7-%D9%81%D9%8A-%D8%A7%D9%84%D8%AF%D9%81%D8%A7%D8%B9-%D8%B9\" target=\"_blank\" rel=\"noopener noreferrer\">oznajmiaj\u0105c<\/a>, Jerozolima jest &#8220;wieczn\u0105 stolic\u0105 Palestyny, od rzeki do morza&#8221;.<\/span><\/p>\n<p style=\"text-align: left;\"><span style=\"color: #000080;\">W przeddzie\u0144 swojej niedawnej wizyty w Syrii prezydent Iranu, Ebrahim Raisi, powt\u00f3rzy\u0142 \u017cyczenie swojego re\u017cimu, aby Izrael zosta\u0142&nbsp;<a style=\"color: #000080;\" href=\"https:\/\/ar.timesofisrael.com\/%D8%A7%D9%84%D8%B1%D8%A6%D9%8A%D8%B3-%D8%A7%D9%84%D8%A5%D9%8A%D8%B1%D8%A7%D9%86%D9%8A-%D9%8A%D9%87%D8%AF%D8%AF-%D8%A8%D8%B2%D9%88%D8%A7%D9%84-%D8%A5%D8%B3%D8%B1%D8%A7%D8%A6%D9%8A%D9%84-%D9%81%D9%8A\/\" target=\"_blank\" rel=\"noopener noreferrer\">usuni\u0119ty<\/a>&nbsp;[z powierzchni ziemi].<\/span><\/p>\n<p style=\"text-align: left;\"><span style=\"color: #000080;\">Hamas, wspierana przez Iran grupa terrorystyczna kontroluj\u0105ca Stref\u0119 Gazy, nigdy nie przegapi\u0142 okazji, by zadeklarowa\u0107 sw\u00f3j zamiar przekazania tego samego przes\u0142ania. W grudniu 2022 r., w 35. rocznic\u0119 swojego powstania,&nbsp;<a style=\"color: #000080;\" href=\"https:\/\/www.alquds.co.uk\/%D8%AD%D9%85%D8%A7%D8%B3-%D8%AA%D8%B9%D9%84%D9%86-%D8%B4%D8%B9%D8%A7%D8%B1-%D8%B0%D9%83%D8%B1%D9%89-%D8%A7%D9%86%D8%B7%D9%84%D8%A7%D9%82%D8%AA%D9%87%D8%A7-%D8%A7%D9%84%D9%8035-%D9%81%D9%84%D8%B3\/\" target=\"_blank\" rel=\"noopener noreferrer\">Hamas<\/a>&nbsp;ujawni\u0142 swoje has\u0142o: &#8220;Palestyna od rzeki do morza&#8221;. Mapa towarzysz\u0105ca sloganowi przedstawia\u0142a \u2013 bez Izraela \u2013 ca\u0142y kraj od rzeki Jordan do Morza \u015ar\u00f3dziemnego.<\/span><\/p>\n<p style=\"text-align: left;\"><span style=\"color: #000080;\">Na pocz\u0105tku tego roku przyw\u00f3dca Hamasu, Ismail Hanijja, ponownie powt\u00f3rzy\u0142 cel swojej grupy, jakim jest zniszczenie Izraela,&nbsp;<a style=\"color: #000080;\" href=\"https:\/\/www.taghribnews.com\/ar\/news\/456992\/%D9%81%D9%84%D8%B3%D8%B7%D9%8A%D9%86-%D9%83%D9%84%D9%87%D8%A7-%D8%A7%D9%84%D9%86%D9%87%D8%B1-%D8%A5%D9%84%D9%89-%D8%A7%D9%84%D8%A8%D8%AD%D8%B1-%D9%88%D9%85%D9%86-%D8%B1%D8%A3%D8%B3-%D8%A7%D9%84%D9%86%D8%A7%D9%82%D9%88%D8%B1%D8%A9-%D8%A3%D9%85-%D8%A7%D9%84%D8%B1%D8%B4%D8%B1%D8%A7%D8%B4-%D9%87%D9%8A-%D8%A3%D8%B1%D8%B6-%D9%88%D8%A7%D8%AD%D8%AF%D8%A9\" target=\"_blank\" rel=\"noopener noreferrer\">m\u00f3wi\u0105c<\/a>:<\/span><\/p>\n<blockquote>\n<p style=\"text-align: left;\"><strong>&#8220;Ca\u0142a Palestyna, od rzeki do morza i od Ras al-Nakuora [na granicy izraelsko-liba\u0144skiej] do Umm al-Raszrasz [Ejlat, najbardziej wysuni\u0119te na po\u0142udnie miasto Izraela], jest jednym krajem, kt\u00f3ry jest niepodzielny i nie mo\u017ce by\u0107 sprzedany ani przehandlowany&#8221;.<\/strong><\/p>\n<\/blockquote>\n<p style=\"text-align: left;\"><span style=\"color: #000080;\">Rzecznik Hamasu, Husam Badran, r\u00f3wnie\u017c potwierdzi\u0142 poparcie swojej grupy dla wyeliminowania Izraela: &#8220;Palestyna, kt\u00f3r\u0105 znamy, rozci\u0105ga si\u0119 od rzeki do morza \u2013 nie pomijaj\u0105c ani centymetra&#8221; \u2013&nbsp;<a style=\"color: #000080;\" href=\"blank%D9%81%D9%84%D8%B3%D8%B7%D9%8A%D9%86%20%D8%A7%D9%84%D8%AA%D9%8A%20%D9%86%D8%B9%D8%B1%D9%81%D9%87%D8%A7%20%D9%85%D9%86%20%D8%A7%D9%84%D8%A8%D8%AD%D8%B1%20%D8%A7%D9%95%D9%84%D9%89%20%D8%A7%D9%84%D9%86%D9%87%D8%B1%20%D8%BA%D9%8A%D8%B1%20%D9%85%D9%86%D9%82%D9%88%D8%B5%D8%A9%20%D8%B4%D8%A8%D8%B1%D9%8B%D8%A7%20%D9%88%D8%A7%D8%AD%D8%AF%D9%8B%D8%A7\" target=\"_blank\" rel=\"noopener noreferrer\">powiedzia\u0142<\/a>.<\/span><\/p>\n<p style=\"text-align: left;\"><span style=\"color: #000080;\">U\u017cywaj\u0105c tego has\u0142a, Iran i Hamas m\u00f3wi\u0105 bez ogr\u00f3dek, \u017ce na Bliskim Wschodzie nie ma miejsca dla pa\u0144stwa \u017cydowskiego.<\/span><\/p>\n<p style=\"text-align: left;\"><span style=\"color: #000080;\">M\u00f3wi\u0105 te\u017c, \u017ce ziemie rozci\u0105gaj\u0105ce si\u0119 od rzeki Jordan do Morza \u015ar\u00f3dziemnego s\u0105 w ca\u0142o\u015bci w\u0142asno\u015bci\u0105 muzu\u0142man\u00f3w i nie mog\u0105 by\u0107 oddane \u017cadnym nie-muzu\u0142manom.<\/span><\/p>\n<p style=\"text-align: left;\"><span style=\"color: #000080;\"><a style=\"color: #000080;\" href=\"https:\/\/avalon.law.yale.edu\/20th_century\/hamas.asp\" target=\"_blank\" rel=\"noopener noreferrer\">Artyku\u0142 11<\/a>&nbsp;Karty Hamasu nie pozostawia \u017cadnych w\u0105tpliwo\u015bci; jest po prostu ludob\u00f3jczy:<\/span><\/p>\n<blockquote>\n<p style=\"text-align: left;\"><strong>&#8220;Ruch Islamskiej Republiki [Hamas] wierzy, \u017ce ziemia Palestyny jest islamskim Wakf po\u015bwi\u0119conym przysz\u0142ym pokoleniom muzu\u0142man\u00f3w a\u017c do Dnia S\u0105du Ostatecznego. Ona ani \u017cadna jej cz\u0119\u015b\u0107 nie powinna by\u0107 trwoniona; z niej, ani z \u017cadnej jej cz\u0119\u015bci nie mo\u017cna zrezygnowa\u0107. Ani jeden kraj arabski, ani wszystkie kraje arabskie, \u017caden kr\u00f3l ani prezydent, ani wszyscy kr\u00f3lowie i prezydenci, ani \u017cadna organizacja, ani wszyscy, czy to Palesty\u0144czycy, czy Arabowie, nie maj\u0105 prawa tego zrobi\u0107&#8221;.<\/strong><\/p>\n<\/blockquote>\n<p style=\"text-align: left;\"><span style=\"color: #000080;\"><a style=\"color: #000080;\" href=\"https:\/\/avalon.law.yale.edu\/20th_century\/hamas.asp\" target=\"_blank\" rel=\"noopener noreferrer\">Artyku\u0142 13<\/a>&nbsp;Karty Hamasu otwarcie opowiada si\u0119 za u\u017cyciem przemocy w celu zabicia \u017byd\u00f3w i wyeliminowania Izraela:<\/span><\/p>\n<blockquote>\n<p style=\"text-align: left;\"><strong>&#8220;Nie ma rozwi\u0105zania kwestii palesty\u0144skiej poza d\u017cihadem [\u015bwi\u0119t\u0105 wojn\u0105]&#8221;.<\/strong><\/p>\n<\/blockquote>\n<p style=\"text-align: left;\"><span style=\"color: #000080;\"><a style=\"color: #000080;\" href=\"https:\/\/avalon.law.yale.edu\/20th_century\/hamas.asp\" target=\"_blank\" rel=\"noopener noreferrer\">Artyku\u0142 15<\/a>&nbsp;Karty Hamasu stanowi:<\/span><\/p>\n<blockquote>\n<p style=\"text-align: left;\"><strong>&#8220;D\u017cihad jest indywidualnym obowi\u0105zkiem ka\u017cdego muzu\u0142manina&#8230; Konieczne jest zaszczepienie ducha d\u017cihadu w sercu narodu, aby stawi\u0142 czo\u0142a wrogom i do\u0142\u0105czy\u0142 do szereg\u00f3w bojownik\u00f3w&#8221;.<\/strong><\/p>\n<\/blockquote>\n<p style=\"text-align: left;\"><span style=\"color: #000080;\">Podobnie Palesty\u0144ski Islamski D\u017cihad, inna wspierana przez Iran grupa terrorystyczna z siedzib\u0105 w Strefie Gazy, r\u00f3wnie\u017c nalega, aby ca\u0142y&nbsp;<a style=\"color: #000080;\" href=\"https:\/\/www.britannica.com\/topic\/Palestinian-Islamic-Jihad\" target=\"_blank\" rel=\"noopener noreferrer\">kraj<\/a>&nbsp;od rzeki Jordan do Morza \u015ar\u00f3dziemnego znalaz\u0142 si\u0119 pod rz\u0105dami islamu. Podobnie jak Hamas, PIJ by\u0142 zaanga\u017cowany w niezliczone ataki terrorystyczne przeciwko Izraelowi i odrzuca prawo Izraela do istnienia.<\/span><\/p>\n<p style=\"text-align: left;\"><span style=\"color: #000080;\">Antyizraelscy aktywi\u015bci, kt\u00f3rzy skanduj\u0105 &#8220;Od rzeki do morza Palestyna b\u0119dzie wolna&#8221; \u2013 czy s\u0105 tego \u015bwiadomi, czy nie \u2013 popieraj\u0105 ideologi\u0119 ira\u0144skich mu\u0142\u0142\u00f3w, Hamasu i innych grup terrorystycznych, kt\u00f3re od dawna pracowa\u0142y nad osi\u0105gni\u0119ciem swojego celu zniszczenia Izraela.<\/span><\/p>\n<p style=\"text-align: left;\"><span style=\"color: #000080;\">Ci aktywi\u015bci, kt\u00f3rzy cz\u0119sto okre\u015blaj\u0105 siebie jako &#8220;pro-palesty\u0144scy&#8221;, tak naprawd\u0119 nie troszcz\u0105 si\u0119 o Palesty\u0144czyk\u00f3w ani o &#8220;wyzwolenie Palestyny&#8221;. Gdyby tak by\u0142o, wzywaliby zamiast tego do stworzenia lepszych mo\u017cliwo\u015bci dla Palesty\u0144czyk\u00f3w; do rz\u0105d\u00f3w palesty\u0144skich, kt\u00f3re by\u0142yby mniej skorumpowane; do r\u00f3wnego stosowania prawa pod palesty\u0144skim przyw\u00f3dztwem; do praw kobiet i dzieci oraz wolno\u015bci s\u0142owa, zgromadze\u0144 i prasy.<\/span><\/p>\n<p style=\"text-align: left;\"><span style=\"color: #000080;\">Obecni protestuj\u0105cy to wy\u0142\u0105cznie izraelo\u017cercy \u2013 tak naprawd\u0119 antysemici \u2013 kt\u00f3rzy sprzymierzyli si\u0119 z muzu\u0142ma\u0144skimi ekstremistami i terrorystami.<\/span><\/p>\n<p style=\"text-align: left;\"><span style=\"color: #000080;\">Skanduj\u0105c &#8220;Od rzeki do morza Palestyna b\u0119dzie wolna&#8221; na kampusie uniwersyteckim na Zachodzie lub na wiecu w Nowym Jorku, aktywi\u015bci ci s\u0142u\u017c\u0105 jako rzecznicy muzu\u0142ma\u0144skich terroryst\u00f3w, kt\u00f3rzy codziennie morduj\u0105 ludzi z zimn\u0105 krwi\u0105 w&nbsp;<a style=\"color: #000080;\" href=\"https:\/\/www.dailywire.com\/news\/breaking-school-hit-after-palestinian-terrorists-fire-130-rockets-at-israel-in-under-5-minutes\" target=\"_blank\" rel=\"noopener noreferrer\">szko\u0142ach<\/a>,&nbsp;<a style=\"color: #000080;\" href=\"https:\/\/www.nytimes.com\/2016\/06\/09\/world\/middleeast\/tel-aviv-shootings.html\" target=\"_blank\" rel=\"noopener noreferrer\">kawiarniach<\/a>&nbsp;i na drogach, tak jak zamordowali&nbsp;<a style=\"color: #000080;\" href=\"https:\/\/www.camera.org\/article\/ny-times-downplays-dee-family-murders-continuing-pattern\/\" target=\"_blank\" rel=\"noopener noreferrer\">\u017cydowsk\u0105 matk\u0119 i jej dwie c\u00f3rki<\/a>&nbsp;w drodze na \u017cydowskie \u015bwi\u0119to. Hamas&nbsp;<a style=\"color: #000080;\" href=\"https:\/\/palinfo.com\/news\/2023\/05\/04\/834807\/\" target=\"_blank\" rel=\"noopener noreferrer\">chwali\u0142 si\u0119<\/a>&nbsp;nawet, \u017ce jego ludzie stali za zab\u00f3jstwem brytyjskiej rodziny&nbsp;<a style=\"color: #000080;\" href=\"https:\/\/www.camera.org\/article\/ny-times-downplays-dee-family-murders-continuing-pattern\/\" target=\"_blank\" rel=\"noopener noreferrer\">Dee<\/a>&nbsp;ostrzeliwuj\u0105c ich samoch\u00f3d, a potem strzelaj\u0105c z bliska do bezbronnych kobiet w Dolinie Jordanu na pocz\u0105tku kwietnia.<\/span><\/p>\n<p style=\"text-align: left;\"><span style=\"color: #000080;\">Nast\u0119pnym razem, gdy kto\u015b us\u0142yszy has\u0142o &#8220;od rzeki do morza&#8221; w Stanach Zjednoczonych, Kanadzie lub Europie, powinien zauwa\u017cy\u0107, \u017ce wyra\u017ca poparcie dla re\u017cimu Iranu \u2013&nbsp;<a style=\"color: #000080;\" href=\"https:\/\/www.theguardian.com\/world\/video\/2023\/may\/02\/schoolgirls-in-iran-say-they-are-still-being-poisoned-heres-what-we-know-video\" target=\"_blank\" rel=\"noopener noreferrer\">truj\u0105cego<\/a>&nbsp;setki uczennic i wieszaj\u0105cego w\u0142asnych obywateli za &#8220;przest\u0119pstwa&#8221;, takie jak &#8220;<a style=\"color: #000080;\" href=\"https:\/\/www.pressreader.com\/canada\/national-post-latest-edition\/20230509\/281676849248502\" target=\"_blank\" rel=\"noopener noreferrer\">obraza religii<\/a>&#8221; \u2013 jak r\u00f3wnie\u017c dla ira\u0144skich grup terrorystycznych za granicami Iranu: Hamasu, Palesty\u0144skiego Islamskiego D\u017cihadu i Hezbollahu.<\/span><\/p>\n<hr style=\"height: 15px; background: #d0e6fa; width: 100%;\">\n<div id=\"content\" class=\"content-alignment\">\n<div id=\"watch-description\" class=\"yt-uix-button-panel\">\n<div id=\"watch-description-text\" style=\"text-align: center;\">\n<p><em>Zawarto\u015b\u0107 publikowanych artyku\u0142\u00f3w i materia\u0142\u00f3w nie reprezentuje pogl\u0105d\u00f3w ani opinii Reunion&#8217;68,<\/em><em><br \/>\nani te\u017c webmastera Blogu Reunion&#8217;68, chyba ze jest to wyra\u017anie zaznaczone.<br \/>\nTwoje uwagi, linki, w\u0142asne artyku\u0142y lub wiadomo\u015bci prze\u015blij na adres:<br \/>\n<\/em><span style=\"color: #000080;\"><strong><em><a style=\"color: #000080;\" href=\"mailto:webmaster@reunion68.com\"><span style=\"text-decoration: underline;\">webmaster@reunion68.com<\/span><\/a><\/em><\/strong><\/span><\/p>\n<\/div>\n<\/div>\n<\/div>\n<hr style=\"width: 100%;\">\n","protected":false},"excerpt":{"rendered":"<p>(Zdj\u0119cie: Andrew Ratto\/Wikimedia Commons) Prawdziwe znaczenie &#8220;Od rzeki do morza Palestyna b\u0119dzie wolna&#8221; Bassam Tawil T\u0142umaczenie: Ma\u0142gorzata Koraszewska Antyizraelscy studenci na wielu kampusach uniwersyteckich w USA, Kanadzie, Australii i Europie cz\u0119sto skanduj\u0105 has\u0142o &#8220;Od rzeki do morza Palestyna b\u0119dzie wolna&#8221;. To has\u0142o, kt\u00f3re zasadniczo oznacza, \u017ce Izrael nie ma prawa istnie\u0107 na ziemi mi\u0119dzy rzek\u0105 [&hellip;]<\/p>\n","protected":false},"author":1,"featured_media":0,"comment_status":"closed","ping_status":"closed","sticky":false,"template":"","format":"standard","meta":[],"categories":[6],"tags":[26,24],"_links":{"self":[{"href":"https:\/\/www.reunion68.se\/index.php?rest_route=\/wp\/v2\/posts\/105226"}],"collection":[{"href":"https:\/\/www.reunion68.se\/index.php?rest_route=\/wp\/v2\/posts"}],"about":[{"href":"https:\/\/www.reunion68.se\/index.php?rest_route=\/wp\/v2\/types\/post"}],"author":[{"embeddable":true,"href":"https:\/\/www.reunion68.se\/index.php?rest_route=\/wp\/v2\/users\/1"}],"replies":[{"embeddable":true,"href":"https:\/\/www.reunion68.se\/index.php?rest_route=%2Fwp%2Fv2%2Fcomments&post=105226"}],"version-history":[{"count":6,"href":"https:\/\/www.reunion68.se\/index.php?rest_route=\/wp\/v2\/posts\/105226\/revisions"}],"predecessor-version":[{"id":105275,"href":"https:\/\/www.reunion68.se\/index.php?rest_route=\/wp\/v2\/posts\/105226\/revisions\/105275"}],"wp:attachment":[{"href":"https:\/\/www.reunion68.se\/index.php?rest_route=%2Fwp%2Fv2%2Fmedia&parent=105226"}],"wp:term":[{"taxonomy":"category","embeddable":true,"href":"https:\/\/www.reunion68.se\/index.php?rest_route=%2Fwp%2Fv2%2Fcategories&post=105226"},{"taxonomy":"post_tag","embeddable":true,"href":"https:\/\/www.reunion68.se\/index.php?rest_route=%2Fwp%2Fv2%2Ftags&post=105226"}],"curies":[{"name":"wp","href":"https:\/\/api.w.org\/{rel}","templated":true}]}}