{"id":105269,"date":"2023-06-19T17:05:34","date_gmt":"2023-06-19T15:05:34","guid":{"rendered":"http:\/\/www.reunion68.se\/?p=105269"},"modified":"2023-06-19T07:13:30","modified_gmt":"2023-06-19T05:13:30","slug":"27-05-87","status":"publish","type":"post","link":"https:\/\/www.reunion68.se\/?p=105269","title":{"rendered":"Belgium suffers blowback over Qatargate, minister says"},"content":{"rendered":"<h5 style=\"text-align: center;\"><a href=\"https:\/\/www.politico.eu\/\" target=\"_blank\" rel=\"noopener noreferrer\"><img decoding=\"async\" class=\"center alignleft\" src=\"http:\/\/www.reunion68.com\/Biuletyn\/img\/POLITICO.png\" alt=\"\" width=\"35%\" \/><\/a><span style=\"text-decoration: underline; color: #000080;\"><strong><a style=\"color: #000080; text-decoration: underline;\" href=\"https:\/\/www.politico.eu\/article\/qatargate-belgium-alexander-de-croo-annelies-verlinden-blowback\/\" target=\"_blank\" rel=\"noopener noreferrer\">Belgium suffers blowback over Qatargate, minister says<\/a><\/strong><\/span><\/h5>\n<p style=\"text-align: center;\"><span style=\"color: #000000;\"><strong>BARBARA MOENS AND PIETER HAECK<\/strong><\/span><\/p>\n<hr style=\"height: 15px; background: #d0e6fa; width: 100%;\" \/>\n<h4 style=\"text-align: center;\"><span style=\"color: #808080;\"><strong>Some countries take it \u2018personally\u2019 when prosecutors accuse them of corruption, Belgian interior minister tells POLITICO.<\/strong><\/span><br \/>\n.<\/h4>\n<p style=\"text-align: center;\"><img decoding=\"async\" class=\"aligncenter\" src=\"https:\/\/www.politico.eu\/cdn-cgi\/image\/width=1024,quality=80,onerror=redirect,format=auto\/wp-content\/uploads\/2023\/05\/23\/GettyImages-1255429043-scaled.jpg\" width=\"100%\" \/><span style=\"color: #808080;\"><em>Belgium\u2019s Interior Minister Annelies Verlinden | Laurie Dieffembacq\/BELGA MAG\/AFP via Getty Images<\/em><\/span><\/p>\n<p style=\"text-align: left;\"><span style=\"color: #000080;\">For the past six months, Brussels has been at the center of the biggest European Union corruption scandal for almost a quarter of a century.<\/span><\/p>\n<p style=\"text-align: left;\"><span style=\"color: #000080;\">But the criminal investigation into the so-called\u00a0<a style=\"color: #000080;\" href=\"https:\/\/www.politico.eu\/tag\/qatargate-european-parliament-corruption-scandal\/\">Qatargate<\/a>\u00a0claims, which have severely damaged the EU\u2019s reputation for integrity, has not been cost-free for the small European nation in charge of the inquiry.<\/span><\/p>\n<p style=\"text-align: left;\"><span style=\"color: #000080;\">Belgium\u2019s Interior Minister Annelies Verlinden told POLITICO\u00a0that the investigation, which has uncovered allegations that foreign governments bribed EU lawmakers, has had consequences for the country\u2019s diplomatic relations with the states allegedly involved.<\/span><\/p>\n<p style=\"text-align: left;\"><span style=\"color: #000080;\">As interior minister, Verlinden is in charge of the Belgian police, whose unit for combatting corruption played a role in building the case that\u00a0<a style=\"color: #000080;\" href=\"https:\/\/www.politico.eu\/article\/scandal-qatargate-crisis-european-union-corruption-crisis\/\">Qatar and Morocco allegedly bought influence in the European Parliament<\/a>. The police also helped carry out the series of raids in December that delivered sensational finds, including a suitcase filled with cash.<\/span><\/p>\n<p style=\"text-align: left;\"><span style=\"color: #000080;\">\u201cWe have noticed afterwards, in several files, the targeted countries themselves also feel implicated and took this personally, but that is no reason not to take action,\u201d Verlinden said.<\/span><\/p>\n<p style=\"text-align: left;\"><span style=\"color: #000080;\">One example where tensions have emerged is the return of migrants to their home countries, a sensitive issue for Belgium as it struggles with a\u00a0<a style=\"color: #000080;\" href=\"https:\/\/www.politico.eu\/article\/migration-crisis-ursula-von-der-leyens-european-commission-brussels\/\">migration crisis<\/a>\u00a0and seeks to speed up the processing of failed asylum claims.<\/span><\/p>\n<p style=\"text-align: left;\"><span style=\"color: #000080;\">Morocco, which was one of the foreign countries implicated in the alleged corruption investigation,\u00a0<a style=\"color: #000080;\" href=\"https:\/\/dofi.ibz.be\/sites\/default\/files\/2022-03\/Verwijderingen_Eloignements_2022_diffusion_site%20NL_02_22.pdf\" target=\"_blank\" rel=\"noopener noreferrer\">is<\/a>\u00a0among the top 10 states to which Belgium sends migrants back if their immigration claims are not successful. But that process has become more difficult recently, Verlinden suggested, without explicitly naming Morocco.<\/span><\/p>\n<p style=\"text-align: left;\"><span style=\"color: #000080;\">\u201cWe know that in the\u00a0<em>laissez-passers<\/em>\u00a0[travel documents] that we need to send people back, that involvement of the state can play a role,\u201d Verlinden said. \u201cThat\u2019s intertwined. I don\u2019t know exactly what involvement there is either, obviously, but we have to be aware that in these countries many things are intertwined.\u201d<\/span><\/p>\n<p style=\"text-align: left;\"><span style=\"color: #000080;\">Verlinden refrained from giving other examples of the repercussions of Qatargate, adding that only the country\u2019s foreign affairs minister has a full picture of the diplomatic mood, but said that the countries involved are closely following the prosecutors\u2019 investigation.<\/span><\/p>\n<p style=\"text-align: left;\"><span style=\"color: #000080;\">\u201cWe would probably do the same if it was the other way around,\u201d she said. \u201cThat has an influence on our bilateral relations. I can\u2019t say on which files or how it has had an impact. But it has an impact. These actions have consequences, and we realize that.\u201d<\/span><\/p>\n<h5 style=\"text-align: left;\"><strong>Corruption<\/strong><\/h5>\n<p style=\"text-align: left;\"><span style=\"color: #000080;\">In recent months, both Belgian Prime Minister Alexander De Croo and Belgian Justice Minister Vincent Van Quickenborne have\u00a0<a style=\"color: #000080;\" href=\"https:\/\/www.politico.eu\/article\/qatargate-vincent-van-quickenborne-leaks-corruption-belgian-justice-minister-warning\/\">come<\/a> out strongly to defend the investigation and Belgium\u2019s responsibility as host country of the European institutions.<\/span><\/p>\n<p style=\"text-align: center;\"><img decoding=\"async\" class=\"aligncenter\" src=\"https:\/\/www.politico.eu\/cdn-cgi\/image\/width=1024,quality=80,onerror=redirect,format=auto\/wp-content\/uploads\/2020\/09\/GettyImages-1215826325.jpg\" width=\"100%\" \/><span style=\"color: #808080;\"><em>Prime Minister Alexander De Croo defended the investigation and Belgium\u2019s responsibility as host country of the European institutions | Thierry Roge\/AFP via Getty Images<\/em><\/span><\/p>\n<p style=\"text-align: left;\"><span style=\"color: #000080;\">Verlinden echoed that defense, saying Belgium\u2019s host status implies a responsibility in a wide range of issues, whether it\u2019s tackling corruption, guaranteeing the security of European or other leaders when they come to Brussels, or facilitating public demonstrations.\u00a0\u201cOur rule of law can only stand if we can be sure that everyone is exercising their public mandate in the public interest.\u201d<\/span><\/p>\n<p style=\"text-align: left;\"><span style=\"color: #000080;\">Belgium was already planning to reinforce its fight against corruption, even before Qatargate shook the EU\u2019s Brussels institutions. \u201cWe should not underestimate that if we don\u2019t try to contain that \u2026 that\u2019s undermining our democracy,\u201d the Christian Democrat politician\u00a0said.<\/span><\/p>\n<p style=\"text-align: left;\"><span style=\"color: #000080;\">Verlinden did not want to get drawn into criticism of the Belgian investigation, referring those questions to the justice department. At the start of the inquiry, Belgium\u2019s justice minister\u00a0<a style=\"color: #000080;\" href=\"https:\/\/www.politico.eu\/article\/qatargate-vincent-van-quickenborne-leaks-corruption-belgian-justice-minister-warning\/\">said<\/a>\u00a0the judiciary worked together \u201cvery well\u201d with its Italian counterparts on the case.<\/span><\/p>\n<hr style=\"height: 15px; background: #d0e6fa; width: 100%;\" \/>\n<div id=\"content\" class=\"content-alignment\">\n<div id=\"watch-description\" class=\"yt-uix-button-panel\">\n<div id=\"watch-description-text\" style=\"text-align: center;\">\n<p><em>Zawarto\u015b\u0107 publikowanych artyku\u0142\u00f3w i materia\u0142\u00f3w nie reprezentuje pogl\u0105d\u00f3w ani opinii Reunion&#8217;68,<\/em><em><br \/>\nani te\u017c webmastera Blogu Reunion&#8217;68, chyba ze jest to wyra\u017anie zaznaczone.<br \/>\nTwoje uwagi, linki, w\u0142asne artyku\u0142y lub wiadomo\u015bci prze\u015blij na adres:<br \/>\n<\/em><span style=\"color: #000080;\"><strong><em><a style=\"color: #000080;\" href=\"mailto:webmaster@reunion68.com\"><span style=\"text-decoration: underline;\">webmaster@reunion68.com<\/span><\/a><\/em><\/strong><\/span><\/p>\n<\/div>\n<\/div>\n<\/div>\n<hr style=\"width: 100%;\" \/>\n","protected":false},"excerpt":{"rendered":"<p>Belgium suffers blowback over Qatargate, minister says BARBARA MOENS AND PIETER HAECK Some countries take it \u2018personally\u2019 when prosecutors accuse them of corruption, Belgian interior minister tells POLITICO. . Belgium\u2019s Interior Minister Annelies Verlinden | Laurie Dieffembacq\/BELGA MAG\/AFP via Getty Images For the past six months, Brussels has been at the center of the biggest [&hellip;]<\/p>\n","protected":false},"author":1,"featured_media":0,"comment_status":"closed","ping_status":"closed","sticky":false,"template":"","format":"standard","meta":[],"categories":[6],"tags":[26,24],"_links":{"self":[{"href":"https:\/\/www.reunion68.se\/index.php?rest_route=\/wp\/v2\/posts\/105269"}],"collection":[{"href":"https:\/\/www.reunion68.se\/index.php?rest_route=\/wp\/v2\/posts"}],"about":[{"href":"https:\/\/www.reunion68.se\/index.php?rest_route=\/wp\/v2\/types\/post"}],"author":[{"embeddable":true,"href":"https:\/\/www.reunion68.se\/index.php?rest_route=\/wp\/v2\/users\/1"}],"replies":[{"embeddable":true,"href":"https:\/\/www.reunion68.se\/index.php?rest_route=%2Fwp%2Fv2%2Fcomments&post=105269"}],"version-history":[{"count":11,"href":"https:\/\/www.reunion68.se\/index.php?rest_route=\/wp\/v2\/posts\/105269\/revisions"}],"predecessor-version":[{"id":105285,"href":"https:\/\/www.reunion68.se\/index.php?rest_route=\/wp\/v2\/posts\/105269\/revisions\/105285"}],"wp:attachment":[{"href":"https:\/\/www.reunion68.se\/index.php?rest_route=%2Fwp%2Fv2%2Fmedia&parent=105269"}],"wp:term":[{"taxonomy":"category","embeddable":true,"href":"https:\/\/www.reunion68.se\/index.php?rest_route=%2Fwp%2Fv2%2Fcategories&post=105269"},{"taxonomy":"post_tag","embeddable":true,"href":"https:\/\/www.reunion68.se\/index.php?rest_route=%2Fwp%2Fv2%2Ftags&post=105269"}],"curies":[{"name":"wp","href":"https:\/\/api.w.org\/{rel}","templated":true}]}}