{"id":105332,"date":"2023-06-21T17:09:17","date_gmt":"2023-06-21T15:09:17","guid":{"rendered":"http:\/\/www.reunion68.se\/?p=105332"},"modified":"2023-06-21T06:52:14","modified_gmt":"2023-06-21T04:52:14","slug":"29-09-72","status":"publish","type":"post","link":"https:\/\/www.reunion68.se\/?p=105332","title":{"rendered":"Izrael: Du\u017ca operacja armii w D\u017ceninie. Zgin\u0119\u0142o sze\u015bciu Palesty\u0144czyk\u00f3w, blisko stu jest rannych [wersja G-wyborczej ]"},"content":{"rendered":"<p style=\"text-align: center;\"><img decoding=\"async\" class=\"aligncenter\" src=\"https:\/\/bi.im-g.pl\/im\/d1\/81\/1c\/z29888977AMP,Walki-w-Dzeninie--do-ktorego-weszla-izraelska-armi.jpg\" width=\"100%\" \/><span style=\"color: #808080;\"><em>Walki w D\u017ceninie, do kt\u00f3rego wesz\u0142a izraelska armia, 19 czerwca 2023 r. (Fot. Majdi Mohammed \/ AP Photo)<\/em><\/span><\/p>\n<hr \/>\n<h5 style=\"text-align: center;\"><a href=\"https:\/\/wyborcza.pl\/\" target=\"_blank\" rel=\"noopener noreferrer\"><img decoding=\"async\" class=\"center alignleft\" src=\"http:\/\/www.reunion68.com\/Biuletyn\/img\/wyborcza.png\" alt=\"\" width=\"35%\" \/><\/a><span style=\"text-decoration: underline; color: #000080;\"><strong><a style=\"color: #000080; text-decoration: underline;\" href=\"https:\/\/wyborcza.pl\/7,75399,29888873,izrael-duza-operacja-armii-w-dzeninie-zginelo-szesciu-palestynczykow.html\" target=\"_blank\" rel=\"noopener noreferrer\">Izrael: Du\u017ca operacja armii w D\u017ceninie. Zgin\u0119\u0142o sze\u015bciu Palesty\u0144czyk\u00f3w, blisko stu jest rannych [wersja G-wyborczej ]<\/a><\/strong><\/span><\/h5>\n<p style=\"text-align: center;\"><span style=\"color: #000000;\"><strong>Marta Urz\u0119dowska<\/strong><span style=\"color: #808080;\"><em> [jezyki.. arabic ale nie hebrajski ]<\/em><\/span><\/span><\/p>\n<hr style=\"height: 15px; background: #d0e6fa; width: 100%;\" \/>\n<h4 style=\"text-align: center;\"><strong><span style=\"color: #808080;\">Sze\u015bciu Palesty\u0144czyk\u00f3w, w\u015br\u00f3d nich pi\u0119tnastolatek, zgin\u0119\u0142o, a blisko stu zosta\u0142o rannych w starciach, jakie wybuch\u0142y po wej\u015bciu izraelskich \u017co\u0142nierzy do D\u017ceninu na Zachodnim Brzegu Jordanu. Po raz pierwszy od kilkunastu lat armia si\u0119gn\u0119\u0142a po \u015bmig\u0142owce uderzeniowe.<\/span><\/strong><\/h4>\n<p>.<\/p>\n<p style=\"text-align: left;\"><span style=\"color: #000080;\">Poniedzia\u0142kowa operacja rozpocz\u0119\u0142a si\u0119 nad ranem. Izraelscy \u017co\u0142nierze weszli na przedmie\u015bcia D\u017ceninu na Zachodnim Brzegu Jordanu, szukaj\u0105c dw\u00f3ch palesty\u0144skich bojownik\u00f3w.<\/span><\/p>\n<p style=\"text-align: left;\"><span style=\"color: #000080;\">Zabity pi\u0119tnastolatek, ranna pi\u0119tnastolatka. \u015amig\u0142owce u\u017cyte po raz pierwszy od intifady<\/span><br \/>\n<span style=\"color: #000080;\">Cho\u0107 pocz\u0105tkowo operacja wygl\u0105da\u0142a na rutynow\u0105, po wej\u015bciu \u017co\u0142nierzy sprawy b\u0142yskawicznie przybra\u0142y gwa\u0142towny obr\u00f3t. Palesty\u0144czycy stawili wyj\u0105tkowo zaci\u0119ty op\u00f3r \u2013 dosz\u0142o do powa\u017cnych star\u0107, w kt\u00f3rych zgin\u0119\u0142o czterech Palesty\u0144czyk\u00f3w, w\u015br\u00f3d nich pi\u0119tnastolatek Ahmad Saker, a tak\u017ce co najmniej jeden bojownik Islamskiego D\u017cihadu. We wtorek rano zmar\u0142 kolejny Palesty\u0144czyk, a 91 jest rannych, w\u015br\u00f3d nich &#8211; wed\u0142ug palesty\u0144skich \u017ar\u00f3de\u0142 medycznych &#8211; 23 osoby s\u0105 w stanie ci\u0119\u017ckim albo krytycznym.<\/span><\/p>\n<p style=\"text-align: left;\"><span style=\"color: #000080;\">Jak informuje Haaretz, w\u015br\u00f3d ci\u0119\u017cko rannych jest pi\u0119tnastoletnia Palestynka, postrzelona w swoim domu &#8211; kula przesz\u0142a przez jego \u015bcian\u0119. Ranny zosta\u0142 te\u017c palesty\u0144ski dziennikarz Hazem Nasser, kt\u00f3ry mia\u0142 na sobie kamizelk\u0119 z napisem &#8220;Press&#8221;.<\/span><\/p>\n<p class=\"text--paragraph\" style=\"text-align: left;\"><span style=\"color: #000080;\">Palesty\u0144ski Czerwony P\u00f3\u0142ksi\u0119\u017cyc oskar\u017cy\u0142 izraelsk\u0105 armi\u0119 o zatrzymywanie zespo\u0142\u00f3w ratownik\u00f3w, kt\u00f3rzy pr\u00f3bowali dotrze\u0107 do ofiar. \u2013 Dzia\u0142amy w bardzo trudnych warunkach. Izraelskie si\u0142y utrudniaj\u0105 poruszanie si\u0119 karetek i nie pozwalaj\u0105 medykom wykonywa\u0107 ich pracy \u2013 przekonywa\u0142 cytowany w BBC szef organizacji w D\u017ceninie, dr Mahmud as-Saadi.<\/span><\/p>\n<p class=\"text--paragraph\" style=\"text-align: left;\"><span style=\"color: #000080;\">Rannych zosta\u0142o te\u017c o\u015bmiu izraelskich \u017co\u0142nierzy, kt\u00f3rzy \u2013 wed\u0142ug rzecznika armii \u2013 odnie\u015bli lekkie lub umiarkowane obra\u017cenia. Pozostali \u017co\u0142nierze po po\u0142udniu wycofali si\u0119 z D\u017ceninu, jednak nie oby\u0142o si\u0119 bez kolejnego incydentu. \u201eKiedy s\u0142u\u017cby bezpiecze\u0144stwa wycofywa\u0142y si\u0119 z miasta, pojazd wojskowy zosta\u0142 trafiony \u0142adunkiem wybuchowym i uszkodzony&#8221; \u2013 brzmi o\u015bwiadczenie armii.<\/span><\/p>\n<p class=\"text--paragraph\" style=\"text-align: left;\"><span style=\"color: #000080;\">Jak wyja\u015bnia jej rzecznik, w\u0142a\u015bnie po zniszczeniu pojazdu zosta\u0142y wezwane \u015bmig\u0142owce atakuj\u0105ce Apache i otworzy\u0142y ogie\u0144 do palesty\u0144skich bojownik\u00f3w, by pom\u00f3c izraelskim \u017co\u0142nierzom wycofa\u0107 si\u0119 z D\u017ceninu, podczas gdy trwa\u0142 palesty\u0144ski ostrza\u0142.<\/span><\/p>\n<h4 class=\"text--title font-head-700\"><strong>Operacja mo\u017ce oznacza\u0107 eskalacj\u0119. W regionie narasta przemoc<\/strong><\/h4>\n<p class=\"text--paragraph\" style=\"text-align: left;\"><span style=\"color: #000080;\">\u015amig\u0142owce uderzeniowe nie by\u0142y wykorzystywane na Zachodnim Brzegu od kilkunastu lat \u2013 ostatnim razem podczas zako\u0144czonej w 2005 r. drugiej palesty\u0144skiej intifady. Eksperci t\u0142umacz\u0105, \u017ce nie by\u0142o wyj\u015bcia \u2013 w sytuacji, kiedy \u017co\u0142nierze zostali ranni, a w\u00f3z opancerzony zniszczony, musia\u0142y przylecie\u0107, \u017ceby pom\u00f3c w wycofaniu si\u0119.<\/span><\/p>\n<p style=\"text-align: center;\"><img decoding=\"async\" class=\"aligncenter\" src=\"https:\/\/bi.im-g.pl\/im\/d0\/81\/1c\/z29888976IH,Walki-w-Dzeninie--do-ktorego-weszla-izraelska-armi.jpg\" width=\"100%\" \/><span style=\"color: #808080;\"><em>Walki w D\u017ceninie, do kt\u00f3rego wesz\u0142a izraelska armia, 19 czerwca 2023 r. Fot. Majdi Mohammed \/ AP Photo<\/em><\/span><\/p>\n<p style=\"text-align: left;\"><span style=\"color: #000080;\">&#8211; Nie byli\u015bmy w stanie wyj\u015b\u0107 z domu, tu trwa regularna wojna, nad g\u0142owami kr\u0105\u017c\u0105 nam Apache \u2013 alarmowa\u0142 jeden z mieszka\u0144c\u00f3w cytowany przez BBC. \u2013 \u015amig\u0142owiec zbombardowa\u0142 pole w naszej dzielnicy, s\u0105 ranni, zniszczony jest wodoci\u0105g, co oznacza braki w dostawach wody w niekt\u00f3rych cz\u0119\u015bciach D\u017ceninu \u2013 dodawa\u0142.<\/span><\/p>\n<p class=\"text--paragraph\" style=\"text-align: left;\"><span style=\"color: #000080;\">Poniedzia\u0142kowa operacja mo\u017ce oznacza\u0107 powa\u017cn\u0105 eskalacj\u0119, niebezpieczn\u0105 w sytuacji, kiedy od miesi\u0119cy w regionie narasta przemoc. Od pocz\u0105tku ubieg\u0142ego roku, po serii atak\u00f3w palesty\u0144skich terroryst\u00f3w na izraelskich cywil\u00f3w, Izrael rozpocz\u0105\u0142 regularne naloty na miejscowo\u015bci na Zachodnim Brzegu, gdzie poluje na palesty\u0144skich bojownik\u00f3w \u2013 g\u0142\u00f3wnie w D\u017ceninie i Nablusie. Od pocz\u0105tku tego roku na Zachodnim Brzegu i w Strefie Gazy zgin\u0119\u0142o ponad 130 Palesty\u0144czyk\u00f3w \u2013 bojownik\u00f3w i cywil\u00f3w &#8211; i ok. 25 Izraelczyk\u00f3w.<\/span><\/p>\n<h4 class=\"text--title font-head-700\" style=\"text-align: left;\"><strong>Izraelski minister: Sko\u0144czmy z drobnymi operacjami. Czas na powa\u017cn\u0105 kampani\u0119<\/strong><\/h4>\n<p class=\"text--paragraph\" style=\"text-align: left;\"><span style=\"color: #000080;\">W\u0142adze Autonomii Palesty\u0144skiej wyda\u0142y o\u015bwiadczenie, w kt\u00f3rym pisz\u0105 o \u201eizraelskiej agresji na D\u017cenin, oznaczaj\u0105cej powa\u017cn\u0105, niebezpieczn\u0105 eskalacj\u0119, kt\u00f3r\u0105 trzeba natychmiast powstrzyma\u0107&#8221;. Husajn asz-Szejk, kt\u00f3ry we w\u0142adzach Autonomii odpowiada za sprawy cywilne, stwierdzi\u0142 w o\u015bwiadczeniu, \u017ce \u201esi\u0142y okupacyjne prowadz\u0105 otwart\u0105, zaciek\u0142\u0105 wojn\u0119 z Palesty\u0144czykami&#8221;. \u201eJeste\u015bmy w \u015brodku bitwy na wszystkich frontach, kt\u00f3ra \u2013 wobec agresji &#8211; wymaga jedno\u015bci naszego narodu&#8221; \u2013 napisa\u0142 na Twitterze, po czym wezwa\u0142 palesty\u0144skich przyw\u00f3dc\u00f3w do podj\u0119cia \u201ebezprecedensowych decyzji&#8221;, cho\u0107 nie wyja\u015bni\u0142 o jakie decyzje chodzi.<\/span><\/p>\n<p class=\"text--paragraph\" style=\"text-align: left;\"><span style=\"color: #000080;\">Zemst\u0119 za poniedzia\u0142kow\u0105 operacj\u0119 zapowiadaj\u0105 palesty\u0144scy radyka\u0142owie. Islamski D\u017cihad stwierdzi\u0142, \u017ce wykorzystanie przez Izrael \u015bmig\u0142owc\u00f3w bojowych \u201ezmusi bojownik\u00f3w do si\u0119gni\u0119cia po narz\u0119dzia, kt\u00f3re zadziwi\u0105 wroga&#8221;.<\/span><\/p>\n<p class=\"text--paragraph\" style=\"text-align: left;\"><span style=\"color: #000080;\">Tak\u017ce radykalny Hamas, kt\u00f3ry ma swoj\u0105 kom\u00f3rk\u0119 w D\u017ceninie, wyda\u0142 o\u015bwiadczenie, w kt\u00f3rym chwali bojownik\u00f3w za \u201ezaatakowanie syjonistycznych si\u0142&#8221; i \u201eobsypanie ich materia\u0142ami wybuchowymi i deszczem b\u0142ogos\u0142awionych kul&#8221;.<\/span><\/p>\n<p class=\"text--paragraph\" style=\"text-align: left;\"><span style=\"color: #000080;\">Izraelskie w\u0142adze potwierdzaj\u0105, \u017ce szykuj\u0105 wi\u0119ksz\u0105 operacj\u0119 w D\u017ceninie. \u201eNadszed\u0142 czas, by zast\u0105pi\u0107 te drobne operacje szerok\u0105 kampani\u0105, by wreszcie wyeliminowa\u0107 to gniazdo terroru&#8221; \u2013 napisa\u0142 na Twitterze Bezalel Smotrich, skrajnie prawicowy minister finans\u00f3w, kt\u00f3ry jednocze\u015bnie w resorcie obrony odpowiada za bezpiecze\u0144stwo Zachodniego Brzegu.<\/span><\/p>\n<p class=\"text--paragraph\" style=\"text-align: left;\"><span style=\"color: #000080;\">Z kolei minister obrony, Yoav Galland stwierdzi\u0142, \u017ce izraelska armia \u201ewykorzysta wszystkie mo\u017cliwe \u015brodki i uderzy w terroryst\u00f3w, gdziekolwiek b\u0119d\u0105&#8221;. &#8211; Nie znajd\u0105 bezpiecznej kryj\u00f3wki w D\u017ceninie, Nablusie ani Gazie &#8211; zapewni\u0142.<\/span><\/p>\n<hr style=\"height: 15px; background: #d0e6fa; width: 100%;\" \/>\n<div id=\"content\" class=\"content-alignment\">\n<div id=\"watch-description\" class=\"yt-uix-button-panel\">\n<div id=\"watch-description-text\" style=\"text-align: center;\">\n<p><em>Zawarto\u015b\u0107 publikowanych artyku\u0142\u00f3w i materia\u0142\u00f3w nie reprezentuje pogl\u0105d\u00f3w ani opinii Reunion&#8217;68,<\/em><em><br \/>\nani te\u017c webmastera Blogu Reunion&#8217;68, chyba ze jest to wyra\u017anie zaznaczone.<br \/>\nTwoje uwagi, linki, w\u0142asne artyku\u0142y lub wiadomo\u015bci prze\u015blij na adres:<br \/>\n<\/em><span style=\"color: #000080;\"><strong><em><a style=\"color: #000080;\" href=\"mailto:webmaster@reunion68.com\"><span style=\"text-decoration: underline;\">webmaster@reunion68.com<\/span><\/a><\/em><\/strong><\/span><\/p>\n<\/div>\n<\/div>\n<\/div>\n<hr style=\"width: 100%;\" \/>\n","protected":false},"excerpt":{"rendered":"<p>Walki w D\u017ceninie, do kt\u00f3rego wesz\u0142a izraelska armia, 19 czerwca 2023 r. (Fot. Majdi Mohammed \/ AP Photo) Izrael: Du\u017ca operacja armii w D\u017ceninie. Zgin\u0119\u0142o sze\u015bciu Palesty\u0144czyk\u00f3w, blisko stu jest rannych [wersja G-wyborczej ] Marta Urz\u0119dowska [jezyki.. arabic ale nie hebrajski ] Sze\u015bciu Palesty\u0144czyk\u00f3w, w\u015br\u00f3d nich pi\u0119tnastolatek, zgin\u0119\u0142o, a blisko stu zosta\u0142o rannych w starciach, [&hellip;]<\/p>\n","protected":false},"author":1,"featured_media":0,"comment_status":"closed","ping_status":"closed","sticky":false,"template":"","format":"standard","meta":[],"categories":[6],"tags":[26,24],"_links":{"self":[{"href":"https:\/\/www.reunion68.se\/index.php?rest_route=\/wp\/v2\/posts\/105332"}],"collection":[{"href":"https:\/\/www.reunion68.se\/index.php?rest_route=\/wp\/v2\/posts"}],"about":[{"href":"https:\/\/www.reunion68.se\/index.php?rest_route=\/wp\/v2\/types\/post"}],"author":[{"embeddable":true,"href":"https:\/\/www.reunion68.se\/index.php?rest_route=\/wp\/v2\/users\/1"}],"replies":[{"embeddable":true,"href":"https:\/\/www.reunion68.se\/index.php?rest_route=%2Fwp%2Fv2%2Fcomments&post=105332"}],"version-history":[{"count":8,"href":"https:\/\/www.reunion68.se\/index.php?rest_route=\/wp\/v2\/posts\/105332\/revisions"}],"predecessor-version":[{"id":105344,"href":"https:\/\/www.reunion68.se\/index.php?rest_route=\/wp\/v2\/posts\/105332\/revisions\/105344"}],"wp:attachment":[{"href":"https:\/\/www.reunion68.se\/index.php?rest_route=%2Fwp%2Fv2%2Fmedia&parent=105332"}],"wp:term":[{"taxonomy":"category","embeddable":true,"href":"https:\/\/www.reunion68.se\/index.php?rest_route=%2Fwp%2Fv2%2Fcategories&post=105332"},{"taxonomy":"post_tag","embeddable":true,"href":"https:\/\/www.reunion68.se\/index.php?rest_route=%2Fwp%2Fv2%2Ftags&post=105332"}],"curies":[{"name":"wp","href":"https:\/\/api.w.org\/{rel}","templated":true}]}}