{"id":105353,"date":"2023-06-22T17:05:04","date_gmt":"2023-06-22T15:05:04","guid":{"rendered":"http:\/\/www.reunion68.se\/?p=105353"},"modified":"2023-06-22T07:05:52","modified_gmt":"2023-06-22T05:05:52","slug":"30-09-71","status":"publish","type":"post","link":"https:\/\/www.reunion68.se\/?p=105353","title":{"rendered":"\u015aledztwo ws. Czerwca \u201956 ponownie przed\u0142u\u017cone do ko\u0144ca roku"},"content":{"rendered":"<h5 style=\"text-align: center;\"><a href=\"https:\/\/dzieje.pl\/\" target=\"_blank\" rel=\"noopener noreferrer\"><img decoding=\"async\" class=\"center alignleft\" src=\"http:\/\/www.reunion68.com\/Biuletyn\/img\/dzieje_logo.png\" alt=\"\" width=\"35%\"><\/a><span style=\"text-decoration: underline; color: #000080;\"><span style=\"text-decoration: underline;\"><strong><a style=\"color: #000080; text-decoration: underline;\" href=\"https:\/\/dzieje.pl\/wiadomosci\/sledztwo-ws-czerwca-56-ponownie-przedluzone-do-konca-roku\" target=\"_blank\" rel=\"noopener noreferrer\">\u015aledztwo ws. Czerwca \u201956 ponownie przed\u0142u\u017cone do ko\u0144ca roku<\/a><\/strong><\/span><\/span><\/h5>\n<p style=\"text-align: center;\"><span style=\"color: #000000;\"><strong>Rafa\u0142 Pogrzebny<\/strong><\/span><\/p>\n<hr style=\"height: 15px; background: #d0e6fa; width: 100%;\">\n<p style=\"text-align: center;\"><img decoding=\"async\" class=\"aligncenter\" src=\"https:\/\/dzieje.pl\/sites\/default\/files\/styles\/open_article_750x0_\/public\/202306\/Poznanski_Czerwiec_.jpg?itok=sAJV8lR9\" width=\"100%\"><span style=\"color: #808080;\"><em>Pozna\u0144, 29 07 1956 r. Fot. PAP-CAF<\/em><\/span><\/p>\n<h5 style=\"text-align: left;\"><strong>Po raz kolejny do ko\u0144ca roku przed\u0142u\u017cone zosta\u0142o \u015bledztwo dotycz\u0105ce przest\u0119pstw dokonanych w zwi\u0105zku z Pozna\u0144skim Czerwcem przez funkcjonariuszy pa\u0144stwa komunistycznego. Zryw pozna\u0144skich robotnik\u00f3w rozpocz\u0105\u0142 si\u0119 28 czerwca 1956 r.<\/strong><\/h5>\n<div class=\"field field--name-body field--type-text-with-summary field--label-hidden field__item\">\n<p style=\"text-align: left;\"><span style=\"color: #000080;\">Prokurator Oddzia\u0142owej Komisji \u015acigania Zbrodni przeciwko Narodowi Polskiemu w Poznaniu Miros\u0142aw Wi\u0119ckowiak poinformowa\u0142 PAP, \u017ce opracowywany jest wst\u0119pny projekt ko\u0144cowej decyzji merytorycznej, trwa te\u017c analiza zgromadzonych do tej pory materia\u0142\u00f3w procesowych.<\/span><\/p>\n<p style=\"text-align: left;\"><span style=\"color: #000080;\">28 czerwca 1956 r. robotnicy Zak\u0142ad\u00f3w Cegielskiego, w\u00f3wczas Zak\u0142ad\u00f3w im. Stalina, podj\u0119li strajk generalny i zorganizowali demonstracj\u0119 uliczn\u0105, krwawo st\u0142umion\u0105 przez milicj\u0119 i wojsko. \u017bycie straci\u0142o w\u00f3wczas, wed\u0142ug ustale\u0144 \u015bledztwa, 58 os\u00f3b.<\/span><\/p>\n<p style=\"text-align: left;\"><span style=\"color: #000080;\">Post\u0119powanie w sprawie wydarze\u0144 w Poznaniu w 1956 r. wszcz\u0119to 30 lat temu. Okoliczno\u015bci robotniczego buntu bada Oddzia\u0142owa Komisja \u015acigania Zbrodni przeciwko Narodowi Polskiemu w Poznaniu.<\/span><\/p>\n<p style=\"text-align: left;\"><span style=\"color: #000080;\">Wed\u0142ug wcze\u015bniejszych plan\u00f3w zako\u0144czenie post\u0119powania mia\u0142o nast\u0105pi\u0107 ju\u017c na prze\u0142omie 2021 i 2022 roku. Na decyzj\u0119 o przesuni\u0119ciu terminu wydania ko\u0144cowej, kompleksowej decyzji merytorycznej wp\u0142yw mia\u0142a m.in. zmiana prokuratora prowadz\u0105cego \u015bledztwo.<\/span><\/p>\n<p style=\"text-align: left;\"><span style=\"color: #000080;\">Prok. Miros\u0142aw Wi\u0119ckowiak poinformowa\u0142 PAP, \u017ce w ostatnim okresie do Komisji wp\u0142yn\u0119\u0142o pismo mieszka\u0144ca Poznania. Powiadomi\u0142 on o funkcjonowaniu w czasie Wydarze\u0144 Pozna\u0144skich wagonu sanitarnego, w kt\u00f3rym mieli by\u0107 opatrywani ranni w czasie tych zaj\u015b\u0107. Mieszkaniec Poznania zosta\u0142 przes\u0142uchany w charakterze \u015bwiadka.<\/span><\/p>\n<p style=\"text-align: left;\"><span style=\"color: #000080;\">&#8220;W swoich zeznaniach poda\u0142, \u017ce osobi\u015bcie widzia\u0142 ten wagon stoj\u0105cy na torach pod mostem Teatralnym, \u017ce by\u0142 w nim opatrywany jego ojciec zraniony w g\u0142ow\u0119. Opisa\u0142 wygl\u0105d wagonu i miejsce jego ustawienia. W\u0105tek ten nie by\u0142 do tej pory wyja\u015bniany, w zwi\u0105zku z powy\u017cszym zwr\u00f3cono si\u0119 do szeregu instytucji z wnioskami o przeprowadzenie kwerend w poszukiwaniu ewentualnej dokumentacji dotycz\u0105cej tego wagonu&#8221; \u2013 poda\u0142 prokurator.<\/span><\/p>\n<p style=\"text-align: left;\"><span style=\"color: #000080;\">Do Komisji wp\u0142yn\u0119\u0142y te\u017c materia\u0142y z Wieloosobowego Stanowiska ds. Poszukiwa\u0144 i Identyfikacji IPN w Poznaniu nt. potencjalnej ofiary Czerwca. Mia\u0142by to by\u0107 \u017co\u0142nierz z jednostki w Redzikowie ko\u0142o S\u0142upska, kt\u00f3ry 30 czerwca 1956 roku zgin\u0105\u0142 w Poznaniu tragiczn\u0105 \u015bmierci\u0105. Prokurator wskaza\u0142, \u017ce jego \u015bmier\u0107 mo\u017ce mie\u0107 zwi\u0105zek z jego ewentualnym udzia\u0142em, by\u0107 mo\u017ce jako lotnika wojskowego, w Czerwcu.<\/span><\/p>\n<p style=\"text-align: left;\"><span style=\"color: #000080;\">&#8220;Trwaj\u0105 czynno\u015bci maj\u0105ce na celu weryfikacje procesow\u0105 tych materia\u0142\u00f3w. R\u00f3wnolegle trwa tak\u017ce analiza zgromadzonych do tej pory materia\u0142\u00f3w procesowych. Jednocze\u015bnie opracowywany jest wst\u0119pny projekt ko\u0144cowej decyzji merytorycznej. \u015aledztwo jest przed\u0142u\u017cone do 22 grudnia. Czy zako\u0144czy si\u0119 w tym terminie, czy zostanie przed\u0142u\u017cone na dalszy czas oznaczony, zale\u017cy od wynik\u00f3w obecnie prowadzonych czynno\u015bci&#8221; \u2013 poda\u0142 prokurator.<\/span><\/p>\n<p style=\"text-align: left;\"><span style=\"color: #000080;\">\u015aledztwo dotycz\u0105ce zdarze\u0144 maj\u0105cych miejsce w dniach 28-29 czerwca 1956 roku w Poznaniu wszcz\u0119\u0142a w 1991 roku \u00f3wczesna Okr\u0119gowa Komisja Badania Zbrodni przeciwko Narodowi Polskiemu w Poznaniu. W zwi\u0105zku z likwidacj\u0105 tego podmiotu, post\u0119powanie by\u0142o zawieszone od ko\u0144ca stycznia 1999 roku. Po utworzeniu Oddzia\u0142owej Komisji \u015acigania Zbrodni przeciwko Narodowi Polskiemu w Poznaniu, w listopadzie 2000 r. podj\u0119to je z zawieszenia.<\/span><\/p>\n<p style=\"text-align: left;\"><span style=\"color: #000080;\">Przedmiotem \u015bledztwa s\u0105 przest\u0119pcze czyny funkcjonariuszy pa\u0144stwa komunistycznego, sprowadzaj\u0105ce si\u0119 m.in. do pozbawienia \u017cycia wielu os\u00f3b, spowodowania obra\u017ce\u0144 cia\u0142a, bezprawnych pozbawie\u0144 wolno\u015bci i zn\u0119cania si\u0119 nad zatrzymanymi uczestnikami Czerwca \u2013 podczas i w zwi\u0105zku ze zdarzeniami z 28 i 29 czerwca 1956 r. w Poznaniu.<\/span><\/p>\n<p style=\"text-align: left;\"><span style=\"color: #000080;\">W zakresie g\u0142\u00f3wnego w\u0105tku \u015bledztwa, jakim s\u0105 ofiary \u015bmiertelne Czerwca, ustalono, \u017ce w jego trakcie oraz w zwi\u0105zku z doznanymi wtedy obra\u017ceniami straci\u0142o \u017cycie 58 os\u00f3b. Na t\u0119 liczb\u0119 sk\u0142ada si\u0119 50 os\u00f3b cywilnych, czterech \u017co\u0142nierzy, milicjant i trzech funkcjonariuszy UB.<\/span><\/p>\n<p style=\"text-align: left;\"><span style=\"color: #000080;\">Liczb\u0119 t\u0119 ustalono po wykonaniu szeregu czynno\u015bci procesowych weryfikuj\u0105cych zawarte w r\u00f3\u017cnych dokumentach i \u017ar\u00f3d\u0142ach informacje o ofiarach \u015bmiertelnych. \u0141\u0105cznie zbadano ponad 90 przypadk\u00f3w \u015bmierci, kt\u00f3re mog\u0142y mie\u0107 co\u015b wsp\u00f3lnego z Czerwcem.(PAP)<\/span><\/p>\n<\/div>\n<hr style=\"height: 15px; background: #d0e6fa; width: 100%;\">\n<div id=\"content\" class=\"content-alignment\">\n<div id=\"watch-description\" class=\"yt-uix-button-panel\">\n<div id=\"watch-description-text\" style=\"text-align: center;\">\n<p><em>Zawarto\u015b\u0107 publikowanych artyku\u0142\u00f3w i materia\u0142\u00f3w nie reprezentuje pogl\u0105d\u00f3w ani opinii Reunion&#8217;68,<\/em><em><br \/>\nani te\u017c webmastera Blogu Reunion&#8217;68, chyba ze jest to wyra\u017anie zaznaczone.<br \/>\nTwoje uwagi, linki, w\u0142asne artyku\u0142y lub wiadomo\u015bci prze\u015blij na adres:<br \/>\n<\/em><span style=\"color: #000080;\"><strong><em><a style=\"color: #000080;\" href=\"mailto:webmaster@reunion68.com\"><span style=\"text-decoration: underline;\">webmaster@reunion68.com<\/span><\/a><\/em><\/strong><\/span><\/p>\n<\/div>\n<\/div>\n<\/div>\n<hr style=\"width: 100%;\">\n","protected":false},"excerpt":{"rendered":"<p>\u015aledztwo ws. Czerwca \u201956 ponownie przed\u0142u\u017cone do ko\u0144ca roku Rafa\u0142 Pogrzebny Pozna\u0144, 29 07 1956 r. Fot. PAP-CAF Po raz kolejny do ko\u0144ca roku przed\u0142u\u017cone zosta\u0142o \u015bledztwo dotycz\u0105ce przest\u0119pstw dokonanych w zwi\u0105zku z Pozna\u0144skim Czerwcem przez funkcjonariuszy pa\u0144stwa komunistycznego. Zryw pozna\u0144skich robotnik\u00f3w rozpocz\u0105\u0142 si\u0119 28 czerwca 1956 r. Prokurator Oddzia\u0142owej Komisji \u015acigania Zbrodni przeciwko Narodowi [&hellip;]<\/p>\n","protected":false},"author":1,"featured_media":0,"comment_status":"closed","ping_status":"closed","sticky":false,"template":"","format":"standard","meta":[],"categories":[6],"tags":[26,24],"_links":{"self":[{"href":"https:\/\/www.reunion68.se\/index.php?rest_route=\/wp\/v2\/posts\/105353"}],"collection":[{"href":"https:\/\/www.reunion68.se\/index.php?rest_route=\/wp\/v2\/posts"}],"about":[{"href":"https:\/\/www.reunion68.se\/index.php?rest_route=\/wp\/v2\/types\/post"}],"author":[{"embeddable":true,"href":"https:\/\/www.reunion68.se\/index.php?rest_route=\/wp\/v2\/users\/1"}],"replies":[{"embeddable":true,"href":"https:\/\/www.reunion68.se\/index.php?rest_route=%2Fwp%2Fv2%2Fcomments&post=105353"}],"version-history":[{"count":7,"href":"https:\/\/www.reunion68.se\/index.php?rest_route=\/wp\/v2\/posts\/105353\/revisions"}],"predecessor-version":[{"id":105372,"href":"https:\/\/www.reunion68.se\/index.php?rest_route=\/wp\/v2\/posts\/105353\/revisions\/105372"}],"wp:attachment":[{"href":"https:\/\/www.reunion68.se\/index.php?rest_route=%2Fwp%2Fv2%2Fmedia&parent=105353"}],"wp:term":[{"taxonomy":"category","embeddable":true,"href":"https:\/\/www.reunion68.se\/index.php?rest_route=%2Fwp%2Fv2%2Fcategories&post=105353"},{"taxonomy":"post_tag","embeddable":true,"href":"https:\/\/www.reunion68.se\/index.php?rest_route=%2Fwp%2Fv2%2Ftags&post=105353"}],"curies":[{"name":"wp","href":"https:\/\/api.w.org\/{rel}","templated":true}]}}