{"id":105355,"date":"2023-06-22T17:09:35","date_gmt":"2023-06-22T15:09:35","guid":{"rendered":"http:\/\/www.reunion68.se\/?p=105355"},"modified":"2023-06-22T07:04:54","modified_gmt":"2023-06-22T05:04:54","slug":"30-05-80","status":"publish","type":"post","link":"https:\/\/www.reunion68.se\/?p=105355","title":{"rendered":"Gro\u017aba decywilizacji"},"content":{"rendered":"<p><img decoding=\"async\" class=\"aligncenter\" src=\"http:\/\/www.listyznaszegosadu.pl\/upload\/article\/bild\/6572\/999853\/Manifestation_retraites_11_fevrier_2023_Besancon_Toufik-de-Planoise_s.jpg\" width=\"80%\" \/><\/p>\n<hr \/>\n<h5 style=\"text-align: center;\"><a href=\"http:\/\/www.listyznaszegosadu.pl\/\" target=\"_blank\" rel=\"noopener noreferrer\"><img decoding=\"async\" class=\"center alignleft\" src=\"http:\/\/www.reunion68.com\/Biuletyn\/img\/z-naszego.jpg\" alt=\"\" width=\"50%\" \/><\/a><span style=\"text-decoration: underline; color: #000080;\"><span><strong><a style=\"color: #000080; text-decoration: underline;\" href=\"http:\/\/www.listyznaszegosadu.pl\/notatki\/grozba-decywilizacji\" target=\"_blank\" rel=\"noopener noreferrer\">Gro\u017aba decywilizacji<\/a><\/strong><\/span><\/span><\/h5>\n<p style=\"text-align: center;\"><span style=\"color: #000000;\"><strong>John Lloyd<br \/>\n<\/strong><span style=\"color: #808080;\"><em>T\u0142umaczenie: <\/em><\/span><strong>Ma\u0142gorzata Koraszewska<\/strong><\/span><\/p>\n<hr style=\"height: 15px; background: #d0e6fa; width: 100%;\" \/>\n<div class=\"templateArticleIngress\">\n<p style=\"text-align: left;\"><span style=\"color: #000080;\">Wieczorem 23 maja w Pa\u0142acu Elizejskim odby\u0142a si\u0119 kolacja z udzia\u0142em prezydenta Emmanuela Macrona i czterech najwybitniejszych francuskich socjolog\u00f3w.\u00a0Go\u015bci prezydenta poproszono o szczere opisanie obecnego stanu Francji i zasugerowanie, w jaki spos\u00f3b mo\u017cna rozwi\u0105za\u0107 wiele problem\u00f3w tego kraju.\u00a0Powiedziano im, \u017ce spotkanie pozostanie poufne.\u00a0Nie pozosta\u0142o.<\/span><\/p>\n<p style=\"text-align: left;\">\n<span style=\"color: #000080;\">Cztery dni p\u00f3\u017aniej gazeta\u00a0\u201e<a style=\"color: #000080;\" href=\"about:blank\">Le Monde<\/a><em>\u201d<\/em><a style=\"color: #000080;\" href=\"https:\/\/www.lemonde.fr\/politique\/article\/2023\/05\/26\/emmanuel-macron-les-sociologues-et-les-classes-moyennes-recit-d-un-dejeuner-confidentiel-a-l-elysee_6174904_823448.html?ref=quillette.com\">\u00a0opublikowa\u0142a\u00a0<\/a>streszczenie dyskusji, najwyra\u017aniej zebrane od niekt\u00f3rych uczestnik\u00f3w i prawdopodobnie przekazane z samego Pa\u0142acu Elizejskiego.\u00a0Artyku\u0142 zajmowa\u0142 ca\u0142\u0105 stron\u0119 gazety, a jego relacja z tego spotkania nie schlebia\u0142a prezydentowi, kt\u00f3ry podobno niewiele powiedzia\u0142.\u00a0Jednym z go\u015bci by\u0142 Jean Viard, dyrektor ds. bada\u0144 w pa\u0144stwowym centrum analitycznym CNRS.\u00a0Wiecz\u00f3r w pa\u0142acu prezydenckim, powiedzia\u0142 Viard, \u201enie zmieni niczego fundamentalnego: ludzie, kt\u00f3rzy nami rz\u0105dz\u0105, nie rozumiej\u0105 spo\u0142ecze\u0144stwa\u201d.<\/span><\/p>\n<\/div>\n<p style=\"text-align: left;\">\n<div class=\"templateArticleBrodtext\">\n<p style=\"text-align: left;\"><span style=\"color: #000080;\">To by\u0142a ponura ocena.\u00a0Rz\u0105d Macrona doszed\u0142 do w\u0142adzy w 2017 r. na rosn\u0105cej fali ruchu Republique en Marche (we wrze\u015bniu ubieg\u0142ego roku przemianowanego na Renesans), kt\u00f3ry zmia\u017cd\u017cy\u0142 przeciwnik\u00f3w na lewicy i prawicy, twierdz\u0105c, \u017ce \u0142\u0105czy to, co najlepsze z obu tradycji.\u00a0Macron zosta\u0142 wybrany z 66,1 proc. g\u0142os\u00f3w w 2017 r., a La Republique en Marche zapewni\u0142a sobie 308 mandat\u00f3w, co da\u0142o im bezwzgl\u0119dn\u0105 wi\u0119kszo\u015b\u0107 w 577-osobowym Zgromadzeniu.\u00a0W niem\u0105drym porywie samouwielbienia Macron\u00a0<a style=\"color: #000080;\" href=\"https:\/\/www.latimes.com\/world\/europe\/la-fg-france-macron-20171003-story.html?ref=quillette.com\">opisa\u0142 siebie\u00a0<\/a>jako jowiszowego przyw\u00f3dc\u0119, \u201eniekwestionowanego i oderwanego od b\u0142ahostek, jak rzymski b\u00f3g nieba\u201d.<\/span><\/p>\n<p style=\"text-align: left;\">\n<span style=\"color: #000080;\">Ale kiedy podano kolacj\u0119 w sali Pa\u0142acu Elizejskiego, jowiszowy przyw\u00f3dca zosta\u0142 brutalnie sprowadzony do rzeczywisto\u015bci.\u00a0Zauwa\u017caj\u0105c, \u017ce nasilaj\u0105 si\u0119 ataki na policj\u0119, urz\u0119dnik\u00f3w pa\u0144stwowych, burmistrz\u00f3w i pracownik\u00f3w poczty, Jerome Fouquet, szef g\u0142\u00f3wnej firmy sonda\u017cowej IFOP, powiedzia\u0142, \u017ce \u201enapi\u0119cia rosn\u0105 w ka\u017cdej cz\u0119\u015bci spo\u0142ecze\u0144stwa\u201d do tego stopnia, \u017ce \u201eproces decywilizacji\u00a0jest ju\u017c w toku\u201d.\u00a0Kolacj\u0119 z socjologami poprzedzi\u0142o kilka krwawych dni.\u00a0Trzech m\u0119\u017cczyzn zosta\u0142o\u00a0<a style=\"color: #000080;\" href=\"https:\/\/www.channelstv.com\/2023\/05\/21\/three-die-in-marseille-shooting-as-gang-murders-surge\/?ref=quillette.com\">zabitych z karabin\u00f3w szturmowych<\/a>\u00a0w Marsylii, prawdopodobnie w wyniku sporu o handel narkotykami;\u00a0m\u0119\u017cczyzna\u00a0<a style=\"color: #000080;\" href=\"https:\/\/www.euronews.com\/2023\/05\/14\/man-shot-dead-on-champs-elysees-in-paris-police-investigating?ref=quillette.com\">zosta\u0142 zastrzelony<\/a>\u00a0na Polach Elizejskich w Pary\u017cu;\u00a0piel\u0119gniarka zosta\u0142a\u00a0<a style=\"color: #000080;\" href=\"https:\/\/www.tellerreport.com\/news\/2023-05-24-murder-of-a-nurse-in-reims--new-alert-on-the-state-of-psychiatry-in-france.rkmid0GoHn.html?ref=quillette.com\">zasztyletowana\u00a0<\/a>w Reims;\u00a0w mie\u015bcie Saint Brevin-les-Pins burmistrz, niezale\u017cny konserwatysta,\u00a0<a style=\"color: #000080;\" href=\"https:\/\/www.lemonde.fr\/en\/politics\/article\/2023\/05\/11\/french-mayor-resigns-after-death-threats-and-arson-over-plans-to-host-refugees_6026304_5.html?ref=quillette.com\">zrezygnowa\u0142 po miesi\u0105cach atak\u00f3w<\/a>\u00a0skrajnej prawicy, kt\u00f3rych kulminacj\u0105 by\u0142o podpalenie jego dw\u00f3ch samochod\u00f3w przed jego domem po tym, jak zgodzi\u0142 si\u0119 na utworzenie w mie\u015bcie o\u015brodka przyjmuj\u0105cego osoby ubiegaj\u0105ce si\u0119 o azyl.<\/span><\/p>\n<p style=\"text-align: left;\">\n<span style=\"color: #000080;\">Kolacja elizejska zosta\u0142a zaplanowana jako o\u017cywiona, ale powa\u017cna i uporz\u0105dkowana wymiana pogl\u0105d\u00f3w.\u00a0Zamiast tego prezydentowi przedstawiono mo\u017cliwo\u015b\u0107, \u017ce Francja pogr\u0105\u017ca si\u0119 w morderczej anarchii.\u00a0Po spotkaniu Macron zmieni\u0142 sw\u00f3j harmonogram.\u00a0Zamiast jecha\u0107 na po\u0142udnie do regionu Var, gdzie mia\u0142 wyg\u0142osi\u0107 przem\u00f3wienie na temat \u015brodowiska, uda\u0142 si\u0119 do Roubaix na belgijskiej granicy, aby uczci\u0107 trzech policjant\u00f3w zabitych niedawno przez nietrze\u017awego kierowc\u0119.\u00a0Niezb\u0119dne by\u0142o pokazanie, \u017ce prezydent stoi razem z si\u0142ami prawa i porz\u0105dku, kt\u00f3re, jak mu w\u0142a\u015bnie powiedziano, s\u0142abn\u0105, by\u0107 mo\u017ce \u015bmiertelnie.\u00a0Na posiedzeniu Rady Ministr\u00f3w, kt\u00f3re odby\u0142o si\u0119 kilka dni po jego powrocie z Roubaix, Macron da\u0142 do zrozumienia, \u017ce zaakceptowa\u0142 alarmuj\u0105c\u0105 analiz\u0119 Fouqueta, kiedy za\u017c\u0105da\u0142 od swoich koleg\u00f3w, by byli \u201efundamentalnie nieust\u0119pliwi\u201d w obliczu \u201eprocesu decywilizacji\u201d.<\/span><\/p>\n<p style=\"text-align: left;\">\n<span style=\"color: #000080;\">Wielu komentator\u00f3w od razu powi\u0105za\u0142o t\u0119 now\u0105 retoryk\u0119 z tw\u00f3rczo\u015bci\u0105 dw\u00f3ch my\u015blicieli: Norberta Eliasa i bardziej kontrowersyjnego Renauda Camusa.\u00a0Elias by\u0142 niemieckim uczonym \u017cydowskim, kt\u00f3ry przed II wojn\u0105 \u015bwiatow\u0105 znalaz\u0142 schronienie w Wielkiej Brytanii i zyska\u0142 uznanie jako pionier w podejrzanej w\u00f3wczas dyscyplinie &#8211; socjologii.\u00a0W swoim artykule z 1939 r.,\u00a0<em><a style=\"color: #000080;\" href=\"about:blank\">The Civilising Process<\/a>,<\/em>\u00a0Elias zbada\u0142 stopniowy rozw\u00f3j kultury stosunk\u00f3w mi\u0119dzy lud\u017ami w spo\u0142ecze\u0144stwach, w kt\u00f3rych prawa by\u0142y (powszechnie) przestrzegane, a rz\u0105dy mia\u0142y monopol na u\u017cycie si\u0142y.\u00a0Rodzaj decywilizacji obserwowany w nazistowskich Niemczech mia\u0142 miejsce, gdy przyw\u00f3dcy danego kraju sami instrumentalizowali przemoc polityczn\u0105.<\/span><\/p>\n<p style=\"text-align: left;\">\n<span style=\"color: #000080;\">Z drugiej strony Renaud Camus jest radykalnym prawicowym filozofem i postaci\u0105 dziel\u0105c\u0105.\u00a0<a style=\"color: #000080;\" href=\"about:blank\">Najbardziej znany<\/a>\u00a0jest\u00a0ze swojej broszury\u00a0<em><a style=\"color: #000080;\" href=\"about:blank\">Le Grand Remplacement<\/a><\/em><em>\u00a0<\/em><em>z 2011 r.,<\/em>\u00a0w kt\u00f3rej argumentuje, \u017ce liberalne elity w rz\u0105dzie i korporacjach celowo zast\u0119puj\u0105 rdzenn\u0105 ludno\u015b\u0107 imigrantami.\u00a0Elity robi\u0105 to, twierdzi Camus, poniewa\u017c si\u0142a robocza migrant\u00f3w jest tania, a nowo przybyli b\u0119d\u0105 g\u0142osowa\u0107 na parti\u0119, kt\u00f3ra pozwoli\u0142a im wjecha\u0107 do kraju.\u00a0W swoim eseju\u00a0<em><a style=\"color: #000080;\" href=\"about:blank\">D\u00e9civilisation<\/a><\/em>\u00a0z 2011 roku Camus powi\u0105za\u0142 narastaj\u0105ce konflikty spo\u0142eczne z masow\u0105 imigracj\u0105 i niemo\u017cno\u015bci\u0105 integracji.\u00a0Kiedy Macron u\u017cy\u0142 s\u0142owa kojarzonego z tak radykaln\u0105 postaci\u0105, wielu francuskich lewicowc\u00f3w\u00a0<a style=\"color: #000080;\" href=\"about:blank\">zaatakowa\u0142o prezydenta<\/a>\u00a0za flirtowanie z rasizmem.\u00a0\u201ePrezydent &#8211;\u00a0<a style=\"color: #000080;\" href=\"about:blank\">powiedzia\u0142a Manon Aubry<\/a>, eurodeputowana frakcji lewicy &#8211; popiera \u015bmierdz\u0105c\u0105 \u2018decywilizacj\u0119\u2019 rasistowskiego Renauda Camusa\u201d.<\/span><\/p>\n<p style=\"text-align: left;\">\n<span style=\"color: #000080;\">Macron jest centrowym liberalnym technokrat\u0105 i jest ma\u0142o prawdopodobne, aby nagle sta\u0142 si\u0119 rasist\u0105.\u00a0Ale musia\u0142 znosi\u0107 miesi\u0105ce wielkich, a czasem gwa\u0142townych protest\u00f3w przeciwko swojej decyzji o podniesieniu wieku emerytalnego z 62 do 64 lat (by wprowadzi\u0107 j\u0105 w \u017cycie, omin\u0105\u0142 parlament).\u00a0Wydaje si\u0119, \u017ce doszed\u0142 do wniosku, \u017ce kraj, kt\u00f3rym rz\u0105dzi od 2017 r., kurczowo trzyma si\u0119 przemijaj\u0105cego \u015bwiata, nie dbaj\u0105c o rosn\u0105cy d\u0142ug publiczny, kt\u00f3remu cz\u0119\u015bciowo zaradzi\u0142by wy\u017cszy wiek emerytalny, i coraz bardziej nie da si\u0119 nim rz\u0105dzi\u0107.<\/span><\/p>\n<p style=\"text-align: left;\">\n<span style=\"color: #000080;\">Jest r\u00f3wnie\u017c \u015bwiadomy tego, \u017ce \u015bwiatem coraz bardziej nie daje si\u0119 rz\u0105dzi\u0107 \u2013 koszmar, kt\u00f3ry musi dzieli\u0107 z ka\u017cdym innym demokratycznie wybranym przyw\u00f3dc\u0105.\u00a0Inwazja na Ukrain\u0119 w lutym 2022 r. poch\u0142on\u0119\u0142a ju\u017c oko\u0142o 300 tys. ofiar.\u00a0Szacuje si\u0119, \u017ce zgin\u0119\u0142o lub zosta\u0142o rannych oko\u0142o 180 tys. rosyjskich \u017co\u0142nierzy, podczas gdy Ukrai\u0144cy stracili oko\u0142o 100 tys. \u017co\u0142nierzy i 30 tys. cywil\u00f3w.\u00a0\u201eNawet wed\u0142ug ostro\u017cnych szacunk\u00f3w\u201d,\u00a0<a style=\"color: #000080;\" href=\"about:blank\">pisze James Billot w\u00a0<em>UnHerd<\/em><\/a>, \u201eobie strony trac\u0105 setki \u017co\u0142nierzy dziennie, co plasuje je w pierwszej\u00a0<a style=\"color: #000080;\" href=\"about:blank\">10% najbardziej \u015bmierciono\u015bnych wojen od 1812 r.<\/a>\u201d.\u00a0Niewielu spodziewa si\u0119 zako\u0144czenia konfliktu w tym roku.\u00a0Wi\u0119kszo\u015b\u0107 pa\u0144stw zachodnich jest zdecydowana wspiera\u0107 Ukrain\u0119 w jej walce z Rosj\u0105 tak d\u0142ugo, jak b\u0119dzie to konieczne, chocia\u017c realistyczny wynik pozostaje nieosi\u0105galny i niejasny.\u00a0Kraje pogr\u0105\u017caj\u0105 si\u0119 coraz bardziej w d\u0142ugach, aby uzbroi\u0107 kraj w najnowsz\u0105 bro\u0144, a r\u00f3wnocze\u015bnie rozwa\u017caj\u0105 obaw\u0119, \u017ce Rosja mo\u017ce uciec si\u0119 do opcji nuklearnej, a Chiny mog\u0105 zaatakowa\u0107 Tajwan w ci\u0105gu nast\u0119pnej\u00a0<a style=\"color: #000080;\" href=\"about:blank\">dekady<\/a>.<\/span><\/p>\n<p style=\"text-align: left;\">\n<span style=\"color: #000080;\">Kryzys kuba\u0144ski z 1962 r. trwa\u0142 tylko 13 dni, po czym Zwi\u0105zek Radziecki wycofa\u0142 si\u0119 z planowanego rozmieszczenia pocisk\u00f3w nuklearnych.\u00a0Wojna w Ukrainie trwa ju\u017c ponad 16 miesi\u0119cy i ko\u0144ca nie wida\u0107.\u00a0Chi\u0144ska rewizjonistyczna determinacja mo\u017ce jako zagro\u017cenie trwa\u0107 znacznie d\u0142u\u017cej.\u00a0Jako wk\u0142ad w decywilizacj\u0119 stosunk\u00f3w mi\u0119dzynarodowych, trudno by cokolwiek przebi\u0142o agresj\u0119 tych \u015bwiatowych mocarstw.\u00a0Francuski prezydent, bardziej ni\u017c jakakolwiek inna g\u0142owa pa\u0144stwa zachodniego, stara\u0142 si\u0119\u00a0<a style=\"color: #000080;\" href=\"about:blank\">z\u0142agodzi\u0107<\/a>\u00a0j\u0119zyk u\u017cywany przeciwko Rosji, a zw\u0142aszcza Chinom, cz\u0119sto wywo\u0142uj\u0105c irytacj\u0119 ameryka\u0144skich i europejskich przyw\u00f3dc\u00f3w.<\/span><\/p>\n<p style=\"text-align: left;\">\n<span style=\"color: #000080;\">A Macron ma bardziej lokalne powody do obaw \u2013 \u017ce po o\u015bmiu latach tego, co mia\u0142o by\u0107 rewolucyjn\u0105 prezydentur\u0105, zast\u0105pi go Marine Le Pen, liderka skrajnie prawicowego Zjednoczenia Narodowego (Rassemblement National).\u00a0Macron uwa\u017ca Le Pen za godn\u0105 pogardy i dwukrotnie pokona\u0142 j\u0105 w wyborach prezydenckich w 2017 i 2022 roku.\u00a0Postrzega polityk\u0119 Le Pen jako w\u0105sko nacjonalistyczn\u0105, reakcyjn\u0105, rasistowsk\u0105 i niebezpieczn\u0105, ale\u00a0<a style=\"color: #000080;\" href=\"about:blank#xj4y7vzkg\">sonda\u017ce pokazuj\u0105, \u017ce<\/a>\u00a0jest dzi\u015b bardziej popularna ni\u017c on.<\/span><\/p>\n<p style=\"text-align: left;\">\n<span style=\"color: #000080;\">Do niedawna Macron wierzy\u0142, \u017ce pod jego rz\u0105dami Francja odzyska rozmach i wigor i poprowadzi Uni\u0119 Europejsk\u0105 ku wi\u0119kszej integracji.\u00a0Ale kraj pozostaje w takim samym stanie ruiny, jak w chwili obj\u0119cia przez niego urz\u0119du, a podzia\u0142y w Europie s\u0105 bardziej widoczne ni\u017c kiedykolwiek.\u00a0Sonda\u017ce na temat popularno\u015bci UE rosn\u0105 i spadaj\u0105, ale\u00a0<a style=\"color: #000080;\" href=\"about:blank\">sonda\u017c IFOP w lutym<\/a>\u00a0wykaza\u0142 63 procent poparcia dla referendum w sprawie dalszego cz\u0142onkostwa Francji.\u00a0Le Pen powiedzia\u0142a, \u017ce b\u0119dzie stara\u0142a si\u0119 zreformowa\u0107, a nie opuszcza\u0107 Uni\u0119, ale obieca\u0142a referendum w sprawie cz\u0142onkostwa, kiedy zostanie wybrana.\u00a0Z tych wszystkich powod\u00f3w Macron uwa\u017ca, \u017ce zwyci\u0119stwo Le Pen w 2025 r. stanowi\u0142oby pot\u0119piaj\u0105ce oskar\u017cenie jego czasu urz\u0119dowania i sygna\u0142, \u017ce barbarzy\u0144cy wy\u0142amali bramy.<\/span><\/p>\n<p style=\"text-align: left;\">\n<span style=\"color: #000080;\">W\u0142oska premier Giorgia Meloni i jej partia Fratelli d&#8217;Italia wywodz\u0105 si\u0119 z tej samej nacjonalistycznej rodziny co Zjednoczenie Narodowe.\u00a0Dotychczasowe dowody sugeruj\u0105, \u017ce po wyborze takie partie mog\u0105 pozosta\u0107 popularne.\u00a0Wed\u0142ug europos\u0142a Fratelli d&#8217;Italia, Nicola Procacciniego,\u00a0<a style=\"color: #000080;\" href=\"about:blank\">Macron obawia si\u0119, \u017ce<\/a>\u00a0\u201esukces Giorgii Meloni mo\u017ce by\u0107 zara\u017aliwy i jeszcze bardziej os\u0142abi\u0107 francuski rz\u0105d\u201d i postrzega wzrost si\u0142 Nowej Prawicy jako oznak\u0119 decywilizacji Europy.\u00a0Wielokrotnie zwraca\u0142 uwag\u0119 na ich faszystowskie korzenie, brak do\u015bwiadczenia w rz\u0105dzeniu i wrogo\u015b\u0107 wobec UE.\u00a0Erupcja Nowej Prawicy wstrz\u0105sn\u0119\u0142a politycznym \u015bwiatem, w kt\u00f3rym partie centrolewicy i centroprawicy znajdowa\u0142y si\u0119 niegdy\u015b na mniej wi\u0119cej tej samej stronie gospodarczej i politycznej.\u00a0Macron wierzy, \u017ce \u015bwiat, w kt\u00f3rym radykalne partie by\u0142y postrzegane jako zasadniczo niecywilizowane, jest \u015bwiatem wartym zachowania.<\/span><\/p>\n<p style=\"text-align: left;\">\n<span style=\"color: #000080;\">Macron polega\u0142 na solidno\u015bci tego \u015bwiata politycznego w swoich wysi\u0142kach na rzecz nadania UE wi\u0119kszej w\u0142adzy nad jej pa\u0144stwami cz\u0142onkowskimi, wi\u0119c nic dziwnego, \u017ce obawia si\u0119, \u017ce powstanie Nowej Prawicy przyniesie chaos.\u00a0Z drugiej strony Le Pen postrzega siebie jako rozwi\u0105zanie rosn\u0105cego chaosu i\u00a0<a style=\"color: #000080;\" href=\"about:blank\">cieszy si\u0119, \u017ce Macron w ko\u0144cu\u00a0<\/a><em>si\u0119<\/em>\u00a0z ni\u0105 zgadza: \u201ePrzez lata ostrzega\u0142am przed stoczeniem si\u0119 kraju w barbarzy\u0144stwo (<em>ensauvagement<\/em>), za co wyzywano mnie na wszystkie mo\u017cliwe sposoby.\u00a0Wreszcie Macron zgadza si\u0119 z nami: decywilizacja to barbarzy\u0144stwo\u201d.<\/span><\/p>\n<p style=\"text-align: left;\">\n<span style=\"color: #000080;\">Liberaln\u0105 demokracj\u0119 od dawna uwa\u017cano za najbardziej wolny i najbardziej cywilizowany spos\u00f3b rz\u0105dzenia krajem, ale obecnie jest najs\u0142absza od dziesi\u0119cioleci.\u00a0W wydaniu raportu Freedom House&#8217;s Freedom in the World\u00a0<a style=\"color: #000080;\" href=\"about:blank\">z 2023 r.<\/a>\u00a0stwierdzono, \u017ce \u201eglobalna wolno\u015b\u0107 obni\u017ca si\u0119 17. rok z rz\u0119du\u201d.\u00a0To z\u0142owrogie zdanie zosta\u0142o podkre\u015blone przez\u00a0<a style=\"color: #000080;\" href=\"about:blank\">Indeks Demokracji z 2023 r.<\/a>, kt\u00f3ry stwierdza, \u017ce \u201edemokracja niestety znajduje si\u0119 w fazie upadku na ca\u0142ym \u015bwiecie\u201d.\u00a0Temu spadkowi towarzyszy\u0142 wzrost atak\u00f3w na wybranych urz\u0119dnik\u00f3w w wielu krajach demokratycznych,\u00a0<a style=\"color: #000080;\" href=\"about:blank\">zw\u0142aszcza we Francji<\/a>.<\/span><\/p>\n<p style=\"text-align: left;\">\n<span style=\"color: #000080;\">Pojedyncze akty barbarzy\u0144stwa najbardziej martwi\u0105 prezydenta Francji, poniewa\u017c stanowi\u0105 bardziej bezpo\u015brednie zagro\u017cenie dla g\u0142osuj\u0105cych ni\u017c konflikty mi\u0119dzynarodowe i ruchy polityczne oraz silniej oddzia\u0142uj\u0105 na nastroje narodowe.\u00a0Szeroko dyskutowany przyk\u0142ad mia\u0142 miejsce w pa\u017adzierniku 2020 r., kiedy nauczyciel historii Samuel Paty zosta\u0142\u00a0<a style=\"color: #000080;\" href=\"about:blank\">zasztyletowany i \u015bci\u0119ty<\/a>\u00a0w swojej szkole w wiosce pod Pary\u017cem.\u00a0Jego morderc\u0105 by\u0142 18-letni Abdoullach Anzorow, uchod\u017aca z Czeczenii, kt\u00f3remu udzielono azylu we Francji.\u00a0Anzorow przyjecha\u0142 do tej szko\u0142y z Normandii, kiedy dowiedzia\u0142 si\u0119, \u017ce Paty pokaza\u0142 klasie zdj\u0119cia proroka Mahometa, aby zademonstrowa\u0107 znaczenie wolno\u015bci s\u0142owa.\u00a0Kilka dni temu, czworo bardzo ma\u0142ych dzieci, w tym dziecko brytyjskie,\u00a0<a style=\"color: #000080;\" href=\"about:blank\">zosta\u0142o d\u017agni\u0119tych no\u017cem w parku<\/a>\u00a0w Annecy, w po\u0142udniowo-wschodniej Francji, przez m\u0119\u017cczyzn\u0119 zidentyfikowanego jako syryjsko-chrze\u015bcija\u0144ski uchod\u017aca, kt\u00f3ry atakuj\u0105c te dzieci wo\u0142a\u0142 \u201eW imi\u0119 Jezusa Chrystusa!\u201d.\u00a0Po tym wydarzeniu w parku zebra\u0142 si\u0119 t\u0142um ludzi, jeden macha\u0142 francuskim sztandarem, a wszyscy \u015bpiewali Marsyliank\u0119.<\/span><\/p>\n<p style=\"text-align: left;\">\n<span style=\"color: #000080;\">Francuscy nauczyciele od dawna protestuj\u0105 przeciwko rosn\u0105cemu zagro\u017ceniu przemoc\u0105, z jak\u0105 si\u0119 spotykaj\u0105, i rozpocz\u0119li\u00a0<a style=\"color: #000080;\" href=\"about:blank\">strajk w 2010 r.<\/a>, aby zwr\u00f3ci\u0107 uwag\u0119 na ten problem.\u00a0Nie s\u0105 sami.\u00a0<a style=\"color: #000080;\" href=\"about:blank\">Gwa\u0142townie ro\u015bnie r\u00f3wnie\u017c<\/a>\u00a0przemoc w ameryka\u0144skich szko\u0142ach.\u00a0W strzelaninie w szkole podstawowej w Uvalde w Teksasie, kt\u00f3ra mia\u0142a miejsce w maju 2022 roku, zgin\u0119\u0142o 19 dzieci i dw\u00f3ch nauczycieli.\u00a0Szko\u0142y w Europie, cho\u0107 w du\u017cej mierze wolne od przemocy z u\u017cyciem broni w stylu ameryka\u0144skim, do\u015bwiadczaj\u0105 gwa\u0142townego wzrostu przemocy innego rodzaju,\u00a0<a style=\"color: #000080;\" href=\"about:blank\">a tak\u017ce cyberprzemocy<\/a>, kt\u00f3ra mo\u017ce bardziej niszczy\u0107 pewno\u015b\u0107 siebie dzieci ni\u017c przemoc fizyczna.<\/span><\/p>\n<p style=\"text-align: left;\">\n<span style=\"color: #000080;\">Globalnie i lokalnie przyw\u00f3dcy demokratyczni rozgl\u0105daj\u0105 si\u0119 i rozpaczaj\u0105: zaufanie do klasy politycznej, kt\u00f3re cz\u0119sto jest niskie,\u00a0<a style=\"color: #000080;\" href=\"about:blank\">osi\u0105gn\u0119\u0142o nowe dno<\/a>.\u00a0Norbert Elias argumentowa\u0142, \u017ce ludzko\u015b\u0107 wysz\u0142a ze swojej pe\u0142nej przemocy przesz\u0142o\u015bci dopiero wtedy, gdy zda\u0142a sobie spraw\u0119, \u017ce bardziej pokojowe spo\u0142ecze\u0144stwa wymagaj\u0105 zasad, porz\u0105dku i zaufania.\u00a0Kolacja elizejska Macrona z socjologami mia\u0142a go uspokoi\u0107, \u017ce kraj rozgniewany niepo\u017c\u0105danym przed\u0142u\u017caniem \u017cycia zawodowego mo\u017ce nadal zosta\u0107 sterowany przez dobrze poinformowane rz\u0105dy.\u00a0Zamiast tego eksperci powiedzieli mu, \u017ce \u015bwiat, w kt\u00f3rym dzia\u0142a Francja i jej prezydent, mo\u017ce ju\u017c nie nadawa\u0107 si\u0119 do reformowania i \u017ce wymyka si\u0119 spod kontroli.<\/span><\/p>\n<p style=\"text-align: left;\">\n<span style=\"color: #000080;\">Elegancki XVIII-wieczny pa\u0142ac nosi nazw\u0119 od P\u00f3l Elizejskich, kt\u00f3re w mitologii greckiej by\u0142y miejscem ostatecznego spoczynku szlachetnych zmar\u0142ych. Wyborne wina serwowane w Salonie Murata, gdzie prezydent co tydzie\u0144 spotyka si\u0119 z ministrami swojego rz\u0105du, nie mog\u0142y powstrzyma\u0107 l\u0119ku przed utrat\u0105 kontroli i autorytetu. Macron, jeden z najbardziej aktywnych i ambitnych \u015bwiatowych przyw\u00f3dc\u00f3w, stan\u0105\u0142 w obliczu bezlitosnej rzeczywisto\u015bci niemocy w\u0142asnej i wszystkich demokratycznych przyw\u00f3dc\u00f3w. Je\u015bli nie ma to okaza\u0107 si\u0119 zab\u00f3jcze dla odbudowy globalnego \u0142adu, nowe formy aktywno\u015bci cywilizuj\u0105cej musz\u0105 tworzy\u0107 ci obywatele, kt\u00f3rzy dostrzegaj\u0105 potrzeb\u0119 powstrzymania upadku.<\/span><\/p>\n<\/div>\n<hr style=\"height: 15px; background: #d0e6fa; width: 100%;\" \/>\n<div id=\"content\" class=\"content-alignment\">\n<div id=\"watch-description\" class=\"yt-uix-button-panel\">\n<div id=\"watch-description-text\" style=\"text-align: center;\">\n<p><em>Zawarto\u015b\u0107 publikowanych artyku\u0142\u00f3w i materia\u0142\u00f3w nie reprezentuje pogl\u0105d\u00f3w ani opinii Reunion&#8217;68,<\/em><em><br \/>\nani te\u017c webmastera Blogu Reunion&#8217;68, chyba ze jest to wyra\u017anie zaznaczone.<br \/>\nTwoje uwagi, linki, w\u0142asne artyku\u0142y lub wiadomo\u015bci prze\u015blij na adres:<br \/>\n<\/em><span style=\"color: #000080;\"><strong><em><a style=\"color: #000080;\" href=\"mailto:webmaster@reunion68.com\"><span style=\"text-decoration: underline;\">webmaster@reunion68.com<\/span><\/a><\/em><\/strong><\/span><\/p>\n<\/div>\n<\/div>\n<\/div>\n<hr style=\"width: 100%;\" \/>\n","protected":false},"excerpt":{"rendered":"<p>Gro\u017aba decywilizacji John Lloyd T\u0142umaczenie: Ma\u0142gorzata Koraszewska Wieczorem 23 maja w Pa\u0142acu Elizejskim odby\u0142a si\u0119 kolacja z udzia\u0142em prezydenta Emmanuela Macrona i czterech najwybitniejszych francuskich socjolog\u00f3w.\u00a0Go\u015bci prezydenta poproszono o szczere opisanie obecnego stanu Francji i zasugerowanie, w jaki spos\u00f3b mo\u017cna rozwi\u0105za\u0107 wiele problem\u00f3w tego kraju.\u00a0Powiedziano im, \u017ce spotkanie pozostanie poufne.\u00a0Nie pozosta\u0142o. Cztery dni p\u00f3\u017aniej gazeta\u00a0\u201eLe [&hellip;]<\/p>\n","protected":false},"author":1,"featured_media":0,"comment_status":"closed","ping_status":"closed","sticky":false,"template":"","format":"standard","meta":[],"categories":[6],"tags":[26,24],"_links":{"self":[{"href":"https:\/\/www.reunion68.se\/index.php?rest_route=\/wp\/v2\/posts\/105355"}],"collection":[{"href":"https:\/\/www.reunion68.se\/index.php?rest_route=\/wp\/v2\/posts"}],"about":[{"href":"https:\/\/www.reunion68.se\/index.php?rest_route=\/wp\/v2\/types\/post"}],"author":[{"embeddable":true,"href":"https:\/\/www.reunion68.se\/index.php?rest_route=\/wp\/v2\/users\/1"}],"replies":[{"embeddable":true,"href":"https:\/\/www.reunion68.se\/index.php?rest_route=%2Fwp%2Fv2%2Fcomments&post=105355"}],"version-history":[{"count":8,"href":"https:\/\/www.reunion68.se\/index.php?rest_route=\/wp\/v2\/posts\/105355\/revisions"}],"predecessor-version":[{"id":105369,"href":"https:\/\/www.reunion68.se\/index.php?rest_route=\/wp\/v2\/posts\/105355\/revisions\/105369"}],"wp:attachment":[{"href":"https:\/\/www.reunion68.se\/index.php?rest_route=%2Fwp%2Fv2%2Fmedia&parent=105355"}],"wp:term":[{"taxonomy":"category","embeddable":true,"href":"https:\/\/www.reunion68.se\/index.php?rest_route=%2Fwp%2Fv2%2Fcategories&post=105355"},{"taxonomy":"post_tag","embeddable":true,"href":"https:\/\/www.reunion68.se\/index.php?rest_route=%2Fwp%2Fv2%2Ftags&post=105355"}],"curies":[{"name":"wp","href":"https:\/\/api.w.org\/{rel}","templated":true}]}}