{"id":105378,"date":"2023-07-01T17:09:57","date_gmt":"2023-07-01T15:09:57","guid":{"rendered":"http:\/\/www.reunion68.se\/?p=105378"},"modified":"2023-06-23T06:58:21","modified_gmt":"2023-06-23T04:58:21","slug":"01-09-74","status":"publish","type":"post","link":"https:\/\/www.reunion68.se\/?p=105378","title":{"rendered":"Czy panel monachijski uzna rol\u0119 Abbasa?"},"content":{"rendered":"<p style=\"text-align: center;\"><img decoding=\"async\" class=\"aligncenter\" src=\"https:\/\/cdn.jns.org\/uploads\/2023\/05\/Memorial-to-Israeli-Athletes-Munich-Olympics-1972-Massacre-scaled-1320x880.jpg\" width=\"100%\"><span style=\"color: #808080;\"><em>Tablica przed kwaterami izraelskich sportowc\u00f3w upami\u0119tnia ofiary masakry na Igrzyskach Olimpijskich w Monachium w 1972 roku. Napis w j\u0119zyku niemieckim i hebrajskim brzmi: \u201eDru\u017cyna pa\u0144stwa Izrael mieszka\u0142a w tym budynku podczas XX Letnich Igrzysk Olimpijskich od 21 sierpnia do 5 wrze\u015bnia 1972 r. 5 wrze\u015bnia [lista ofiar] zmar\u0142a \u015bmierci\u0105 gwa\u0142town\u0105. Cze\u015b\u0107 ich pami\u0119ci\u201d. \u0179r\u00f3d\u0142o: Wikimedia Commons.<\/em><\/span><\/p>\n<hr>\n<h5 style=\"text-align: center;\"><a href=\"https:\/\/www.jns.org\/\" target=\"_blank\" rel=\"noopener noreferrer\"><img decoding=\"async\" class=\"center alignleft\" src=\"http:\/\/www.reunion68.com\/Biuletyn\/img\/jns-1.png\" alt=\"\" width=\"35%\"><\/a><span style=\"text-decoration: underline; color: #000080;\"><strong><a style=\"color: #000080; text-decoration: underline;\" href=\"https:\/\/www.jns.org\/will-the-munich-panel-acknowledge-the-role-of-abbas\/\" target=\"_blank\" rel=\"noopener noreferrer\">Czy panel monachijski uzna rol\u0119 Abbasa?<\/a><\/strong><\/span><\/h5>\n<p style=\"text-align: center;\"><span style=\"color: #000000;\"><strong>STEPHEN M. FLATOW<br \/>\n<\/strong><span style=\"color: #808080;\"><em>T\u0142umaczenie:<\/em><\/span><strong> Sir Google<\/strong><\/span><\/p>\n<hr style=\"height: 15px; background: #d0e6fa; width: 100%;\">\n<h4 style=\"text-align: center;\"><span style=\"color: #808080;\"><strong>W 1972 roku, roku masakry olimpijskiej, Jaser Arafat sta\u0142 na czele organizacji terrorystycznej Fatah, a Mahmud Abbas \u2013 obecny szef zar\u00f3wno Fatahu, jak i Autonomii Palesty\u0144skiej \u2013 by\u0142 jego praw\u0105 r\u0119k\u0105.<\/strong><\/span><\/h4>\n<p style=\"text-align: center;\">.<br \/>\n<img decoding=\"async\" class=\"aligncenter\" src=\"https:\/\/static.timesofisrael.com\/www\/uploads\/2012\/05\/Olympic-Flashback-Mun_Horo-2-1024x640.jpg\" width=\"100%\"><span style=\"color: #808080;\"><em>Niemcy otrzyma\u0142y ostrze\u017cenie na trzy tygodnie przed masakr\u0105 w Monachium, twierdzi Der Spiegel | Czasy Izraela<\/em><\/span><\/p>\n<p style=\"text-align: left;\"><span style=\"color: #000080;\"><span class=\"jCAhz ChMk0b\"><span class=\"ryNqvb\">W 1972 roku Jaser Arafat by\u0142 szefem organizacji terrorystycznej Fatah, a Mahmud Abbas \u2013 obecny szef zar\u00f3wno Fatahu, jak i AP \u2013 by\u0142 jego praw\u0105 r\u0119k\u0105.<\/span><\/span> <span class=\"jCAhz ChMk0b\"><span class=\"ryNqvb\">Terrory\u015bci, kt\u00f3rzy dokonali zamachu w Monachium, twierdzili, \u017ce s\u0105 cz\u0119\u015bci\u0105 grupy \u201eCzarny Wrzesie\u0144\u201d, kt\u00f3ra rzekomo by\u0142a niezale\u017cna od Fatahu.<\/span><\/span> <span class=\"jCAhz ChMk0b\"><span class=\"ryNqvb\">Ale mit \u201eniepodleg\u0142ego\u201d Czarnego wrze\u015bnia zosta\u0142 obalony wiele lat temu wraz z odtajnieniem telegramu wys\u0142anego przez Departament Stanu USA do ambasad ameryka\u0144skich na ca\u0142ym \u015bwiecie 13 marca 1973 roku.<\/span><\/span> <span class=\"jCAhz ChMk0b\"><span class=\"ryNqvb\">Tre\u015b\u0107 telegramu jest szeroko dost\u0119pna w internecie.<\/span><\/span> <span class=\"jCAhz ChMk0b\"><span class=\"ryNqvb\">Ujawnia prawd\u0119 o monachijskich mordercach:<\/span><\/span><\/span><\/p>\n<p><span class=\"HwtZe\" lang=\"pl\" style=\"color: #000080;\"><span class=\"jCAhz ChMk0b\"><span class=\"ryNqvb\">\u201eKwestia powi\u0105za\u0144 mi\u0119dzy Organizacj\u0105 Czarnego Wrze\u015bnia (BSO) a Fatahem by\u0142a przedmiotem wielu publicznych dyskusji\u201d \u2014 zacz\u0105\u0142 telegram.<\/span><\/span> <span class=\"jCAhz ChMk0b\"><span class=\"ryNqvb\">Nast\u0119pnie wyja\u015bni\u0142 k\u0142amstwa Arafata na temat jego roli w Czarnym wrze\u015bniu: \u201ePrzyw\u00f3dca Fatahu, Arafat, wypar\u0142 si\u0119 zwi\u0105zk\u00f3w z BSO.<\/span><\/span> <span class=\"jCAhz ChMk0b\"><span class=\"ryNqvb\">\u2026 Arafat nadal publicznie zaprzecza jakimkolwiek powi\u0105zaniom mi\u0119dzy Fatahem a operacjami terrorystycznymi.<\/span><\/span> <span class=\"jCAhz ChMk0b\"><span class=\"ryNqvb\">Podobnie Fatah utrzymuje pozory umiarkowania\u2026 \u201d.<\/span><\/span> <\/span><\/p>\n<p><span class=\"HwtZe\" lang=\"pl\" style=\"color: #000080;\"><span class=\"jCAhz ChMk0b\"><span class=\"ryNqvb\">Prawda o Czarnym Wrze\u015bniu i Fatahu by\u0142a dok\u0142adnie przeciwna do tego, co twierdzi\u0142 Arafat, zgodnie z telegramem Departamentu Stanu USA: \u201eUSG [rz\u0105d Stan\u00f3w Zjednoczonych] ma informacje, \u017ce Fatah jest w rzeczywisto\u015bci organem macierzystym BSO.<\/span><\/span> <span class=\"jCAhz ChMk0b\"><span class=\"ryNqvb\">\u2026 Organizacja Czarnego Wrze\u015bnia to przykrywka dla operacji terrorystycznych Fatahu przeprowadzanych przez organizacj\u0119 wywiadowcz\u0105 Fatahu\u2026 Pod \u017cadnym pozorem nie mo\u017cna teraz dokona\u0107 znacz\u0105cego rozr\u00f3\u017cnienia mi\u0119dzy BSO a Fatahem\u201d.<\/span><\/span> <\/span><\/p>\n<p><span class=\"HwtZe\" lang=\"pl\" style=\"color: #000080;\"><span class=\"jCAhz ChMk0b\"><span class=\"ryNqvb\">Tak wi\u0119c \u201eCzarny wrzesie\u0144\u201d by\u0142 fikcj\u0105 \u2014 tak m\u00f3wi nasz w\u0142asny Departament Stanu USA.<\/span><\/span> <span class=\"jCAhz ChMk0b\"><span class=\"ryNqvb\">To by\u0142a po prostu inna nazwa Fatahu, kierowanego przez Arafata i Abbasa.<\/span><\/span> <span class=\"jCAhz ChMk0b\"><span class=\"ryNqvb\">A Departament Stanu nie jest jedynym \u017ar\u00f3d\u0142em tych informacji.<\/span><\/span> <span class=\"jCAhz ChMk0b\"><span class=\"ryNqvb\">Jeden z planist\u00f3w ataku, Mohammed Oudeh, lepiej znany jako \u201eAbu Daoud\u201d, zosta\u0142 zacytowany w jorda\u0144skiej gazecie Al-Dustur w 1972 roku, m\u00f3wi\u0105c: \u201eNie ma takiej organizacji jak Czarny Wrzesie\u0144.<\/span><\/span><\/span><\/p>\n<p><span class=\"HwtZe\" lang=\"pl\" style=\"color: #000080;\"> <span class=\"jCAhz ChMk0b\"><span class=\"ryNqvb\">Fatah og\u0142asza w\u0142asne operacje pod t\u0105 nazw\u0105, aby Fatah nie wyst\u0119powa\u0142 jako bezpo\u015bredni wykonawca operacji\u201d.<\/span><\/span> <span class=\"jCAhz ChMk0b\"><span class=\"ryNqvb\">W swojej ksi\u0105\u017cce From Jerusalem to Munich, opublikowanej w 1999 roku, Daoud napisa\u0142, \u017ce Abbas osobi\u015bcie zorganizowa\u0142 finansowanie ataku w Monachium.<\/span><\/span> <\/span><\/p>\n<p><span class=\"HwtZe\" lang=\"pl\" style=\"color: #000080;\"><span class=\"jCAhz ChMk0b\"><span class=\"ryNqvb\">Niemiecka komisja musi r\u00f3wnie\u017c zbada\u0107 fenomen, w jaki spos\u00f3b P.A.<\/span><\/span> <span class=\"jCAhz ChMk0b\"><span class=\"ryNqvb\">dzisiaj honoruje i gloryfikuje innych starszych terroryst\u00f3w Fatahu, kt\u00f3rzy byli zaanga\u017cowani w organizowanie rzezi w Monachium, takich jak Amin el-Hindi, Ali Hassan Salameh i Atef Bselso.<\/span><\/span> <span class=\"jCAhz ChMk0b\"><span class=\"ryNqvb\">El-Hindi zosta\u0142 zatrudniony przez Abbasa jako dyrektor dywizji wywiadu og\u00f3lnego AP.<\/span><\/span> <span class=\"jCAhz ChMk0b\"><span class=\"ryNqvb\">Salameh zosta\u0142 wychwalony na stronie internetowej Fatahu jako \u201em\u0119czennik\u201d (szahid), kt\u00f3rego \u201epami\u0119\u0107 na zawsze pozostanie w naszych sercach\u201d.<\/span><\/span> <span class=\"jCAhz ChMk0b\"><span class=\"ryNqvb\">w PA<\/span><\/span> <span class=\"jCAhz ChMk0b\"><span class=\"ryNqvb\">mie\u015bcie El-Bire (s\u0105siaduj\u0105cym ze stolic\u0105 Ramallah), znajduje si\u0119 kompleks sportowy o nazwie \u201eAudytorium M\u0119czennika Atefa Bselso\u201d, aw Gazie dwie szko\u0142y i stadion sportowy imienia Salameha.<\/span><\/span> <\/span><\/p>\n<p><span class=\"HwtZe\" lang=\"pl\" style=\"color: #000080;\"><span class=\"jCAhz ChMk0b\"><span class=\"ryNqvb\">Kiedy Daoud zmar\u0142 w 2010 roku, Abbas wys\u0142a\u0142 rodzinie telegram kondolencyjny, kt\u00f3ry brzmia\u0142: \u201eZmar\u0142y by\u0142 jednym z prominentnych przyw\u00f3dc\u00f3w ruchu Fatah i wi\u00f3d\u0142 \u017cycie wype\u0142nione walk\u0105, oddanym wysi\u0142kiem i ogromnym po\u015bwi\u0119ceniem dla<\/span><\/span> <span class=\"jCAhz ChMk0b\"><span class=\"ryNqvb\">zmar\u0142 ze wzgl\u0119du na s\u0142uszny problem swojego ludu, w wielu sferach.<\/span><\/span> <span class=\"jCAhz ChMk0b\"><span class=\"ryNqvb\">By\u0142 na czele na ka\u017cdym polu bitwy, maj\u0105c na celu obron\u0119 [palesty\u0144skiej] rewolucji.<\/span><\/span> <\/span><\/p>\n<div style=\"text-align: left;\">\n<p><span class=\"HwtZe\" lang=\"pl\" style=\"color: #000080;\"><span class=\"jCAhz ChMk0b\"><span class=\"ryNqvb\">Co za wspania\u0142y brat, towarzysz, twardy i uparty, nieust\u0119pliwy wojownik\u201d.<\/span><\/span> <span class=\"jCAhz ChMk0b\"><span class=\"ryNqvb\">Rz\u0105dowi niemieckiemu nie zale\u017cy na zwracaniu uwagi na takie fakty z powodu silnego poparcia Berlina dla sprawy palesty\u0144skiej.<\/span><\/span> <\/span><\/p>\n<p><span class=\"HwtZe\" lang=\"pl\" style=\"color: #000080;\"><span class=\"jCAhz ChMk0b\"><span class=\"ryNqvb\">Na oficjalnej stronie internetowej niemieckiego Ministerstwa Spraw Zagranicznych znajduje si\u0119 sekcja zatytu\u0142owana \u201ePomoc dla Palestyny\u201d, w kt\u00f3rej stwierdza si\u0119, \u017ce Niemcy wysy\u0142aj\u0105 ponad 200 milion\u00f3w dolar\u00f3w rocznie palesty\u0144skim Arabom w celu \u201epromowania rozwoju instytucjonalnego przysz\u0142ego pa\u0144stwa palesty\u0144skiego\u201d.<\/span><\/span><\/span><\/p>\n<p><span class=\"HwtZe\" lang=\"pl\" style=\"color: #000080;\"> <span class=\"jCAhz ChMk0b\"><span class=\"ryNqvb\">Jest wi\u0119c dobry pow\u00f3d, aby zapyta\u0107: czy panel monachijski p\u00f3jdzie tam, gdzie prowadz\u0105 fakty?<\/span><\/span> <span class=\"jCAhz ChMk0b\"><span class=\"ryNqvb\">A mo\u017ce wzgl\u0119dy polityczne, takie jak stosunki Niemiec z AP, b\u0119d\u0105 mia\u0142y wp\u0142yw na wnioski panelu?<\/span><\/span> <span class=\"jCAhz ChMk0b\"><span class=\"ryNqvb\">Stephen M. Flatow jest prawnikiem i ojcem Alisy Flatow, kt\u00f3ra zosta\u0142a zamordowana w sponsorowanym przez Iran palesty\u0144skim ataku terrorystycznym w 1995 roku. Jest autorem ksi\u0105\u017cki \u201eA Father\u2019s Story: My Fight for Justice Against Iranian Terror\u201d.<\/span><\/span><\/span><\/p>\n<hr>\n<p><img decoding=\"async\" class=\"alignleft\" src=\"https:\/\/cdn.jns.org\/uploads\/2018\/01\/AuthorPic_StephenFlatow-480x480.png\" width=\"20%\"><span style=\"color: #808080;\"><em><span class=\"jCAhz ChMk0b\"><span class=\"ryNqvb\"><strong>Stephen M. Flatow<\/strong> jest prezydentem elektem Religijnych Syjonist\u00f3w Ameryki.<\/span><\/span> <span class=\"jCAhz ChMk0b\"><span class=\"ryNqvb\">Jest ojcem Alisy Flatow, kt\u00f3ra zosta\u0142a zamordowana w sponsorowanym przez Iran palesty\u0144skim ataku terrorystycznym w 1995 r., oraz autorem ksi\u0105\u017cki A Father\u2019s Story: My Fight for Justice Against Iranian Terror.<\/span><\/span><\/em><\/span><\/p>\n<hr style=\"height: 15px; background: #d0e6fa; width: 100%;\">\n<div id=\"content\" class=\"content-alignment\">\n<div id=\"watch-description\" class=\"yt-uix-button-panel\">\n<div id=\"watch-description-text\" style=\"text-align: center;\">\n<p><em>Zawarto\u015b\u0107 publikowanych artyku\u0142\u00f3w i materia\u0142\u00f3w nie reprezentuje pogl\u0105d\u00f3w ani opinii Reunion&#8217;68,<\/em><em><br \/>\nani te\u017c webmastera Blogu Reunion&#8217;68, chyba ze jest to wyra\u017anie zaznaczone.<br \/>\nTwoje uwagi, linki, w\u0142asne artyku\u0142y lub wiadomo\u015bci prze\u015blij na adres:<br \/>\n<\/em><span style=\"color: #000080;\"><strong><em><a style=\"color: #000080;\" href=\"mailto:webmaster@reunion68.com\"><span style=\"text-decoration: underline;\">webmaster@reunion68.com<\/span><\/a><\/em><\/strong><\/span><\/p>\n<\/div>\n<\/div>\n<\/div>\n<hr style=\"width: 100%;\">\n<\/div>\n","protected":false},"excerpt":{"rendered":"<p>Tablica przed kwaterami izraelskich sportowc\u00f3w upami\u0119tnia ofiary masakry na Igrzyskach Olimpijskich w Monachium w 1972 roku. Napis w j\u0119zyku niemieckim i hebrajskim brzmi: \u201eDru\u017cyna pa\u0144stwa Izrael mieszka\u0142a w tym budynku podczas XX Letnich Igrzysk Olimpijskich od 21 sierpnia do 5 wrze\u015bnia 1972 r. 5 wrze\u015bnia [lista ofiar] zmar\u0142a \u015bmierci\u0105 gwa\u0142town\u0105. Cze\u015b\u0107 ich pami\u0119ci\u201d. \u0179r\u00f3d\u0142o: Wikimedia [&hellip;]<\/p>\n","protected":false},"author":1,"featured_media":0,"comment_status":"closed","ping_status":"closed","sticky":false,"template":"","format":"standard","meta":[],"categories":[6],"tags":[26,24],"_links":{"self":[{"href":"https:\/\/www.reunion68.se\/index.php?rest_route=\/wp\/v2\/posts\/105378"}],"collection":[{"href":"https:\/\/www.reunion68.se\/index.php?rest_route=\/wp\/v2\/posts"}],"about":[{"href":"https:\/\/www.reunion68.se\/index.php?rest_route=\/wp\/v2\/types\/post"}],"author":[{"embeddable":true,"href":"https:\/\/www.reunion68.se\/index.php?rest_route=\/wp\/v2\/users\/1"}],"replies":[{"embeddable":true,"href":"https:\/\/www.reunion68.se\/index.php?rest_route=%2Fwp%2Fv2%2Fcomments&post=105378"}],"version-history":[{"count":14,"href":"https:\/\/www.reunion68.se\/index.php?rest_route=\/wp\/v2\/posts\/105378\/revisions"}],"predecessor-version":[{"id":105389,"href":"https:\/\/www.reunion68.se\/index.php?rest_route=\/wp\/v2\/posts\/105378\/revisions\/105389"}],"wp:attachment":[{"href":"https:\/\/www.reunion68.se\/index.php?rest_route=%2Fwp%2Fv2%2Fmedia&parent=105378"}],"wp:term":[{"taxonomy":"category","embeddable":true,"href":"https:\/\/www.reunion68.se\/index.php?rest_route=%2Fwp%2Fv2%2Fcategories&post=105378"},{"taxonomy":"post_tag","embeddable":true,"href":"https:\/\/www.reunion68.se\/index.php?rest_route=%2Fwp%2Fv2%2Ftags&post=105378"}],"curies":[{"name":"wp","href":"https:\/\/api.w.org\/{rel}","templated":true}]}}