{"id":105380,"date":"2023-06-23T17:05:35","date_gmt":"2023-06-23T15:05:35","guid":{"rendered":"http:\/\/www.reunion68.se\/?p=105380"},"modified":"2023-06-22T20:30:29","modified_gmt":"2023-06-22T18:30:29","slug":"01-05-86","status":"publish","type":"post","link":"https:\/\/www.reunion68.se\/?p=105380","title":{"rendered":"How Distorted Reporting Leads to Hatred of Israel"},"content":{"rendered":"<h5 style=\"text-align: center;\"><a href=\"https:\/\/www.algemeiner.com\/\" target=\"_blank\" rel=\"noopener noreferrer\"><img decoding=\"async\" class=\"center alignleft\" src=\"http:\/\/www.reunion68.com\/Biuletyn\/img\/algem.png\" alt=\"\" width=\"35%\"><\/a><span style=\"text-decoration: underline; color: #000080;\"><span><strong><a style=\"color: #000080; text-decoration: underline;\" href=\"https:\/\/www.algemeiner.com\/2023\/06\/22\/how-distorted-reporting-leads-to-hatred-of-israel\/\" target=\"_blank\" rel=\"noopener noreferrer\">How Distorted Reporting Leads to Hatred of Israel<\/a><\/strong><\/span><\/span><\/h5>\n<p style=\"text-align: center;\"><span style=\"color: #000000;\"><strong> Sabrina Soffer<\/strong><\/span><\/p>\n<hr style=\"height: 15px; background: #d0e6fa; width: 100%;\">\n<p style=\"text-align: center;\"><img decoding=\"async\" class=\"aligncenter\" src=\"https:\/\/www.algemeiner.com\/wp-content\/uploads\/2023\/05\/Screen-Shot-2023-05-23-at-9.26.42-AM.jpg\" width=\"100%\"><span style=\"color: #808080;\"><em>Christiane Amanpour on the May 22, 2023, episode of her CNN show \u201cAmanpour.\u201d Photo: Screenshot<\/em><\/span><\/p>\n<p dir=\"ltr\" style=\"text-align: left;\"><span style=\"color: #000080;\">The Jewish nation has long been the subject of the mainstream media\u2019s criticism and condemnation. When CNN\u2019s Christiane Amanpour calls the terrorizing murder of the Israeli-British Dee family a \u201c<a style=\"color: #000080;\" href=\"https:\/\/www.israelnationalnews.com\/news\/371607\" target=\"_blank\" rel=\"noopener noreferrer\" data-saferedirecturl=\"https:\/\/www.google.com\/url?q=https:\/\/www.israelnationalnews.com\/news\/371607&amp;source=gmail&amp;ust=1687512129918000&amp;usg=AOvVaw2Wk4nTgHqip5rBnn9-duIs\">shootout<\/a>,\u201d and&nbsp;<em>The Washington Post<\/em>&nbsp;releases a front-page&nbsp;<a style=\"color: #000080;\" href=\"https:\/\/www.washingtonpost.com\/world\/interactive\/2023\/israel-palestinians-raids-west-bank\/\" target=\"_blank\" rel=\"noopener noreferrer\" data-saferedirecturl=\"https:\/\/www.google.com\/url?q=https:\/\/www.washingtonpost.com\/world\/interactive\/2023\/israel-palestinians-raids-west-bank\/&amp;source=gmail&amp;ust=1687512129918000&amp;usg=AOvVaw0OzPvtCbQa3wXMMysdQvbz\">exclusive<\/a>&nbsp;on the Israeli Defense Force\u2019s \u201cdeadly tactics\u201d seriously lacking in context, I ask myself about the intentions of such distortions. (Amanpour later apologized for her comments after a strong backlash).<\/span><\/p>\n<p dir=\"ltr\" style=\"text-align: left;\"><span style=\"color: #000080;\">When it comes to the media, is naivete and ignorance about Israel at play? Or is it a deliberate attempt to promote some other, perhaps more sinister, agenda? No matter the motive, distorting and demonizing the Jewish collective never turns out well for Jews and non-Jews alike.<\/span><\/p>\n<p dir=\"ltr\" style=\"text-align: left;\"><span style=\"color: #000080;\">Most news consumers outside Israel have limited knowledge of the reality on the ground. Headlines often paint Israel as an imperialistic, draconian, or militaristic regime \u2014 which is far from the truth.<\/span><\/p>\n<p dir=\"ltr\" style=\"text-align: left;\"><span style=\"color: #000080;\">The media\u2019s distortions about Israel contribute to the dissemination of spurious allegations that echo infamous antisemitic works like \u201cThe Protocols of the Elders of Zion.\u201d<\/span><\/p>\n<p dir=\"ltr\" style=\"text-align: left;\"><span style=\"color: #000080;\">Egypt worked with chief Nazi propagandist Joseph Gobbels\u2019s right-hand,&nbsp;<a style=\"color: #000080;\" href=\"https:\/\/www.nli.org.il\/en\/a-topic\/987007264192805171\" target=\"_blank\" rel=\"noopener noreferrer\" data-saferedirecturl=\"https:\/\/www.google.com\/url?q=https:\/\/www.nli.org.il\/en\/a-topic\/987007264192805171&amp;source=gmail&amp;ust=1687512129919000&amp;usg=AOvVaw2I7Y0jp8QUeo4nM2FPop8e\">Johann Von Leers<\/a>, to create anti-Israel propaganda. Indeed, the accusations of \u201cIsrael equals imperialism\u201d or \u201cIsrael thrives on Jewish supremacy for world domination\u201d originate from the most sinister propagandists of human history. They trace back to the ancient Christian blood-libel that continues to haunt the Jewish people and the communities they inhabit, mostly outside of Israel.<\/span><\/p>\n<p dir=\"ltr\" style=\"text-align: left;\"><span style=\"color: #000080;\">When libel peppers the mainstream news, it gains the legitimacy associated with reputable media outlets. Front-page headlines that misrepresent reality are taken as fact, and sway the global public toward beliefs that harm Israel and Jews worldwide. It is compounded by support for the blatantly antisemitic Boycott, Divestment and Sanctions (BDS) movement against Israel, and dissuades opportunities for partnership with Israel\u2019s Palestinian neighbors.<\/span><\/p>\n<p dir=\"ltr\" style=\"text-align: left;\"><span style=\"color: #000080;\">About a month ago, I read<em>&nbsp;The Washington Post<\/em>&nbsp;exclusive report, \u201cIsraeli agents conducted raid against militants in civilian area, killing a child: Videos from a March 16 raid in Jenin show increasingly deadly tactics by Israeli officers.\u201d<\/span><\/p>\n<p dir=\"ltr\" style=\"text-align: left;\"><span style=\"color: #000080;\">The report was a scrupulous minute-by-minute 3D-graphic reconstruction of the IDF\u2019s military operation, focused on the death of Omar Awadin, 14, during the raid.<\/span><\/p>\n<p dir=\"ltr\" style=\"text-align: left;\"><span style=\"color: #000080;\">The article can be summed up as a multi-count indictment of Israel\u2019s military \u2014 the IDF. Its lack of context and information about the violent cycles of terror inflicted upon innocent Israeli civilians is astounding. I cannot help but conclude that the authors (along with their editors) aimed squarely at demonizing Israel and its defense forces. Ignoring the elephant in the room\u2013namely the never-ending waves of Palestinian terror, political factionalism, and its authorities\u2019 oppression of its own people \u2014 is irresponsible and galling.<\/span><\/p>\n<p dir=\"ltr\" style=\"text-align: left;\"><span style=\"color: #000080;\">Deaths of innocent civilians like Omar Awadin\u2019s are heartbreaking. The key difference here is that the Israeli military does everything it can to prevent civilians from dying \u2014 whereas Palestinian terror groups (and the governments that support them) actually try to kill civilians as part of their war against Israel.<\/span><\/p>\n<p dir=\"ltr\" style=\"text-align: left;\"><span style=\"color: #000080;\">The&nbsp;<em>Post<\/em>&nbsp;report failed to emphasize that the IDF\u2019s operation targeted Hamas and Palestinian Islamic Jihad (PIJ) militants, such as Nidal&nbsp;<a style=\"color: #000080;\" href=\"https:\/\/www.jns.org\/three-palestinians-killed-during-israeli-counterterror-op-in-jenin\/\" target=\"_blank\" rel=\"noopener noreferrer\" data-saferedirecturl=\"https:\/\/www.google.com\/url?q=https:\/\/www.jns.org\/three-palestinians-killed-during-israeli-counterterror-op-in-jenin\/&amp;source=gmail&amp;ust=1687512129919000&amp;usg=AOvVaw3Yr7-A_lGdi3bO0uyAKjNi\">Hazem<\/a>, an active bomb producer, and Abdel Fattah Hussein Kharousha, responsible for the&nbsp;<a style=\"color: #000080;\" href=\"https:\/\/www.i24news.tv\/en\/news\/israel\/defense\/1678194782-israeli-army-operating-in-jenin-exchanges-of-fire-reported\" target=\"_blank\" rel=\"noopener noreferrer\" data-saferedirecturl=\"https:\/\/www.google.com\/url?q=https:\/\/www.i24news.tv\/en\/news\/israel\/defense\/1678194782-israeli-army-operating-in-jenin-exchanges-of-fire-reported&amp;source=gmail&amp;ust=1687512129919000&amp;usg=AOvVaw0j7mk-Q7QsgoBWSHSf4sV3\">killings<\/a>&nbsp;of the Yaniv brothers in February. Prior to the raid, the IDF went to great lengths to&nbsp;<a style=\"color: #000080;\" href=\"https:\/\/twitter.com\/hamdahsalhut\/status\/1633108065678512131?ref_src=twsrc%5Etfw%7Ctwcamp%5Etweetembed%7Ctwterm%5E1633108065678512131%7Ctwgr%5E905ba9ac6778e2f1a40a0140a3f2427a7efc89d4%7Ctwcon%5Es1_&amp;ref_url=https%3A%2F%2Fwww.i24news.tv%2Fen%2Fnews%2Fisrael%2Fdefense%2F1678194782-israeli-army-operating-in-jenin-exchanges-of-fire-reported\" target=\"_blank\" rel=\"noopener noreferrer\" data-saferedirecturl=\"https:\/\/www.google.com\/url?q=https:\/\/twitter.com\/hamdahsalhut\/status\/1633108065678512131?ref_src%3Dtwsrc%255Etfw%257Ctwcamp%255Etweetembed%257Ctwterm%255E1633108065678512131%257Ctwgr%255E905ba9ac6778e2f1a40a0140a3f2427a7efc89d4%257Ctwcon%255Es1_%26ref_url%3Dhttps%253A%252F%252Fwww.i24news.tv%252Fen%252Fnews%252Fisrael%252Fdefense%252F1678194782-israeli-army-operating-in-jenin-exchanges-of-fire-reported&amp;source=gmail&amp;ust=1687512129919000&amp;usg=AOvVaw0LINNMv30V_JLyiaT22fbu\">caution<\/a>&nbsp;Jenin residents about its operation, in order to minimize civilian harm.<\/span><\/p>\n<p dir=\"ltr\" style=\"text-align: left;\"><span style=\"color: #000080;\">Indeed, the IDF\u2019s restraint involves the notion of&nbsp;<em>tohar haneshek<\/em>, Hebrew for \u201cpurity of arms.\u201d This principle is embedded into the IDF\u2019s&nbsp;<a style=\"color: #000080;\" href=\"https:\/\/toolkit.theicenter.org\/content\/idf-code-ethics\/index.html\" target=\"_blank\" rel=\"noopener noreferrer\" data-saferedirecturl=\"https:\/\/www.google.com\/url?q=https:\/\/toolkit.theicenter.org\/content\/idf-code-ethics\/index.html&amp;source=gmail&amp;ust=1687512129919000&amp;usg=AOvVaw3-s-ovOoGow8D8WjRBHhWf\">code<\/a>&nbsp;of ethics, which has shaped its values of \u201cself-control in use of armed force without including unnecessary injury to human life or limb; dignity or property of both soldiers and civilians with special consideration for the defenseless\u201d at all times.<\/span><\/p>\n<p dir=\"ltr\" style=\"text-align: left;\"><span style=\"color: #000080;\">During the IDF\u2019s Shield and Arrow operation last month, Israeli forces aborted a strike against PIJ terrorists housed in a residential building, having found a child in the target\u2019s vicinity.<\/span><\/p>\n<p dir=\"ltr\" style=\"text-align: left;\"><span style=\"color: #000080;\">Other important facts missed entirely in the&nbsp;<em>Post\u2019s&nbsp;<\/em>reporting is that Hamas and PIJ are internationally-recognized&nbsp;<a style=\"color: #000080;\" href=\"https:\/\/www.state.gov\/foreign-terrorist-organizations\/\" target=\"_blank\" rel=\"noopener noreferrer\" data-saferedirecturl=\"https:\/\/www.google.com\/url?q=https:\/\/www.state.gov\/foreign-terrorist-organizations\/&amp;source=gmail&amp;ust=1687512129919000&amp;usg=AOvVaw01me6ZzBFBECGwJP7VBMAk\">terrorist organizations<\/a>. Backed by Iran with weapons and a 700-million&nbsp;<a style=\"color: #000080;\" href=\"https:\/\/www.wilsoncenter.org\/article\/irans-islamist-proxies\" target=\"_blank\" rel=\"noopener noreferrer\" data-saferedirecturl=\"https:\/\/www.google.com\/url?q=https:\/\/www.wilsoncenter.org\/article\/irans-islamist-proxies&amp;source=gmail&amp;ust=1687512129919000&amp;usg=AOvVaw2SD_p3fQKXuSThYeRUIXBB\">dollar<\/a>&nbsp;annual budget, their explicit&nbsp;<a style=\"color: #000080;\" href=\"https:\/\/www.timesofisrael.com\/head-of-irans-secret-operations-overseas-threatens-to-erase-zionist-entity\/\" target=\"_blank\" rel=\"noopener noreferrer\" data-saferedirecturl=\"https:\/\/www.google.com\/url?q=https:\/\/www.timesofisrael.com\/head-of-irans-secret-operations-overseas-threatens-to-erase-zionist-entity\/&amp;source=gmail&amp;ust=1687512129919000&amp;usg=AOvVaw22ykWdFBGf3pTBZ5OsDq_J\">mission<\/a>&nbsp;is to \u201cwipe out the Jewish state.\u201d They also use their own citizens as human shields, which is considered a war&nbsp;<a style=\"color: #000080;\" href=\"https:\/\/stratcomcoe.org\/cuploads\/pfiles\/hamas_human_shields.pdf\" target=\"_blank\" rel=\"noopener noreferrer\" data-saferedirecturl=\"https:\/\/www.google.com\/url?q=https:\/\/stratcomcoe.org\/cuploads\/pfiles\/hamas_human_shields.pdf&amp;source=gmail&amp;ust=1687512129919000&amp;usg=AOvVaw3beV9XWfIkfTM-9MbitzpW\">crime<\/a>&nbsp;under the Geneva Convention.<\/span><\/p>\n<p dir=\"ltr\" style=\"text-align: left;\"><span style=\"color: #000080;\">Hamas and PIJ are not only responsible for the murder of Jewish and Arab-Israeli civilians, but of Palestinian citizens like&nbsp;<a style=\"color: #000080;\" href=\"https:\/\/www.timesofisrael.com\/gazan-man-killed-in-rocket-strike-on-israeli-recognized-as-victim-of-terror\/amp\/\" target=\"_blank\" rel=\"noopener noreferrer\" data-saferedirecturl=\"https:\/\/www.google.com\/url?q=https:\/\/www.timesofisrael.com\/gazan-man-killed-in-rocket-strike-on-israeli-recognized-as-victim-of-terror\/amp\/&amp;source=gmail&amp;ust=1687512129919000&amp;usg=AOvVaw2GqtozJB-png1QHad2EdRB\">Abdullah Abu Jaba<\/a>, who enter Israel from Gaza for work to support their families. Hamas, the Gaza strip\u2019s governing autocracy, is known for stripping its residents of human rights and basic needs, cutting off their electricity at whim, barring dancing, or shutting down pharmacies.<\/span><\/p>\n<p dir=\"ltr\" style=\"text-align: left;\"><span style=\"color: #000080;\">From the moment they enter schooling, Palestinian children are&nbsp;<a style=\"color: #000080;\" href=\"https:\/\/www.jns.org\/opinion\/the-lethal-indoctrination-of-children-in-palestinian-education\/\" target=\"_blank\" rel=\"noopener noreferrer\" data-saferedirecturl=\"https:\/\/www.google.com\/url?q=https:\/\/www.jns.org\/opinion\/the-lethal-indoctrination-of-children-in-palestinian-education\/&amp;source=gmail&amp;ust=1687512129919000&amp;usg=AOvVaw38hmA_AnIcK3vrSfk2Bs0k\">indoctrinated<\/a>&nbsp;and groomed as future martyrs, instructed to take the lives of Israeli civilians and incentivized by&nbsp;<a style=\"color: #000080;\" href=\"https:\/\/emetonline.org\/wp-content\/uploads\/2017\/07\/Pay4Slay_Fact-Sheet-FINAL.pdf\" target=\"_blank\" rel=\"noopener noreferrer\" data-saferedirecturl=\"https:\/\/www.google.com\/url?q=https:\/\/emetonline.org\/wp-content\/uploads\/2017\/07\/Pay4Slay_Fact-Sheet-FINAL.pdf&amp;source=gmail&amp;ust=1687512129919000&amp;usg=AOvVaw33vFkJnfJgVWRAUiLaU1Kb\">pay-to-slay<\/a>&nbsp;initiatives that give financial rewards for killing civilians.<\/span><\/p>\n<p dir=\"ltr\" style=\"text-align: left;\"><span style=\"color: #000080;\">In the aftermath of terror attacks, Palestinians celebrate in the streets with fireworks, handing out candy and praising Allah for this glory. This is the reality that Israel confronts every day. This is the reality that&nbsp;<em>The Washington Post&nbsp;<\/em>and CNN ignore.<\/span><\/p>\n<p dir=\"ltr\" style=\"text-align: left;\"><span style=\"color: #000080;\">Selective reporting that leaves out this vital information \u2014 as well as Israel\u2019s positive efforts to mend the Israeli-Palestinian conflict \u2014 helps no one. It vilifies Israel\u2019s response to terror while portraying Hamas and PIJ militants as Palestinian \u201cfreedom-fighting\u201d heroes. Aside from being morally wrong, this just helps perpetuate the conflict.<\/span><\/p>\n<p dir=\"ltr\" style=\"text-align: left;\"><span style=\"color: #000080;\">Prominent journalists and editors are acutely conscious of the language they select, and the content they choose to incorporate or omit. Respected media organizations such as the&nbsp;<em>Post<\/em>, which uphold the motto of \u201cDemocracy Dies in Darkness,\u201d undermine their own mission when they fail in shedding light on the complete truth.<\/span><\/p>\n<p dir=\"ltr\" style=\"text-align: left;\"><span style=\"color: #000080;\"><em>The Washington Pos<\/em>t, CNN, and other media outlets should look themselves in the mirror and ask themselves whether they are reporting the facts on the ground, or merely perpetuating anti-Israel views.<\/span><\/p>\n<p dir=\"ltr\" style=\"text-align: left;\"><span style=\"color: #000080;\">Sadly, I think I know the answer. But I await their next reports in hopes that things will be different.<\/span><\/p>\n<hr>\n<p dir=\"ltr\" style=\"text-align: left;\"><span style=\"color: #808080;\"><em>Sabrina Soffer is a student at George Washington University.<\/em><\/span><\/p>\n<hr style=\"height: 15px; background: #d0e6fa; width: 100%;\">\n<div id=\"content\" class=\"content-alignment\">\n<div id=\"watch-description\" class=\"yt-uix-button-panel\">\n<div id=\"watch-description-text\" style=\"text-align: center;\">\n<p><em>Zawarto\u015b\u0107 publikowanych artyku\u0142\u00f3w i materia\u0142\u00f3w nie reprezentuje pogl\u0105d\u00f3w ani opinii Reunion&#8217;68,<\/em><em><br \/>\nani te\u017c webmastera Blogu Reunion&#8217;68, chyba ze jest to wyra\u017anie zaznaczone.<br \/>\nTwoje uwagi, linki, w\u0142asne artyku\u0142y lub wiadomo\u015bci prze\u015blij na adres:<br \/>\n<\/em><span style=\"color: #000080;\"><strong><em><a style=\"color: #000080;\" href=\"mailto:webmaster@reunion68.com\"><span style=\"text-decoration: underline;\">webmaster@reunion68.com<\/span><\/a><\/em><\/strong><\/span><\/p>\n<\/div>\n<\/div>\n<\/div>\n<hr style=\"width: 100%;\">\n","protected":false},"excerpt":{"rendered":"<p>How Distorted Reporting Leads to Hatred of Israel Sabrina Soffer Christiane Amanpour on the May 22, 2023, episode of her CNN show \u201cAmanpour.\u201d Photo: Screenshot The Jewish nation has long been the subject of the mainstream media\u2019s criticism and condemnation. When CNN\u2019s Christiane Amanpour calls the terrorizing murder of the Israeli-British Dee family a \u201cshootout,\u201d [&hellip;]<\/p>\n","protected":false},"author":1,"featured_media":0,"comment_status":"closed","ping_status":"closed","sticky":false,"template":"","format":"standard","meta":[],"categories":[6],"tags":[26,24],"_links":{"self":[{"href":"https:\/\/www.reunion68.se\/index.php?rest_route=\/wp\/v2\/posts\/105380"}],"collection":[{"href":"https:\/\/www.reunion68.se\/index.php?rest_route=\/wp\/v2\/posts"}],"about":[{"href":"https:\/\/www.reunion68.se\/index.php?rest_route=\/wp\/v2\/types\/post"}],"author":[{"embeddable":true,"href":"https:\/\/www.reunion68.se\/index.php?rest_route=\/wp\/v2\/users\/1"}],"replies":[{"embeddable":true,"href":"https:\/\/www.reunion68.se\/index.php?rest_route=%2Fwp%2Fv2%2Fcomments&post=105380"}],"version-history":[{"count":4,"href":"https:\/\/www.reunion68.se\/index.php?rest_route=\/wp\/v2\/posts\/105380\/revisions"}],"predecessor-version":[{"id":105387,"href":"https:\/\/www.reunion68.se\/index.php?rest_route=\/wp\/v2\/posts\/105380\/revisions\/105387"}],"wp:attachment":[{"href":"https:\/\/www.reunion68.se\/index.php?rest_route=%2Fwp%2Fv2%2Fmedia&parent=105380"}],"wp:term":[{"taxonomy":"category","embeddable":true,"href":"https:\/\/www.reunion68.se\/index.php?rest_route=%2Fwp%2Fv2%2Fcategories&post=105380"},{"taxonomy":"post_tag","embeddable":true,"href":"https:\/\/www.reunion68.se\/index.php?rest_route=%2Fwp%2Fv2%2Ftags&post=105380"}],"curies":[{"name":"wp","href":"https:\/\/api.w.org\/{rel}","templated":true}]}}