{"id":105408,"date":"2023-06-24T17:05:37","date_gmt":"2023-06-24T15:05:37","guid":{"rendered":"http:\/\/www.reunion68.se\/?p=105408"},"modified":"2023-06-24T07:03:36","modified_gmt":"2023-06-24T05:03:36","slug":"02-05-93","status":"publish","type":"post","link":"https:\/\/www.reunion68.se\/?p=105408","title":{"rendered":"Massive Mural Showcasing 4,000 Years of Jewish History Gets Unveiled at Ben Gurion Airport"},"content":{"rendered":"<h5 style=\"text-align: center;\"><a href=\"https:\/\/www.algemeiner.com\/\" target=\"_blank\" rel=\"noopener noreferrer\"><img decoding=\"async\" class=\"center alignleft\" src=\"http:\/\/www.reunion68.com\/Biuletyn\/img\/algem.png\" alt=\"\" width=\"35%\" \/><\/a><span style=\"text-decoration: underline; color: #000080;\"><span><strong><a style=\"color: #000080; text-decoration: underline;\" href=\"https:\/\/www.algemeiner.com\/2023\/06\/23\/massive-mural-showcasing-4000-years-of-jewish-history-gets-unveiled-at-ben-gurion-airport\/\" target=\"_blank\" rel=\"noopener noreferrer\">Massive Mural Showcasing 4,000 Years of Jewish History Gets Unveiled at Ben Gurion Airport<\/a><\/strong><\/span><\/span><\/h5>\n<p style=\"text-align: center;\"><span style=\"color: #000000;\"><strong>Shiryn Ghermezian<\/strong><\/span><\/p>\n<hr style=\"height: 15px; background: #d0e6fa; width: 100%;\" \/>\n<p style=\"text-align: center;\"><img decoding=\"async\" class=\"aligncenter\" src=\"https:\/\/www.algemeiner.com\/wp-content\/uploads\/2023\/06\/Screen-Shot-2023-06-23-at-9.10.37-AM.jpg\" width=\"100%\" \/><span style=\"color: #808080;\"><em>The new mural at Ben-Gurion Airport\u2019s Terminal 3. Photo: YouTube screenshot.<\/em><\/span><\/p>\n<p style=\"text-align: left;\"><span style=\"color: #000080;\">A large new mural depicting 4,000 years of Jewish history from the time of creation until the modern era at the entrance to Israel\u2019s Ben-Gurion Airport in Terminal 3 was\u00a0<a style=\"color: #000080;\" href=\"https:\/\/www.facebook.com\/ilan.lat\/videos\/950071602881081\/\" target=\"_blank\" rel=\"noopener noreferrer\">unveiled<\/a>\u00a0on Tuesday.<\/span><\/p>\n<p style=\"text-align: left;\"><span style=\"color: #000080;\">The artwork by Mexican artist Julio Carrasco Breton covers 44 meters (144 feet) and was a gift from Mexico in celebration of the Jewish state\u2019s 75th Independence Day. It was commissioned by the Israel-Latin American Network (ILAN), a foundation that promotes relations between Israel and Latin America, which also worked to bring the mural to Israel following its initial unveiling at the Monte Sinai Cultural Center in Mexico City.<\/span><\/p>\n<p style=\"text-align: left;\"><span style=\"color: #000080;\">The artwork is titled\u00a0<em>Am Yisrael Chai,<\/em>\u00a0which translates in English to \u201cThe people of Israel live.\u201d It shows the creation of the first man and the people of Israel, the Exodus from Egypt, the expulsions from Spain, the Jewish Temple and kingdoms, the Holocaust, the Hasidic movement, and more, according to\u00a0<a style=\"color: #000080;\" href=\"https:\/\/www.ynetnews.com\/magazine\/article\/h1lxop6v3\" target=\"_blank\" rel=\"noopener noreferrer\">Ynet<\/a>. The Israeli news outlet added that the mural also features Zionist activists including Theodor Herzl, Abraham Isaac Kook and Rabbi Yitzhak HaLevi Herzog, scenes of people immigrating to Israel, and the state\u2019s founding.<\/span><\/p>\n<p style=\"text-align: left;\"><span style=\"color: #000080;\">There are also drawings of Israeli landmarks such as the Azrieli Towers, Weizmann Institute of Science, Hadassah Medical Center, the entrance gate to Jerusalem, the Technion \u2013 Israel Institute of Technology\u00a0and the Knesset building.<\/span><\/p>\n<p style=\"text-align: left;\"><span style=\"color: #000080;\">Also depicted in the mural are 57 prominent Jewish figures \u201cwho celebrate the different achievements and contributions to disciplines such as science, philosophy, arts, sports, among others,\u201d\u00a0<a style=\"color: #000080;\" href=\"https:\/\/www.ilan.lat\/en\/mis_noticias\/am-yisrael-chai-el-mural-que-celebra-los-75-anos-del-estado-de-israel\/\" target=\"_blank\" rel=\"noopener noreferrer\">according to<\/a>\u00a0ILAN. Those figures include physicist Albert Einstein; a number of former Israeli prime minister and presidents; Rabbi Chaim Kanievsky, Israeli astronaut Ilan Ramon, singers Dana International, Naomi Shemer, Yehoram Gaon and Noa Kirel; and, of course, David Ben-Gurion, founder of the state of Israel and the country\u2019s first prime minister.<\/span><\/p>\n<p style=\"text-align: left;\"><span style=\"color: #000080;\">\u201cThis was a dream,\u201d ILAN President and Founder Isaac Assa told<em>\u00a0<a style=\"color: #000080;\" href=\"https:\/\/www.israelnationalnews.com\/news\/373141\" target=\"_blank\" rel=\"noopener noreferrer\">Israel National News- Arutz Sheva<\/a><\/em>\u00a0about the mural, \u201cto have a mural, a picture, that describes the 4,000-year history of the Jewish people, from Abraham\u00a0<em>Avinu<\/em>\u00a0(our father) to today.\u201d<\/span><\/p>\n<p style=\"text-align: left;\"><span style=\"color: #000080;\">He called the artwork \u201ca 4,000-year family album of our history,\u201d adding that \u201cnothing like this has ever been created.\u201d<\/span><\/p>\n<p style=\"text-align: left;\"><span style=\"color: #000080;\">Assa also explained why the airport was chosen as the home for the mural, saying: \u201cIt\u2019s important for people from all over the world that come to Israel to understand that our connection to this land is for more than 3,000 years, not 75 years.\u201d<\/span><\/p>\n<hr style=\"height: 15px; background: #d0e6fa; width: 100%;\" \/>\n<div id=\"content\" class=\"content-alignment\">\n<div id=\"watch-description\" class=\"yt-uix-button-panel\">\n<div id=\"watch-description-text\" style=\"text-align: center;\">\n<p><em>Zawarto\u015b\u0107 publikowanych artyku\u0142\u00f3w i materia\u0142\u00f3w nie reprezentuje pogl\u0105d\u00f3w ani opinii Reunion&#8217;68,<\/em><em><br \/>\nani te\u017c webmastera Blogu Reunion&#8217;68, chyba ze jest to wyra\u017anie zaznaczone.<br \/>\nTwoje uwagi, linki, w\u0142asne artyku\u0142y lub wiadomo\u015bci prze\u015blij na adres:<br \/>\n<\/em><span style=\"color: #000080;\"><strong><em><a style=\"color: #000080;\" href=\"mailto:webmaster@reunion68.com\"><span style=\"text-decoration: underline;\">webmaster@reunion68.com<\/span><\/a><\/em><\/strong><\/span><\/p>\n<\/div>\n<\/div>\n<\/div>\n<hr style=\"width: 100%;\" \/>\n","protected":false},"excerpt":{"rendered":"<p>Massive Mural Showcasing 4,000 Years of Jewish History Gets Unveiled at Ben Gurion Airport Shiryn Ghermezian The new mural at Ben-Gurion Airport\u2019s Terminal 3. Photo: YouTube screenshot. A large new mural depicting 4,000 years of Jewish history from the time of creation until the modern era at the entrance to Israel\u2019s Ben-Gurion Airport in Terminal [&hellip;]<\/p>\n","protected":false},"author":1,"featured_media":0,"comment_status":"closed","ping_status":"closed","sticky":false,"template":"","format":"standard","meta":[],"categories":[6],"tags":[26,24],"_links":{"self":[{"href":"https:\/\/www.reunion68.se\/index.php?rest_route=\/wp\/v2\/posts\/105408"}],"collection":[{"href":"https:\/\/www.reunion68.se\/index.php?rest_route=\/wp\/v2\/posts"}],"about":[{"href":"https:\/\/www.reunion68.se\/index.php?rest_route=\/wp\/v2\/types\/post"}],"author":[{"embeddable":true,"href":"https:\/\/www.reunion68.se\/index.php?rest_route=\/wp\/v2\/users\/1"}],"replies":[{"embeddable":true,"href":"https:\/\/www.reunion68.se\/index.php?rest_route=%2Fwp%2Fv2%2Fcomments&post=105408"}],"version-history":[{"count":4,"href":"https:\/\/www.reunion68.se\/index.php?rest_route=\/wp\/v2\/posts\/105408\/revisions"}],"predecessor-version":[{"id":105428,"href":"https:\/\/www.reunion68.se\/index.php?rest_route=\/wp\/v2\/posts\/105408\/revisions\/105428"}],"wp:attachment":[{"href":"https:\/\/www.reunion68.se\/index.php?rest_route=%2Fwp%2Fv2%2Fmedia&parent=105408"}],"wp:term":[{"taxonomy":"category","embeddable":true,"href":"https:\/\/www.reunion68.se\/index.php?rest_route=%2Fwp%2Fv2%2Fcategories&post=105408"},{"taxonomy":"post_tag","embeddable":true,"href":"https:\/\/www.reunion68.se\/index.php?rest_route=%2Fwp%2Fv2%2Ftags&post=105408"}],"curies":[{"name":"wp","href":"https:\/\/api.w.org\/{rel}","templated":true}]}}