{"id":105429,"date":"2023-06-26T17:09:43","date_gmt":"2023-06-26T15:09:43","guid":{"rendered":"http:\/\/www.reunion68.se\/?p=105429"},"modified":"2023-06-26T05:51:24","modified_gmt":"2023-06-26T03:51:24","slug":"03-09-85","status":"publish","type":"post","link":"https:\/\/www.reunion68.se\/?p=105429","title":{"rendered":"Netanjahu nazywa o\u015bwiadczenie Ben-Gvira Evyatar \u201enie do przyj\u0119cia\u201d"},"content":{"rendered":"<h5 style=\"text-align: center;\"><a href=\"https:\/\/www.jns.org\/\" target=\"_blank\" rel=\"noopener noreferrer\"><img decoding=\"async\" class=\"center alignleft\" src=\"http:\/\/www.reunion68.com\/Biuletyn\/img\/jns-1.png\" alt=\"\" width=\"35%\" \/><\/a><span style=\"text-decoration: underline; color: #000080;\"><strong><a style=\"color: #000080; text-decoration: underline;\" href=\"https:\/\/www.jns.org\/israel-news\/topic\/23\/6\/25\/297742\/\" target=\"_blank\" rel=\"noopener noreferrer\">Netanjahu nazywa o\u015bwiadczenie Ben-Gvira Evyatar \u201enie do przyj\u0119cia\u201d<\/a><\/strong><\/span><\/h5>\n<p style=\"text-align: center;\"><span style=\"color: #000000;\"><strong>JNS<\/strong><\/span><\/p>\n<hr style=\"height: 15px; background: #d0e6fa; width: 100%;\" \/>\n<h4 style=\"text-align: center;\"><strong><span style=\"color: #808080;\">Podczas wizyty w nieautoryzowanej plac\u00f3wce minister bezpiecze\u0144stwa narodowego Itamar Ben-Gvir wezwa\u0142 Izraelczyk\u00f3w do \u201euciekania na wzg\u00f3rza, osiedlenia si\u0119 tam\u201d.<\/span><\/strong><\/h4>\n<p>.<\/p>\n<p style=\"text-align: center;\"><img decoding=\"async\" class=\"aligncenter\" src=\"https:\/\/cdn.jns.org\/uploads\/2023\/02\/F230212ASPOOL06-1320x880.jpg\" width=\"100%\" \/><span style=\"color: #808080;\"><em>Premier Izraela Benjamin Netanjahu prowadzi posiedzenie gabinetu w Kancelarii Premiera w Jerozolimie, 12 lutego 2023 r. Zdj\u0119cie: Amit Shabi\/POOL.<\/em><\/span><\/p>\n<p style=\"text-align: left;\"><span style=\"color: #000080;\"><span class=\"jCAhz ChMk0b\"><span class=\"ryNqvb\">Premier Izraela Benjamin Netanjahu zgani\u0142 w niedziel\u0119 ministra bezpiecze\u0144stwa narodowego Itamara Ben-Gvira za zach\u0119canie \u017byd\u00f3w do osiedlania si\u0119 w nieautoryzowanej plac\u00f3wce Evyatar w Samarii.<\/span><\/span> <span class=\"jCAhz ChMk0b\"><span class=\"ryNqvb\">Setki izraelskich \u017byd\u00f3w przyby\u0142o do plac\u00f3wki natychmiast po \u015bmiertelnym ataku terrorystycznym w pobli\u017cu Eli 20 czerwca. <\/span><\/span><\/span><\/p>\n<p style=\"text-align: left;\"><span style=\"color: #000080;\"><span class=\"jCAhz ChMk0b\"><span class=\"ryNqvb\">Podczas wizyty w tym miejscu w pi\u0105tek Ben-Gvir powiedzia\u0142: \u201eUciekaj w g\u00f3ry, osiedl si\u0119 tam, kochamy ci\u0119\u201d.<\/span><\/span> <span class=\"jCAhz ChMk0b\"><span class=\"ryNqvb\">Plac\u00f3wka mia\u0142a jego \u201epe\u0142ne i ca\u0142kowite poparcie\u201d, powiedzia\u0142, \u201eale chc\u0119 o wiele wi\u0119cej od osady tutaj.<\/span><\/span><\/span><\/p>\n<p style=\"text-align: left;\"><span style=\"color: #000080;\"><span class=\"jCAhz ChMk0b\"><span class=\"ryNqvb\">Tu powinno by\u0107 pe\u0142ne osadnictwo \u2014 nie tylko tutaj, ale na wszystkich wzg\u00f3rzach wok\u00f3\u0142 nas.<\/span><\/span> <span class=\"jCAhz ChMk0b\"><span class=\"ryNqvb\">W swoim przem\u00f3wieniu na cotygodniowym posiedzeniu gabinetu w niedziel\u0119 Netanjahu powiedzia\u0142:<\/span><\/span><\/span><\/p>\n<p style=\"text-align: left;\"><span class=\"jCAhz ChMk0b\" style=\"color: #000080;\"><span class=\"ryNqvb\"> \u201eWezwania do nielegalnego zaw\u0142aszczania ziemi i dzia\u0142ania polegaj\u0105ce na nielegalnym zaw\u0142aszczaniu ziemi s\u0105 dla mnie nie do przyj\u0119cia\u201d.<\/span><\/span><\/p>\n<p style=\"text-align: left;\"><span class=\"jCAhz ChMk0b\" style=\"color: #000080;\"><span class=\"ryNqvb\">Powiedzia\u0142, \u017ce takie o\u015bwiadczenia i dzia\u0142ania \u201epodwa\u017caj\u0105 prawo i porz\u0105dek w Judei i Samarii i musz\u0105 si\u0119 natychmiast sko\u0144czy\u0107.<\/span><\/span><\/p>\n<p style=\"text-align: left;\"><span style=\"color: #000080;\"><span class=\"jCAhz ChMk0b\"><span class=\"ryNqvb\">Nie tylko nie poprzemy takich dzia\u0142a\u0144, ale nasz rz\u0105d podejmie zdecydowane dzia\u0142ania przeciwko nim\u201d.<\/span><\/span> <span class=\"jCAhz ChMk0b\"><span class=\"ryNqvb\">Daleko od wzmocnienia przedsi\u0119biorstwa osadniczego, takie wezwania i dzia\u0142ania w rzeczywisto\u015bci mu szkodz\u0105, kontynuowa\u0142.<\/span><\/span> <span class=\"jCAhz ChMk0b\"><span class=\"ryNqvb\">\u201eM\u00f3wi\u0119 to jako kto\u015b, kto podwoi\u0142 osadnictwo w Judei i Samarii, pomimo wielkiej i bezprecedensowej presji mi\u0119dzynarodowej, aby przeprowadzi\u0107 wycofania, kt\u00f3rych nie przeprowadzi\u0142em i nie przeprowadz\u0119\u201d \u2013 powiedzia\u0142.<\/span><\/span><\/span><\/p>\n<p style=\"text-align: left;\"><span class=\"jCAhz ChMk0b\" style=\"color: #000080;\"><span class=\"ryNqvb\">W\u0142a\u015bciw\u0105 odpowiedzi\u0105 na terroryzm jest \u201ezwalczanie terroryst\u00f3w\u201d i \u201ejednoczesne pog\u0142\u0119bianie naszych korzeni w naszym kraju\u201d \u2013 doda\u0142.<\/span><\/span><\/p>\n<p style=\"text-align: left;\"><span style=\"color: #000080;\"><span class=\"jCAhz ChMk0b\"><span class=\"ryNqvb\">Powiedzia\u0142, \u017ce Izrael podejmuje zdecydowane dzia\u0142ania w obu przypadkach.<\/span><\/span> <span class=\"jCAhz ChMk0b\"><span class=\"ryNqvb\">\u201eLikwidujemy terroryst\u00f3w w rekordowych ilo\u015bciach, a tak\u017ce budujemy w naszym kraju na wielk\u0105 skal\u0119 wed\u0142ug zatwierdzonych plan\u00f3w budowlanych.<\/span><\/span> <span class=\"jCAhz ChMk0b\"><span class=\"ryNqvb\">Podkre\u015blam: zatwierdzony\u201d.<\/span><\/span><\/span><\/p>\n<p style=\"text-align: left;\"><span style=\"color: #000080;\"><span class=\"jCAhz ChMk0b\"><span class=\"ryNqvb\">W odpowiedzi Ben-Gvir napisa\u0142 na Twitterze: \u201eDoceniam i kocham premiera, ale problem naszych rz\u0105d\u00f3w nie zaczyna si\u0119 od osadnik\u00f3w w Judei i Samarii, ale od pob\u0142a\u017cliwo\u015bci wobec [Druz\u00f3w] uczestnik\u00f3w zamieszek na Wzg\u00f3rzach Golan i braku<\/span><\/span> <span class=\"jCAhz ChMk0b\"><span class=\"ryNqvb\">\u015bcis\u0142ego egzekwowania prawa w Rahat [miasto Beduin\u00f3w na Negewie].<\/span><\/span><\/span><\/p>\n<p style=\"text-align: left;\"><span style=\"color: #000080;\"><span class=\"jCAhz ChMk0b\"><span class=\"ryNqvb\">Jestem przeciw selektywnemu egzekwowaniu.<\/span><\/span> <span class=\"jCAhz ChMk0b\"><span class=\"ryNqvb\">\u201ePrawicowy rz\u0105d musi zrealizowa\u0107 swoj\u0105 wizj\u0119: osiedlenie si\u0119 na terytoriach Judei i Samarii, wraz z zerow\u0105 tolerancj\u0105 dla tych, kt\u00f3rzy gro\u017c\u0105, \u017ce je\u015bli nie spe\u0142nimy ich pr\u00f3\u015bb, wybuchnie wojna.<\/span><\/span> <span class=\"jCAhz ChMk0b\"><span class=\"ryNqvb\">Izraelowi nie wolno skapitulowa\u0107\u201d.<\/span><\/span><\/span><\/p>\n<p style=\"text-align: center;\"><em><img decoding=\"async\" class=\"aligncenter\" src=\"https:\/\/cdn.jns.org\/uploads\/2023\/06\/Ben-gvir-evyatar-660x440.jpg\" width=\"100%\" \/><span style=\"color: #808080;\">Minister bezpiecze\u0144stwa narodowego Itamar Ben-Gvir przemawia podczas wizyty w Evyatar, 23 czerwca 2023 r. \u0179r\u00f3d\u0142o: Twitter.<\/span>\u00a0<\/em><\/p>\n<div class=\"lRu31\" style=\"text-align: left;\"><span class=\"HwtZe\" lang=\"pl\" style=\"color: #000080;\"><span class=\"jCAhz ChMk0b\"><span class=\"ryNqvb\">Podczas swojej pi\u0105tkowej wizyty w Evyatar Ben-Gvir powiedzia\u0142: \u201eZiemia Izraela musi zosta\u0107 zasiedlona, a jednocze\u015bnie z zasiedleniem tej ziemi musi zosta\u0107 rozpocz\u0119ta operacja wojskowa, zburzone budynki, wyeliminowani terrory\u015bci, ani jedna<\/span><\/span> <span class=\"jCAhz ChMk0b\"><span class=\"ryNqvb\">albo dwa, ale dziesi\u0105tki i setki, a je\u015bli to konieczne, nawet tysi\u0105ce\u201d.<\/span><\/span> <\/span><\/div>\n<div style=\"text-align: left;\"><\/div>\n<div class=\"lRu31\" style=\"text-align: left;\"><span class=\"HwtZe\" lang=\"pl\" style=\"color: #000080;\"><span class=\"jCAhz ChMk0b\"><span class=\"ryNqvb\">Kontynuowa\u0142, \u017ce to jedyny spos\u00f3b na przywr\u00f3cenie bezpiecze\u0144stwa \u017cydowskim mieszka\u0144com tego obszaru.<\/span><\/span> <span class=\"jCAhz ChMk0b\"><span class=\"ryNqvb\">\u201eA przede wszystkim wype\u0142nimy nasz\u0105 wielk\u0105 misj\u0119.<\/span><\/span> <span class=\"jCAhz ChMk0b\"><span class=\"ryNqvb\">Ziemia Izraela jest dla ludu Izraela\u201d \u2013 powiedzia\u0142.<\/span><\/span><\/span><\/div>\n<div style=\"text-align: left;\"><\/div>\n<div class=\"lRu31\" style=\"text-align: left;\"><span class=\"HwtZe\" lang=\"pl\" style=\"color: #000080;\"> <span class=\"jCAhz ChMk0b\"><span class=\"ryNqvb\">Evyatar obejmuje oko\u0142o 14 akr\u00f3w.<\/span><\/span> <span class=\"jCAhz ChMk0b\"><span class=\"ryNqvb\">Zosta\u0142 kilkakrotnie zr\u00f3wnany z ziemi\u0105 przez izraelskie wojsko od czasu jego powstania w 2013 roku w odpowiedzi na zab\u00f3jstwo Evyatara Borovsky&#8217;ego w tym roku na skrzy\u017cowaniu Tapuach, oko\u0142o mili na wsch\u00f3d od tego miejsca.<\/span><\/span> <\/span><\/div>\n<div style=\"text-align: left;\"><\/div>\n<div class=\"lRu31\" style=\"text-align: left;\"><span class=\"HwtZe\" lang=\"pl\" style=\"color: #000080;\"><span class=\"jCAhz ChMk0b\"><span class=\"ryNqvb\">Jego najnowsza iteracja powsta\u0142a w maju 2021 r. w odpowiedzi na dwa wydarzenia tego miesi\u0105ca \u2013 wystrzelenie przez Hamas w Strefie Gazy ponad 4000 rakiet na izraelskie o\u015brodki cywilne w ci\u0105gu 11 dni oraz terrorystyczne zab\u00f3jstwo Yehudy Guetty.<\/span><\/span> <\/span><\/div>\n<div style=\"text-align: left;\"><\/div>\n<div class=\"lRu31\" style=\"text-align: left;\"><span class=\"HwtZe\" lang=\"pl\" style=\"color: #000080;\"><span class=\"jCAhz ChMk0b\"><span class=\"ryNqvb\">Guetta zosta\u0142 postrzelony na skrzy\u017cowaniu Tapuach, a p\u00f3\u017aniej zmar\u0142 z powodu odniesionych ran.<\/span><\/span> <span class=\"jCAhz ChMk0b\"><span class=\"ryNqvb\">Plac\u00f3wk\u0119 ewakuowano pokojowo w lipcu 2022 r., kiedy to dosz\u0142o do porozumienia mi\u0119dzy rz\u0105dem a 53 rodzinami, kt\u00f3re si\u0119 tam osiedli\u0142y.<\/span><\/span> <\/span><\/div>\n<div style=\"text-align: left;\"><\/div>\n<div class=\"lRu31\" style=\"text-align: left;\"><span class=\"HwtZe\" lang=\"pl\" style=\"color: #000080;\"><span class=\"jCAhz ChMk0b\"><span class=\"ryNqvb\">Rz\u0105d zgodzi\u0142 si\u0119, \u017ce je\u015bli w ostatecznym rozrachunku oka\u017ce si\u0119, \u017ce ziemia nale\u017cy do pa\u0144stwa, a nie jest w\u0142asno\u015bci\u0105 prywatn\u0105, rozpoczn\u0105 si\u0119 przygotowania do sta\u0142ego osadnictwa.<\/span><\/span> <span class=\"jCAhz ChMk0b\"><span class=\"ryNqvb\">W mi\u0119dzyczasie zgodzi\u0142a si\u0119 umie\u015bci\u0107 w tym miejscu posterunek wojskowy, aby go chroni\u0107.<\/span><\/span><\/span><\/div>\n<hr style=\"height: 15px; background: #d0e6fa; width: 100%;\" \/>\n<div id=\"content\" class=\"content-alignment\">\n<div id=\"watch-description\" class=\"yt-uix-button-panel\">\n<div id=\"watch-description-text\" style=\"text-align: center;\">\n<p><em>Zawarto\u015b\u0107 publikowanych artyku\u0142\u00f3w i materia\u0142\u00f3w nie reprezentuje pogl\u0105d\u00f3w ani opinii Reunion&#8217;68,<\/em><em><br \/>\nani te\u017c webmastera Blogu Reunion&#8217;68, chyba ze jest to wyra\u017anie zaznaczone.<br \/>\nTwoje uwagi, linki, w\u0142asne artyku\u0142y lub wiadomo\u015bci prze\u015blij na adres:<br \/>\n<\/em><span style=\"color: #000080;\"><strong><em><a style=\"color: #000080;\" href=\"mailto:webmaster@reunion68.com\"><span style=\"text-decoration: underline;\">webmaster@reunion68.com<\/span><\/a><\/em><\/strong><\/span><\/p>\n<\/div>\n<\/div>\n<\/div>\n<hr style=\"width: 100%;\" \/>\n","protected":false},"excerpt":{"rendered":"<p>Netanjahu nazywa o\u015bwiadczenie Ben-Gvira Evyatar \u201enie do przyj\u0119cia\u201d JNS Podczas wizyty w nieautoryzowanej plac\u00f3wce minister bezpiecze\u0144stwa narodowego Itamar Ben-Gvir wezwa\u0142 Izraelczyk\u00f3w do \u201euciekania na wzg\u00f3rza, osiedlenia si\u0119 tam\u201d. . Premier Izraela Benjamin Netanjahu prowadzi posiedzenie gabinetu w Kancelarii Premiera w Jerozolimie, 12 lutego 2023 r. Zdj\u0119cie: Amit Shabi\/POOL. Premier Izraela Benjamin Netanjahu zgani\u0142 w niedziel\u0119 [&hellip;]<\/p>\n","protected":false},"author":1,"featured_media":0,"comment_status":"closed","ping_status":"closed","sticky":false,"template":"","format":"standard","meta":[],"categories":[6],"tags":[26,24],"_links":{"self":[{"href":"https:\/\/www.reunion68.se\/index.php?rest_route=\/wp\/v2\/posts\/105429"}],"collection":[{"href":"https:\/\/www.reunion68.se\/index.php?rest_route=\/wp\/v2\/posts"}],"about":[{"href":"https:\/\/www.reunion68.se\/index.php?rest_route=\/wp\/v2\/types\/post"}],"author":[{"embeddable":true,"href":"https:\/\/www.reunion68.se\/index.php?rest_route=\/wp\/v2\/users\/1"}],"replies":[{"embeddable":true,"href":"https:\/\/www.reunion68.se\/index.php?rest_route=%2Fwp%2Fv2%2Fcomments&post=105429"}],"version-history":[{"count":12,"href":"https:\/\/www.reunion68.se\/index.php?rest_route=\/wp\/v2\/posts\/105429\/revisions"}],"predecessor-version":[{"id":105471,"href":"https:\/\/www.reunion68.se\/index.php?rest_route=\/wp\/v2\/posts\/105429\/revisions\/105471"}],"wp:attachment":[{"href":"https:\/\/www.reunion68.se\/index.php?rest_route=%2Fwp%2Fv2%2Fmedia&parent=105429"}],"wp:term":[{"taxonomy":"category","embeddable":true,"href":"https:\/\/www.reunion68.se\/index.php?rest_route=%2Fwp%2Fv2%2Fcategories&post=105429"},{"taxonomy":"post_tag","embeddable":true,"href":"https:\/\/www.reunion68.se\/index.php?rest_route=%2Fwp%2Fv2%2Ftags&post=105429"}],"curies":[{"name":"wp","href":"https:\/\/api.w.org\/{rel}","templated":true}]}}