{"id":105505,"date":"2023-07-20T17:05:22","date_gmt":"2023-07-20T15:05:22","guid":{"rendered":"http:\/\/www.reunion68.se\/?p=105505"},"modified":"2023-07-20T09:11:57","modified_gmt":"2023-07-20T07:11:57","slug":"06-05-91","status":"publish","type":"post","link":"https:\/\/www.reunion68.se\/?p=105505","title":{"rendered":"European Commissioner Expresses Support for Freezing Palestinian Aid"},"content":{"rendered":"<h5 style=\"text-align: center;\"><a href=\"https:\/\/www.algemeiner.com\/\" target=\"_blank\" rel=\"noopener noreferrer\"><img decoding=\"async\" class=\"center alignleft\" src=\"http:\/\/www.reunion68.com\/Biuletyn\/img\/algem.png\" alt=\"\" width=\"35%\" \/><\/a><span style=\"text-decoration: underline; color: #000080;\"><span><strong><a style=\"color: #000080; text-decoration: underline;\" href=\"https:\/\/www.algemeiner.com\/2023\/07\/19\/european-commissioner-expresses-support-for-freezing-palestinian-aid\/\" target=\"_blank\" rel=\"noopener noreferrer\">European Commissioner Expresses Support for Freezing Palestinian Aid<\/a><\/strong><\/span><\/span><\/h5>\n<p style=\"text-align: center;\"><span style=\"color: #000000;\"><strong>Dion J. Pierre<\/strong><\/span><\/p>\n<hr style=\"height: 15px; background: #d0e6fa; width: 100%;\" \/>\n<p style=\"text-align: center;\"><img decoding=\"async\" class=\"aligncenter\" src=\"https:\/\/www.algemeiner.com\/wp-content\/uploads\/2023\/07\/2023-06-22T140218Z_786704886_RC2DO1A2JW7M_RTRMADP_3_EU-MINISTERS-2.jpg\" width=\"100%\" \/><span style=\"color: #808080;\"><em>Oliver Varhelyi, the EU Commissioner for Neighborhood and Enlargement, speaking at press meeting in Stockholm, Sweden. Photo: TT News Agency\/Pontus Lundahl via Reuters<\/em><\/span><\/p>\n<p style=\"text-align: left;\"><span style=\"color: #000080;\">A cabinet member of the European Commission, a body within the executive of the European Union, has expressed support for suspending aid to the Palestinian Authority (PA) if its leaders continue refusing to remove antisemitic and violent themes from schoolchildren\u2019s textbooks.<\/span><\/p>\n<p style=\"text-align: left;\"><span style=\"color: #000080;\">EU Commissioner for Neighborhood and Enlargement Oliver Varhelyi made the comments on Friday, following the European Parliament\u2019s\u00a0<a style=\"color: #000080;\" href=\"https:\/\/www.algemeiner.com\/2023\/07\/12\/european-parliament-calls-again-for-freezing-palestinian-aid-over-antisemitic-content-in-textbooks\/\" target=\"_blank\" rel=\"noopener noreferrer\">passing<\/a>\u00a0last Wednesday two resolutions insisting \u201cthat all antisemitic references be deleted and that examples that incite hatred and violence be removed.\u201d<\/span><\/p>\n<p style=\"text-align: left;\"><span style=\"color: #000080;\">\u201cEducation for the next generation that supports peace, tolerance, coexistence &amp; non-violence is a shared interest,\u201d Varhelyi, who assured Israel in May that aid to the PA will not fund terror groups, said in a public statement. \u201cWe remain committed to deliver through constructive engagement with the Palestinian Authority, while reserving the right to take appropriate measures as necessary.\u201d<\/span><\/p>\n<p style=\"text-align: left;\"><span style=\"color: #000080;\">Wednesday\u2019s resolutions mark the second time in under two months that the EU Parliament has passed a resolution calling on the European Commission to suspend aid to the Palestinian Authority\u2019s educational system until antisemitic and violent themes are removed from textbooks and other content provided to K-12 students. Additionally, the resolution marked the fourth year in the row that the EU has demanded immediate changes to Palestinian curriculum, which experts and lawmakers have described as the most antisemitic in the region and a factor protracting the Israeli-Palestinian conflict.<\/span><\/p>\n<p style=\"text-align: left;\"><span style=\"color: #000080;\">The EU parliament\u00a0<a style=\"color: #000080;\" href=\"https:\/\/www.algemeiner.com\/2022\/12\/21\/teaching-of-antisemitism-european-union-parliament-passes-resolution-condemning-bigotry-in-palestinian-textbooks\/\" target=\"_blank\" rel=\"noopener noreferrer\">passed<\/a>\u00a0a similar measure in December, declaring that PA curriculum is in tension with European values. The previous year, in May 2021, the body froze aid to the Palestinian Authority for 13 months. Aid resumed the following January, with former European Commission president Ursula von der Leyen\u00a0<a style=\"color: #000080;\" href=\"https:\/\/neighbourhood-enlargement.ec.europa.eu\/news\/statement-president-von-der-leyen-palestinian-prime-minister-shtayyeh-2022-06-14_en\" target=\"_blank\" rel=\"noopener noreferrer\">insisting<\/a>\u00a0that \u201call the difficulties are gone.\u201d<\/span><\/p>\n<p style=\"text-align: left;\"><span style=\"color: #000080;\">In May, a different measure\u00a0<a style=\"color: #000080;\" href=\"https:\/\/www.algemeiner.com\/2023\/05\/10\/hateful-material-eu-demands-freeze-of-palestinian-education-aid-over-antisemitic-textbooks\/\" target=\"_blank\" rel=\"noopener noreferrer\">passed<\/a>\u00a0with 421 yes votes which noted that antisemitic content is influencing a rise in terrorist activity among Palestinian teenagers.<\/span><\/p>\n<p style=\"text-align: left;\"><span style=\"color: #000080;\">The Palestinian Authority has never significantly reformed its educational system, according to several\u00a0<a style=\"color: #000080;\" href=\"https:\/\/www.algemeiner.com\/2022\/07\/07\/unrwa-palestinian-textbooks-still-inciting-antisemitism-and-jihadi-violence-concludes-new-report\/\" target=\"_blank\" rel=\"noopener noreferrer\">reports<\/a>\u00a0by Impact-se, a pro-Israel watchdog group, which has continued to find, for example, grammar lessons saying \u201cThe Palestinians sacrifice their blood to liberate Jerusalem\u201d and Arabic Drill Cards for 9th graders that say, \u201cWhen the [Muslim] nation is negligent in protecting al-Aqsa, then the Jews will dare to defile it.\u201d Israel also does not appear on any maps shown to students.<\/span><\/p>\n<p style=\"text-align: left;\"><span style=\"color: #000080;\">Teachers and staff working at Palestinian schools, who are funded by money the EU gives to the United Nations Relief and Works Agency (UNWRA), also promote antisemitism and hate on social media and in the classroom, according to a report issued by Impact-se in March<a style=\"color: #000080;\" href=\"https:\/\/www.algemeiner.com\/2023\/03\/14\/there-are-still-some-people-you-need-to-burn-un-teachers-in-gaza-praise-terrorists-hitler-on-social-media-new-report-says\/\" target=\"_blank\" rel=\"noopener noreferrer\">\u00a0which cited<\/a>\u00a0over 200 examples of the problem.<\/span><\/p>\n<p style=\"text-align: left;\"><span style=\"color: #000080;\">Across the Atlantic, US lawmakers have called for conditioning aid to the Palestinian Authority\u2019s education system,\u00a0<a style=\"color: #000080;\" href=\"https:\/\/www.algemeiner.com\/2023\/02\/20\/39-house-and-senate-republicans-introduce-bill-to-cut-off-unrwa-funding\/\" target=\"_blank\" rel=\"noopener noreferrer\">proposing<\/a>\u00a0in March the United Nations Relief and Works Agency Accountability and Transparency Act, which would require the US Secretary of State\u2019s certifying that UNRWA is audited by an independent body that determines its schools do not teach antisemitic tropes, employee individuals linked to terrorist organizations, or allow their grounds to be used for terrorist activities.<\/span><\/p>\n<p style=\"text-align: left;\"><span style=\"color: #000080;\">Proposed in the US Senate and House of Representatives by Sen. James E. Risch (R-ID) and Rep. Chip Roy (R-TX), the bill has yet to be voted on be either body.<\/span><\/p>\n<hr style=\"height: 15px; background: #d0e6fa; width: 100%;\" \/>\n<div id=\"content\" class=\"content-alignment\">\n<div id=\"watch-description\" class=\"yt-uix-button-panel\">\n<div id=\"watch-description-text\" style=\"text-align: center;\">\n<p><em>Zawarto\u015b\u0107 publikowanych artyku\u0142\u00f3w i materia\u0142\u00f3w nie reprezentuje pogl\u0105d\u00f3w ani opinii Reunion&#8217;68,<\/em><em><br \/>\nani te\u017c webmastera Blogu Reunion&#8217;68, chyba ze jest to wyra\u017anie zaznaczone.<br \/>\nTwoje uwagi, linki, w\u0142asne artyku\u0142y lub wiadomo\u015bci prze\u015blij na adres:<br \/>\n<\/em><span style=\"color: #000080;\"><strong><em><a style=\"color: #000080;\" href=\"mailto:webmaster@reunion68.com\"><span style=\"text-decoration: underline;\">webmaster@reunion68.com<\/span><\/a><\/em><\/strong><\/span><\/p>\n<\/div>\n<\/div>\n<\/div>\n<hr style=\"width: 100%;\" \/>\n","protected":false},"excerpt":{"rendered":"<p>European Commissioner Expresses Support for Freezing Palestinian Aid Dion J. Pierre Oliver Varhelyi, the EU Commissioner for Neighborhood and Enlargement, speaking at press meeting in Stockholm, Sweden. Photo: TT News Agency\/Pontus Lundahl via Reuters A cabinet member of the European Commission, a body within the executive of the European Union, has expressed support for suspending [&hellip;]<\/p>\n","protected":false},"author":1,"featured_media":0,"comment_status":"closed","ping_status":"closed","sticky":false,"template":"","format":"standard","meta":[],"categories":[6],"tags":[26,24],"_links":{"self":[{"href":"https:\/\/www.reunion68.se\/index.php?rest_route=\/wp\/v2\/posts\/105505"}],"collection":[{"href":"https:\/\/www.reunion68.se\/index.php?rest_route=\/wp\/v2\/posts"}],"about":[{"href":"https:\/\/www.reunion68.se\/index.php?rest_route=\/wp\/v2\/types\/post"}],"author":[{"embeddable":true,"href":"https:\/\/www.reunion68.se\/index.php?rest_route=\/wp\/v2\/users\/1"}],"replies":[{"embeddable":true,"href":"https:\/\/www.reunion68.se\/index.php?rest_route=%2Fwp%2Fv2%2Fcomments&post=105505"}],"version-history":[{"count":4,"href":"https:\/\/www.reunion68.se\/index.php?rest_route=\/wp\/v2\/posts\/105505\/revisions"}],"predecessor-version":[{"id":105516,"href":"https:\/\/www.reunion68.se\/index.php?rest_route=\/wp\/v2\/posts\/105505\/revisions\/105516"}],"wp:attachment":[{"href":"https:\/\/www.reunion68.se\/index.php?rest_route=%2Fwp%2Fv2%2Fmedia&parent=105505"}],"wp:term":[{"taxonomy":"category","embeddable":true,"href":"https:\/\/www.reunion68.se\/index.php?rest_route=%2Fwp%2Fv2%2Fcategories&post=105505"},{"taxonomy":"post_tag","embeddable":true,"href":"https:\/\/www.reunion68.se\/index.php?rest_route=%2Fwp%2Fv2%2Ftags&post=105505"}],"curies":[{"name":"wp","href":"https:\/\/api.w.org\/{rel}","templated":true}]}}