{"id":10551,"date":"2014-12-10T19:00:53","date_gmt":"2014-12-10T17:00:53","guid":{"rendered":"http:\/\/www.reunion68.se\/?p=10551"},"modified":"2014-12-10T09:48:01","modified_gmt":"2014-12-10T07:48:01","slug":"10551","status":"publish","type":"post","link":"https:\/\/www.reunion68.se\/?p=10551","title":{"rendered":"Co powstanie na miekscu synagogi na warszawskiej Pradze?"},"content":{"rendered":"<h5 style=\"text-align: center;\"><a href=\"******* \" target=\"_blank\"><img decoding=\"async\" class=\"center alignleft\" src=\"http:\/\/www.reunion68.com\/Biuletyn\/img\/w-sz.jpg\" alt=\"\" \/><\/a><span style=\"text-decoration: underline; color: #000080;\"><span style=\"text-decoration: underline;\"><strong><a style=\"color: #000080; text-decoration: underline;\" href=\"http:\/\/www.sztetl.org.pl\/pl\/cms\/aktualnosci\/4423,co-powstanie-w-miejscu-synagogi-na-warszawskiej-pradze-\/\" target=\"_blank\">Co powstanie w miejscu synagogi na warszawskiej Pradze?<\/a><\/strong><\/span><\/span><\/h5>\n<p style=\"text-align: center;\"><span style=\"color: #333333;\"><strong>Adrianna Adamik<\/strong><\/span><\/p>\n<p style=\"text-align: center;\"><span style=\"color: #333333;\">\u0179r\u00f3d\u0142o: Gazeta Wyborcza \u2013 Warszawa<\/span><\/p>\n<hr style=\"height: 15px; background: #d0e6fa; width: 710px;\" \/>\n<div style=\"width: 450px\" class=\"wp-caption alignright\"><img decoding=\"async\" loading=\"lazy\" src=\"http:\/\/www.sztetl.org.pl\/getimage.php?c=OBRAZY&amp;x=440&amp;y=440&amp;file=obraz_5751.jpg\" alt=\"\" width=\"440\" height=\"291\" \/><p class=\"wp-caption-text\"><center><span style=\"color: #000080;\"><em>Miejsce po synagodze praskiej (foto: Maciej Zdziech)<\/em><\/span><\/center><\/p><\/div>\n<p style=\"text-align: left;\"><strong><span style=\"color: #333333;\"><span style=\"color: #000080;\"><span style=\"color: #333333;\">Na dzia\u0142k\u0119 u zbiegu ulic K\u0142opotowskiego i Jagiello\u0144skiej wjecha\u0142y koparki. Czy usun\u0105 pozosta\u0142o\u015bci po XIX-wiecznej synagodze<\/span>? <\/span><span style=\"text-decoration: underline;\"><span style=\"color: #000080; text-decoration: underline;\"><a style=\"color: #000080; text-decoration: underline;\" href=\"http:\/\/www.sztetl.org.pl\/pl\/article\/warszawa\/11,synagogi-domy-modlitwy-i-inne\/3515,synagoga-na-pradze-petersburska-4-potem-jagiellonska-28-nr-hip-181-182-d-praga\/\" target=\"_blank\"><span style=\"color: #000080; text-decoration: underline;\">By\u0142a to<\/span> jedna z nielicznych synagog wzniesionych na planie ko\u0142a.<\/a><\/span><\/span><\/span><\/strong><\/p>\n<p style=\"text-align: left;\"><span style=\"color: #000080;\">Cho\u0107 zosta\u0142a uszkodzona, przetrwa\u0142a wojn\u0119. Pod koniec lat 50. decyzj\u0105 w\u0142adz zosta\u0142a rozebrana. Pozosta\u0142o po niej ogrodzenie z \u017celaznymi prz\u0119s\u0142ami oraz fundamenty pod ziemi\u0105. Z gruz\u00f3w synagogi usypano g\u00f3rk\u0119 saneczkow\u0105, a na dzia\u0142ce urz\u0105dzono plac zabaw.<\/span><\/p>\n<p style=\"text-align: left;\"><span style=\"color: #000080;\">W 2002 r. narodzi\u0142 si\u0119 pomys\u0142 rekonstrukcji synagogi. Za jej odtworzeniem opowiedzieli si\u0119 historycy, varsaviani\u015bci i badacze architektury. Wed\u0142ug planu zagospodarowania Pragi z 2010 r., na dzia\u0142ce mia\u0142a pojawi\u0107 si\u0119 zabudowa mieszkalna. Po sprzeciwie spo\u0142ecznik\u00f3w i radnych Pragi-P\u00f3\u0142noc zmieniono zapis i dzia\u0142k\u0119 przeznaczono na cele kulturalno- o\u015bwiatowe. Dopuszczono plany rekonstrukcji synagogi i renowacji zabytkowego ogrodzenia. Plan utkn\u0105\u0142 jednak w martwym punkcie \u2013 nie znaleziono funduszy oraz nowej lokalizacji dla placu zabaw.<\/span><\/p>\n<p style=\"text-align: left;\"><span style=\"color: #000080;\">Barbara D\u017cugaj \u2013 rzeczniczka Urz\u0119du Dzielnicy Praga-P\u00f3\u0142noc, m\u00f3wi, \u017ce w tej chwili nie plan\u00f3w odtwarzania synagogi. Poinformowa\u0142a r\u00f3wnie\u017c, \u017ce plac zabaw jest modernizowany, a zabytkowe ogrodzenie rozebrano zgodnie z wytycznymi konserwatora zabytk\u00f3w. Po renowacji wr\u00f3ci na swoje miejsce. Twierdzi, \u017ce koparki nie uszkodz\u0105 pozosta\u0142o\u015bci po synagodze. Spo\u0142ecznicy s\u0105 jednak zaniepokojeni. Na placu ju\u017c pi\u0119trzy si\u0119 stos wydobytych cegie\u0142. Konserwatorzy nie mog\u0105 interweniowa\u0107 \u2013 fundamenty nie s\u0105 obj\u0119te ochron\u0105.<\/span><\/p>\n<hr style=\"height: 15px; background: #d0e6fa; width: 710px;\" \/>\n<div id=\"content\" class=\"  content-alignment&lt;br \/&gt;&lt;br \/&gt; \">\n<div id=\"watch-description\" class=\"yt-uix-button-panel\">\n<div id=\"watch-description-text\">\n<p style=\"text-align: center;\"><span style=\"color: #808080;\"> twoje uwagi, linki, wlasne artykuly, lub wiadomosci przeslij do: <strong><span style=\"text-decoration: underline;\"><span style=\"color: #808080; text-decoration: underline;\"><a href=\"mailto:webmaster@reunion68.com\">webmaster@reunion68.com<\/a><\/span><\/span><\/strong><\/span><\/p>\n<\/div>\n<\/div>\n<\/div>\n<p>&nbsp;<\/p>\n<hr style=\"width: 710px;\" \/>\n","protected":false},"excerpt":{"rendered":"<p>Co powstanie w miejscu synagogi na warszawskiej Pradze? Adrianna Adamik \u0179r\u00f3d\u0142o: Gazeta Wyborcza \u2013 Warszawa Na dzia\u0142k\u0119 u zbiegu ulic K\u0142opotowskiego i Jagiello\u0144skiej wjecha\u0142y koparki. Czy usun\u0105 pozosta\u0142o\u015bci po XIX-wiecznej synagodze? By\u0142a to jedna z nielicznych synagog wzniesionych na planie ko\u0142a. Cho\u0107 zosta\u0142a uszkodzona, przetrwa\u0142a wojn\u0119. Pod koniec lat 50. decyzj\u0105 w\u0142adz zosta\u0142a rozebrana. Pozosta\u0142o [&hellip;]<\/p>\n","protected":false},"author":1,"featured_media":0,"comment_status":"closed","ping_status":"closed","sticky":false,"template":"","format":"standard","meta":[],"categories":[4],"tags":[24],"_links":{"self":[{"href":"https:\/\/www.reunion68.se\/index.php?rest_route=\/wp\/v2\/posts\/10551"}],"collection":[{"href":"https:\/\/www.reunion68.se\/index.php?rest_route=\/wp\/v2\/posts"}],"about":[{"href":"https:\/\/www.reunion68.se\/index.php?rest_route=\/wp\/v2\/types\/post"}],"author":[{"embeddable":true,"href":"https:\/\/www.reunion68.se\/index.php?rest_route=\/wp\/v2\/users\/1"}],"replies":[{"embeddable":true,"href":"https:\/\/www.reunion68.se\/index.php?rest_route=%2Fwp%2Fv2%2Fcomments&post=10551"}],"version-history":[{"count":13,"href":"https:\/\/www.reunion68.se\/index.php?rest_route=\/wp\/v2\/posts\/10551\/revisions"}],"predecessor-version":[{"id":10553,"href":"https:\/\/www.reunion68.se\/index.php?rest_route=\/wp\/v2\/posts\/10551\/revisions\/10553"}],"wp:attachment":[{"href":"https:\/\/www.reunion68.se\/index.php?rest_route=%2Fwp%2Fv2%2Fmedia&parent=10551"}],"wp:term":[{"taxonomy":"category","embeddable":true,"href":"https:\/\/www.reunion68.se\/index.php?rest_route=%2Fwp%2Fv2%2Fcategories&post=10551"},{"taxonomy":"post_tag","embeddable":true,"href":"https:\/\/www.reunion68.se\/index.php?rest_route=%2Fwp%2Fv2%2Ftags&post=10551"}],"curies":[{"name":"wp","href":"https:\/\/api.w.org\/{rel}","templated":true}]}}