{"id":105522,"date":"2023-08-21T17:09:44","date_gmt":"2023-08-21T15:09:44","guid":{"rendered":"http:\/\/www.reunion68.se\/?p=105522"},"modified":"2023-08-14T09:14:20","modified_gmt":"2023-08-14T07:14:20","slug":"21-09-87","status":"publish","type":"post","link":"https:\/\/www.reunion68.se\/?p=105522","title":{"rendered":"D\u017cihad Organizacji Narod\u00f3w Zjednoczonych przeciwko Izraelowi"},"content":{"rendered":"<p style=\"text-align: center;\"><img decoding=\"async\" class=\"aligncenter\" src=\"https:\/\/www.gatestoneinstitute.org\/pics\/4423.jpg\" width=\"100%\"><span style=\"color: #808080;\"><em>Organizacja Narod\u00f3w Zjednoczonych przyj\u0119\u0142a paskudny zwyczaj wielu Palesty\u0144czyk\u00f3w: rzucanie w Izrael wszystkim, co mo\u017cna sobie wyobrazi\u0107. ONZ, rzekomo oddana ochronie praw cz\u0142owieka, w rzeczywisto\u015bci przekszta\u0142ci\u0142a si\u0119 machin\u0119 do rzucania fa\u0142szywych oskar\u017ce\u0144 w stylu brukowc\u00f3w, gdy w dodatku do innych oszczerstw o rytuale krwi do\u0142\u0105cza mo\u017cliwo\u015b\u0107 dodania Izraela do kraj\u00f3w znajduj\u0105cych si\u0119 na jej czarnej li\u015bcie. Na zdj\u0119ciu: prezydent Autonomii Palesty\u0144skiej Mahmoud Abbas przemawia przed Zgromadzeniem Og\u00f3lnym ONZ w Nowym Jorku 23 wrze\u015bnia 2022 r. (Zdj\u0119cie: Bryan R. Smith\/AFP via Getty Images)<\/em><\/span><\/p>\n<hr>\n<h5 style=\"text-align: center;\"><a href=\"https:\/\/pl.gatestoneinstitute.org\/\" target=\"_blank\" rel=\"noopener noreferrer\"><img decoding=\"async\" class=\"center alignleft\" src=\"https:\/\/pl.gatestoneinstitute.org\/images\/gatestone-logo-1000.gif\" alt=\"\" width=\"50%\"><\/a><span style=\"text-decoration: underline; color: #000080;\"><span><strong><a style=\"color: #000080; text-decoration: underline;\" href=\"https:\/\/pl.gatestoneinstitute.org\/19809\/dzihad-organizacji-narodow-zjednoczonych\" target=\"_blank\" rel=\"noopener noreferrer\">D\u017cihad Organizacji Narod\u00f3w Zjednoczonych przeciwko Izraelowi<\/a><\/strong><\/span><\/span><\/h5>\n<p style=\"text-align: center;\"><span style=\"color: #000000;\"><strong>Bassam Tawil<\/strong><\/span><\/p>\n<p style=\"text-align: center;\"><span style=\"color: #000000;\"><span style=\"color: #808080;\">T\u0142umaczenie: <\/span><strong>Ma\u0142gorzata Koraszewska<\/strong><\/span><\/p>\n<hr style=\"height: 15px; background: #d0e6fa; width: 100%;\">\n<p style=\"text-align: left;\"><span style=\"color: #000080;\">Organizacja Narod\u00f3w Zjednoczonych przyj\u0119\u0142a paskudny zwyczaj wielu Palesty\u0144czyk\u00f3w: oskar\u017cania Izraela o wszystko, co mo\u017cna sobie wyobrazi\u0107. Oskar\u017cenia przeciwko Izraelowi rozci\u0105gaj\u0105 si\u0119 od sfabrykowanych twierdze\u0144 nie tylko o &#8220;<a style=\"color: #000080;\" href=\"https:\/\/www.ngo-monitor.org\/reports\/michael-lynks-final-fiction\/\" target=\"_blank\" rel=\"noopener noreferrer\">apartheidzie<\/a>&#8220;, ale tak\u017ce o apartheidzie klimatycznym,&nbsp;<a style=\"color: #000080;\" href=\"https:\/\/pij.org\/blogs\/485\/water-apartheid-in-the-jordan-valley--an-ecological-strategy-of-occupation\" target=\"_blank\" rel=\"noopener noreferrer\">apartheidzie wodnym<\/a>,&nbsp;<a style=\"color: #000080;\" href=\"https:\/\/unwatch.org\/u-n-rebukes-only-israel-for-violating-womens-rights\/\" target=\"_blank\" rel=\"noopener noreferrer\">\u0142amaniu praw kobiet<\/a>&nbsp;(jedyny kraj oskar\u017cony o to w morzu mia\u017cd\u017c\u0105cych islamskich fundamentalistycznych re\u017cim\u00f3w!), o porwania i morderstwa palesty\u0144skich dzieci w celu&nbsp;<a style=\"color: #000080;\" href=\"https:\/\/english.alahednews.com.lb\/45027\/389\" target=\"_blank\" rel=\"noopener noreferrer\">pobrania ich narz\u0105d\u00f3w<\/a>.<\/span><\/p>\n<p style=\"text-align: left;\"><span style=\"color: #000080;\">ONZ, rzekomo oddana ochronie praw cz\u0142owieka, w rzeczywisto\u015bci przekszta\u0142ci\u0142a si\u0119 w machin\u0119 do rzucania fa\u0142szywych oskar\u017ce\u0144 w stylu brukowc\u00f3w, gdy w dodatku do innych oszczerstw o rytuale krwi do\u0142\u0105cza mo\u017cliwo\u015b\u0107 dodania Izraela do kraj\u00f3w znajduj\u0105cych si\u0119 na jej czarnej li\u015bcie w 2023&nbsp;<a style=\"color: #000080;\" href=\"https:\/\/childrenandarmedconflict.un.org\/document-type\/annual-reports\/\" target=\"_blank\" rel=\"noopener noreferrer\">Children<\/a>&nbsp;and Armed Conflict (CAAC) Report.<\/span><\/p>\n<p style=\"text-align: left;\"><span style=\"color: #000080;\"><a style=\"color: #000080;\" href=\"https:\/\/www.jpost.com\/israel-news\/article-744508\" target=\"_blank\" rel=\"noopener noreferrer\">Projekt<\/a>&nbsp;rezolucji ONZ w dziwaczny spos\u00f3b, bez \u017cadnych dowod\u00f3w, &#8220;oskar\u017ca Izrael o wykorzystanie trzech palesty\u0144skich nieletnich jako \u017cywych tarcz i bojownik\u00f3w&#8221;, w\u015br\u00f3d innych przest\u0119pstw, kt\u00f3re ambasada Izraela przy ONZ nazwa\u0142a &#8220;dziwnymi&#8221; oraz &#8220;ekstremalnymi i niezwyk\u0142ymi zarzutami&#8221;. twierdz\u0105c, \u017ce &#8220;\u017cadne takie przypadki nigdy nie mia\u0142y miejsca&#8230; i \u017ce twierdzenia s\u0105 fa\u0142szywe&#8221;.<\/span><\/p>\n<p style=\"text-align: left;\"><span style=\"color: #000080;\">Jednym z lider\u00f3w gorliwych stara\u0144 o niesprawiedliwe dodanie Izraela do czarnej listy ONZ jest organizacja World Vision International. Rozes\u0142a\u0142a ona list otwarty \u2013 z podpisami 18 innych organizacji pozarz\u0105dowych \u2013 zaadresowany do Sekretarza Generalnego ONZ Ant\u00f3nio Guterresa, powtarzaj\u0105c fa\u0142szywe i oszczercze oskar\u017cenia przeciwko Izraelowi dotycz\u0105ce rekrutacji dzieci.<\/span><\/p>\n<p style=\"text-align: left;\"><span style=\"color: #000080;\">Opr\u00f3cz w\u0142asnej&nbsp;<a style=\"color: #000080;\" href=\"https:\/\/en.wikipedia.org\/wiki\/World_Vision_International\" target=\"_blank\" rel=\"noopener noreferrer\">antyizraelskiej<\/a>&nbsp;historii tej ewangelicznej organizacji misyjnej \u2013 kt\u00f3ra por\u00f3wnuje Izrael do armii Hitlera i fa\u0142szywie oskar\u017ca go o finansowanie Hamasu \u2013&nbsp;<a style=\"color: #000080;\" href=\"https:\/\/www.wvi.org\/newsroom\/open-letter-un-secretary-general-children-and-armed-conflict\" target=\"_blank\" rel=\"noopener noreferrer\">lista wsp\u00f3\u0142sygnatariuszy<\/a>&nbsp;World Vision International zawiera &#8220;<i>Who&#8217;s Who<\/i>&#8221; organizacji antyizraelskich, w tym Human Rights Watch, autor\u00f3w g\u0142o\u015bnego raportu oskar\u017caj\u0105cego Izrael o &#8220;apartheiud&#8221; i &#8220;zbrodnie przeciwko ludzko\u015bci&#8221;.<\/span><\/p>\n<p style=\"text-align: left;\"><span style=\"color: #000080;\">W li\u015bcie otwartym jest r\u00f3wnie\u017c skarga, \u017ce &#8220;izraelskie si\u0142y rz\u0105dowe nigdy nie by\u0142y wymienione w za\u0142\u0105cznikach [czyli pot\u0119pione]&#8221;, i stwierdzenie, \u017ce zar\u00f3wno palesty\u0144skie grupy zbrojne, jak i izraelskie si\u0142y porz\u0105dkowe powinny zosta\u0107 dodane do tej listy.<\/span><\/p>\n<p style=\"text-align: left;\"><span style=\"color: #000080;\">W rekomendacjach jednak jest zalecenie, by umie\u015bci\u0107 Izrael na czarnej li\u015bcie, ale brak wzmianki o palesty\u0144skich i ira\u0144skich grupach zbrojnych.<\/span><\/p>\n<p style=\"text-align: left;\"><span style=\"color: #000080;\">Autonomia Palesty\u0144ska (AP) odcina si\u0119, kiedy jest to wygodne, od swojego zbrojnego skrzyd\u0142a, Fatahu i innych grup terrorystycznych, r\u00f3wnocze\u015bnie &#8220;nieoficjalnie&#8221; pod\u017cegaj\u0105c je do przemocy, a nawet ludob\u00f3jstwa. Mowa o AP \u2013 zdominowanej przez rz\u0105dz\u0105c\u0105 frakcj\u0119 Fatahu, na czele kt\u00f3rej stoi Mahmoud Abbas \u2013 a nie o Hamasie lub Islamskim D\u017cihadzie.<\/span><\/p>\n<p style=\"text-align: left;\"><span style=\"color: #000080;\">Wszystkie organizacje pozarz\u0105dowe, kt\u00f3re podpisa\u0142y t\u0119 petycj\u0119 do Sekretarza Generalnego ONZ, powo\u0142uj\u0105 si\u0119 na dokument zatytu\u0142owany &#8220;Wiarygodna lista: zalecenia do rocznego sprawozdania sekretarza generalnego za 2023 r. na temat dzieci w konfliktach zbrojnych&#8221;, kt\u00f3ry zosta\u0142 opublikowany przez organizacj\u0119 pozarz\u0105dow\u0105 Watchlist on Children and Armed Conflict (&#8220;Watchlist&#8221;).<\/span><\/p>\n<p style=\"text-align: left;\"><span style=\"color: #000080;\">Nie jest pewne, w jaki spos\u00f3b Watchlist zdoby\u0142a tak wp\u0142ywow\u0105 pozycj\u0119 w ONZ, ale najwyra\u017aniej wszystkie inne organizacje pozarz\u0105dowe u\u015bmiechaj\u0105 si\u0119 triumfalnie z powodu nominacji Izraela na tegoroczn\u0105 list\u0119 10 najbardziej haniebnych junt i gwa\u0142cicieli dzieci.<\/span><\/p>\n<p style=\"text-align: left;\"><span style=\"color: #000080;\">Watchlist wyja\u015bnia, \u017ce wyci\u0105gn\u0105\u0142 wnioski wy\u0142\u0105cznie na podstawie &#8220;przegl\u0105du dokumentacji r\u00f3\u017cnych publicznie dost\u0119pnych raport\u00f3w&#8230; w celu uwzgl\u0119dnienia zalece\u0144 zawartych w tej nocie politycznej&#8221;. Oznacza to, \u017ce Watchlist nie wys\u0142a\u0142a niezale\u017cnych ekspert\u00f3w, aby zweryfikowali twierdzenia w\u015bciekle antyizraelskich organizacji pozarz\u0105dowych, kt\u00f3re dostarczy\u0142y raporty i kt\u00f3rych \u017ar\u00f3d\u0142a utrzymania s\u0105 zwi\u0105zane z utrwalaniem kryzysu. Oficjalny zarzut brzmi: &#8220;Izrael\/okupowane terytoria palesty\u0144skie: izraelskie si\u0142y rz\u0105dowe w zwi\u0105zku z zabijaniem i okaleczaniem oraz atakami na szko\u0142y i szpitale&#8221;.<\/span><\/p>\n<p style=\"text-align: left;\"><span style=\"color: #000080;\">Wymaga\u0142o bardzo du\u017co wyt\u0119\u017conej pracy, by dopasowa\u0107 Izrael do niekt\u00f3rych z tych definicji.&nbsp;<a style=\"color: #000080;\" href=\"https:\/\/www.ngo-monitor.org\/reports\/un-report-children-armed-conflict-moving-the-goalposts\/\" target=\"_blank\" rel=\"noopener noreferrer\">Jak zauwa\u017ca<\/a>&nbsp;NGO Monitor:<\/span><\/p>\n<blockquote>\n<p style=\"text-align: left;\"><strong>&#8220;W raporcie jako g\u0142\u00f3wn\u0105 przyczyn\u0119 &#8220;okalecze\u0144 dzieci przez si\u0142y izraelskie&#8221; wymienia si\u0119 gaz \u0142zawi\u0105cy (ponad 50% incydent\u00f3w)&#8230; Rzeczywi\u015bcie, gaz \u0142zawi\u0105cy pojawi\u0142 si\u0119 wyj\u0105tkowo r\u00f3wnie\u017c w cz\u0119\u015bci po\u015bwi\u0119conej Izraelowi w raporcie z 2019 r. Jednak w owym roku w raporcie Sekretarza Generalnego wymieniono wdychanie gazu \u0142zawi\u0105cego jako &#8220;obra\u017cenia&#8221; odr\u0119bne od &#8220;okalecze\u0144&#8221;. Na konferencji prasowej w lipcu 2019. Specjalna Przedstawicielka ONZ ds. Dzieci i Konflikt\u00f3w Zbrojnych, Virginia Gamba, potwierdzi\u0142a to wyr\u00f3\u017cnienie i wskaza\u0142a, \u017ce jej biuro zamierza zbada\u0107 rozszerzenie definicji &#8216;okaleczenia&#8217;, by obejmowa\u0142a gaz \u0142zawi\u0105cy&#8221;.<\/strong><\/p>\n<\/blockquote>\n<p style=\"text-align: left;\"><span style=\"color: #000080;\">W sprawie zarzutu o izraelskich &#8220;atakach na szko\u0142y i szpitale&#8221;, jest dobrze poparte s\u0142ownym i filmowym materia\u0142em, \u017ce nie rozwa\u017cano tego w kontek\u015bcie, \u017ce &#8220;w \u015bwiecie Hamasu szpitale s\u0105 centrami dowodzenia, karetki pogotowia to pojazdy transportowe, a medycy to ludzkie tarcze, co jest ra\u017c\u0105cym naruszeniem prawa mi\u0119dzynarodowego&#8221;.<\/span><\/p>\n<blockquote>\n<p style=\"text-align: left;\"><strong>&#8220;W odpowiedzi na zagro\u017cenie, jakie stanowi\u0142o to dla si\u0142 IDF, IDF wielokrotnie przekazywa\u0142a ostrze\u017cenia personelowi szpitala, urz\u0119dnikom palesty\u0144skim i mi\u0119dzynarodowym organizacjom pomocowym, w tym \u015awiatowej Organizacji Zdrowia, prosz\u0105c o podj\u0119cie dzia\u0142a\u0144 w celu powstrzymania wykorzystywania szpitala do cel\u00f3w wojskowych. 23 lipca, po potwierdzeniu, \u017ce nie ma tam \u017cadnych cywil\u00f3w, IDF zaatakowa\u0142a kompleks i terroryst\u00f3w na terenie szpitala, aby usun\u0105\u0107 zagro\u017cenie dla si\u0142 IDF&#8221;.<\/strong><\/p>\n<\/blockquote>\n<p style=\"text-align: left;\"><span style=\"color: #000080;\">Wielu chwali\u0142o Izrael za podejmowanie bezprecedensowych wysi\u0142k\u00f3w, aby unikn\u0105\u0107 ofiar cywilnych i ograniczy\u0107 nieuniknione ofiary, nawet terroryst\u00f3w i bojownik\u00f3w, a tak\u017ce za \u015bciganie w\u0142asnych \u017co\u0142nierzy za naruszenia praw wojny.<\/span><\/p>\n<p style=\"text-align: left;\"><span style=\"color: #000080;\">Dla kontrastu, indoktrynacja terroryzmu we wczesnym dzieci\u0144stwie przez Hamas i Palesty\u0144ski Islamski D\u017cihad jest tak dobrze udokumentowana , \u017ce nie podlega dyskusji. To samo pranie m\u00f3zgu przeprowadzane przez Autonomi\u0119 Palesty\u0144sk\u0105 Mahmouda Abbasa jest tylko troch\u0119 bardziej dyskretne, ale konsekwentnie przedstawiane jest jako rzekomo &#8220;umiarkowane&#8221; oblicze walki palesty\u0144skiej, tak jakby organizacja bardziej zajmowa\u0142a si\u0119 wojn\u0105 prawn\u0105 i dyplomatyczn\u0105.<\/span><\/p>\n<p style=\"text-align: left;\"><span style=\"color: #000080;\">O\u015bwiadczenie Abbasa skierowane do jego wyborc\u00f3w za po\u015brednictwem oficjalnej telewizji AP, w przeciwie\u0144stwie do og\u00f3lnych angloj\u0119zycznych medi\u00f3w \u2013 pokazuj\u0105 co\u015b radykalnie innego:<\/span><\/p>\n<blockquote><p><strong>&#8220;Salutujemy ka\u017cdej kropli krwi przelanej na rzecz Jerozolimy&#8230; przelanej na rzecz Allaha, z wol\u0105 Allaha. Ka\u017cdy m\u0119czennik zostanie umieszczony w Raju, a wszyscy ranni zostan\u0105 nagrodzeni przez Allaha&#8221;.<\/strong><\/p><\/blockquote>\n<p style=\"text-align: left;\"><span style=\"color: #000080;\">Bior\u0105c pod uwag\u0119&nbsp;<a style=\"color: #000080;\" href=\"https:\/\/fts.unocha.org\/countries\/171\/flows\/2022?page=1\" target=\"_blank\" rel=\"noopener noreferrer\">astronomiczne sumy<\/a>&nbsp;mi\u0119dzynarodowych datk\u00f3w, kt\u00f3re ka\u017cdego roku zalewaj\u0105 palesty\u0144skie w\u0142adze za po\u015brednictwem niezliczonych organizacji pozarz\u0105dowych i organizacji humanitarnych, nie do pomy\u015blenia jest, \u017ce ub\u00f3stwo w\u015br\u00f3d tak wielu Palesty\u0144czyk\u00f3w, zw\u0142aszcza w obozach dla uchod\u017ac\u00f3w, nie jest efektem po\u017c\u0105danym i zaplanowanym. Po\u0142\u0105czenie intensywnej indoktrynacja nienawi\u015bci i terroru we wczesnym dzieci\u0144stwie ze sta\u0142\u0105 deprywacj\u0105 jest zaplanowan\u0105 recept\u0105 na terroryzm.<\/span><\/p>\n<p style=\"text-align: left;\"><span style=\"color: #000080;\">W kontrolowanych przez PA obozach dla uchod\u017ac\u00f3w nastolatki poddane s\u0105 umy\u015blnie stworzonej kombinacji beznadziei i kultu m\u0119czennik\u00f3w:<\/span><\/p>\n<blockquote><p><strong>&#8220;Bezrobocie i frustracja s\u0105 tu wysokie&#8230; chcemy zosta\u0107&#8230; m\u0119czennikami dla Boga, do grobu, nic wi\u0119cej. Nie chcemy si\u0119 \u017ceni\u0107 ani pracowa\u0107. Bezpo\u015brednio do grobu, nic wi\u0119cej&#8221;.<\/strong><\/p><\/blockquote>\n<p><span style=\"color: #000080;\">Zdj\u0119cia tych martwych dzieci wywo\u0142uj\u0105 wsp\u00f3\u0142czucie i zwi\u0119kszanie darowizn, fundusze p\u0142yn\u0105 w miliardach, a palesty\u0144scy oficjele, ich rodziny i przyjaciele ciesz\u0105 si\u0119 luksusowym \u017cyciem kosztem w\u0142asnego narodu \u2013 wszystko w imi\u0119 &#8220;sprawy palesty\u0144skiej&#8221; i walki z Izraelem.<\/span><\/p>\n<p><span style=\"color: #000080;\">Na li\u015bcie popieraj\u0105cej dodanie Izraela do raportu ONZ o dzieciach i konfliktach zbrojnych znajduje si\u0119 organizacja pozarz\u0105dowa Defence of Children International \u2013 Palestine, kt\u00f3ra fa\u0142szywie obwinia Izrael za \u015bmier\u0107 nieletnich terroryst\u00f3w.<\/span><\/p>\n<p><span style=\"color: #000080;\">Witryna organizacji regularnie prezentuje zdj\u0119cia normalnie wygl\u0105daj\u0105cych nastolatk\u00f3w, takich jak 17-letni&nbsp;<a style=\"color: #000080;\" href=\"https:\/\/www.palestinechronicle.com\/israeli-occupation-forces-kill-palestinian-teenager-in-faraa-refugee-camp\/\" target=\"_blank\" rel=\"noopener noreferrer\">Mahmoud<\/a>&nbsp;Majed al-Aydi, i przedstawia ich jako ofiary izraelskiej agresji. Z czasem pojawiaj\u0105 si\u0119&nbsp;<a style=\"color: #000080;\" href=\"https:\/\/twitter.com\/AdamAlbilya\/status\/1626364700001697794\" target=\"_blank\" rel=\"noopener noreferrer\">mniej niewinne zdj\u0119cia<\/a>&nbsp;tego samego nastolatka z karabinem automatycznym.<\/span><\/p>\n<p><span style=\"color: #000080;\">Nikki Haley, jako ambasador USA przy ONZ, ubolewa\u0142a nad losem palesty\u0144skich dzieci:<\/span><\/p>\n<blockquote><p><strong>&#8220;Ka\u017cdy, komu naprawd\u0119 zale\u017cy na dzieciach w Gazie, powinien nalega\u0107, aby Hamas natychmiast zaprzesta\u0142 wykorzystywania dzieci jako mi\u0119sa armatniego w swoim konflikcie z Izraelem&#8230; To po prostu kwestia przyzwoito\u015bci. Ca\u0142a ludzko\u015b\u0107 przegrywa, kiedy barbarzy\u0144ska praktyka u\u017cywania ludzkich tarcz jest tolerowana i pozostaje bez odpowiedzi&#8221;.<\/strong><\/p><\/blockquote>\n<p style=\"text-align: left;\"><span style=\"color: #000080;\">Praktycznie wszystkie organizacje pozarz\u0105dowe zajmuj\u0105ce si\u0119 opiek\u0105 nad dzie\u0107mi, kt\u00f3re popieraj\u0105 ostatni\u0105 pot\u0119piaj\u0105c\u0105 Izrael rezolucj\u0119 ONZ, deklaruj\u0105 swoje niezachwiane poparcie dla &#8220;dobrostanu psychospo\u0142ecznego&#8221; i wszystkich innych mo\u017cliwych potrzeb palesty\u0144skich dzieci, ca\u0142kowicie ignoruj\u0105c potrzeby dzieci izraelskich, kt\u00f3re prze\u017cywaj\u0105 traum\u0119 z powodu terroru.<\/span><\/p>\n<p style=\"text-align: left;\"><span style=\"color: #000080;\">\u017badna z tych organizacji rzekomo zajmuj\u0105cych si\u0119 ochron\u0105 dzieci nie \u017c\u0105da odpowiedzialno\u015bci od grup palesty\u0144skich za terroryzowanie dzieci w Izraelu, za ataki na przedszkola. \u017badna z nich nie przydziela \u015brodk\u00f3w pomocowych na rozszerzenie dost\u0119pno\u015bci schron\u00f3w przeciwrakietowych na izraelskich placach zabaw lub barykad na przystankach autobusowych w celu obrony przed taranowanie samochodami, ani na oferowanie poradnictwa urazowego dzieciom terroryzowanym w ca\u0142ym Izraelu zar\u00f3wno przez ataki rakietowe, jak i ataki terrorystyczne.<\/span><\/p>\n<p style=\"text-align: left;\"><span style=\"color: #000080;\">Nale\u017cy zada\u0107 pytanie: czy rzeczywi\u015bcie chodzi tu o &#8220;dobro dzieci&#8221;, czy te\u017c o demonizacj\u0119 Izraela, jedynego demokratycznego kraju w regionie, kt\u00f3ry faktycznie szanuje prawa cz\u0142owieka, zagra\u017caj\u0105c w ten spos\u00f3b represyjnym dyktaturom wok\u00f3\u0142?<\/span><\/p>\n<p style=\"text-align: left;\"><span style=\"color: #000080;\">Australijski analityk polityczny, Ahron Shapiro, zwi\u0119\u017ale ujmuje problem:<\/span><\/p>\n<blockquote>\n<p style=\"text-align: left;\"><strong>&#8220;Nie mo\u017cna rozwa\u017ca\u0107 cynicznego wykorzystywania palesty\u0144skich dzieci przez palesty\u0144ski ruch nacjonalistyczny bez uznania, \u017ce mi\u0119dzynarodowe organizacje pozarz\u0105dowe, kt\u00f3re twierdz\u0105, \u017ce dzia\u0142aj\u0105 na rzecz dobra dzieci, cz\u0119sto zach\u0119caj\u0105 do tego wykorzystywania, odmawiaj\u0105c krytykowania tej praktyki.<\/strong><\/p>\n<p style=\"text-align: left;\"><strong>Nigdzie nie jest to bardziej widoczne ni\u017c w przypadku organizacji pozarz\u0105dowej Defence of Children International-Palestine, kt\u00f3ra zosta\u0142a zidentyfikowana przez NGO Monitor jako posiadaj\u0105ca bliskie powi\u0105zania z Ludowym Frontem Wyzwolenia Palestyny.<\/strong><\/p>\n<p style=\"text-align: left;\"><strong>Je\u017celi prawa palesty\u0144skich dzieci maj\u0105 by\u0107 chronione w taki sam spos\u00f3b, jak prawa dzieci gdziekolwiek \u2013 to upolitycznienie tej kwestii musi si\u0119 sko\u0144czy\u0107. Palesty\u0144ska odpowiedzialno\u015b\u0107 rodzicielska i rz\u0105dowa za wychowanie i edukacj\u0119 dzieci w \u015brodowisku wolnym od pod\u017cegania i nienawi\u015bci oraz ich odpowiedzialno\u015b\u0107 za nadzorowanie dzieci i zapobieganie ich anga\u017cowaniu si\u0119 w przemoc, musi by\u0107 rozpatrywana z tak\u0105 sam\u0105 energi\u0105, jak zarzuty z\u0142ego traktowania ze strony Izraelczyk\u00f3w&#8221;.<\/strong><\/p>\n<\/blockquote>\n<p><span style=\"color: #000080;\">Ta akcja zastraszania i pod\u017cegania do wpisania Izraela na czarn\u0105 list\u0119 ONZ, prowadzona przez sygnatariuszy organizacji pozarz\u0105dowych i ca\u0142\u0105 demonizuj\u0105c\u0105 Izrael, promuj\u0105c\u0105 &#8220;Palestyn\u0119&#8221; spo\u0142eczno\u015b\u0107, pod przykrywk\u0105 krokodylich \u0142ez uzasadnionej troski o dobro dzieci, jest nie tylko obrzydliwa, s\u0142u\u017cy r\u00f3wnie\u017c dalszej delegitymizacji ONZ i innych organizacji, kt\u00f3re dopuszczaj\u0105 si\u0119 takich oszustw.<\/span><\/p>\n<p><span style=\"color: #000080;\">Zamiast prowadzi\u0107 d\u017cihad (\u015bwi\u0119t\u0105 wojn\u0119) z Izraelem, ONZ mo\u017ce zacz\u0105\u0107 zwraca\u0107 uwag\u0119 na \u0142amanie praw cz\u0142owieka i masowe wykorzystywanie dzieci pope\u0142niane przez palesty\u0144skich i arabskich przyw\u00f3dc\u00f3w wobec w\u0142asnego narodu, jak r\u00f3wnie\u017c wobec \u017byd\u00f3w.<\/span><\/p>\n<hr>\n<p style=\"text-align: left;\"><span style=\"color: #808080;\"><i><strong>Bassam Tawil<\/strong> jest muzu\u0142ma\u0144skim badaczem i publicyst\u0105 mieszkaj\u0105cym na Bliskim Wschodzie.<\/i><\/span><\/p>\n<hr style=\"height: 15px; background: #d0e6fa; width: 100%;\">\n<div id=\"content\" class=\"content-alignment\">\n<div id=\"watch-description\" class=\"yt-uix-button-panel\">\n<div id=\"watch-description-text\" style=\"text-align: center;\">\n<p><em>Zawarto\u015b\u0107 publikowanych artyku\u0142\u00f3w i materia\u0142\u00f3w nie reprezentuje pogl\u0105d\u00f3w ani opinii Reunion&#8217;68,<\/em><em><br \/>\nani te\u017c webmastera Blogu Reunion&#8217;68, chyba ze jest to wyra\u017anie zaznaczone.<br \/>\nTwoje uwagi, linki, w\u0142asne artyku\u0142y lub wiadomo\u015bci prze\u015blij na adres:<br \/>\n<\/em><span style=\"color: #000080;\"><strong><em><a style=\"color: #000080;\" href=\"mailto:webmaster@reunion68.com\"><span style=\"text-decoration: underline;\">webmaster@reunion68.com<\/span><\/a><\/em><\/strong><\/span><\/p>\n<\/div>\n<\/div>\n<\/div>\n<hr style=\"width: 100%;\">\n","protected":false},"excerpt":{"rendered":"<p>Organizacja Narod\u00f3w Zjednoczonych przyj\u0119\u0142a paskudny zwyczaj wielu Palesty\u0144czyk\u00f3w: rzucanie w Izrael wszystkim, co mo\u017cna sobie wyobrazi\u0107. ONZ, rzekomo oddana ochronie praw cz\u0142owieka, w rzeczywisto\u015bci przekszta\u0142ci\u0142a si\u0119 machin\u0119 do rzucania fa\u0142szywych oskar\u017ce\u0144 w stylu brukowc\u00f3w, gdy w dodatku do innych oszczerstw o rytuale krwi do\u0142\u0105cza mo\u017cliwo\u015b\u0107 dodania Izraela do kraj\u00f3w znajduj\u0105cych si\u0119 na jej czarnej li\u015bcie. [&hellip;]<\/p>\n","protected":false},"author":1,"featured_media":0,"comment_status":"closed","ping_status":"closed","sticky":false,"template":"","format":"standard","meta":[],"categories":[6],"tags":[26,24],"_links":{"self":[{"href":"https:\/\/www.reunion68.se\/index.php?rest_route=\/wp\/v2\/posts\/105522"}],"collection":[{"href":"https:\/\/www.reunion68.se\/index.php?rest_route=\/wp\/v2\/posts"}],"about":[{"href":"https:\/\/www.reunion68.se\/index.php?rest_route=\/wp\/v2\/types\/post"}],"author":[{"embeddable":true,"href":"https:\/\/www.reunion68.se\/index.php?rest_route=\/wp\/v2\/users\/1"}],"replies":[{"embeddable":true,"href":"https:\/\/www.reunion68.se\/index.php?rest_route=%2Fwp%2Fv2%2Fcomments&post=105522"}],"version-history":[{"count":6,"href":"https:\/\/www.reunion68.se\/index.php?rest_route=\/wp\/v2\/posts\/105522\/revisions"}],"predecessor-version":[{"id":105554,"href":"https:\/\/www.reunion68.se\/index.php?rest_route=\/wp\/v2\/posts\/105522\/revisions\/105554"}],"wp:attachment":[{"href":"https:\/\/www.reunion68.se\/index.php?rest_route=%2Fwp%2Fv2%2Fmedia&parent=105522"}],"wp:term":[{"taxonomy":"category","embeddable":true,"href":"https:\/\/www.reunion68.se\/index.php?rest_route=%2Fwp%2Fv2%2Fcategories&post=105522"},{"taxonomy":"post_tag","embeddable":true,"href":"https:\/\/www.reunion68.se\/index.php?rest_route=%2Fwp%2Fv2%2Ftags&post=105522"}],"curies":[{"name":"wp","href":"https:\/\/api.w.org\/{rel}","templated":true}]}}