{"id":105563,"date":"2023-07-21T17:09:29","date_gmt":"2023-07-21T15:09:29","guid":{"rendered":"http:\/\/www.reunion68.se\/?p=105563"},"modified":"2023-07-21T13:46:14","modified_gmt":"2023-07-21T11:46:14","slug":"23-09-87","status":"publish","type":"post","link":"https:\/\/www.reunion68.se\/?p=105563","title":{"rendered":"W Bagdadzie zaatakowano ambasad\u0119 Szwecji, bo w Sztokholmie chc\u0105 pali\u0107 Koran"},"content":{"rendered":"<p style=\"text-align: center;\"><img decoding=\"async\" class=\"aligncenter\" src=\"https:\/\/svd.vgc.no\/v2\/images\/e11f3abe-7989-4686-a1df-e2965a476031?h=560&amp;q=80&amp;upscale=true&amp;w=995&amp;s=cdd87ab09735acddb3e0ca02b3adfd84e709f26f\" width=\"100%\" \/><span style=\"color: #808080;\"><em>Szturmy szwedzkiej ambasady w Bagdadzie. (foto SvD)<\/em><\/span><\/p>\n<hr \/>\n<h5 style=\"text-align: center;\"><a href=\"https:\/\/wyborcza.pl\/\" target=\"_blank\" rel=\"noopener noreferrer\"><img decoding=\"async\" class=\"center alignleft\" src=\"http:\/\/www.reunion68.com\/Biuletyn\/img\/wyborcza.png\" alt=\"\" width=\"35%\" \/><\/a><span style=\"text-decoration: underline; color: #000080;\"><strong><a style=\"color: #000080; text-decoration: underline;\" href=\"https:\/\/wyborcza.pl\/7,75399,29992511,w-bagdadzie-zaatakowano-ambasade-szwecji-bo-w-sztokholmie-chca.html\" target=\"_blank\" rel=\"noopener noreferrer\">W Bagdadzie zaatakowano ambasad\u0119 Szwecji, bo w Sztokholmie chc\u0105 pali\u0107 Koran<\/a><\/strong><\/span><\/h5>\n<p style=\"text-align: center;\"><span style=\"color: #000000;\"><strong>Marta Urz\u0119dowska<\/strong><\/span><\/p>\n<hr style=\"height: 15px; background: #d0e6fa; width: 100%;\" \/>\n<div class=\"text--lead \" style=\"text-align: left;\"><span style=\"color: #000080;\">Setki os\u00f3b wdar\u0142y si\u0119 na teren szwedzkiej ambasady w Bagdadzie, wspinaj\u0105c si\u0119 na mury i podpalaj\u0105c budynek. Protestowali przeciwko planowanemu na dzi\u015b w Sztokholmie spaleniu Koranu, kolejnemu w szwedzkiej stolicy w ci\u0105gu ostatnich tygodni.<\/span><\/div>\n<div class=\"article--underlead\" style=\"text-align: left;\"><\/div>\n<div class=\"article--content article--content-free  \">\n<p class=\"text--paragraph\" style=\"text-align: left;\"><span style=\"color: #000080;\">Protestuj\u0105cych by\u0142y setki, g\u0142\u00f3wnie m\u0142odzi m\u0119\u017cczy\u017ani. Wdarli si\u0119 w \u015brod\u0119 wieczorem na teren ambasady Szwecji w Bagdadzie, wspinaj\u0105c si\u0119 na mury i podk\u0142adaj\u0105c ogie\u0144 w samym budynku.<\/span><\/p>\n<p class=\"text--paragraph\" style=\"text-align: left;\"><span style=\"color: #000080;\">Szwedzkie w\u0142adze zapewniaj\u0105, \u017ce ca\u0142y personel ambasady jest bezpieczny.<\/span><\/p>\n<h4 class=\"text--title font-head-700\"><strong>Szwecja: To naruszenie konwencji. Irak: Winnych ukarzemy<\/strong><\/h4>\n<p class=\"text--paragraph\" style=\"text-align: left;\"><span style=\"color: #000080;\">Na nagraniach zamieszczonych w sieci wida\u0107, jak protestuj\u0105cy wspinaj\u0105 si\u0119 na otaczaj\u0105ce plac\u00f3wk\u0119 mury, pr\u00f3buj\u0105 forsowa\u0107 g\u0142\u00f3wne wej\u015bcie do ambasady, po czym podk\u0142adaj\u0105 ogie\u0144, z okien unosi si\u0119 ciemny dym. Niekt\u00f3rzy protestuj\u0105cy trzymaj\u0105 egzemplarze Koranu, inni \u2013 flagi i plakaty z podobizn\u0105 wp\u0142ywowego radykalnego duchownego Muktady as-Sadra.<\/span><\/p>\n<\/div>\n<p class=\"text--paragraph\" style=\"text-align: left;\"><span style=\"color: #000080;\">Iracka policja rozp\u0119dzi\u0142a t\u0142um przy u\u017cyciu armatek wodnych. Jak podaje agencja AFP, funkcjonariusze gonili te\u017c demonstrant\u00f3w z pa\u0142kami i paralizatorami.<\/span><\/p>\n<p class=\"text--paragraph\" style=\"text-align: left;\"><span style=\"color: #000080;\">Szwecja pot\u0119pia atak i okre\u015bla go jako powa\u017cne naruszenie konwencji wiede\u0144skiej. Wzywa te\u017c w\u0142adze w Bagdadzie, by \u201echroni\u0142y dyplomatyczne plac\u00f3wki i ich personel&#8221;.<\/span><\/p>\n<p class=\"text--paragraph\" style=\"text-align: left;\"><span style=\"color: #000080;\">Iracki rz\u0105d r\u00f3wnie\u017c pot\u0119pi\u0142 atak i zapowiedzia\u0142 pilne \u015bledztwo, by \u201eustali\u0107 okoliczno\u015bci incydentu, zidentyfikowa\u0107 sprawc\u00f3w i poci\u0105gn\u0105\u0107 ich do odpowiedzialno\u015bci zgodnie z prawem&#8221;.<\/span><\/p>\n<p style=\"text-align: center;\"><img decoding=\"async\" class=\"aligncenter\" src=\"https:\/\/svd.vgc.no\/v2\/images\/86ebf0fb-1476-4b15-b405-d88670de08b8?fit=crop&amp;h=1125&amp;q=80&amp;upscale=true&amp;w=2000&amp;s=42221dd0a563558c5a5791d582fd56efd6d2eb96\" width=\"100%\" \/><span style=\"color: #808080;\"><em><span class=\"jCAhz ChMk0b\"><span class=\"ryNqvb\">Demonstranter vid Sveriges ambassad i Bagdad dagen efter koranbr\u00e4nningen i Stockholm.<\/span><\/span> <span class=\"jCAhz ChMk0b\"><span class=\"ryNqvb\">Foto: Ahmed Saad\/Reuters<\/span><\/span><\/em><\/span><\/p>\n<h4 class=\"text--title font-head-700\"><strong>Protestuj\u0105, bo Irakijczyk w Sztokholmie spali\u0142 Koran<\/strong><\/h4>\n<p class=\"text--paragraph\" style=\"text-align: left;\"><span style=\"color: #000080;\">Atak zosta\u0142 sprowokowany zapowiedziami o publicznym spaleniu Koranu, do jakiego \u2013 jak podaje AFP &#8211; mia\u0142o doj\u015b\u0107 dzi\u015b w Sztokholmie. W\u0142a\u015bnie informacja, \u017ce szwedzka policja udzieli\u0142a ju\u017c zgody na demonstracj\u0119, wywo\u0142a\u0142a protesty w Bagdadzie.<\/span><\/p>\n<p class=\"text--paragraph\" style=\"text-align: left;\"><span style=\"color: #000080;\">Wcze\u015bniej, pod koniec czerwca, pod meczetem w Sztokholmie r\u00f3wnie\u017c dosz\u0142o do spalenia Koranu. M\u0119\u017cczyzna, kt\u00f3ry wtedy tego dokona\u0142, by\u0142 Irakijczykiem.<\/span><\/p>\n<p class=\"text--paragraph\" style=\"text-align: left;\"><span style=\"color: #000080;\">W odpowiedzi Muktada as-Sadr wezwa\u0142 swoich zwolennik\u00f3w, by protestowali i za\u017c\u0105dali wyrzucenia z Iraku szwedzkiego ambasadora. W efekcie jeszcze w czerwcu pod szwedzk\u0105 ambasad\u0105 w Bagdadzie odby\u0142y si\u0119 dwie podobne demonstracje, przy czym podczas jednej z nich protestuj\u0105cym r\u00f3wnie\u017c uda\u0142o si\u0119 wedrze\u0107 na teren kompleksu, cho\u0107 nie weszli do samego budynku.<\/span><\/p>\n<p class=\"text--paragraph\" style=\"text-align: left;\"><span style=\"color: #000080;\">Jak przypomina BBC, szwedzka policja w ostatnich miesi\u0105cach kilka razy odm\u00f3wi\u0142a zgody na organizowanie protest\u00f3w, podczas kt\u00f3rych mia\u0142o doj\u015b\u0107 do spalenia Koranu, jednak s\u0105dy &#8211; powo\u0142uj\u0105c si\u0119 na zagwarantowan\u0105 w prawie wolno\u015b\u0107 s\u0142owa &#8211; zdecydowa\u0142y, \u017ce protesty mog\u0105 si\u0119 odby\u0107.<\/span><\/p>\n<p style=\"text-align: left;\"><span style=\"color: #000080;\">R\u00f3wnie\u017c na pocz\u0105tku roku, podczas protestu pod ambasad\u0105 Turcji w Sztokholmie, zorganizowanego z powodu blokowania przez Ankar\u0119 wej\u015bcia Szwecji do NATO, dosz\u0142o do publicznego spalenia Koranu. Zrobi\u0142 to Rasmus Paludan, lider du\u0144skiej, skrajnie prawicowej partii Hard Line, kt\u00f3ry w przesz\u0142o\u015bci cz\u0119sto organizowa\u0142 podobne protesty.<\/span><\/p>\n<hr style=\"height: 15px; background: #d0e6fa; width: 100%;\" \/>\n<div id=\"content\" class=\"content-alignment\">\n<div id=\"watch-description\" class=\"yt-uix-button-panel\">\n<div id=\"watch-description-text\" style=\"text-align: center;\">\n<p><em>Zawarto\u015b\u0107 publikowanych artyku\u0142\u00f3w i materia\u0142\u00f3w nie reprezentuje pogl\u0105d\u00f3w ani opinii Reunion&#8217;68,<\/em><em><br \/>\nani te\u017c webmastera Blogu Reunion&#8217;68, chyba ze jest to wyra\u017anie zaznaczone.<br \/>\nTwoje uwagi, linki, w\u0142asne artyku\u0142y lub wiadomo\u015bci prze\u015blij na adres:<br \/>\n<\/em><span style=\"color: #000080;\"><strong><em><a style=\"color: #000080;\" href=\"mailto:webmaster@reunion68.com\"><span style=\"text-decoration: underline;\">webmaster@reunion68.com<\/span><\/a><\/em><\/strong><\/span><\/p>\n<\/div>\n<\/div>\n<\/div>\n<hr style=\"width: 100%;\" \/>\n","protected":false},"excerpt":{"rendered":"<p>Szturmy szwedzkiej ambasady w Bagdadzie. (foto SvD) W Bagdadzie zaatakowano ambasad\u0119 Szwecji, bo w Sztokholmie chc\u0105 pali\u0107 Koran Marta Urz\u0119dowska Setki os\u00f3b wdar\u0142y si\u0119 na teren szwedzkiej ambasady w Bagdadzie, wspinaj\u0105c si\u0119 na mury i podpalaj\u0105c budynek. Protestowali przeciwko planowanemu na dzi\u015b w Sztokholmie spaleniu Koranu, kolejnemu w szwedzkiej stolicy w ci\u0105gu ostatnich tygodni. Protestuj\u0105cych [&hellip;]<\/p>\n","protected":false},"author":1,"featured_media":0,"comment_status":"closed","ping_status":"closed","sticky":false,"template":"","format":"standard","meta":[],"categories":[6],"tags":[26,24],"_links":{"self":[{"href":"https:\/\/www.reunion68.se\/index.php?rest_route=\/wp\/v2\/posts\/105563"}],"collection":[{"href":"https:\/\/www.reunion68.se\/index.php?rest_route=\/wp\/v2\/posts"}],"about":[{"href":"https:\/\/www.reunion68.se\/index.php?rest_route=\/wp\/v2\/types\/post"}],"author":[{"embeddable":true,"href":"https:\/\/www.reunion68.se\/index.php?rest_route=\/wp\/v2\/users\/1"}],"replies":[{"embeddable":true,"href":"https:\/\/www.reunion68.se\/index.php?rest_route=%2Fwp%2Fv2%2Fcomments&post=105563"}],"version-history":[{"count":9,"href":"https:\/\/www.reunion68.se\/index.php?rest_route=\/wp\/v2\/posts\/105563\/revisions"}],"predecessor-version":[{"id":105576,"href":"https:\/\/www.reunion68.se\/index.php?rest_route=\/wp\/v2\/posts\/105563\/revisions\/105576"}],"wp:attachment":[{"href":"https:\/\/www.reunion68.se\/index.php?rest_route=%2Fwp%2Fv2%2Fmedia&parent=105563"}],"wp:term":[{"taxonomy":"category","embeddable":true,"href":"https:\/\/www.reunion68.se\/index.php?rest_route=%2Fwp%2Fv2%2Fcategories&post=105563"},{"taxonomy":"post_tag","embeddable":true,"href":"https:\/\/www.reunion68.se\/index.php?rest_route=%2Fwp%2Fv2%2Ftags&post=105563"}],"curies":[{"name":"wp","href":"https:\/\/api.w.org\/{rel}","templated":true}]}}