{"id":105618,"date":"2023-07-30T17:09:16","date_gmt":"2023-07-30T15:09:16","guid":{"rendered":"http:\/\/www.reunion68.se\/?p=105618"},"modified":"2023-07-25T15:00:19","modified_gmt":"2023-07-25T13:00:19","slug":"25-09-82","status":"publish","type":"post","link":"https:\/\/www.reunion68.se\/?p=105618","title":{"rendered":"Lato z \u017bIH"},"content":{"rendered":"<p><img decoding=\"async\" class=\"aligncenter\" src=\"https:\/\/www.jhi.pl\/storage\/image\/core_files\/2023\/7\/14\/971f25027e67e9661ca50bd61bee4953\/png\/jhi\/normal_big\/Grafiki%20na%20stron%C4%99(17).webp\" width=\"100%\"><\/p>\n<hr>\n<h5 style=\"text-align: center;\"><a href=\"https:\/\/www.jhi.pl\/\" target=\"_blank\" rel=\"noopener noreferrer\"><img decoding=\"async\" class=\"center alignleft\" src=\"http:\/\/www.reunion68.com\/Biuletyn\/img\/zih-1.png\" alt=\"\" width=\"35%\"><\/a><span style=\"text-decoration: underline; color: #000080;\"><span style=\"text-decoration: underline;\"><strong><a style=\"color: #000080; text-decoration: underline;\" href=\"https:\/\/www.jhi.pl\/artykuly\/lato-z-zih,7134\" target=\"_blank\" rel=\"noopener noreferrer\">Lato z \u017bIH<\/a><\/strong><\/span><\/span><\/h5>\n<p style=\"text-align: center;\"><span style=\"color: #000000;\"><strong>\u017bydowski Instytut Historyczny<\/strong><\/span><\/p>\n<hr style=\"height: 15px; background: #d0e6fa; width: 100%;\">\n<h4 style=\"text-align: center;\">\n<span style=\"color: #808080;\"><strong>Przedstawiamy kalendarium \u017bIH na lipiec i sierpie\u0144 2023!<\/strong><\/span><\/h4>\n<table width=\"100%\">\n<tbody>\n<tr>\n<td><strong>Data<\/strong><\/td>\n<td><strong>Temat<\/strong><\/td>\n<td><strong>Go\u015bcie\/Prowadz\u0105cy<\/strong><\/td>\n<td><strong>Uwagi<\/strong><\/td>\n<\/tr>\n<tr>\n<td>21 lipca, pi\u0105tek, 18:00<\/td>\n<td><strong><a href=\"https:\/\/www.jhi.pl\/wydarzenia\/marsz-pamieci,1867\">Marsz Pami\u0119ci<\/a><br \/>\n<\/strong><\/td>\n<td><\/td>\n<td>Trasa: Umschlagplatz \u2013Stawki \u2013 Dubois \u2013 Zamenhofa \u2013 Nowolipki \u2013 Andersa<\/td>\n<\/tr>\n<tr>\n<td>23 lipca, niedziela, 11:00<\/td>\n<td><a href=\"https:\/\/www.jhi.pl\/wydarzenia\/zielen-w-getcie-warszawskim--spacer,1891\"><strong>Ziele\u0144 w getcie warszawskim. Spacer<\/strong><\/a><\/td>\n<td>dr Justyna Majewska<\/td>\n<td>Zapisy na dwa tygodnie przed wydarzeniem pod adresem:&nbsp;<a href=\"mailto:rezerwacja@jhi.pl\">rezerwacja@jhi.pl<\/a><\/td>\n<\/tr>\n<tr>\n<td>30 lipca, niedziela, 16:00<\/td>\n<td><a href=\"https:\/\/www.jhi.pl\/wydarzenia\/korzenie-powstania--oprowadzanie-kuratorskie,1888\"><strong>Oprowadzanie kuratorskie po wystawie czasowej \u201eKorzenie powstania. Op\u00f3r w getcie warszawskim&#8221;<\/strong><\/a><\/td>\n<td>Franciszek Boja\u0144czyk<\/td>\n<td>Zapisy na dwa tygodnie przed wydarzeniem pod adresem:&nbsp;<a href=\"mailto:rezerwacja@jhi.pl\">rezerwacja@jhi.pl<\/a><\/td>\n<\/tr>\n<tr>\n<td>2 sierpnia, \u015broda, 12:00<\/td>\n<td><strong><a href=\"https:\/\/www.jhi.pl\/wydarzenia\/78-rocznica-buntu-wiezniow-obozu-smierci-treblinka-ii,1885\">Uroczysto\u015b\u0107 upami\u0119tniaj\u0105ca ofiary w 80. rocznic\u0119 powstania w obozie zag\u0142ady Treblinka II<\/a><\/strong><\/td>\n<td><\/td>\n<td>Zapisy na przejazd autokarem na miejsce uroczysto\u015bci:&nbsp;<a href=\"https:\/\/bit.ly\/przejazdtreblinka\">https:\/\/bit.ly\/przejazdtreblinka<\/a><\/td>\n<\/tr>\n<tr>\n<td>6 sierpnia, niedziela, 16:00<\/td>\n<td><a href=\"https:\/\/www.jhi.pl\/wydarzenia\/nieujarzmione-rosliny-muranowa--spacer-botaniczny,1901\"><strong>Nieujarzmione ro\u015bliny Muranowa. Spacer botaniczny<\/strong><\/a><\/td>\n<td>Adam Kapler<\/td>\n<td>Zapisy na dwa tygodnie przed wydarzeniem pod adresem:&nbsp;<a href=\"mailto:rezerwacja@jhi.pl\">rezerwacja@jhi.pl<\/a><\/td>\n<\/tr>\n<tr>\n<td>9 sierpnia, \u015broda, 18:00<\/td>\n<td><strong>Korzenie i znaki pami\u0119ci Muranowa. Spacer<\/strong><\/td>\n<td>Beata Chom\u0105towska<\/td>\n<td>Zapisy na dwa tygodnie przed wydarzeniem pod adresem:&nbsp;<a href=\"mailto:rezerwacja@jhi.pl\">rezerwacja@jhi.pl<\/a><\/td>\n<\/tr>\n<tr>\n<td>13 sierpnia, niedziela, 11:00<\/td>\n<td><strong>Cmentarz \u017cydowski przy ul. Okopowej. Spacer<\/strong><\/td>\n<td>Dzia\u0142 Edukacji<\/td>\n<td>Zapisy na dwa tygodnie przed wydarzeniem pod adresem:&nbsp;<a href=\"mailto:rezerwacja@jhi.pl\">rezerwacja@jhi.pl<\/a><\/td>\n<\/tr>\n<tr>\n<td>20 sierpnia, niedziela, 11:00<\/td>\n<td><strong>Oprowadzanie po wystawie czasowej \u201eKorzenie powstania. Op\u00f3r w getcie warszawskim&#8221;<\/strong><\/td>\n<td><\/td>\n<td>Zapisy na dwa tygodnie przed wydarzeniem pod adresem:&nbsp;<a href=\"mailto:rezerwacja@jhi.pl\">rezerwacja@jhi.pl<\/a><\/td>\n<\/tr>\n<tr>\n<td>27 sierpnia, niedziela, 11:00<\/td>\n<td><a href=\"https:\/\/www.jhi.pl\/wydarzenia\/pomniki-oporu--oprowadzanie-kuratorskie,1887\"><strong>Oprowadzanie kuratorskie po wystawie \u201ePomniki oporu. Sztuka wobec powstania w getcie warszawskim (1943-1956)&#8221;<\/strong><\/a><\/td>\n<td><\/td>\n<td>Zapisy na dwa tygodnie przed wydarzeniem pod adresem:&nbsp;<a href=\"mailto:rezerwacja@jhi.pl\">rezerwacja@jhi.pl<\/a><\/td>\n<\/tr>\n<tr>\n<td>30 sierpnia, \u015broda, 18:00<\/td>\n<td><a href=\"https:\/\/www.jhi.pl\/wydarzenia\/warszawa-oczami-emanuela-ringelbluma--spacer,1895\"><strong>Warszawa oczami Emanuela Ringelbluma. Spacer<\/strong><\/a><\/td>\n<td>Dzia\u0142 Edukacji<\/td>\n<td>Zapisy na dwa tygodnie przed wydarzeniem pod adresem:&nbsp;<a href=\"mailto:rezerwacja@jhi.pl\">rezerwacja@jhi.pl<\/a><\/td>\n<\/tr>\n<\/tbody>\n<\/table>\n<hr style=\"height: 15px; background: #d0e6fa; width: 100%;\">\n<div id=\"content\" class=\"content-alignment\">\n<div id=\"watch-description\" class=\"yt-uix-button-panel\">\n<div id=\"watch-description-text\" style=\"text-align: center;\">\n<p><em>Zawarto\u015b\u0107 publikowanych artyku\u0142\u00f3w i materia\u0142\u00f3w nie reprezentuje pogl\u0105d\u00f3w ani opinii Reunion&#8217;68,<\/em><em><br \/>\nani te\u017c webmastera Blogu Reunion&#8217;68, chyba ze jest to wyra\u017anie zaznaczone.<br \/>\nTwoje uwagi, linki, w\u0142asne artyku\u0142y lub wiadomo\u015bci prze\u015blij na adres:<br \/>\n<\/em><span style=\"color: #000080;\"><strong><em><a style=\"color: #000080;\" href=\"mailto:webmaster@reunion68.com\"><span style=\"text-decoration: underline;\">webmaster@reunion68.com<\/span><\/a><\/em><\/strong><\/span><\/p>\n<\/div>\n<\/div>\n<\/div>\n<hr style=\"width: 100%;\">\n","protected":false},"excerpt":{"rendered":"<p>Lato z \u017bIH \u017bydowski Instytut Historyczny Przedstawiamy kalendarium \u017bIH na lipiec i sierpie\u0144 2023! Data Temat Go\u015bcie\/Prowadz\u0105cy Uwagi 21 lipca, pi\u0105tek, 18:00 Marsz Pami\u0119ci Trasa: Umschlagplatz \u2013Stawki \u2013 Dubois \u2013 Zamenhofa \u2013 Nowolipki \u2013 Andersa 23 lipca, niedziela, 11:00 Ziele\u0144 w getcie warszawskim. Spacer dr Justyna Majewska Zapisy na dwa tygodnie przed wydarzeniem pod adresem:&nbsp;rezerwacja@jhi.pl [&hellip;]<\/p>\n","protected":false},"author":1,"featured_media":0,"comment_status":"closed","ping_status":"closed","sticky":false,"template":"","format":"standard","meta":[],"categories":[6],"tags":[26,24],"_links":{"self":[{"href":"https:\/\/www.reunion68.se\/index.php?rest_route=\/wp\/v2\/posts\/105618"}],"collection":[{"href":"https:\/\/www.reunion68.se\/index.php?rest_route=\/wp\/v2\/posts"}],"about":[{"href":"https:\/\/www.reunion68.se\/index.php?rest_route=\/wp\/v2\/types\/post"}],"author":[{"embeddable":true,"href":"https:\/\/www.reunion68.se\/index.php?rest_route=\/wp\/v2\/users\/1"}],"replies":[{"embeddable":true,"href":"https:\/\/www.reunion68.se\/index.php?rest_route=%2Fwp%2Fv2%2Fcomments&post=105618"}],"version-history":[{"count":7,"href":"https:\/\/www.reunion68.se\/index.php?rest_route=\/wp\/v2\/posts\/105618\/revisions"}],"predecessor-version":[{"id":105754,"href":"https:\/\/www.reunion68.se\/index.php?rest_route=\/wp\/v2\/posts\/105618\/revisions\/105754"}],"wp:attachment":[{"href":"https:\/\/www.reunion68.se\/index.php?rest_route=%2Fwp%2Fv2%2Fmedia&parent=105618"}],"wp:term":[{"taxonomy":"category","embeddable":true,"href":"https:\/\/www.reunion68.se\/index.php?rest_route=%2Fwp%2Fv2%2Fcategories&post=105618"},{"taxonomy":"post_tag","embeddable":true,"href":"https:\/\/www.reunion68.se\/index.php?rest_route=%2Fwp%2Fv2%2Ftags&post=105618"}],"curies":[{"name":"wp","href":"https:\/\/api.w.org\/{rel}","templated":true}]}}