{"id":105670,"date":"2023-08-15T17:05:11","date_gmt":"2023-08-15T15:05:11","guid":{"rendered":"http:\/\/www.reunion68.se\/?p=105670"},"modified":"2023-08-08T09:36:50","modified_gmt":"2023-08-08T07:36:50","slug":"28-09-86","status":"publish","type":"post","link":"https:\/\/www.reunion68.se\/?p=105670","title":{"rendered":"IPN: w miejscu dawnego wi\u0119zienia karno-\u015bledczego Warszawa III, tzw. Toledo, odnaleziono ludzkie szcz\u0105tki"},"content":{"rendered":"<p style=\"text-align: center;\"><img decoding=\"async\" class=\"aligncenter\" src=\"https:\/\/dzieje.pl\/sites\/default\/files\/styles\/open_article_750x0_\/public\/202307\/IPN.jpg?itok=wV3xzFWU\" width=\"100%\"><span style=\"color: #808080;\"><em>\u0179r\u00f3d\u0142o: www.twitter.com\/PoszukiwaniaIPN<\/em><\/span><\/p>\n<hr>\n<h5 style=\"text-align: center;\"><a href=\"https:\/\/dzieje.pl\/\" target=\"_blank\" rel=\"noopener noreferrer\"><img decoding=\"async\" class=\"center alignleft\" src=\"http:\/\/www.reunion68.com\/Biuletyn\/img\/dzieje_logo.png\" alt=\"\" width=\"35%\"><\/a><span style=\"text-decoration: underline; color: #000080;\"><span style=\"text-decoration: underline;\"><strong><a style=\"color: #000080; text-decoration: underline;\" href=\"https:\/\/dzieje.pl\/wiadomosci\/ipn-w-miejscu-dawnego-wiezienia-karno-sledczego-warszawa-iii-tzw-toledo-odnaleziono\" target=\"_blank\" rel=\"noopener noreferrer\">IPN: w miejscu dawnego wi\u0119zienia karno-\u015bledczego Warszawa III, tzw. Toledo, odnaleziono ludzkie szcz\u0105tki<\/a><\/strong><\/span><\/span><\/h5>\n<p style=\"text-align: center;\"><span style=\"color: #000000;\"><strong>Olga \u0141ozi\u0144ska<\/strong><\/span><\/p>\n<hr style=\"height: 15px; background: #d0e6fa; width: 100%;\">\n<p><strong>W miejscu dawnego wi\u0119zienia karno-\u015bledczego Warszawa III, tzw. Toledo, na warszawskiej Pradze, zesp\u00f3\u0142 Biura Poszukiwa\u0144 i Identyfikacji IPN odnalaz\u0142 szcz\u0105tki jednej osoby. To prawdopodobnie ofiara terroru komunistycznego \u2013 poinformowa\u0142 PAP w poniedzia\u0142ek Instytut Pami\u0119ci Narodowej.<\/strong><\/p>\n<div class=\"field field--name-body field--type-text-with-summary field--label-hidden field__item\">\n<p style=\"text-align: left;\"><span style=\"color: #000080;\">W przes\u0142anej PAP informacji podano, \u017ce &#8220;podczas prac poszukiwawczych na terenie osiedla przy ul. Namys\u0142owskiej w Warszawie (Praga P\u00f3\u0142noc) zesp\u00f3\u0142 Biura Poszukiwa\u0144 i Identyfikacji IPN odnalaz\u0142 szcz\u0105tki jednej osoby&#8221;.<\/span><\/p>\n<p style=\"text-align: left;\"><span style=\"color: #000080;\">Wskazano, \u017ce &#8220;jest to prawdopodobnie ofiara terroru komunistycznego, zmar\u0142a lub zamordowana w istniej\u0105cym tutaj w latach 1944-56 Wi\u0119zieniu Karno-\u015aledczym Warszawa III, tzw. +Toledo+&#8221;.<\/span><\/p>\n<p style=\"text-align: left;\"><span style=\"color: #000080;\">&#8220;Gr\u00f3b z niedbale z\u0142o\u017conym szcz\u0105tkami ludzkimi odkryto w s\u0105siedztwie jednego z blok\u00f3w przy ulicy Namys\u0142owskiej, gdzie niegdy\u015b znajdowa\u0142 si\u0119 wi\u0119zienny dziedziniec. W latach osiemdziesi\u0105tych na miejscu wyburzonego wi\u0119zienia powsta\u0142o osiedle mieszkaniowe, za\u015b pomi\u0119dzy blokami wybudowano plac zabaw dla dzieci&#8221; &#8211; poinformowa\u0142 IPN.<\/span><\/p>\n<p style=\"text-align: left;\"><span style=\"color: #000080;\">W informacji Instytutu wyja\u015bniono te\u017c, \u017ce tegoroczne dzia\u0142ania s\u0105 kontynuacj\u0105 prac rozpocz\u0119tych w 2020 r. Dotychczas Instytut Pami\u0119ci Narodowej odnalaz\u0142 w tej lokalizacji szcz\u0105tki blisko trzydziestu os\u00f3b. Wszystkie ofiary zosta\u0142y pogrzebane w podobny spos\u00f3b. Wiele szkielet\u00f3w zosta\u0142o w p\u00f3\u017aniejszych latach naruszonych i uszkodzonych w wyniku budowy infrastruktury ziemnej.<\/span><\/p>\n<p style=\"text-align: left;\"><span style=\"color: #000080;\">Jak przypomnia\u0142 IPN, wi\u0119zienie mieszcz\u0105ce si\u0119 przy ulicy 11 listopada w Warszawie (potocznie nazywane \u201eToledo\u201d) przez trzy powojenne lata by\u0142o g\u0142\u00f3wnym wi\u0119zieniem komunistycznym w stolicy. W latach 1945-56 s\u0142u\u017cby UB i NKWD represjonowa\u0142y w nim m.in. \u017co\u0142nierzy Armii Krajowej, Narodowych Si\u0142 Zbrojnych, Narodowej Organizacji Wojskowej, Ruchu Oporu Armii Krajowej, cz\u0142onk\u00f3w Zrzeszenia \u201eWolno\u015b\u0107 i Niezawis\u0142o\u015b\u0107\u201d, w tym m\u0142odzie\u017c &#8211; uczestnik\u00f3w antykomunistycznego oporu. Ofiarami wi\u0119zienia byli zar\u00f3wno m\u0119\u017cczy\u017ani jak i kobiety.<\/span><\/p>\n<p style=\"text-align: left;\"><span style=\"color: #000080;\">Relacje o zbrodniach pope\u0142nianych przez funkcjonariuszy stalinowskiego aparatu represji, a tak\u017ce o domniemanych miejscach grzebania ofiar przekazywano do Spo\u0142eczno-Ko\u015bcielnego Komitetu Uczczenia Ofiar Terroru W\u0142adzy z lat 1944-1956, kt\u00f3ry powsta\u0142 z inicjatywy ks. J\u00f3zefa Maja, proboszcza parafii pw. \u015bw. Katarzyny w Warszawie. To mi\u0119dzy innymi na ich podstawie typowano miejsca do bada\u0144 archeologicznych.<\/span><\/p>\n<p style=\"text-align: left;\"><span style=\"color: #000080;\">W praskim wi\u0119zieniu zostali zamordowani prawdopodobnie m.in.: pp\u0142k Lucjan Szyma\u0144ski &#8220;Janczar&#8221; \u2013 komendant Podokr\u0119gu AK &#8220;Warszawa-Wsch\u00f3d&#8221;, mjr Stanis\u0142aw Ostwind-Zuzga \u2013 komendant Podokr\u0119gu AK &#8220;Warszawa-Wsch\u00f3d&#8221;, mjr Jan Szklarek &#8220;Kotwicz&#8221; \u2013 komendant Okr\u0119gu Bia\u0142ostockiego NZW, sze\u015bciu partyzant\u00f3w z Okr\u0119gu Lubelskiego NSZ-NZW na czele z mjr. Zygmuntem Wolaninem i Waldemar Baczak &#8220;Ma\u0142y&#8221; \u2013 \u017co\u0142nierz pu\u0142ku &#8220;Baszta&#8221; w Powstaniu Warszawskim.<\/span><\/p>\n<p style=\"text-align: left;\"><span style=\"color: #000080;\">Tegoroczne prace przy ul. Namys\u0142owskiej b\u0119d\u0105 prowadzone do ko\u0144ca lipca. (PAP)<\/span><\/p>\n<\/div>\n<hr style=\"height: 15px; background: #d0e6fa; width: 100%;\">\n<div id=\"content\" class=\"content-alignment\">\n<div id=\"watch-description\" class=\"yt-uix-button-panel\">\n<div id=\"watch-description-text\" style=\"text-align: center;\">\n<p><em>Zawarto\u015b\u0107 publikowanych artyku\u0142\u00f3w i materia\u0142\u00f3w nie reprezentuje pogl\u0105d\u00f3w ani opinii Reunion&#8217;68,<\/em><em><br \/>\nani te\u017c webmastera Blogu Reunion&#8217;68, chyba ze jest to wyra\u017anie zaznaczone.<br \/>\nTwoje uwagi, linki, w\u0142asne artyku\u0142y lub wiadomo\u015bci prze\u015blij na adres:<br \/>\n<\/em><span style=\"color: #000080;\"><strong><em><a style=\"color: #000080;\" href=\"mailto:webmaster@reunion68.com\"><span style=\"text-decoration: underline;\">webmaster@reunion68.com<\/span><\/a><\/em><\/strong><\/span><\/p>\n<\/div>\n<\/div>\n<\/div>\n<hr style=\"width: 100%;\">\n","protected":false},"excerpt":{"rendered":"<p>\u0179r\u00f3d\u0142o: www.twitter.com\/PoszukiwaniaIPN IPN: w miejscu dawnego wi\u0119zienia karno-\u015bledczego Warszawa III, tzw. Toledo, odnaleziono ludzkie szcz\u0105tki Olga \u0141ozi\u0144ska W miejscu dawnego wi\u0119zienia karno-\u015bledczego Warszawa III, tzw. Toledo, na warszawskiej Pradze, zesp\u00f3\u0142 Biura Poszukiwa\u0144 i Identyfikacji IPN odnalaz\u0142 szcz\u0105tki jednej osoby. To prawdopodobnie ofiara terroru komunistycznego \u2013 poinformowa\u0142 PAP w poniedzia\u0142ek Instytut Pami\u0119ci Narodowej. W przes\u0142anej PAP [&hellip;]<\/p>\n","protected":false},"author":1,"featured_media":0,"comment_status":"closed","ping_status":"closed","sticky":false,"template":"","format":"standard","meta":[],"categories":[6],"tags":[26,24],"_links":{"self":[{"href":"https:\/\/www.reunion68.se\/index.php?rest_route=\/wp\/v2\/posts\/105670"}],"collection":[{"href":"https:\/\/www.reunion68.se\/index.php?rest_route=\/wp\/v2\/posts"}],"about":[{"href":"https:\/\/www.reunion68.se\/index.php?rest_route=\/wp\/v2\/types\/post"}],"author":[{"embeddable":true,"href":"https:\/\/www.reunion68.se\/index.php?rest_route=\/wp\/v2\/users\/1"}],"replies":[{"embeddable":true,"href":"https:\/\/www.reunion68.se\/index.php?rest_route=%2Fwp%2Fv2%2Fcomments&post=105670"}],"version-history":[{"count":4,"href":"https:\/\/www.reunion68.se\/index.php?rest_route=\/wp\/v2\/posts\/105670\/revisions"}],"predecessor-version":[{"id":105814,"href":"https:\/\/www.reunion68.se\/index.php?rest_route=\/wp\/v2\/posts\/105670\/revisions\/105814"}],"wp:attachment":[{"href":"https:\/\/www.reunion68.se\/index.php?rest_route=%2Fwp%2Fv2%2Fmedia&parent=105670"}],"wp:term":[{"taxonomy":"category","embeddable":true,"href":"https:\/\/www.reunion68.se\/index.php?rest_route=%2Fwp%2Fv2%2Fcategories&post=105670"},{"taxonomy":"post_tag","embeddable":true,"href":"https:\/\/www.reunion68.se\/index.php?rest_route=%2Fwp%2Fv2%2Ftags&post=105670"}],"curies":[{"name":"wp","href":"https:\/\/api.w.org\/{rel}","templated":true}]}}