{"id":10582,"date":"2014-12-10T19:04:46","date_gmt":"2014-12-10T17:04:46","guid":{"rendered":"http:\/\/www.reunion68.se\/?p=10582"},"modified":"2014-12-10T12:52:41","modified_gmt":"2014-12-10T10:52:41","slug":"10582","status":"publish","type":"post","link":"https:\/\/www.reunion68.se\/?p=10582","title":{"rendered":"A co z \u017cydowsk\u0105 NAKB\u0104?"},"content":{"rendered":"<h5 style=\"text-align: center;\"><a href=\"http:\/\/izrael.org.il\/\" target=\"_blank\"><img decoding=\"async\" class=\"center alignleft\" src=\"http:\/\/www.reunion68.com\/Biuletyn\/img\/erec.png\" alt=\"\" \/><\/a><span style=\"text-decoration: underline; color: #000080;\"><span style=\"text-decoration: underline;\"><strong><a style=\"color: #000080; text-decoration: underline;\" href=\"http:\/\/izrael.org.il\/historia\/4465-ben-dror-jemini-a-co-z-zydowska-nakba.html\" target=\"_blank\">A co z \u017cydowsk\u0105 NAKB\u0104?<\/a><\/strong><\/span><\/span><\/h5>\n<p style=\"text-align: center;\"><span style=\"color: #333333;\"><strong>Ben-Dror Jemini<\/strong><\/span><\/p>\n<hr style=\"height: 15px; background: #d0e6fa; width: 710px;\" \/>\n<div style=\"width: 360px\" class=\"wp-caption alignright\"><a href=\"http:\/\/www.listyznaszegosadu.pl\/upload\/article\/bild\/5607\/606285\/Yemenites_go_to_Aden_s.jpg\"><img decoding=\"async\" src=\"http:\/\/www.listyznaszegosadu.pl\/upload\/article\/bild\/5607\/606285\/Yemenites_go_to_Aden_s.jpg\" alt=\"W 1948 r. w krajach arabskich mieszka\u0142o ok. miliona \u017byd\u00f3w. Ju\u017c ich tam nie ma.&lt;br \/&gt; Dzisiaj stanowi\u0105 wi\u0119kszo\u015b\u0107 ludno\u015bci Izraela.\u00a0 &lt;br \/&gt;Na zdj\u0119ciu uchod\u017acy \u017cydowscy z Jemenu w 1949 roku\" width=\"350\" border=\"0\" \/><\/a><p class=\"wp-caption-text\"><span style=\"color: #000080;\"><em>W 1948 r. w krajach arabskich mieszka\u0142o ok. miliona \u017byd\u00f3w. Ju\u017c ich tam nie ma. Dzisiaj stanowi\u0105 wi\u0119kszo\u015b\u0107 ludno\u015bci Izraela.\u00a0 Na zdj\u0119ciu uchod\u017acy \u017cydowscy z Jemenu w 1949 roku<\/em><\/span><\/p><\/div>\n<p><span style=\"color: #333333;\"><strong>&#8220;Je\u015bli pa\u0144stwo \u017cydowskie stanie si\u0119 faktem, a ludy arabskie sobie to u\u015bwiadomi\u0105, to przegoni\u0105 \u017byd\u00f3w, kt\u00f3rzy \u017cyj\u0105 po\u015br\u00f3d nich, do morza&#8221;. To zdanie wypowiedzia\u0142 Hassan al-Banna, za\u0142o\u017cyciel Bractwa Muzu\u0142ma\u0144skiego, p\u00f3\u0142tora miesi\u0105ca po izraelskiej deklaracji niepodleg\u0142o\u015bci, kiedy trwa\u0142a ju\u017c inwazja armii egipskiej na terytorium przydzielone \u017cydowskiemu pa\u0144stwu.<\/strong><\/span><\/p>\n<p style=\"text-align: left;\"><span style=\"color: #000080;\">Mufti Haj Amin al-Husseini wyja\u015bni\u0142 w swoich wspomnieniach: &#8220;naszym podstawowym warunkiem dla wsp\u00f3\u0142pracy z Niemcami by\u0142o danie nam wolnej r\u0119ki do wymordowania \u017byd\u00f3w &#8211; co do jednego &#8211; z Palestyny i z ca\u0142ego \u015bwiata arabskiego&#8221;.<\/span><\/p>\n<p style=\"text-align: left;\"><span style=\"color: #000080;\">A Liga Pa\u0144stw Arabskich w tym samym czasie podj\u0119\u0142a dwie decyzje, kt\u00f3re znalaz\u0142y swoje odbicie w ustawie, kt\u00f3ra polega\u0142a na przej\u0119ciu kont bankowych \u017byd\u00f3w i pozbawienia ich w\u0142asno\u015bci. Ta ustawa zosta\u0142a wprowadzona w \u017cycie w takich krajach jak Egipt, Libia, Syria i Irak, gdzie funkcjonowa\u0142y stabilne i zamo\u017cne spo\u0142eczno\u015bci \u017cydowskie. Wszystkie te spo\u0142eczno\u015bci zosta\u0142y zniszczone.<\/span><\/p>\n<p style=\"text-align: left;\"><span style=\"color: #000080;\">Przez dziesi\u0119ciolecia Palesty\u0144czycy piel\u0119gnowali etos NAKBY [&#8220;nakba&#8221; to arabskie okre\u015blenie na tragedi\u0119]. Nakba sta\u0142a si\u0119 do\u015bwiadczeniem, kt\u00f3re zdefiniowa\u0142o palesty\u0144sk\u0105 to\u017csamo\u015b\u0107. Izrael zrobi\u0142 wr\u0119cz przeciwnie, bo zdecydowa\u0142 si\u0119 na bagatelizowanie prze\u015bladowa\u0144, wyp\u0119dze\u0144 i wyw\u0142aszcze\u0144 \u017byd\u00f3w z kraj\u00f3w arabskich.<\/span><\/p>\n<p style=\"text-align: left;\"><span style=\"color: #000080;\">Kneset zdecydowa\u0142 dopiero w tym roku, \u017ceby ustanowi\u0107 specjalny dzie\u0144 (30 listopada), kt\u00f3ry b\u0119dzie dniem pami\u0119ci o \u017cydowskiej Nakbie.<\/span><\/p>\n<p style=\"text-align: left;\"><span style=\"color: #000080;\">Wi\u0119kszo\u015b\u0107 izraelskich dzieci uczy si\u0119 w szkole o pogromie w Kiszyniowie, a tak\u017ce o tym co si\u0119 sta\u0142o Arabom w Deir Jassin.<\/span><\/p>\n<p style=\"text-align: left;\"><span style=\"color: #000080;\">Ale wi\u0119kszo\u015b\u0107 izraelskich uczni\u00f3w nie wie o \u017cydowskiej Nakbie. Nie wiedz\u0105 o d\u0142ugiej serii pogrom\u00f3w i masakr, kt\u00f3re spad\u0142y na \u017byd\u00f3w w wi\u0119kszo\u015bci kraj\u00f3w arabskich. Pogromy w<\/span><\/p>\n<p style=\"text-align: left;\"><span style=\"color: #000080;\">Kiszyniowie w 1906 roku zabra\u0142y \u017cycie 29 \u017bydom, ale rok p\u00f3\u017aniej podczas pogromu w Maroku 50 \u017byd\u00f3w zosta\u0142o zamordowanych w mie\u015bcie Settat, a 30 \u017byd\u00f3w zamordowano w Casablance.<\/span><\/p>\n<div id=\"content\" class=\"  content-alignment&lt;br \/&gt;&lt;br \/&gt; \">\n<div id=\"watch-description\" class=\"yt-uix-button-panel\">\n<div id=\"watch-description-text\"><center><br \/>\n<iframe loading=\"lazy\" style=\"display: block; margin-left: auto; margin-right: auto;\" src=\"\/\/www.youtube.com\/embed\/KH8RL2XRr48?rel=0\" width=\"670\" height=\"503\" frameborder=\"0\" allowfullscreen=\"allowfullscreen\"><\/iframe><\/center><\/div>\n<\/div>\n<\/div>\n<p>&nbsp;<\/p>\n<p style=\"text-align: left;\"><span style=\"color: #000080;\">Jak wielu licealist\u00f3w wiedzia\u0142o o tym? A jak wielu uczni\u00f3w wie o pogromie w Adenie w 1948 roku, kiedy zamordowano 82 \u017byd\u00f3w? A jak wielu uczni\u00f3w wiedzia\u0142o o kolejnych setkach zamordowanych \u017byd\u00f3w (tylko dlatego, \u017ce byli \u017bydami) podczas tego okresu w Iraku, Egipcie, Syrii i Libii?<\/span><\/p>\n<p style=\"text-align: left;\"><span style=\"color: #000080;\">&#8220;Narracje&#8221; przej\u0119\u0142y kontrol\u0119 nad uniwersytetami i systemem edukacyjnym. W\u0142a\u015bnie z tego powodu izraelscy uczniowie musz\u0105 si\u0119 uczy\u0107 historii z perspektywy arabskiej. Nie uwa\u017cam, \u017ce nale\u017cy pomniejsza\u0107 b\u00f3l Palesty\u0144czyk\u00f3w. Bro\u0144 Bo\u017ce. Problem polega na tym, \u017ce ich historia nie jest w niczym unikalna. Ludzie uciekali. Niekt\u00f3rzy byli deportowani. Ale w czym to si\u0119 r\u00f3\u017cni\u0142o?<\/span><\/p>\n<p style=\"text-align: left;\"><span style=\"color: #000080;\">A tak si\u0119 z\u0142o\u017cy\u0142o, \u017ce \u017cydowska Nakba rozp\u0142yn\u0119\u0142a si\u0119 w powietrzu i to mimo tego, \u017ce by\u0142a bardziej dotkliwa. Bo jednak \u017bydzi z kraj\u00f3w arabskich nie wypowiedzieli im wojny. Nie mieli lidera takiego jak mufti, kt\u00f3ry planowa\u0142 i knu\u0142, \u017ceby wymordowa\u0107 wszystkich Arab\u00f3w na \u015bwiecie &#8211; do ostatniego Araba. Wr\u0119cz przeciwnie, bo \u017bydzi byli pokojowo nastawionymi obywatelami gdziekolwiek si\u0119 znajdowali.<\/span><\/p>\n<p style=\"text-align: center;\"><span style=\"color: #000080;\">* * *<\/span><\/p>\n<p><span style=\"color: #000080;\">Postawmy spraw\u0119 jasno. Rozk\u0142ad imperi\u00f3w, kt\u00f3ry si\u0119 zacz\u0105\u0142 od upadku Imperium Osma\u0144skiego, potem Austro-W\u0119gier, a na ko\u0144cu Imperium Brytyjskiego, zintensyfikowa\u0142 \u017c\u0105dania wielu narod\u00f3w do samostanowienia. Mia\u0142o nie by\u0107 ju\u017c wieloetnicznych kraj\u00f3w pod rz\u0105dami imperium, ale zamiast tego narody z niezale\u017cn\u0105 to\u017csamo\u015bci\u0105. Niekt\u00f3rzy by to nazwali wyobra\u017conym dziedzictwem, ale to nie jest wa\u017cne.<\/span><\/p>\n<p><span style=\"color: #000080;\">W efekcie olbrzymich fal transfer\u00f3w ludno\u015bci, kt\u00f3re zacz\u0119\u0142y si\u0119 w 1912 roku i trwa\u0142y jeszcze w pierwszych latach po zako\u0144czeniu II wojny \u015bwiatowej, przesiedlono oko\u0142o 52 miliony ludzi, z czego dziesi\u0105tki milion\u00f3w w okresie powojennym.<\/span><\/p>\n<p><span style=\"color: #000080;\">Miliony Niemc\u00f3w, W\u0119gr\u00f3w, Polak\u00f3w, Ukrai\u0144c\u00f3w, Turk\u00f3w, Grek\u00f3w, Bu\u0142gar\u00f3w, Rumun\u00f3w, Hindus\u00f3w, Rumun\u00f3w, Pakista\u0144czyk\u00f3w i wielu innych zosta\u0142y zmuszone do zostawienia miejsc narodzin, \u017ceby zrobi\u0107 miejsce dla pa\u0144stw narodowych &#8211; starych i nowych. Ci\u0119\u017cko by by\u0142o znale\u017a\u0107 pojedynczy konflikt w tym okresie, kt\u00f3ry si\u0119 nie ko\u0144czy\u0142 wymian\u0105 ludno\u015bci.<\/span><\/p>\n<p><span style=\"color: #000080;\">To samo wydarzy\u0142o si\u0119 w przypadku konfliktu \u017cydowsko-arabskiego. Kiedy Komisja Peela zdecydowa\u0142a si\u0119 w 1937 roku na wymian\u0119 ludno\u015bci, to powo\u0142ywa\u0142a si\u0119 na decyzj\u0119 Irakijczyk\u00f3w, kt\u00f3rzy przesiedlili mniejszo\u015b\u0107 asyryjsk\u0105 i to pomimo wcze\u015bniejszych zapewnie\u0144, \u017ce b\u0119d\u0105 stali na stra\u017cy ich praw.<\/span><\/p>\n<p><span style=\"color: #000080;\">Wymiany ludno\u015bci mi\u0119dzy Grecj\u0105 a Turcj\u0105 r\u00f3wnie\u017c przyczyni\u0142y si\u0119 do takiej decyzji Komisji Peela. W tamtym czasie popierali to m\u0119\u017cowie stanu, naukowcy i intelektuali\u015bci. Co wi\u0119cej w 1930 roku Sta\u0142y Trybuna\u0142 Sprawiedliwo\u015bci Mi\u0119dzynarodowej, najwy\u017csze cia\u0142o s\u0105downicze w tamtym czasie, zaaprobowa\u0142 przymusowe wysiedlenia, kiedy wyda\u0142 orzeczenie o masowych wysiedleniach ludno\u015bci, \u017ceby &#8220;bardziej efektywnie wesprze\u0107 proces uspokojenia Bliskiego Wschodu&#8221;.<\/span><\/p>\n<p style=\"text-align: center;\"><span style=\"color: #000080;\">* * *<\/span><\/p>\n<p style=\"text-align: left;\"><span style=\"color: #000080;\">To jest t\u0142o tych wydarze\u0144. Arabowie palesty\u0144scy zap\u0142acili cen\u0119 z dw\u00f3ch powod\u00f3w. Po pierwsze dlatego, \u017ce ich przyw\u00f3dcy podejmowali haniebne i lekkomy\u015blne dzia\u0142ania, a po drugie dlatego, \u017ce tak wtedy by\u0142 urz\u0105dzony \u015bwiat.<\/span><\/p>\n<p style=\"text-align: left;\"><span style=\"color: #000080;\">To by si\u0119 nie wydarzy\u0142o bez wielkiej arabskiej inwazji, kt\u00f3rej towarzyszy\u0142y deklaracje o zniszczeniu Izraela ze strony przyw\u00f3dc\u00f3w arabskich. Sekretarz generalny Ligi Arabskiej powiedzia\u0142 wtedy: &#8220;To b\u0119dzie wojna eksterminacji i ogromnej masakry, o kt\u00f3rej si\u0119 b\u0119dzie m\u00f3wi\u0107 jak o masakrach tatarskich albo o krucjatach&#8221;.<\/span><\/p>\n<p style=\"text-align: left;\"><span style=\"color: #000080;\">Wojna przeciwko dopiero co narodzonemu pa\u0144stwu \u017cydowskiemu zako\u0144czy\u0142a si\u0119 druzgoc\u0105c\u0105 pora\u017ck\u0105 Arab\u00f3w. Ale w\u015br\u00f3d tych, kt\u00f3rym przysz\u0142o za ni\u0105 zap\u0142aci\u0107, by\u0142y setki tysi\u0119cy \u017byd\u00f3w z kraj\u00f3w arabskich. Nie wszyscy zostali wyp\u0119dzeni, ale nawet ci, kt\u00f3rzy jeszcze troch\u0119 zostali, to te\u017c wiedzieli, \u017ce ich dni s\u0105 ju\u017c policzone.<\/span><\/p>\n<p style=\"text-align: left;\"><span style=\"color: #000080;\">Tu i tam pojawi\u0142y si\u0119 wysi\u0142ki, \u017ceby wyceni\u0107 warto\u015b\u0107 maj\u0105tk\u00f3w \u017byd\u00f3w wyp\u0119dzonych z kraj\u00f3w arabskich. Ekonomista Sidney Zabludoff wyceni\u0142 je na 6 miliard\u00f3w dolar\u00f3w (2007 rok). Warto\u015b\u0107 maj\u0105tku arabskich uchod\u017ac\u00f3w z dzisiejszego Izraela to 3.9 milarda dolar\u00f3w. Ale s\u0105 i inne szacunki.<\/span><\/p>\n<p style=\"text-align: right;\"><span style=\"color: #000080;\">Czytaj dalej tu: <span style=\"text-decoration: underline;\"><strong><a style=\"color: #000080; text-decoration: underline;\" href=\"http:\/\/izrael.org.il\/historia\/4465-ben-dror-jemini-a-co-z-zydowska-nakba.html\" target=\"_blank\">A co z \u017cydowsk\u0105 NAKB\u0104?<\/a><\/strong><\/span><\/span><\/p>\n<hr style=\"height: 15px; background: #d0e6fa; width: 710px;\" \/>\n<div id=\"content\" class=\"  content-alignment&lt;br \/&gt;&lt;br \/&gt; \">\n<div id=\"watch-description\" class=\"yt-uix-button-panel\">\n<div id=\"watch-description-text\">\n<p style=\"text-align: center;\"><span style=\"color: #808080;\"> twoje uwagi, linki, wlasne artykuly, lub wiadomosci przeslij do: <strong><span style=\"text-decoration: underline;\"><span style=\"color: #808080; text-decoration: underline;\"><a href=\"mailto:webmaster@reunion68.com\">webmaster@reunion68.com<\/a><\/span><\/span><\/strong><\/span><\/p>\n<\/div>\n<\/div>\n<\/div>\n<p>&nbsp;<\/p>\n<hr style=\"width: 710px;\" \/>\n","protected":false},"excerpt":{"rendered":"<p>A co z \u017cydowsk\u0105 NAKB\u0104? Ben-Dror Jemini &#8220;Je\u015bli pa\u0144stwo \u017cydowskie stanie si\u0119 faktem, a ludy arabskie sobie to u\u015bwiadomi\u0105, to przegoni\u0105 \u017byd\u00f3w, kt\u00f3rzy \u017cyj\u0105 po\u015br\u00f3d nich, do morza&#8221;. To zdanie wypowiedzia\u0142 Hassan al-Banna, za\u0142o\u017cyciel Bractwa Muzu\u0142ma\u0144skiego, p\u00f3\u0142tora miesi\u0105ca po izraelskiej deklaracji niepodleg\u0142o\u015bci, kiedy trwa\u0142a ju\u017c inwazja armii egipskiej na terytorium przydzielone \u017cydowskiemu pa\u0144stwu. Mufti Haj [&hellip;]<\/p>\n","protected":false},"author":1,"featured_media":0,"comment_status":"closed","ping_status":"closed","sticky":false,"template":"","format":"standard","meta":[],"categories":[3],"tags":[24],"_links":{"self":[{"href":"https:\/\/www.reunion68.se\/index.php?rest_route=\/wp\/v2\/posts\/10582"}],"collection":[{"href":"https:\/\/www.reunion68.se\/index.php?rest_route=\/wp\/v2\/posts"}],"about":[{"href":"https:\/\/www.reunion68.se\/index.php?rest_route=\/wp\/v2\/types\/post"}],"author":[{"embeddable":true,"href":"https:\/\/www.reunion68.se\/index.php?rest_route=\/wp\/v2\/users\/1"}],"replies":[{"embeddable":true,"href":"https:\/\/www.reunion68.se\/index.php?rest_route=%2Fwp%2Fv2%2Fcomments&post=10582"}],"version-history":[{"count":37,"href":"https:\/\/www.reunion68.se\/index.php?rest_route=\/wp\/v2\/posts\/10582\/revisions"}],"predecessor-version":[{"id":10586,"href":"https:\/\/www.reunion68.se\/index.php?rest_route=\/wp\/v2\/posts\/10582\/revisions\/10586"}],"wp:attachment":[{"href":"https:\/\/www.reunion68.se\/index.php?rest_route=%2Fwp%2Fv2%2Fmedia&parent=10582"}],"wp:term":[{"taxonomy":"category","embeddable":true,"href":"https:\/\/www.reunion68.se\/index.php?rest_route=%2Fwp%2Fv2%2Fcategories&post=10582"},{"taxonomy":"post_tag","embeddable":true,"href":"https:\/\/www.reunion68.se\/index.php?rest_route=%2Fwp%2Fv2%2Ftags&post=10582"}],"curies":[{"name":"wp","href":"https:\/\/api.w.org\/{rel}","templated":true}]}}