{"id":105828,"date":"2023-07-27T17:09:53","date_gmt":"2023-07-27T15:09:53","guid":{"rendered":"http:\/\/www.reunion68.se\/?p=105828"},"modified":"2023-07-27T13:17:58","modified_gmt":"2023-07-27T11:17:58","slug":"02-09-85","status":"publish","type":"post","link":"https:\/\/www.reunion68.se\/?p=105828","title":{"rendered":"Izrael: bunt rezerwist\u00f3w nie b\u0119dzie \u0142atwy. &#8220;Kiedy armia wezwie, trudno b\u0119dzie si\u0119 nie zg\u0142osi\u0107&#8221;"},"content":{"rendered":"<p style=\"text-align: center;\"><img decoding=\"async\" class=\"aligncenter\" src=\"https:\/\/bi.im-g.pl\/im\/af\/9f\/1c\/z30013103AMP,Izrael--Protest-przeciwko-zmianom-w-sadownictwie--.jpg\" width=\"100%\"><span style=\"color: #808080;\"><em>Izrael. Protest przeciwko zmianom w s\u0105downictwie, Jerozolima, 24 lipca 2023 r. (Fot. Ohad Zwigenberg \/ AP Photo)<\/em><\/span><\/p>\n<hr>\n<h5 style=\"text-align: center;\"><a href=\"https:\/\/wyborcza.pl\/\" target=\"_blank\" rel=\"noopener noreferrer\"><img decoding=\"async\" class=\"center alignleft\" src=\"http:\/\/www.reunion68.com\/Biuletyn\/img\/wyborcza.png\" alt=\"\" width=\"35%\"><\/a><span style=\"text-decoration: underline; color: #000080;\"><strong><a style=\"color: #000080; text-decoration: underline;\" href=\"https:\/\/wyborcza.pl\/7,75399,30013046,izrael-bunt-rezerwistow-nie-bedzie-latwy-kiedy-armia-wezwie.html\" target=\"_blank\" rel=\"noopener noreferrer\">Izrael: bunt rezerwist\u00f3w nie b\u0119dzie \u0142atwy. &#8220;Kiedy armia wezwie, trudno b\u0119dzie si\u0119 nie zg\u0142osi\u0107&#8221;<\/a><\/strong><\/span><\/h5>\n<p style=\"text-align: center;\"><span style=\"color: #000000;\"><strong>Marta Urz\u0119dowska<\/strong><\/span><\/p>\n<hr style=\"height: 15px; background: #d0e6fa; width: 100%;\">\n<h4 style=\"text-align: center;\"><span style=\"color: #808080;\"><strong>Rezerwi\u015bci elitarnych jednostek izraelskiej armii po kontrowersyjnej reformie s\u0105downictwa gro\u017c\u0105, \u017ce przestan\u0105 stawia\u0107 si\u0119 na s\u0142u\u017cb\u0119. Ale dla wielu to trudna decyzja.<\/strong><\/span><\/h4>\n<div class=\"text--lead \" style=\"text-align: left;\" data-progress-bar-content=\"\"><span style=\"color: #000080;\">Do rezerwist\u00f3w izraelskiej armii, kt\u00f3rzy zastanawiaj\u0105 si\u0119 dzi\u015b, czy sumienie pozwoli im zrealizowa\u0107 powtarzane od miesi\u0119cy gro\u017aby i nie stawia\u0107 si\u0119 na obowi\u0105zkowe szkolenia w prote\u015bcie przeciwko zmianom w s\u0105downictwie, dotarli dziennikarze brytyjskiego dziennika \u201eFinancial Times&#8221;.<\/span><\/div>\n<div class=\"article--content article--content-free  \" style=\"text-align: left;\">\n<p class=\"text--paragraph\"><span style=\"color: #000080;\"><a id=\"LinkArea:embed_link\" class=\"text--link \" style=\"color: #000080;\" title=\"Zmiany, przeciwko kt\u00f3rym protestuj\u0105 dzi\u015b Izraelczycy\" href=\"https:\/\/wyborcza.pl\/7,75399,29964654,izrael-gwaltowne-protesty-przeciwko-zmianom-w-sadownictwie.html#S.embed_link-K.C-B.1-L.1.zw\" rel=\"dofollow\" data-bd-viewability=\"1\" data-bd-viewability-id=\"embed_link\" data-bd-viewability-href=\"https:\/\/wyborcza.pl\/7,75399,29964654,izrael-gwaltowne-protesty-przeciwko-zmianom-w-sadownictwie.html#S.embed_link-K.C-B.1-L.1.zw\">Zmiany, przeciwko kt\u00f3rym protestuj\u0105 dzi\u015b Izraelczycy<\/a>, przy wsparciu armii, to g\u0142\u00f3wnie ograniczenie wp\u0142ywu s\u0105du najwy\u017cszego na decyzje polityk\u00f3w, co \u2013 zdaniem krytyk\u00f3w \u2013 zagra\u017ca demokracji, a wed\u0142ug rz\u0105du pozwoli ograniczy\u0107 samowol\u0119 s\u0119dzi\u00f3w.<\/span><\/p>\n<\/div>\n<p style=\"text-align: left;\"><span style=\"color: #000080;\">Reforma, po miesi\u0105cach protest\u00f3w,&nbsp;<a id=\"LinkArea:embed_link\" class=\"text--link \" style=\"color: #000080;\" title=\"w ostatni poniedzia\u0142ek ostatecznie zosta\u0142a przeg\u0142osowana w parlamencie\" href=\"https:\/\/wyborcza.pl\/7,75399,30002587,izrael-dzis-kluczowe-glosowanie-w-sprawie-reformy-sadownictwa.html#S.embed_link-K.C-B.1-L.2.zw\" rel=\"dofollow\" data-bd-viewability=\"1\" data-bd-viewability-id=\"embed_link\" data-bd-viewability-href=\"https:\/\/wyborcza.pl\/7,75399,30002587,izrael-dzis-kluczowe-glosowanie-w-sprawie-reformy-sadownictwa.html#S.embed_link-K.C-B.1-L.2.zw\">w ostatni poniedzia\u0142ek ostatecznie zosta\u0142a przeg\u0142osowana w parlamencie<\/a>&nbsp;przy bojkocie deputowanych opozycji.<\/span><\/p>\n<p style=\"text-align: center;\"><img decoding=\"async\" class=\"aligncenter\" src=\"https:\/\/bi.im-g.pl\/im\/b0\/9f\/1c\/z30013104IH,Izrael--Protest-przeciwko-zmianom-w-sadownictwie--.jpg\" width=\"100%\"><span style=\"color: #808080;\"><em>Izrael. Protest przeciwko zmianom w s\u0105downictwie, Jerozolima, 23 lipca 2023 r. Fot. Ohad Zwigenberg \/ AP Photo<\/em><\/span><\/p>\n<h4 class=\"text--title font-head-700\">Rezerwi\u015bci przestan\u0105 s\u0142u\u017cy\u0107? To \u201euszczerbek w gotowo\u015bci ca\u0142ej armii&#8221;<\/h4>\n<p class=\"text--paragraph\" style=\"text-align: left;\"><span style=\"color: #000080;\">Sasi Menachem, kt\u00f3ry w wojsku sp\u0119dzi\u0142 po\u0142ow\u0119 \u017cycia, przyznaje, \u017ce dzi\u015b rozwa\u017ca do\u0142\u0105czenie do protestuj\u0105cych i niezg\u0142aszanie si\u0119 na s\u0142u\u017cb\u0119.<\/span><\/p>\n<p class=\"text--paragraph\" style=\"text-align: left;\"><span style=\"color: #000080;\">\u2013 S\u0142u\u017cy\u0142em na wszystkich wojnach w ci\u0105gu ostatnich 25 lat. Straci\u0142em na nich przyjaci\u00f3\u0142, dlatego nawet trudno jest mi wypowiedzie\u0107 s\u0142owa: \u201eKiedy armia wezwie, nie zg\u0142osz\u0119 si\u0119&#8221; \u2013 przyznaje w rozmowie z dziennikiem \u201eFinancial Times&#8221;. \u2013 Ale musimy pami\u0119ta\u0107, \u017ce s\u0142u\u017cymy kr\u00f3lestwu, nie kr\u00f3lowi \u2013 dodaje, odnosz\u0105c si\u0119 do premiera Beniamina Netanjahu, kt\u00f3ry wraz ze swym skrajnie prawicowym rz\u0105dem od miesi\u0119cy par\u0142 do zmian, nie ogl\u0105daj\u0105c si\u0119 na protesty obywateli i po\u0142ajanki zachodnich sojusznik\u00f3w.<\/span><\/p>\n<p class=\"text--paragraph\" style=\"text-align: left;\"><span style=\"color: #000080;\">W ci\u0105gu ostatniego p\u00f3\u0142 roku, odk\u0105d rz\u0105d og\u0142osi\u0142, \u017ce planuje reform\u0119, dziesi\u0105tki tysi\u0119cy rezerwist\u00f3w zagrozi\u0142o, \u017ce \u2013 je\u015bli politycy nie odst\u0105pi\u0105 od zmian \u2013 do\u0142\u0105cz\u0105 do protest\u00f3w. A w ostatnich dniach ich liczba wyra\u017anie wzros\u0142a. Tu\u017c przed poniedzia\u0142kowym g\u0142osowaniem w Knesecie grupa ok. 10 tys. rezerwist\u00f3w og\u0142osi\u0142a, \u017ce jej cz\u0142onkowie przestaj\u0105 zg\u0142asza\u0107 si\u0119 na s\u0142u\u017cb\u0119. Dzie\u0144 wcze\u015bniej takie samo o\u015bwiadczenie wyda\u0142o 1,1 tys. rezerwist\u00f3w, w\u015br\u00f3d nich kilkuset pilot\u00f3w my\u015bliwc\u00f3w.<\/span><\/p>\n<p style=\"text-align: center;\"><img decoding=\"async\" class=\"aligncenter\" src=\"https:\/\/bi.im-g.pl\/im\/ae\/9f\/1c\/z30013102IH,Izraelscy-zolnierze-na-Zachodnim-Brzegu-Jordanu--2.jpg\" width=\"100%\"><span style=\"color: #808080;\"><em>Izraelscy \u017co\u0142nierze na Zachodnim Brzegu Jordanu, 25 lipca 2023 r.&nbsp; \/&nbsp; Fot. Majdi Mohammed \/ AP Photo<\/em><\/span><\/p>\n<p style=\"text-align: left;\"><span style=\"color: #000080;\">Sytuacja w armii wywo\u0142ana obecnym kryzysem martwi jej dow\u00f3dc\u00f3w. Herzi Halevi, szef sztabu si\u0142 zbrojnych, wyda\u0142 o\u015bwiadczenie, ostrzegaj\u0105c, \u017ce \u201ebez silnej i zjednoczonej armii Izrael nie b\u0119dzie w stanie istnie\u0107 w regionie&#8221;.<\/span><\/p>\n<p class=\"text--paragraph\" style=\"text-align: left;\"><span style=\"color: #000080;\">Tak\u017ce rzecznik armii adm. Daniel Hagari przyzna\u0142 we wtorek, \u017ce ro\u015bnie liczba wniosk\u00f3w od rezerwist\u00f3w, kt\u00f3rzy chc\u0105 zako\u0144czy\u0107 s\u0142u\u017cb\u0119.<\/span><\/p>\n<p class=\"text--paragraph\" style=\"text-align: left;\"><span style=\"color: #000080;\">\u2013 Je\u015bli w d\u0142u\u017cszym okresie nie b\u0119d\u0105 si\u0119 oni zg\u0142asza\u0107, oznacza to wyra\u017any uszczerbek w gotowo\u015bci naszej armii \u2013 stwierdzi\u0142 Hagari.<\/span><\/p>\n<h4 class=\"text--title font-head-700\">Jedni buntuj\u0105 si\u0119 przeciwko reformie. Innym nie pasuje, co wyprawia Izrael na Zachodnim Brzegu<\/h4>\n<p class=\"text--paragraph\" style=\"text-align: left;\"><span style=\"color: #000080;\">Jak opisuje \u201eFinancial Times&#8221;, rezerwi\u015bci podaj\u0105 r\u00f3\u017cne powody swojej decyzji. Cz\u0119\u015b\u0107 protestuje przeciwko reformie, kt\u00f3ra \u2013 jak si\u0119 obawiaj\u0105 \u2013 pozwoli skrajnie prawicowemu rz\u0105dowi i jego religijnym sojusznikom narzuca\u0107 spo\u0142ecze\u0144stwu ich \u015bwiatopogl\u0105d.<\/span><\/p>\n<p style=\"text-align: left;\"><span style=\"color: #000080;\">\u2013&nbsp;Ten rz\u0105d jest szalony \u2013 przyznaje anonimowo rezerwista artylerii, kt\u00f3ry protestowa\u0142 w ostatnich dniach pod parlamentem w Jerozolimie. \u2013 Uwa\u017cam, \u017ce oni naprawd\u0119 wierz\u0105, i\u017c powinni\u015bmy mie\u0107 fundamentalistyczne prawo, i boj\u0119 si\u0119, \u017ce porw\u0105 ze sob\u0105 ca\u0142y kraj<\/span>.<\/p>\n<p class=\"text--paragraph\" style=\"text-align: left;\"><span style=\"color: #000080;\">Wt\u00f3ruje mu Gal, dow\u00f3dca czo\u0142gu w rezerwie, kt\u00f3ry przyznaje, \u017ce cho\u0107 to walka o s\u0105downictwo sk\u0142oni\u0142a go do protestowania, to ju\u017c wcze\u015bniej nie pasowa\u0142y mu&nbsp;<a id=\"LinkArea:embed_link\" class=\"text--link \" style=\"color: #000080;\" title=\"dzia\u0142ania armii na okupowanym Zachodnim Brzegu Jordanu\" href=\"https:\/\/wyborcza.pl\/7,75399,29888873,izrael-duza-operacja-armii-w-dzeninie-zginelo-szesciu-palestynczykow.html#S.embed_link-K.C-B.1-L.3.zw\" rel=\"dofollow\" data-bd-viewability=\"1\" data-bd-viewability-id=\"embed_link\" data-bd-viewability-href=\"https:\/\/wyborcza.pl\/7,75399,29888873,izrael-duza-operacja-armii-w-dzeninie-zginelo-szesciu-palestynczykow.html#S.embed_link-K.C-B.1-L.3.zw\">dzia\u0142ania armii na okupowanym Zachodnim Brzegu Jordanu<\/a>, gdzie Izrael rozbudowuje swoje osiedla i nasila operacje wojskowe w palesty\u0144skich miastach, w odpowiedzi na rosn\u0105c\u0105 liczb\u0119 atak\u00f3w ze strony tamtejszych terroryst\u00f3w.<\/span><\/p>\n<p class=\"text--paragraph\" style=\"text-align: left;\"><span style=\"color: #000080;\">\u2013&nbsp;Jestem przeciwny osiedlom i wszystkiemu, co dzieje si\u0119 na Zachodnim Brzegu \u2013 t\u0142umaczy w rozmowie z dziennikiem. \u2013 Ekstremi\u015bci, osadnicy, tacy jak Smotrich czy Ben-Gwir [ministrowie finans\u00f3w i bezpiecze\u0144stwa narodowego], kontroluj\u0105 dzi\u015b polityk\u0119 ca\u0142ego rz\u0105du.<\/span><\/p>\n<p class=\"text--paragraph\" style=\"text-align: left;\"><span style=\"color: #000080;\">\u2013&nbsp;Nie wiem, czy pewnego dnia nie dojdzie do tego, \u017ce zaczn\u0105 przywraca\u0107 osiedla tak\u017ce w Strefie Gazy, a to ju\u017c stoi w sprzeczno\u015bci ze wszystkim, w co wierz\u0119 \u2013 dodaje Gal. Izrael ewakuowa\u0142 si\u0119 z okupowanej strefy w 2005 r., likwiduj\u0105c wszystkie tamtejsze osiedla.<\/span><\/p>\n<h4 class=\"text--title font-head-700\">\u201eZ tym rz\u0105dem trzeba post\u0119powa\u0107 si\u0142\u0105. To jedyne, co rozumiej\u0105&#8221;<\/h4>\n<p class=\"text--paragraph\" style=\"text-align: left;\"><span style=\"color: #000080;\">Rezerwi\u015bci maj\u0105 te\u017c bardzo praktyczne powody, by ba\u0107 si\u0119 zmian. Jak t\u0142umaczy cytowany w dzienniku Szaja Ben-Jehuda z grupy weteran\u00f3w, uwa\u017caj\u0105 oni, \u017ce reforma s\u0105downictwa i os\u0142abienie izraelskich s\u0105d\u00f3w mog\u0105 zwi\u0119kszy\u0107 ryzyko stawiania \u017co\u0142nierzy przed mi\u0119dzynarodowymi s\u0105dami.<\/span><\/p>\n<p class=\"text--paragraph\" style=\"text-align: left;\"><span style=\"color: #000080;\">\u2013 Dop\u00f3ki Izrael ma silny s\u0105d najwy\u017cszy i ca\u0142e s\u0105downictwo, mo\u017cemy m\u00f3wi\u0107, \u017ce sami s\u0105dzimy swoich ludzi i nie ma powodu, by oskar\u017ca\u0107 ich przed mi\u0119dzynarodowym trybuna\u0142em \u2013 t\u0142umaczy. \u2013 Ale teraz mo\u017ce si\u0119 okaza\u0107, \u017ce nasz system jednak nie potrafi si\u0119 samodzielnie obroni\u0107.<\/span><\/p>\n<p class=\"text--paragraph\" style=\"text-align: left;\"><span style=\"color: #000080;\">Cho\u0107 na razie w\u0142adze unikaj\u0105 ostrego krytykowania protestuj\u0105cych rezerwist\u00f3w, we wtorek armia potwierdzi\u0142a, \u017ce na\u0142o\u017cy\u0142a grzywn\u0119 na jednego \u017co\u0142nierza i wyrok w zawieszeniu na innego za niestawienie si\u0119 na szkolenie.<\/span><\/p>\n<p class=\"text--paragraph\" style=\"text-align: left;\"><span style=\"color: #000080;\">Jednak ich koledzy, kt\u00f3rzy nie uczestnicz\u0105 w prote\u015bcie, popieraj\u0105 decyzj\u0119 demonstruj\u0105cych. \u2013 Kiedy negocjujesz z takimi lud\u017ami jak nasz rz\u0105d, musisz dzia\u0142a\u0107 jak oni, bo jedyne, co oni rozumiej\u0105, to si\u0142a \u2013 t\u0142umaczy Yonatan, rezerwista marynarki, cytowany przez \u201eFinancial Times&#8221;.<\/span><\/p>\n<p class=\"text--paragraph\" style=\"text-align: left;\"><span style=\"color: #000080;\">Jak wyja\u015bnia dziennik, istniej\u0105 obawy, \u017ce protesty rezerwist\u00f3w zaszkodz\u0105 armii na trzy sposoby: brak szkolenia obni\u017cy gotowo\u015b\u0107 \u017co\u0142nierzy i pilot\u00f3w do walki; protest mo\u017ce wywo\u0142a\u0107 spory mi\u0119dzy \u017co\u0142nierzami o r\u00f3\u017cnych pogl\u0105dach; wreszcie informacja, \u017ce tysi\u0105ce rezerwist\u00f3w przesta\u0142y si\u0119 szkoli\u0107, mo\u017ce o\u015bmieli\u0107 wrog\u00f3w Izraela.<\/span><\/p>\n<h4 class=\"text--title font-head-700\" style=\"text-align: left;\">Iran i Hamas: Zachowamy spok\u00f3j, nie damy Netanjahu szansy obarczenia nas win\u0105 za kryzys<\/h4>\n<p class=\"text--paragraph\" style=\"text-align: left;\"><span style=\"color: #000080;\">Ci ostatni uwa\u017cnie obserwuj\u0105&nbsp;<a id=\"LinkArea:embed_link\" class=\"text--link \" style=\"color: #000080;\" title=\"obecny kryzys w Izraelu\" href=\"https:\/\/wyborcza.pl\/7,75399,30010527,czarny-scenariusz-materializuje-sie-w-izraelu.html#S.embed_link-K.C-B.1-L.4.zw\" rel=\"dofollow\" data-bd-viewability=\"1\" data-bd-viewability-id=\"embed_link\" data-bd-viewability-href=\"https:\/\/wyborcza.pl\/7,75399,30010527,czarny-scenariusz-materializuje-sie-w-izraelu.html#S.embed_link-K.C-B.1-L.4.zw\">obecny kryzys w Izraelu<\/a>.&nbsp;<a id=\"LinkArea:embed_link\" class=\"text--link \" style=\"color: #000080;\" title=\"W poniedzia\u0142ek, tu\u017c po informacji o przyj\u0119ciu kontrowersyjnych zmian w prawie,\" href=\"https:\/\/wyborcza.pl\/7,75399,30006502,izrael-wrze-po-przyjeciu-zmian-w-sadownictwie-usa-glosowanie.html#S.embed_link-K.C-B.1-L.5.zw\" rel=\"dofollow\" data-bd-viewability=\"1\" data-bd-viewability-id=\"embed_link\" data-bd-viewability-href=\"https:\/\/wyborcza.pl\/7,75399,30006502,izrael-wrze-po-przyjeciu-zmian-w-sadownictwie-usa-glosowanie.html#S.embed_link-K.C-B.1-L.5.zw\">W poniedzia\u0142ek, tu\u017c po informacji o przyj\u0119ciu kontrowersyjnych zmian w prawie,<\/a>&nbsp;szef liba\u0144skiego Hezbollahu z wyra\u017an\u0105 satysfakcj\u0105 obwie\u015bci\u0142 w telewizyjnym przem\u00f3wieniu, \u017ce Izrael w\u0142a\u015bnie prze\u017cywa sw\u00f3j \u201enajgorszy dzie\u0144&#8221;, kt\u00f3ry \u2013 \u201eje\u015bli B\u00f3g pozwoli&nbsp;\u2013 doprowadzi go do upadku, fragmentacji i unicestwienia&#8221;.<\/span><\/p>\n<p class=\"text--paragraph\" style=\"text-align: left;\"><span style=\"color: #000080;\">Jak opisuje Reuters, powo\u0142uj\u0105c si\u0119 na anonimowego ira\u0144skiego dyplomat\u0119, nie tylko Hezbollah interesuje si\u0119 sytuacj\u0105 w Izraelu. W ostatnich dniach przedstawiciele radykalnego palesty\u0144skiego Hamasu spotkali si\u0119 z wys\u0142annikami Teheranu&nbsp;\u2013 ich najwa\u017cniejszego sojusznika i sponsora, a przy okazji zaciek\u0142ego wroga Izraela&nbsp;\u2013 by rozmawia\u0107 o obecnym kryzysie.<\/span><\/p>\n<p class=\"text--paragraph\" style=\"text-align: left;\"><span style=\"color: #000080;\">W dyskusjach, w kt\u00f3rych uczestniczyli przedstawiciele Al-Kuds, elitarnych jednostek ira\u0144skiej Gwardii Rewolucyjnej, odpowiedzialnych za operacje poza granicami Iranu, palesty\u0144scy radyka\u0142owie i Ira\u0144czycy zgodzili si\u0119, \u017ce najlepiej zachowa\u0107 spok\u00f3j i nie podejmowa\u0107 antyizraelskich dzia\u0142a\u0144. T\u0142umacz\u0105, \u017ce da\u0142oby to rz\u0105dowi Netanjahu okazj\u0119, by o kryzys obwini\u0107 zewn\u0119trznego wroga i ponownie zjednoczy\u0107 nar\u00f3d.<\/span><\/p>\n<p class=\"text--paragraph\" style=\"text-align: left;\"><span style=\"color: #000080;\">Rezerwi\u015bci, z kt\u00f3rymi rozmawia\u0142 dziennik \u201eFinancial Times&#8221;, podkre\u015blaj\u0105, \u017ce nawet je\u015bli w ramach protestu odmawiaj\u0105 dzi\u015b uczestniczenia w szkoleniach, je\u015bli kraj znajdzie si\u0119 w niebezpiecze\u0144stwie, natychmiast stawi\u0105 si\u0119 na s\u0142u\u017cb\u0119.<\/span><\/p>\n<hr style=\"height: 15px; background: #d0e6fa; width: 100%;\">\n<div id=\"content\" class=\"content-alignment\">\n<div id=\"watch-description\" class=\"yt-uix-button-panel\">\n<div id=\"watch-description-text\" style=\"text-align: center;\">\n<p><em>Zawarto\u015b\u0107 publikowanych artyku\u0142\u00f3w i materia\u0142\u00f3w nie reprezentuje pogl\u0105d\u00f3w ani opinii Reunion&#8217;68,<\/em><em><br \/>\nani te\u017c webmastera Blogu Reunion&#8217;68, chyba ze jest to wyra\u017anie zaznaczone.<br \/>\nTwoje uwagi, linki, w\u0142asne artyku\u0142y lub wiadomo\u015bci prze\u015blij na adres:<br \/>\n<\/em><span style=\"color: #000080;\"><strong><em><a style=\"color: #000080;\" href=\"mailto:webmaster@reunion68.com\"><span style=\"text-decoration: underline;\">webmaster@reunion68.com<\/span><\/a><\/em><\/strong><\/span><\/p>\n<\/div>\n<\/div>\n<\/div>\n<hr style=\"width: 100%;\">\n","protected":false},"excerpt":{"rendered":"<p>Izrael. Protest przeciwko zmianom w s\u0105downictwie, Jerozolima, 24 lipca 2023 r. (Fot. Ohad Zwigenberg \/ AP Photo) Izrael: bunt rezerwist\u00f3w nie b\u0119dzie \u0142atwy. &#8220;Kiedy armia wezwie, trudno b\u0119dzie si\u0119 nie zg\u0142osi\u0107&#8221; Marta Urz\u0119dowska Rezerwi\u015bci elitarnych jednostek izraelskiej armii po kontrowersyjnej reformie s\u0105downictwa gro\u017c\u0105, \u017ce przestan\u0105 stawia\u0107 si\u0119 na s\u0142u\u017cb\u0119. Ale dla wielu to trudna decyzja. [&hellip;]<\/p>\n","protected":false},"author":1,"featured_media":0,"comment_status":"closed","ping_status":"closed","sticky":false,"template":"","format":"standard","meta":[],"categories":[6],"tags":[26,24],"_links":{"self":[{"href":"https:\/\/www.reunion68.se\/index.php?rest_route=\/wp\/v2\/posts\/105828"}],"collection":[{"href":"https:\/\/www.reunion68.se\/index.php?rest_route=\/wp\/v2\/posts"}],"about":[{"href":"https:\/\/www.reunion68.se\/index.php?rest_route=\/wp\/v2\/types\/post"}],"author":[{"embeddable":true,"href":"https:\/\/www.reunion68.se\/index.php?rest_route=\/wp\/v2\/users\/1"}],"replies":[{"embeddable":true,"href":"https:\/\/www.reunion68.se\/index.php?rest_route=%2Fwp%2Fv2%2Fcomments&post=105828"}],"version-history":[{"count":8,"href":"https:\/\/www.reunion68.se\/index.php?rest_route=\/wp\/v2\/posts\/105828\/revisions"}],"predecessor-version":[{"id":105842,"href":"https:\/\/www.reunion68.se\/index.php?rest_route=\/wp\/v2\/posts\/105828\/revisions\/105842"}],"wp:attachment":[{"href":"https:\/\/www.reunion68.se\/index.php?rest_route=%2Fwp%2Fv2%2Fmedia&parent=105828"}],"wp:term":[{"taxonomy":"category","embeddable":true,"href":"https:\/\/www.reunion68.se\/index.php?rest_route=%2Fwp%2Fv2%2Fcategories&post=105828"},{"taxonomy":"post_tag","embeddable":true,"href":"https:\/\/www.reunion68.se\/index.php?rest_route=%2Fwp%2Fv2%2Ftags&post=105828"}],"curies":[{"name":"wp","href":"https:\/\/api.w.org\/{rel}","templated":true}]}}