{"id":105928,"date":"2023-08-07T17:05:22","date_gmt":"2023-08-07T15:05:22","guid":{"rendered":"http:\/\/www.reunion68.se\/?p=105928"},"modified":"2023-08-06T13:59:25","modified_gmt":"2023-08-06T11:59:25","slug":"06-05-92","status":"publish","type":"post","link":"https:\/\/www.reunion68.se\/?p=105928","title":{"rendered":"The French Riots and the Jews"},"content":{"rendered":"<h5 style=\"text-align: center;\"><a href=\"https:\/\/www.tabletmag.com\/\" target=\"_blank\" rel=\"noopener noreferrer\"><img decoding=\"async\" class=\"center alignleft\" src=\"http:\/\/www.reunion68.com\/Biuletyn\/img\/tablet-1.png\" alt=\"\" width=\"35%\"><\/a><span style=\"text-decoration: underline; color: #000080;\"><strong><a style=\"color: #000080; text-decoration: underline;\" href=\"https:\/\/www.tabletmag.com\/sections\/arts-letters\/articles\/french-riots-and-the-jews\" target=\"_blank\" rel=\"noopener noreferrer\">The French Riots and the Jews<\/a><\/strong><\/span><\/h5>\n<p style=\"text-align: center;\"><span style=\"color: #000000;\"><strong>MARC WEITZMANN<\/strong><\/span><\/p>\n<hr style=\"height: 15px; background: #d0e6fa; width: 100%;\">\n<h4 style=\"text-align: center;\"><span style=\"color: #808080;\"><strong>The recent chaos is not an antisemitic intifada\u2014it\u2019s something worse<\/strong><\/span>.<br \/>\n.<\/h4>\n<p style=\"text-align: center;\"><img decoding=\"async\" class=\"aligncenter\" src=\"https:\/\/tablet-mag-images.b-cdn.net\/production\/3d7577b5ece68c444fc69bda0c04cf977fb78051-4000x2668.jpg?w=1300&amp;q=70&amp;auto=format&amp;dpr=1\" width=\"100%\"><span style=\"color: #808080;\"><em>An overturned car burns during clashes between French police forces and youths after a memorial march for French teenager Nahel Merzouk, shot by police during a traffic control stop in Nanterre, France, on June 29, 2023 \/ ABDULMONAM EASSA\/ GETTY IMAGES<\/em><\/span><\/p>\n<div class=\"BlockContent col-12 lg:col-10 xl-wide:col-8 mxauto\">\n<p style=\"text-align: left;\"><span style=\"color: #000080;\">On June 30, three days after the killing of Nahel Merzouk, 17, by a police officer during a police check in the city of Nanterre, near Paris, and the ensuing riots all across the country, right-wing representative Meyer Habib, a French Israeli citizen and close associate of Israeli Prime Minister Benjamin Netanyahu, published an article on Facebook titled \u201cINTIFADA SCENES IN FRANCE,\u201d from which I quote:<\/span><\/p>\n<\/div>\n<div class=\"BlockContent col-12 lg:col-10 xl-wide:col-8 mxauto\"><\/div>\n<div class=\"BlockContent col-12 lg:col-10 xl-wide:col-8 mxauto\">\n<blockquote><p><em>Since the last three days France is burning in its lost territories of the Republic and way beyond!<\/em><\/p><\/blockquote>\n<\/div>\n<div class=\"BlockContent col-12 lg:col-10 xl-wide:col-8 mxauto\">\n<blockquote><p><em>Burned French flags, burned city halls, burned police stations, burned stores, cars and schools! (\u2026)<\/em><\/p><\/blockquote>\n<\/div>\n<div class=\"BlockContent col-12 lg:col-10 xl-wide:col-8 mxauto\">\n<blockquote><p><em>The Memorial of deportation in Nanterre vandalized! Antisemitic and anti-white tags blooming! Some call for the Sharia and vengeance!<\/em><\/p><\/blockquote>\n<\/div>\n<div class=\"BlockContent col-12 lg:col-10 xl-wide:col-8 mxauto\">\n<blockquote><p><em>In those territories, hatred of France, hatred of whites, hatred of Jews, have been thriving for years, most often in all impunity!<\/em><\/p><\/blockquote>\n<\/div>\n<div class=\"BlockContent col-12 lg:col-10 xl-wide:col-8 mxauto\">\n<blockquote><p><em>Nothing justifies such chaos! Not even the tragic, abnormal passing of a 17 years old young man, who had tried to escape police several times.<\/em><\/p><\/blockquote>\n<\/div>\n<div class=\"BlockContent col-12 lg:col-10 xl-wide:col-8 mxauto\">\n<blockquote><p><em>When Sarah Halimi was slaughtered for 20 minutes in front of 20 policemen by an Islamist who is almost free today, nobody ransacked anything!<\/em><\/p><\/blockquote>\n<\/div>\n<div class=\"BlockContent col-12 lg:col-10 xl-wide:col-8 mxauto\">\n<blockquote><p><em>Every political leader worthy of the name should call to a return to calm and to the respect of the rule of law!<\/em><\/p><\/blockquote>\n<\/div>\n<div class=\"BlockContent col-12 lg:col-10 xl-wide:col-8 mxauto\"><\/div>\n<div class=\"BlockContent col-12 lg:col-10 xl-wide:col-8 mxauto\">\n<p style=\"text-align: left;\"><span style=\"color: #000080;\">Sarah Halimi was a 65-year-old retired school teacher. On April, 4, 2017, she was beaten to death at home and thrown out of her window by Kobili Traor\u00e9, a 27-year-old Muslim drug addict who had broken into her home and later claimed to have been possessed by demons.<\/span><\/p>\n<\/div>\n<div class=\"BlockContent col-12 lg:col-10 xl-wide:col-8 mxauto\" style=\"text-align: left;\"><\/div>\n<div class=\"BlockContent col-12 lg:col-10 xl-wide:col-8 mxauto\" style=\"text-align: left;\">\n<p><span style=\"color: #000080;\">Two days after Habib\u2019s post, on July 2, at the start of Sunday\u2019s cabinet meeting, Netanyahu himself made a statement about the riots in France. The Israeli government, he said, saw \u201cwith utmost concern the displays and waves of antisemitism sweeping over France\u201d and the \u201ccriminal assaults against Jewish targets. We strongly condemn these attacks and we support the French government in its fight against antisemitism,\u201d he added.<\/span><\/p>\n<\/div>\n<div class=\"BlockContent col-12 lg:col-10 xl-wide:col-8 mxauto\" style=\"text-align: left;\"><\/div>\n<div class=\"BlockContent col-12 lg:col-10 xl-wide:col-8 mxauto\" style=\"text-align: left;\">\n<p><span style=\"color: #000080;\">Netanyahu\u2019s statement was published the same day by the&nbsp;<em>Jerusalem Post<\/em>, along with Habib\u2019s statement. As an example of the antisemitic attacks that both men had mentioned, an accompanying article quoted \u201cthe Holocaust memorial\u201d of Nanterre, whose French flag had been destroyed, and on whose wall anti-cop tags had been discovered. On July 7, under the title&nbsp;<em>\u201c<\/em>The riots in France have become antisemitic,<em>\u201d<\/em>&nbsp;the&nbsp;<em>J-Post<\/em>&nbsp;published&nbsp;<a style=\"color: #000080;\" href=\"https:\/\/www.jpost.com\/opinion\/article-749141\">another piece<\/a>, an op-ed by a German writer named Thomas Stern, who used the same memorial incident as the sole example to support his thesis. The next day, it was the turn of the English&nbsp;<em>Telegraph<\/em>&nbsp;to use the same picture of the same Nanterre memorial for an&nbsp;<a style=\"color: #000080;\" href=\"https:\/\/www.telegraph.co.uk\/world-news\/2023\/07\/08\/france-jewish-community-high-alert-riots-nahel-merzouk\/\">article<\/a>&nbsp;titled \u201cFrance\u2019s Jewish community on high alert after nationwide riots.\u201d<\/span><\/p>\n<\/div>\n<div class=\"BlockContent col-12 lg:col-10 xl-wide:col-8 mxauto\" style=\"text-align: left;\"><\/div>\n<div class=\"BlockContent col-12 lg:col-10 xl-wide:col-8 mxauto\" style=\"text-align: left;\">\n<p><span style=\"color: #000080;\">There is a reason why everyone is using the Nanterre memorial as evidence of the riots\u2019 antisemitism: There is no other even vaguely plausible example. In fact, even the case of Nanterre is deceiving. First of all, the Nanterre wall is neither \u201ca Holocaust memorial\u201d nor a \u201cmemorial of deportation\u201d but a monument dedicated to&nbsp;<em>\u201c<\/em>The martyrs of deportation and of the Resistance.\u201d It was commissioned in the mid \u201990s by the former Minister of Interior Charles Pasqua, who had been a high-ranking Resistance fighter of the Gaullist movement.<\/span><\/p>\n<\/div>\n<div class=\"BlockContent col-12 lg:col-10 xl-wide:col-8 mxauto\" style=\"text-align: left;\"><\/div>\n<div class=\"BlockContent col-12 lg:col-10 xl-wide:col-8 mxauto\">\n<p style=\"text-align: left;\"><span style=\"color: #000080;\">After the war, Gaullists believed that the unity of the French after the war was of the utmost importance. In order to maintain it, he denied for decades the specificity of the history of the Jews and their suffering during the years of occupation. France\u2019s postwar Gaullist governments heavily censored the first books and films on the fate of the Jews and the role played by the French police in the deportations. The accepted version of the war was that all French citizens had experienced the same suffering and oppression. As in the USSR after WWII, Jews were invisible and their experience of the Vichy regime untold. Pasqua, an old-fashioned Gaullist with ties to the far-right, shared that version of history and commissioned the Nanterre monument accordingly.<\/span><\/p>\n<\/div>\n<p style=\"text-align: center;\"><img decoding=\"async\" class=\"aligncenter\" src=\"https:\/\/tablet-mag-images.b-cdn.net\/production\/2afbbb0778d042d03323cb4a05d466437a739ffe-2000x1334.jpg?w=1200&amp;q=70&amp;auto=format&amp;dpr=1\" width=\"100%\"><span style=\"color: #808080;\"><em>\u2018There is a reason why everyone is using the Nanterre memorial as evidence of the riots\u2019 antisemitism: There is no other even vaguely plausible example.\u2019 \/ AP PHOTO\/CARA ANNA<\/em><\/span><\/p>\n<div class=\"BlockContent col-12 lg:col-10 xl-wide:col-8 mxauto\">\n<p style=\"text-align: left;\"><span style=\"color: #000080;\">If the Nanterre memorial symbolizes anything, then, it is the ambiguity of French memory regarding WWII until the end of the 1990s, when French President Jacques Chirac finally officially admitted the Vichy government\u2019s responsibility for the fate of the Jews of France. It is&nbsp;<em>not<\/em>&nbsp;a tribute to the Jews and was never conceived as such. To read anti-cop graffiti inscribed on its wall as proof of a \u201cwave\u201d of antisemitism is therefore to misunderstand both France\u2019s tortuous relationship to its own past and today\u2019s antisemitism.<\/span><\/p>\n<\/div>\n<div class=\"BlockContent col-12 lg:col-10 xl-wide:col-8 mxauto\" style=\"text-align: left;\"><\/div>\n<div class=\"BlockContent col-12 lg:col-10 xl-wide:col-8 mxauto\" style=\"text-align: left;\">\n<p><span style=\"color: #000080;\">Were kosher restaurants and Jewish stores ransacked during the riots? Of course they were\u2014but no more than nonkosher restaurants and stores that happened to be within reach of the rioters and looters. In fact, from a Jewish standpoint, if anything is remarkable, it is the almost complete lack of specificity in the choice of the businesses targeted. According to all available reports, it appears that only one business was specifically destroyed for what it was\u2014the Happy Caf\u00e9, a gay-friendly bar in the city of Brest, whose owner had to close down during the riots after reading messages on Telegram calling to \u201cburn the fags, let them die in hell by the Koran,\u201d followed by the name of the establishment.<\/span><\/p>\n<\/div>\n<div class=\"BlockContent col-12 lg:col-10 xl-wide:col-8 mxauto\" style=\"text-align: left;\"><\/div>\n<div class=\"BlockContent col-12 lg:col-10 xl-wide:col-8 mxauto\" style=\"text-align: left;\">\n<p><span style=\"color: #000080;\">The example of the Happy Caf\u00e9 shows how easy it would have been to call to attack synagogues, Jewish cultural centers, and so forth. And yet, this was not done. The vast majority of the stores ransacked or destroyed were either chosen at random or because of the alleged luxury brand they represented (in city centers, Nike or Louis Vuitton were targets of choice). Given France\u2019s heavy record of antisemitism since the 2000s, and the unprecedented intensity of the five days and nights of rioting across the country, the real news was that Jewish businesses, synagogues, and residences were not targeted&nbsp;<em>as such<\/em>.<\/span><\/p>\n<\/div>\n<div class=\"BlockContent col-12 lg:col-10 xl-wide:col-8 mxauto\" style=\"text-align: left;\"><\/div>\n<div class=\"BlockContent col-12 lg:col-10 xl-wide:col-8 mxauto\" style=\"text-align: left;\">\n<p><span style=\"color: #000080;\">\u201cAfter the&nbsp;<em>J-Post<\/em>&nbsp;article was published, we had to set up a video conference with the Jewish Agency and the Ministry of Aliyah in Israel to set the record straight,\u201d said Yonathan Arfi, the new, young, left-wing president of the CRIF, the (secular) institution representing the Jews of France. \u201cWe realized that Israelis were watching the riots with glasses dating from 2014\u2014when antisemitic attacks in France rose up to 800 per year\u2014while we were looking at these events through the lens of 2005\u2014the year the banlieues exploded out of anger and social frustration after two teenagers were killed running from the police.\u201d<\/span><\/p>\n<\/div>\n<div class=\"BlockContent col-12 lg:col-10 xl-wide:col-8 mxauto\" style=\"text-align: left;\"><\/div>\n<div class=\"BlockContent col-12 lg:col-10 xl-wide:col-8 mxauto\" style=\"text-align: left;\">\n<p><span style=\"color: #000080;\">2014 marked both the peak of random antisemitic incidents across the country and the prelude to the deadly terror wave that began on Jan. 7-9, 2015, with the killings at&nbsp;<em>Charlie Hebdo<\/em>&nbsp;and the Hypercacher kosher supermarket in Paris. Throughout the spring of 2015, the French authorities counted nearly one attempted violent attack per week, culminating in the Bataclan massacre on Nov. 13. The tension began to fall only after the mass killing the following year in Nice, where a heavy truck attacked the crowd watching the fireworks display on Bastille Day, July 14, killing 86 people and injuring hundreds more.<\/span><\/p>\n<\/div>\n<div class=\"BlockContent col-12 lg:col-10 xl-wide:col-8 mxauto\" style=\"text-align: left;\"><\/div>\n<div class=\"BlockContent col-12 lg:col-10 xl-wide:col-8 mxauto\" style=\"text-align: left;\">\n<p><span style=\"color: #000080;\">Most of these attacks contained at least one antisemitic element\u2014<em>Charlie Hebdo<\/em>&nbsp;was perceived as Zionist-controlled, the Hypercacher of course was Jewish, and the Bataclan had been on the target list of Islamist groups for years for being owned by two Jewish brothers, a fact that authorities and the media denied, but that French Jews understood only too well, especially after the decade they had been through. As a result, the number of aliyahs from France, on a constant rise since the attack on the Ozar Ha Torah school in Toulouse in 2012, reached 8,000 in 2016\u2014an astonishing number.<\/span><\/p>\n<\/div>\n<div class=\"BlockContent col-12 lg:col-10 xl-wide:col-8 mxauto\" style=\"text-align: left;\"><\/div>\n<div class=\"BlockContent col-12 lg:col-10 xl-wide:col-8 mxauto\" style=\"text-align: left;\">\n<p><span style=\"color: #000080;\">Today, according to the CRIF, the number of French Jews making aliyah has fallen back to 1,500 per year, though antisemitic aggression remains frequent. There were 436 antisemitic attacks in 2022, a level reached in the early 2000s and which has never fallen since. While Jews represent less than 1% of the French population, they are the targets of 61% of anti-religious acts against persons. These numbers, provided by the Ministry of Interior, probably underestimate the level of antisemitic aggression, since verbal attacks and insults on social media are not included.<\/span><\/p>\n<\/div>\n<div class=\"BlockContent col-12 lg:col-10 xl-wide:col-8 mxauto\" style=\"text-align: left;\"><\/div>\n<div class=\"col-12 lg:col-10 xl-wide:col-8 mxauto\" style=\"text-align: left;\">\n<div class=\"Divider Divider--dotted-rule overflow-hidden\"><\/div>\n<\/div>\n<div class=\"BlockContent col-12 lg:col-10 xl-wide:col-8 mxauto\" style=\"text-align: left;\"><\/div>\n<div class=\"BlockContent col-12 lg:col-10 xl-wide:col-8 mxauto\" style=\"text-align: left;\">\n<p><span style=\"color: #000080;\">So if right-wing pessimist Meyer Habib is wrong, is left-wing optimist Yonathan Arfi right? Should we really look at today\u2019s situation through the lens of 2005\u2014that is to say, through an anti-racist lens, as he claims to do, and as most of the Anglo-Saxon media covering the riots have done?<\/span><\/p>\n<\/div>\n<div class=\"BlockContent col-12 lg:col-10 xl-wide:col-8 mxauto\" style=\"text-align: left;\"><\/div>\n<div class=\"BlockContent col-12 lg:col-10 xl-wide:col-8 mxauto\" style=\"text-align: left;\">\n<p><span style=\"color: #000080;\">It is helpful to look back to what actually happened in 2005. On Oct. 27, 2005, in the city of Clichy-sous-Bois, two kids, Zyed Benna, 17, and Bouna Traor\u00e9, 15, were electrocuted inside a substation while trying to escape the police. It is widely assumed on the left\u2014i.e., in most of the media\u2014that these deaths started the riots that inflamed the&nbsp;<em>cit\u00e9s<\/em>&nbsp;(the French equivalent of the American \u201cprojects\u201d) that surround most of the urban centers in France and that are mainly populated today with migrant families.<\/span><\/p>\n<\/div>\n<div class=\"BlockContent col-12 lg:col-10 xl-wide:col-8 mxauto\" style=\"text-align: left;\"><\/div>\n<div class=\"BlockContent col-12 lg:col-10 xl-wide:col-8 mxauto\" style=\"text-align: left;\">\n<p><span style=\"color: #000080;\">According to a less popular opinion, however, it was a tear gas grenade shot three days later by a police unit targeting a group of rioters in Clichy-sous-Bois that accidentally hit a nearby mosque full of Ramadan worshippers that fueled the three weeks of riots that ensued, during which five people died (three by asphyxiation caused by fires, two beaten to death). In other words, the anger that triggered the 2005 events may have been religious as well as social. This theory is held by, among others, Gilles Kepel, a leading scholar of Islamist movements in France.<\/span><\/p>\n<\/div>\n<div class=\"BlockContent col-12 lg:col-10 xl-wide:col-8 mxauto\" style=\"text-align: left;\"><\/div>\n<div class=\"BlockContent col-12 lg:col-10 xl-wide:col-8 mxauto\" style=\"text-align: left;\">\n<p><span style=\"color: #000080;\">The truth may lie somewhere in between. According to their families, and contrary to what police reports later claimed, Traor\u00e9 and Benna were not fleeing the police because they were about to commit a burglary but because they had no ID cards on them and feared that they would be arrested and miss Ramadan dinner. That was back in 2005, a time when \u201csocial workers could still enter the&nbsp;<em>cit\u00e9s<\/em>&nbsp;and manage to convince parents to bring their children back home,\u201d as a former high school teacher named Ugo Portier told me.<\/span><\/p>\n<\/div>\n<div class=\"BlockContent col-12 lg:col-10 xl-wide:col-8 mxauto\" style=\"text-align: left;\"><\/div>\n<div class=\"BlockContent col-12 lg:col-10 xl-wide:col-8 mxauto\">\n<p style=\"text-align: left;\"><span style=\"color: #000080;\">Portier has spent the last 40 years in Bobigny, a city near Paris that is home to some of the worst&nbsp;<em>cit\u00e9s<\/em>&nbsp;in the country. He campaigned for the radical left party LFI (La France Insoumise) until 2019, when he realized how wrong LFI\u2014and the left in general\u2014was about the situation of disenfranchised Muslim youth in France.<\/span><\/p>\n<div class=\"ArticleView__content-switch bradford text-article-body-md font-300 mxauto\">\n<div class=\"BlockContent col-12 lg:col-10 xl-wide:col-8 mxauto\">\n<p style=\"text-align: left;\"><span style=\"color: #000080;\">\u201cIf you look at what happened this time, he added, you see that the riots took place in two stages,\u201d he told me. \u201cFirst, let\u2019s mark&nbsp;<em>our<\/em>&nbsp;territories by burning everything that represents the French state and French authorities in our neighborhood: police stations, city halls, public services of all kinds including schools and public libraries (35 of which were burned down during the riots). Second, let\u2019s attack all&nbsp;<em>their<\/em>&nbsp;downtown businesses. In other words, a secessionist strategy. This is one of the reasons why the police mostly focused on the very young, occasional looters downtown. The pressure was such that the police forces simply could not get into the&nbsp;<em>cit\u00e9s<\/em>&nbsp;during these five days.\u201d<\/span><\/p>\n<\/div>\n<div class=\"BlockContent col-12 lg:col-10 xl-wide:col-8 mxauto\" style=\"text-align: left;\"><\/div>\n<div class=\"BlockContent col-12 lg:col-10 xl-wide:col-8 mxauto\" style=\"text-align: left;\">\n<p><span style=\"color: #000080;\">Seen in this light, the rioters who vandalized the Nanterre wall in the hours that followed the \u201cwhite march\u201d for Nahel Merzouk the first day of the riots appear to have been looking for French symbols\u2014not Jewish ones. They did not go after a monument, they went after the French flag, which they took down.<\/span><\/p>\n<\/div>\n<div class=\"BlockContent col-12 lg:col-10 xl-wide:col-8 mxauto\" style=\"text-align: left;\"><\/div>\n<div class=\"BlockContent col-12 lg:col-10 xl-wide:col-8 mxauto\" style=\"text-align: left;\">\n<p><span style=\"color: #000080;\">It is also clear that attacks on French symbols go along with attacks on Jewish symbols and Jews, at least by implication. In Sarcelles, near Paris, for instance, according to the city\u2019s former Mayor Francis Puponni, \u201cwhen the rioters decided to go after the French luxury stores outside of their own neighborhood, the first stores they stormed were all Jewish-owned. Why? Because to them France means&nbsp;<em>riches<\/em>&nbsp;and because Jews are supposed to have money.\u201d In other words, these stores were attacked because they were Jewish and because being Jewish means being French\u2014being integrated.<\/span><\/p>\n<\/div>\n<div class=\"BlockContent col-12 lg:col-10 xl-wide:col-8 mxauto\" style=\"text-align: left;\"><\/div>\n<div class=\"BlockContent col-12 lg:col-10 xl-wide:col-8 mxauto\" style=\"text-align: left;\">\n<p><span style=\"color: #000080;\">At the heart of the present situation, then, is not just a \u201cpolice problem\u201d or a \u201c<em>la\u00efcit\u00e9<\/em>\u201d problem, or even an employment problem, but a crisis in what the French call \u201cassimilation\u201d: the process through which specific groups and communities leave much of their particularism behind in exchange for equality and political and social rights that will make them indistinguishable from the rest of the population in the public sphere. And it is a crisis that affects all sides.<\/span><\/p>\n<\/div>\n<div class=\"BlockContent col-12 lg:col-10 xl-wide:col-8 mxauto\" style=\"text-align: left;\"><\/div>\n<div class=\"BlockContent col-12 lg:col-10 xl-wide:col-8 mxauto\" style=\"text-align: left;\">\n<p><span style=\"color: #000080;\">Because the Jews were the first group to serve as guinea pigs for assimilation after their emancipation during the French Revolution, because they were for long its sole beneficiaries\u2014and because assimilation is now seen by everyone from the undergraduate-level readers of Franz Fanon to the nonreaders of the&nbsp;<em>cit\u00e9s<\/em>&nbsp;as a scam played on poor, dark-skinned peoples by the racist colonial system\u2014Jews are now considered to be, at best, voluntary victims of said system, or at worst its collaborators and profiteers.<\/span><\/p>\n<\/div>\n<div class=\"BlockContent col-12 lg:col-10 xl-wide:col-8 mxauto\" style=\"text-align: left;\"><\/div>\n<div class=\"BlockContent col-12 lg:col-10 xl-wide:col-8 mxauto\" style=\"text-align: left;\">\n<p><span style=\"color: #000080;\">In that regard, it is therefore tempting to see the random, spontaneous, antisemitic attacks that plagued France between 2000 and 2014 and beyond\u2014that is to say before and after the terror wave\u2014as a non- or pre-verbal designation of the enemy: the energetic condition, so to speak, for the subsequent terror to fall on everyone. Contrary to what Meyer Habib wrote, what was really scary in the antisemitic murder of Sarah Halimi is not that her killer was an Islamist\u2014it\u2019s that he was not.<\/span><\/p>\n<\/div>\n<div class=\"BlockContent col-12 lg:col-10 xl-wide:col-8 mxauto\" style=\"text-align: left;\"><\/div>\n<div class=\"BlockContent col-12 lg:col-10 xl-wide:col-8 mxauto\" style=\"text-align: left;\">\n<p><span style=\"color: #000080;\">So has more than 20 years of rabid, often Islamist-inspired antisemitism in France exhausted itself? Or is it so ingrained now that the new generation can do without the explicit reference to the Jews in its war against assimilation? Either way, what no one wants to grasp is the complete failure of the assimilationist model, which has been abandoned not only by the kids of the&nbsp;<em>cit\u00e9s<\/em>&nbsp;but also by the society at large.<\/span><\/p>\n<\/div>\n<div class=\"BlockContent col-12 lg:col-10 xl-wide:col-8 mxauto\" style=\"text-align: left;\"><\/div>\n<div class=\"BlockContent col-12 lg:col-10 xl-wide:col-8 mxauto\" style=\"text-align: left;\">\n<p><span style=\"color: #000080;\">There is a long and a short story for this lack of faith. The long story, of course, is the Vichy regime. During WWII, contrary to what the right claims today, not only did the most assimilated Jews not escape persecution, but the Consistoire\u2014the religious Jewish structure of the era\u2014supported the collaboration, a position that has been rightly regarded as a perverse outcome of the assimilating process. As Yonathan Arfi phrases it: \u201cif the assimilation process had succeeded, the CRIF (a secular organization born out of the Jewish Resistance) would not exist. There would be only the Consistoire. The CRIF is the result of a failure, which is why, as an institution, we are incomprehensible and why we attract antisemitism.\u201d<\/span><\/p>\n<\/div>\n<div class=\"BlockContent col-12 lg:col-10 xl-wide:col-8 mxauto\" style=\"text-align: left;\"><\/div>\n<div class=\"BlockContent col-12 lg:col-10 xl-wide:col-8 mxauto\" style=\"text-align: left;\">\n<p><span style=\"color: #000080;\">But the assimilation did not only fail the Jews. It failed postwar migrants from North Africa, too. Aside from racism, one of the most underestimated reasons for why the French failed to develop any active policy to integrate migrants from their former colonies was that this would have been seen as a casus belli by the new nationalist Algerian and Moroccan regimes, whose oil and gas were vital to the French economy. In 1993, King Hassan II from Morocco could still state on French public television that \u201cMoroccans would never be French, did not want to assimilate, and France would be well advised not to try.\u201d The Algerian FLN was even more nationalist. Honor was at stake.<\/span><\/p>\n<\/div>\n<div class=\"BlockContent col-12 lg:col-10 xl-wide:col-8 mxauto\" style=\"text-align: left;\"><\/div>\n<div class=\"BlockContent col-12 lg:col-10 xl-wide:col-8 mxauto\" style=\"text-align: left;\">\n<p><span style=\"color: #000080;\">The former colonies made a point of directly controlling their nationals on French territory, a deal to which the French state assented. As a result, the ex-colonies also controlled the mosques and migrant culture in France.<\/span><\/p>\n<\/div>\n<div class=\"BlockContent col-12 lg:col-10 xl-wide:col-8 mxauto\" style=\"text-align: left;\"><\/div>\n<div class=\"BlockContent col-12 lg:col-10 xl-wide:col-8 mxauto\" style=\"text-align: left;\">\n<p><span style=\"color: #000080;\">Caught between French prejudice on the one hand and the control exercised by their countries of origin on the other hand, migrants were actively prevented by both their old and new state authorities from developing their own autonomous culture inside France. This conflict of loyalties often plagued the migrants themselves, especially the fathers who in the Algerian case had fought the French during the war of independence. It is the failure of the second generation of migrants, and of the French government as well, to solve the contradictions of identity produced by this bifurcated reality during the French civil rights movements of the \u201980s that led to the building of the walls enclosing the&nbsp;<em>cit\u00e9s<\/em>, to the rise of Islamist propaganda, to the riots of 2005, and to today\u2019s crypto-secessionism.<\/span><\/p>\n<\/div>\n<div class=\"BlockContent col-12 lg:col-10 xl-wide:col-8 mxauto\" style=\"text-align: left;\"><\/div>\n<div class=\"BlockContent col-12 lg:col-10 xl-wide:col-8 mxauto\" style=\"text-align: left;\">\n<p><span style=\"color: #000080;\">The researcher Hugo Micheron, whose last book,&nbsp;<em>Les D\u00e9mocraties face au jihadisme europ\u00e9en<\/em>, will be published in English soon, explains that today, social groups instrumentalize each and every incident to denounce Islamophobia. \u201cVery serious matters like the killing of Nahel Merzouk are being put on the same level as superficial ones to trigger a feeling of permanent threat, paranoia, and emergency,\u201d he explains. \u201cThey call this \u2018micro-aggression,\u2019 but in fact, this narrative produces a ready-made interpretative grid where Muslims and descendants of Muslims are natural permanent victims of the system. What is really scary is that far-right groups in France have started to mimic that strategy. They, too, exploit what they call anti-French \u2018micro-aggressions\u2019 in order to nurture \u2018the Great Replacement theory.\u2019 Both of these narratives are martyr-producing machines.\u201d<\/span><\/p>\n<\/div>\n<div class=\"BlockContent col-12 lg:col-10 xl-wide:col-8 mxauto\" style=\"text-align: left;\"><\/div>\n<div class=\"BlockContent col-12 lg:col-10 xl-wide:col-8 mxauto\">\n<p style=\"text-align: left;\"><span style=\"color: #000080;\">How to resurrect an assimilation model that works in such a context is anybody\u2019s guess. One thing is certain: Denouncing a nonexistent French Muslim intifada against French Jews won\u2019t help. The problem here is much worse.<\/span><\/p>\n<hr>\n<\/div>\n<\/div>\n<div class=\"AuthorBioBlock col-12 lg:col-10 xl-wide:col-8 w100 mt6 mxauto\">\n<div class=\"AuthorBioBlock__container graebenbach mt1_5 text-section-details-sm font-300 color-red\">\n<p style=\"text-align: left;\"><span style=\"color: #808080;\"><em><strong>Marc Weitzmann<\/strong> is the author of 12 books, including, most recently,&nbsp;<a style=\"color: #808080;\" href=\"https:\/\/www.harpercollins.com\/products\/hate-marc-weitzmann?variant=39936153649186\">Hate: The Rising Tide of Anti-Semitism in France (and What It Means for Us)<\/a>. He is a regular contributor to&nbsp;Le Monde&nbsp;and&nbsp;Le Point&nbsp;and hosts&nbsp;<a style=\"color: #808080;\" href=\"https:\/\/www.radiofrance.fr\/franceculture\/podcasts\/signes-des-temps\">Signes des Temps<\/a>, a weekly public radio show on France Culture.<\/em><\/span><\/p>\n<\/div>\n<\/div>\n<\/div>\n<hr style=\"height: 15px; background: #d0e6fa; width: 100%;\">\n<div id=\"content\" class=\"content-alignment\">\n<div id=\"watch-description\" class=\"yt-uix-button-panel\">\n<div id=\"watch-description-text\" style=\"text-align: center;\">\n<p><em>Zawarto\u015b\u0107 publikowanych artyku\u0142\u00f3w i materia\u0142\u00f3w nie reprezentuje pogl\u0105d\u00f3w ani opinii Reunion&#8217;68,<\/em><em><br \/>\nani te\u017c webmastera Blogu Reunion&#8217;68, chyba ze jest to wyra\u017anie zaznaczone.<br \/>\nTwoje uwagi, linki, w\u0142asne artyku\u0142y lub wiadomo\u015bci prze\u015blij na adres:<br \/>\n<\/em><span style=\"color: #000080;\"><strong><em><a style=\"color: #000080;\" href=\"mailto:webmaster@reunion68.com\"><span style=\"text-decoration: underline;\">webmaster@reunion68.com<\/span><\/a><\/em><\/strong><\/span><\/p>\n<\/div>\n<\/div>\n<\/div>\n<hr style=\"width: 100%;\">\n","protected":false},"excerpt":{"rendered":"<p>The French Riots and the Jews MARC WEITZMANN The recent chaos is not an antisemitic intifada\u2014it\u2019s something worse. . An overturned car burns during clashes between French police forces and youths after a memorial march for French teenager Nahel Merzouk, shot by police during a traffic control stop in Nanterre, France, on June 29, 2023 [&hellip;]<\/p>\n","protected":false},"author":1,"featured_media":0,"comment_status":"closed","ping_status":"closed","sticky":false,"template":"","format":"standard","meta":[],"categories":[6],"tags":[26,24],"_links":{"self":[{"href":"https:\/\/www.reunion68.se\/index.php?rest_route=\/wp\/v2\/posts\/105928"}],"collection":[{"href":"https:\/\/www.reunion68.se\/index.php?rest_route=\/wp\/v2\/posts"}],"about":[{"href":"https:\/\/www.reunion68.se\/index.php?rest_route=\/wp\/v2\/types\/post"}],"author":[{"embeddable":true,"href":"https:\/\/www.reunion68.se\/index.php?rest_route=\/wp\/v2\/users\/1"}],"replies":[{"embeddable":true,"href":"https:\/\/www.reunion68.se\/index.php?rest_route=%2Fwp%2Fv2%2Fcomments&post=105928"}],"version-history":[{"count":8,"href":"https:\/\/www.reunion68.se\/index.php?rest_route=\/wp\/v2\/posts\/105928\/revisions"}],"predecessor-version":[{"id":106135,"href":"https:\/\/www.reunion68.se\/index.php?rest_route=\/wp\/v2\/posts\/105928\/revisions\/106135"}],"wp:attachment":[{"href":"https:\/\/www.reunion68.se\/index.php?rest_route=%2Fwp%2Fv2%2Fmedia&parent=105928"}],"wp:term":[{"taxonomy":"category","embeddable":true,"href":"https:\/\/www.reunion68.se\/index.php?rest_route=%2Fwp%2Fv2%2Fcategories&post=105928"},{"taxonomy":"post_tag","embeddable":true,"href":"https:\/\/www.reunion68.se\/index.php?rest_route=%2Fwp%2Fv2%2Ftags&post=105928"}],"curies":[{"name":"wp","href":"https:\/\/api.w.org\/{rel}","templated":true}]}}