{"id":105948,"date":"2023-07-31T17:05:01","date_gmt":"2023-07-31T15:05:01","guid":{"rendered":"http:\/\/www.reunion68.se\/?p=105948"},"modified":"2023-07-31T13:27:50","modified_gmt":"2023-07-31T11:27:50","slug":"07-05-90","status":"publish","type":"post","link":"https:\/\/www.reunion68.se\/?p=105948","title":{"rendered":"Netanyahu to FOX: I won&#8217;t comment on internal affairs of other democracies"},"content":{"rendered":"<h5 style=\"text-align: center;\"><a href=\"https:\/\/www.jpost.com\/\" target=\"_blank\" rel=\"noopener noreferrer\"><img decoding=\"async\" class=\"center alignleft\" src=\"http:\/\/www.reunion68.com\/Biuletyn\/img\/jpost.png\" alt=\"\" width=\"35%\" \/><\/a><span style=\"text-decoration: underline; color: #000080;\"><strong><a style=\"color: #000080; text-decoration: underline;\" href=\"https:\/\/www.jpost.com\/breaking-news\/article-753128\" target=\"_blank\" rel=\"noopener noreferrer\">Netanyahu to FOX: I won&#8217;t comment on internal affairs of other democracies<\/a><\/strong><\/span><\/h5>\n<p style=\"text-align: center;\"><span style=\"color: #000000;\"><strong> JERUSALEM POST STAFF<\/strong><\/span><\/p>\n<hr style=\"height: 15px; background: #d0e6fa; width: 100%;\" \/>\n<h5 style=\"text-align: center;\"><strong>\u201cDemocracy balances the will of the majority with individual rights,\u201d Netanyahu said. \u201cThat balance has been thrown off the rails in Israel.\u201d<\/strong><\/h5>\n<p style=\"text-align: center;\"><img decoding=\"async\" class=\"aligncenter\" src=\"https:\/\/images.jpost.com\/image\/upload\/c_fill,g_faces:center,h_537,w_822\/546656\" width=\"100%\" \/><span style=\"color: #808080;\"><em>Prime Minister Benjamin Netanyahu at Sunday&#8217;s cabinet meeting, July 30, 2023. \/ (photo credit: Marc Israel Sellem\/Jerusalem Post)<\/em><\/span><\/p>\n<p style=\"text-align: left;\"><span style=\"color: #000080;\">Prime Minister Benjamin Netanyahu told\u00a0<a style=\"color: #000080;\" href=\"https:\/\/www.jpost.com\/israel-news\/fox-news-mark-levin-honored-at-friends-of-zion-museum-594841\" target=\"_blank\" rel=\"noopener noreferrer\">FOX News&#8217; Mark Levin<\/a>\u00a0on Sunday that he wouldn\u2019t comment on the internal affairs of other democracies, despite the fact that other nations have been forthcoming with their opinions about Israel&#8217;s internal dealings.<\/span><\/p>\n<p style=\"text-align: left;\"><span style=\"color: #000080;\">\u201cI\u2019ve been in power, elected, again and again, six times, democratically,&#8221; Netanyahu said. &#8220;And it\u2019s a total of 16 years, and in all of these 16 years, I never commented on the internal debates and other democracies.\u201d<\/span><\/p>\n<p style=\"text-align: left;\"><span style=\"color: #000080;\">The Israeli prime minister\u2019s comments came in response to a question from Levin about whether Netanyahu thought it was odd that other countries were trying to get involved in Israel&#8217;s current political issues.<\/span><\/p>\n<p style=\"text-align: left;\"><span style=\"color: #000080;\">\u201cOther leaders, elected leaders, can decide to [weight in on Israel\u2019s internal affairs]. Everybody has an opinion on Israel.\u201d \u00a0Netanyahu remarked. \u201cYou have a major debate between the<a style=\"color: #000080;\" href=\"https:\/\/www.jpost.com\/international\/article-748244\" target=\"_blank\" rel=\"noopener noreferrer\">\u00a0Supreme Court<\/a>\u00a0and the executive [branch] right now in America. I don\u2019t really care to comment about it, but if people choose to comment about ours, it\u2019s OK, we\u2019ll make our own decisions.\u201d<\/span><\/p>\n<p style=\"text-align: left;\"><span style=\"color: #000080;\">The prime minister went on to explain that, in his opinion, the global discussion surrounding\u00a0<a style=\"color: #000080;\" href=\"https:\/\/www.jpost.com\/breaking-news\/article-752225\" target=\"_blank\" rel=\"noopener noreferrer\">the reasonableness standard<\/a>\u00a0had been warped. He stated that no other democratic country has a comparable system in which the judiciary can strike down a governmental ruling, not because the ruling was illegal, but because the court subjectively felt it was \u201cunreasonable.\u201d<\/span><\/p>\n<p style=\"text-align: center;\"><img decoding=\"async\" class=\"aligncenter\" src=\"https:\/\/images.jpost.com\/image\/upload\/f_auto,fl_lossy\/c_fill,g_faces:center,h_537,w_822\/546811\" width=\"100%\" \/><span style=\"color: #808080;\"><em>Mark Levin (credit: Wikimedia Commons)<\/em><\/span><\/p>\n<p style=\"text-align: left;\"><span style=\"color: #000080;\">\u201cWhat we\u2019re doing is not weakening Israeli democracy, we\u2019re strengthening it,\u201d said Netanyahu. \u201cWe\u2019re bringing it back in line to where most democracies are, where Israel was in its first five decades, and where it should be now.\u201d<\/span><\/p>\n<h5 style=\"text-align: left;\"><strong>What does &#8220;democracy&#8221; mean?<\/strong><\/h5>\n<p style=\"text-align: left;\"><span style=\"color: #000080;\">\u201cWhat is democracy?\u201d asked Netanyahu. &#8220;Democracy balances the will of the majority with individual rights or the rights of the minority.\u201d He went on to explain how this balance is achieved, lauding the United States\u2019 founding fathers for implementing a system of checks and balances between the executive, legislative, and judicial branches.\u00a0<\/span><\/p>\n<p style=\"text-align: left;\"><span style=\"color: #000080;\">\u201cThat balance has been thrown off the rails in Israel by, as I said, the most activist judicial court anywhere on Earth,\u201d he said. \u201cAnd so when we try to restore it, that is said to be an affront to democracy.\u201d<\/span><\/p>\n<p style=\"text-align: left;\"><span style=\"color: #000080;\">He further added that while he respects the individuals in the Israeli Supreme Court, they were not elected, and in order for Israel to operate as a better democracy, they could not have the ability to overrule a democratically elected government without proper legal justification.<\/span><\/p>\n<hr style=\"height: 15px; background: #d0e6fa; width: 100%;\" \/>\n<div id=\"content\" class=\"content-alignment\">\n<div id=\"watch-description\" class=\"yt-uix-button-panel\">\n<div id=\"watch-description-text\" style=\"text-align: center;\">\n<p><em>Zawarto\u015b\u0107 publikowanych artyku\u0142\u00f3w i materia\u0142\u00f3w nie reprezentuje pogl\u0105d\u00f3w ani opinii Reunion&#8217;68,<\/em><em><br \/>\nani te\u017c webmastera Blogu Reunion&#8217;68, chyba ze jest to wyra\u017anie zaznaczone.<br \/>\nTwoje uwagi, linki, w\u0142asne artyku\u0142y lub wiadomo\u015bci prze\u015blij na adres:<br \/>\n<\/em><span style=\"color: #000080;\"><strong><em><a style=\"color: #000080;\" href=\"mailto:webmaster@reunion68.com\"><span style=\"text-decoration: underline;\">webmaster@reunion68.com<\/span><\/a><\/em><\/strong><\/span><\/p>\n<\/div>\n<\/div>\n<\/div>\n<hr style=\"width: 100%;\" \/>\n","protected":false},"excerpt":{"rendered":"<p>Netanyahu to FOX: I won&#8217;t comment on internal affairs of other democracies JERUSALEM POST STAFF \u201cDemocracy balances the will of the majority with individual rights,\u201d Netanyahu said. \u201cThat balance has been thrown off the rails in Israel.\u201d Prime Minister Benjamin Netanyahu at Sunday&#8217;s cabinet meeting, July 30, 2023. \/ (photo credit: Marc Israel Sellem\/Jerusalem Post) [&hellip;]<\/p>\n","protected":false},"author":1,"featured_media":0,"comment_status":"closed","ping_status":"closed","sticky":false,"template":"","format":"standard","meta":[],"categories":[6],"tags":[26,24],"_links":{"self":[{"href":"https:\/\/www.reunion68.se\/index.php?rest_route=\/wp\/v2\/posts\/105948"}],"collection":[{"href":"https:\/\/www.reunion68.se\/index.php?rest_route=\/wp\/v2\/posts"}],"about":[{"href":"https:\/\/www.reunion68.se\/index.php?rest_route=\/wp\/v2\/types\/post"}],"author":[{"embeddable":true,"href":"https:\/\/www.reunion68.se\/index.php?rest_route=\/wp\/v2\/users\/1"}],"replies":[{"embeddable":true,"href":"https:\/\/www.reunion68.se\/index.php?rest_route=%2Fwp%2Fv2%2Fcomments&post=105948"}],"version-history":[{"count":7,"href":"https:\/\/www.reunion68.se\/index.php?rest_route=\/wp\/v2\/posts\/105948\/revisions"}],"predecessor-version":[{"id":105957,"href":"https:\/\/www.reunion68.se\/index.php?rest_route=\/wp\/v2\/posts\/105948\/revisions\/105957"}],"wp:attachment":[{"href":"https:\/\/www.reunion68.se\/index.php?rest_route=%2Fwp%2Fv2%2Fmedia&parent=105948"}],"wp:term":[{"taxonomy":"category","embeddable":true,"href":"https:\/\/www.reunion68.se\/index.php?rest_route=%2Fwp%2Fv2%2Fcategories&post=105948"},{"taxonomy":"post_tag","embeddable":true,"href":"https:\/\/www.reunion68.se\/index.php?rest_route=%2Fwp%2Fv2%2Ftags&post=105948"}],"curies":[{"name":"wp","href":"https:\/\/api.w.org\/{rel}","templated":true}]}}