{"id":105970,"date":"2023-08-01T17:09:05","date_gmt":"2023-08-01T15:09:05","guid":{"rendered":"http:\/\/www.reunion68.se\/?p=105970"},"modified":"2023-08-01T08:16:23","modified_gmt":"2023-08-01T06:16:23","slug":"08-09-81","status":"publish","type":"post","link":"https:\/\/www.reunion68.se\/?p=105970","title":{"rendered":"Palesty\u0144skie obozy letnie: szkolenie do mordowania \u017byd\u00f3w"},"content":{"rendered":"<p style=\"text-align: center;\"><img decoding=\"async\" class=\"aligncenter\" src=\"https:\/\/www.gatestoneinstitute.org\/pics\/1432.jpg\" width=\"100%\" \/><span style=\"color: #808080;\"><em>Tego lata ponad 100 tysi\u0119cy palesty\u0144skich dzieci w Gazie we\u017amie udzia\u0142 w letnich obozach prowadzonych przez Hamas i Islamski D\u017cihad. Obozy ucz\u0105 dzieci, jak walczy\u0107 z Izraelem i \u017bydami, a tak\u017ce zapewniaj\u0105 szkolenie wojskowe z no\u017cami i broni\u0105 paln\u0105, walk\u0119 wr\u0119cz oraz marsze i \u0107wiczenia piesze. Na zdj\u0119ciu: zamaskowani terrory\u015bci z Brygad Hamasu Izaddin al-Kassam rejestruj\u0105 dzieci na ob\u00f3z letni, 14 czerwca 2021 r., w mie\u015bcie Gaza. (Zdj\u0119cie: Mahmud Hams\/AFP via Getty Images)<\/em><\/span><\/p>\n<hr \/>\n<h5 style=\"text-align: center;\"><a href=\"https:\/\/pl.gatestoneinstitute.org\/\" target=\"_blank\" rel=\"noopener noreferrer\"><img decoding=\"async\" class=\"center alignleft\" src=\"https:\/\/pl.gatestoneinstitute.org\/images\/gatestone-logo-1000.gif\" alt=\"\" width=\"50%\" \/><\/a><span style=\"text-decoration: underline; color: #000080;\"><strong><a style=\"color: #000080; text-decoration: underline;\" href=\"https:\/\/pl.gatestoneinstitute.org\/19843\/palestynskie-obozy-letnie\" target=\"_blank\" rel=\"noopener noreferrer\">Palesty\u0144skie obozy letnie: szkolenie do mordowania \u017byd\u00f3w<\/a><\/strong><\/span><\/h5>\n<p style=\"text-align: center;\"><span style=\"color: #000000;\"><strong>Bassam Tawil<\/strong><\/span><\/p>\n<p style=\"text-align: center;\"><span style=\"color: #000000;\"><span style=\"color: #808080;\"><em>T\u0142umaczenie:<\/em> <\/span><strong>Ma\u0142gorzata Koraszewska<\/strong><\/span><\/p>\n<hr style=\"height: 15px; background: #d0e6fa; width: 100%;\" \/>\n<p style=\"text-align: left;\"><span style=\"color: #000080;\">Podczas gdy dzieci w wieku szkolnym na ca\u0142ym \u015bwiecie ciesz\u0105 si\u0119 letnimi wakacjami uprawiaj\u0105c sport i bawi\u0105c si\u0119, dzieci\u00a0<a style=\"color: #000080;\" href=\"https:\/\/twitter.com\/SafaPs\/status\/1677617510097600513?s=20\" target=\"_blank\" rel=\"noopener noreferrer\">palesty\u0144skie<\/a>\u00a0s\u0105 uczone i\u00a0<a style=\"color: #000080;\" href=\"https:\/\/twitter.com\/JoeTruzman\/status\/1678620912030220290?s=20\" target=\"_blank\" rel=\"noopener noreferrer\">szkolone<\/a>, jak walczy\u0107 z Izraelem i \u017bydami.<\/span><\/p>\n<p style=\"text-align: left;\"><span style=\"color: #000080;\">Indoktrynacja i pranie m\u00f3zg\u00f3w palesty\u0144skich dzieci nie jest niczym nowym. Przyw\u00f3dcy palesty\u0144scy wychowuj\u0105 pokolenie po pokoleniu na nienawi\u015bci do Izraela i \u017byd\u00f3w. To pod\u017ceganie od dziesi\u0119cioleci dzieje si\u0119 w palesty\u0144skich przedszkolach, szko\u0142ach, uniwersytetach, meczetach, mediach, a nawet w krzy\u017c\u00f3wkach. To dlatego\u00a0<a style=\"color: #000080;\" href=\"https:\/\/www.pcpsr.org\/en\/node\/944\" target=\"_blank\" rel=\"noopener noreferrer\">badania<\/a>\u00a0opinii publicznej wci\u0105\u017c pokazuj\u0105, co nie jest zaskoczeniem, \u017ce Palesty\u0144czycy popieraj\u0105 radykalne pogl\u0105dy i popieraj\u0105 terroryzm przeciwko Izraelowi.<\/span><\/p>\n<p style=\"text-align: left;\"><span style=\"color: #000080;\">Od ponad dziesi\u0119ciu lat wspierane przez Iran grupy terrorystyczne, Palesty\u0144ski Islamski D\u017cihad i Hamas, organizuj\u0105 letnie obozy dla tysi\u0119cy uczni\u00f3w w ca\u0142ej Strefie Gazy. Obozy te s\u0142u\u017c\u0105 jako miejsca wpajania ekstremistycznej ideologii, kt\u00f3ra gloryfikuje d\u017cihad (\u015bwi\u0119t\u0105 wojn\u0119), terroryzm i walk\u0119 zbrojn\u0105 przeciwko Izraelowi w celu &#8220;wyzwolenia Palestyny od rzeki [Jordan] do Morza [\u015ar\u00f3dziemnego]&#8221;.<\/span><\/p>\n<p style=\"text-align: left;\"><span style=\"color: #000080;\">Obozy zapewniaj\u0105 r\u00f3wnie\u017c szkolenie wojskowe, takie jak \u0107wiczenia z no\u017cami i broni\u0105 paln\u0105; walki wr\u0119cz, marsze i inne \u0107wiczenia fizyczne. Dzieci wystawiaj\u0105 te\u017c sztuki teatralne i odgrywaj\u0105 sceny walki i pojmania izraelskich \u017co\u0142nierzy lub strzelania rakietami na izraelskie miasta.<\/span><\/p>\n<p style=\"text-align: left;\"><span style=\"color: #000080;\">Rekrutacja i rejestracja na obozy letnie s\u0105 przeprowadzane za po\u015brednictwem stron internetowych i medi\u00f3w spo\u0142eczno\u015bciowych Hamasu i Palesty\u0144skiego Islamskiego D\u017cihadu oraz w stoiskach obs\u0142ugiwanych przez cz\u0142onk\u00f3w obu grup w meczetach i innych miejscach publicznych w ca\u0142ej Strefie Gazy. Wysocy rang\u0105 funkcjonariusze Hamasu i Palesty\u0144skiego Islamskiego D\u017cihadu regularnie uczestniczyli w ceremoniach otwierania i uko\u0144czenia oboz\u00f3w, podczas kt\u00f3rych wyg\u0142aszali przem\u00f3wienia.<\/span><\/p>\n<p style=\"text-align: left;\"><span style=\"color: #000080;\">8 lipca Hamas rozpocz\u0105\u0142 letnie obozy na rok 2023, w kt\u00f3rych udzia\u0142 wzi\u0119\u0142o ponad 100 tysi\u0119cy ch\u0142opc\u00f3w i dziewcz\u0105t. Tegoroczne obozy letnie odbywaj\u0105 si\u0119 pod has\u0142em Tarcza Jerozolimy, co sugeruje, \u017ce grupa terrorystyczna zamierza wykorzysta\u0107 dzieci w walce z Izraelem. Dzieci s\u0105 szkolone, by przeprowadza\u0107 ataki\u00a0<a style=\"color: #000080;\" href=\"https:\/\/www.jpost.com\/middle-east\/cogat-reports-hamas-summer-camp-back-in-session-595804\" target=\"_blank\" rel=\"noopener noreferrer\">terrorystyczne<\/a>\u00a0i s\u0142u\u017cy\u0107 jako \u017cywe tarcze w d\u017cihadzie przeciwko Izraelowi. Uczy si\u0119 ich, \u017ce s\u0105 rekrutowani do udzia\u0142u w bitwie o &#8220;wyzwolenie&#8221; Jerozolimy. Nie trzeba dodawa\u0107, \u017ce Palesty\u0144czycy nie uznaj\u0105 praw i historii \u017byd\u00f3w w Jerozolimie.<\/span><\/p>\n<p style=\"text-align: left;\"><span style=\"color: #000080;\">W czerwcu 2022 r. premier Autonomii Palesty\u0144skiej Mohammad Sztajjeh zaprzeczy\u0142 jakimkolwiek \u015bladom \u017cydowskiej historii w Jerozolimie:<\/span><\/p>\n<blockquote>\n<p style=\"text-align: left;\"><strong>&#8220;Jeste\u015bmy na obrze\u017cach wiecznej stolicy, klejnotu w koronie, miejsca, w kt\u00f3rym spotykaj\u0105 si\u0119 niebo i ziemia, kwiatu wszystkich miast, obiektu t\u0119sknoty serc wierz\u0105cych muzu\u0142man\u00f3w i chrze\u015bcijan, kt\u00f3rzy przybywaj\u0105 do niego, aby si\u0119 modli\u0107 w meczecie Al-Aksa i przej\u015b\u0107 si\u0119 Via Dolorosa, by pomodli\u0107 si\u0119 w Bazylice Grobu Pa\u0144skiego, kt\u00f3ra by\u0142a \u015bwiadkiem podpisania paktu Umar, w kt\u00f3rym kalif Umar zobowi\u0105za\u0142 si\u0119 wobec ludu Iliya [po arabsku Aelia] Capitolina\/Jerozolima), \u017ce \u017caden muzu\u0142manin nie b\u0119dzie modli\u0142 si\u0119 w ich ko\u015bciele. [Jerozolima] ma zabytki kananejskie, rzymskie, islamskie i chrze\u015bcija\u0144skie i nale\u017cy tylko do nich i nikt inny nie ma tam \u017cadnych \u015blad\u00f3w&#8221;.<\/strong><\/p>\n<\/blockquote>\n<p style=\"text-align: left;\"><span style=\"color: #000080;\">Szef Wy\u017cszego Komitetu Hamasu ds. Oboz\u00f3w Letnich, Chaled Abu Askar, powiedzia\u0142 podczas konferencji prasowej w Asdaa Entertainment City w Gazie, niedaleko Chan Junis:<\/span><\/p>\n<blockquote>\n<p style=\"text-align: left;\"><strong>&#8220;Spotykamy si\u0119 dzisiaj w mie\u015bcie Asdaa, kt\u00f3re zawiera symulacje wielu charakterystycznych punkt\u00f3w Jerozolimy, by og\u0142osi\u0107 rozpocz\u0119cie naszych letnich oboz\u00f3w, oboz\u00f3w tarczy Kuds [Jerozolimy]. Zapewnijmy \u015bwiat, \u017ce miasto Jerozolima, ze swoimi \u015bwi\u0119to\u015bciami, jest kompasem ka\u017cdego wolnego i honorowego Palesty\u0144czyka&#8221;.<\/strong><\/p>\n<\/blockquote>\n<p style=\"text-align: left;\"><span style=\"color: #000080;\">Abu Askar twierdzi\u0142, \u017ce Hamasowi zale\u017cy na m\u0142odym pokoleniu i ch\u0119tnie w nie inwestuje. Twierdzi\u0142 r\u00f3wnie\u017c, \u017ce m\u0142odzi Palesty\u0144czycy s\u0105 systematycznie atakowani w celu podwa\u017cenia ich przekona\u0144, zachowa\u0144, moralno\u015bci i patriotyzmu. Kogo obwinia? Izrael oczywi\u015bcie.<\/span><\/p>\n<p style=\"text-align: left;\"><span style=\"color: #000080;\">&#8220;Okupacja i jej kolaboranci pompuj\u0105 ogromne ilo\u015bci pieni\u0119dzy i wysi\u0142ku, aby odwr\u00f3ci\u0107 pokolenie od przynale\u017cno\u015bci do jej religii i ojczyzny&#8221; \u2013 powiedzia\u0142. Urz\u0119dnik Hamasu zwr\u00f3ci\u0142 uwag\u0119, \u017ce jego grupa nazwa\u0142a swoje obozy Tarcz\u0105 Jerozolimy &#8220;aby zaszczepi\u0107 w sercach m\u0142odych ludzi warto\u015b\u0107 Jerozolimy i prawo Palesty\u0144czyk\u00f3w do \u015awi\u0119tego Miasta, opr\u00f3cz promowania narodowej roli pokolenia wyzwole\u0144c\u00f3w i podnoszenia ich determinacji.&#8221;<\/span><\/p>\n<p style=\"text-align: left;\"><span style=\"color: #000080;\">Kiedy Hamas m\u00f3wi o &#8220;wyzwoleniu&#8221;, wyra\u017ca pragnienie wyeliminowania Izraela, jak to wyra\u017anie stwierdzono w statucie Hamasu:<\/span><\/p>\n<blockquote>\n<p style=\"text-align: left;\"><strong>&#8220;Artyku\u0142 11:<\/strong><br \/>\n<strong>Islamski Ruch Oporu wierzy, \u017ce ziemia Palestyny by\u0142a islamskim Wakf przez pokolenia i a\u017c do Dnia Zmartwychwstania, nikt nie mo\u017ce si\u0119 jej wyrzec ani jej cz\u0119\u015bci, ani porzuci\u0107 jej ani jej cz\u0119\u015bci. \u017baden kraj arabski ani zwi\u0105zek wszystkich kraj\u00f3w arabskich, ani \u017caden arabski kr\u00f3l ani prezydent, ani wszyscy razem, nie maj\u0105 tego prawa, ani \u017cadna organizacja ani wszystkie organizacje razem, czy to palesty\u0144skie, czy arabskie, poniewa\u017c Palestyna jest islamskim Wakf przez wszystkie pokolenia a\u017c do Dnia S\u0105du Ostatecznego lub Zmartwychwstania.<\/strong><\/p>\n<p style=\"text-align: left;\"><strong>&#8220;Artyku\u0142 13:<\/strong><br \/>\n<strong>Inicjatywy [pokojowe], tak zwane pokojowe rozwi\u0105zania i konferencje mi\u0119dzynarodowe w celu rozwi\u0105zania problemu palesty\u0144skiego s\u0105 sprzeczne z przekonaniami Islamskiego Ruchu Oporu. Bowiem wyrzeczenie si\u0119 jakiejkolwiek cz\u0119\u015bci Palestyny oznacza wyrzeczenie si\u0119 cz\u0119\u015bci religii; nacjonalizm Islamskiego Ruchu Oporu jest cz\u0119\u015bci\u0105 jego wiary, ruch kszta\u0142ci swoich cz\u0142onk\u00f3w, aby przestrzegali jego zasad i wznosili sztandar Allaha nad swoj\u0105 ojczyzn\u0105 podczas walki w D\u017cihadzie: &#8220;Allah jest wszechmocny, ale wi\u0119kszo\u015b\u0107 ludzi nie jest \u015bwiadoma&#8221;.<\/strong><\/p>\n<\/blockquote>\n<p style=\"text-align: left;\"><span style=\"color: #000080;\">Podczas innej ceremonii w Strefie Gazy przewodnicz\u0105cy Komitetu Administracyjnego Rafah, D\u017cum&#8217;a Hassanein, powiedzia\u0142, \u017ce &#8220;te obozy m\u0142odzie\u017cowe maj\u0105 na celu szkolenie pokolenia wyzwolenia i zwyci\u0119stwa&#8221;.<\/span><\/p>\n<p style=\"text-align: left;\"><span style=\"color: #000080;\">Dyrektor obozu letniego w Rafah, Muhammad Barhoum, powiedzia\u0142, \u017ce obozy s\u0105 cz\u0119\u015bci\u0105 dzia\u0142alno\u015bci Hamasu, kt\u00f3ra koncentruje si\u0119 na [m\u0142odszym] pokoleniu &#8220;ze wzgl\u0119du na jego znaczenie jako &#8220;pokolenia wyzwolenia i zwyci\u0119stwa &#8220;.<\/span><\/p>\n<blockquote>\n<p style=\"text-align: left;\"><strong>&#8220;Wzorem lat ubieg\u0142ych obozy letnie skupiaj\u0105 si\u0119 na zapoznawaniu m\u0142odzie\u017cy z r\u00f3\u017cnymi rodzajami broni, w tym z AK-47, karabinami snajperskimi, wyrzutniami RPG, mo\u017adzierzami i karabinami maszynowymi. Obozowicze \u0107wicz\u0105 sk\u0142adanie i rozk\u0142adanie broni, trzymanie jej i pos\u0142ugiwanie si\u0119 ni\u0105, a tak\u017ce szkol\u0105 si\u0119 w wojnie miejskiej i wojnie w tunelach. Niekt\u00f3re lekcje s\u0105 prowadzone przez zamaskowanych cz\u0142onk\u00f3w zbrojnego skrzyd\u0142a Hamasu, Brygad Izz Al-Din Al-Kassam, a niekt\u00f3re s\u0105 nawet prowadzone w bazach wojskowych Hamasu. Ch\u0142opiec w jednym z oboz\u00f3w demonstrowa\u0142 wojn\u0119 w tunelach dla Jounisa Al-Astala, cz\u0142onka Palesty\u0144skiej Rady Legislacyjnej dzia\u0142aj\u0105cego w imieniu Hamasu, kt\u00f3ry zwiedza\u0142 obozy wraz z innymi funkcjonariuszami Hamasu. W kilku obozach po\u0142o\u017cono na ziemi izraelskie flagi, \u017ceby obozowicze po nich deptali. Terrory\u015bci, kt\u00f3rzy dokonali \u015bmierciono\u015bnych atak\u00f3w na Izraelczyk\u00f3w, s\u0105 przedstawiani obozowiczom jako wz\u00f3r do na\u015bladowania, a ich portrety pojawiaj\u0105 si\u0119 w obozach i podczas zaj\u0119\u0107 obozowych&#8221;.<\/strong><\/p>\n<\/blockquote>\n<p style=\"text-align: left;\"><span style=\"color: #000080;\">Rzecznik Hamasu, Abdel Latin Kanou, powiedzia\u0142, \u017ce obozy letnie zorganizowane przez jego grup\u0119 w Strefie Gazy w tym roku stanowi\u0105 wa\u017cny krok w budowaniu tego pokolenia, zaszczepiaj\u0105c w ich duszach status Jerozolimy i meczetu Al-Aksa oraz \u0142\u0105cz\u0105c ich z ich &#8220;legalnym prawem do powrotu [do Izraela] i wyzwolenia&#8221;. Kanou stwierdzi\u0142, \u017ce has\u0142o Tarcza Jerozolimy ma na celu przygotowanie dzieci do &#8220;wyzwolenia Jerozolimy&#8221;.<\/span><\/p>\n<p style=\"text-align: left;\"><span style=\"color: #000080;\">W przesz\u0142o\u015bci Palesty\u0144ski Islamski D\u017cihad organizowa\u0142 letnie obozy pod has\u0142em Zemsty Wolnych, w kt\u00f3rych uczestniczy\u0142y setki ch\u0142opc\u00f3w poni\u017cej 17 roku \u017cycia.<\/span><\/p>\n<p style=\"text-align: left;\"><span style=\"color: #000080;\">Darwisz al-Gharabli, przyw\u00f3dca Palesty\u0144skiego Islamskiego D\u017cihadu, powiedzia\u0142 podczas ceremonii rozdania dyplom\u00f3w:<\/span><\/p>\n<blockquote>\n<p style=\"text-align: left;\"><strong>&#8220;Te obozy tworz\u0105 pokolenie, kt\u00f3re jest zgodne z drog\u0105 d\u017cihadu i oporu; wierz\u0105cych w t\u0119 opcj\u0119 i w to, \u017ce Palestyna jest centraln\u0105 kwesti\u0105, a walka z \u017bydami jest aktem czci. Nasz d\u017cihad przeciwko temu trwa na wszystkich arenach. Zapewniamy naszego wroga, \u017ce to pokolenie b\u0119dzie nosi\u0107 sztandar i stawia\u0107 op\u00f3r ze wszystkich si\u0142&#8221;.<\/strong><\/p>\n<\/blockquote>\n<p style=\"text-align: left;\"><span style=\"color: #000080;\">W 2021 roku zbrojne skrzyd\u0142o Hamasu, Brygady Izz al-din al-Kassam, zorganizowa\u0142o letnie obozy pod has\u0142em Miecz Jerozolimy.<\/span><\/p>\n<p style=\"text-align: left;\"><span style=\"color: #000080;\">Wed\u0142ug strony internetowej Brygad Izz al-Din al-Kassam, &#8220;celem oboz\u00f3w jest rozniecenie ognia d\u017cihadu w\u015br\u00f3d pokolenia wyzwole\u0144c\u00f3w, zaszczepienie warto\u015bci islamskich i przygotowanie d\u0142ugo oczekiwanej armii do wyzwolenia Palestyny&#8221;.<\/span><\/p>\n<p style=\"text-align: left;\"><span style=\"color: #000080;\">Rzecznik letnich oboz\u00f3w Hamasu, Abu Bilal, powiedzia\u0142, \u017ce obozy s\u0105 tworzone &#8220;z powodu wiary w rol\u0119 m\u0142odych ludzi i poczucia odpowiedzialno\u015bci za [m\u0142odsze] pokolenie&#8221;. Doda\u0142, \u017ce &#8220;m\u0142odzi ludzie [zawsze] przeprowadzali operacje zbrojne i byli paliwem intifad i powsta\u0144&#8221;.<\/span><\/p>\n<p style=\"text-align: left;\"><span style=\"color: #000080;\">Zachodnie media, ONZ i wi\u0119kszo\u015b\u0107 polityk\u00f3w ignoruj\u0105 to powszechne wykorzystywanie dzieci przez Palesty\u0144czyk\u00f3w. Nast\u0119pnym razem, gdy Palesty\u0144czycy b\u0119d\u0105 skar\u017cy\u0107 si\u0119 na zabijanie lub ranienie nieletnich podczas przeprowadzania atak\u00f3w terrorystycznych na Izraelczyk\u00f3w, warto przypomnie\u0107 sceny z dzie\u0107mi w obozach letnich w Strefie Gazy, gdzie rozpoczyna si\u0119 proces przekszta\u0142cania ich w bojownik\u00f3w.<\/span><\/p>\n<p style=\"text-align: left;\"><span style=\"color: #000080;\">Nadszed\u0142 czas, aby spo\u0142eczno\u015b\u0107 mi\u0119dzynarodowa, a przede wszystkim organizacje praw cz\u0142owieka, poci\u0105gn\u0119\u0142a palesty\u0144skich przyw\u00f3dc\u00f3w do odpowiedzialno\u015bci za wykorzystywanie dzieci nieod\u0142\u0105cznie zwi\u0105zane z szkoleniem tych dzieci na &#8220;m\u0119czennik\u00f3w&#8221; w d\u017cihadzie, maj\u0105cym na celu zabijanie \u017byd\u00f3w oraz za pr\u00f3by zniszczenia jedynego w regionie demokratycznego kraju.<\/span><\/p>\n<hr \/>\n<p style=\"text-align: left;\"><span style=\"color: #808080;\"><i><b>Bassam Tawil<\/b>\u00a0jest muzu\u0142ma\u0144skim badaczem i publicyst\u0105 mieszkaj\u0105cym na Bliskim Wschodzie.<\/i><\/span><\/p>\n<hr style=\"height: 15px; background: #d0e6fa; width: 100%;\" \/>\n<div id=\"content\" class=\"content-alignment\">\n<div id=\"watch-description\" class=\"yt-uix-button-panel\">\n<div id=\"watch-description-text\" style=\"text-align: center;\">\n<p><em>Zawarto\u015b\u0107 publikowanych artyku\u0142\u00f3w i materia\u0142\u00f3w nie reprezentuje pogl\u0105d\u00f3w ani opinii Reunion&#8217;68,<\/em><em><br \/>\nani te\u017c webmastera Blogu Reunion&#8217;68, chyba ze jest to wyra\u017anie zaznaczone.<br \/>\nTwoje uwagi, linki, w\u0142asne artyku\u0142y lub wiadomo\u015bci prze\u015blij na adres:<br \/>\n<\/em><span style=\"color: #000080;\"><strong><em><a style=\"color: #000080;\" href=\"mailto:webmaster@reunion68.com\"><span style=\"text-decoration: underline;\">webmaster@reunion68.com<\/span><\/a><\/em><\/strong><\/span><\/p>\n<\/div>\n<\/div>\n<\/div>\n<hr style=\"width: 100%;\" \/>\n","protected":false},"excerpt":{"rendered":"<p>Tego lata ponad 100 tysi\u0119cy palesty\u0144skich dzieci w Gazie we\u017amie udzia\u0142 w letnich obozach prowadzonych przez Hamas i Islamski D\u017cihad. Obozy ucz\u0105 dzieci, jak walczy\u0107 z Izraelem i \u017bydami, a tak\u017ce zapewniaj\u0105 szkolenie wojskowe z no\u017cami i broni\u0105 paln\u0105, walk\u0119 wr\u0119cz oraz marsze i \u0107wiczenia piesze. Na zdj\u0119ciu: zamaskowani terrory\u015bci z Brygad Hamasu Izaddin al-Kassam [&hellip;]<\/p>\n","protected":false},"author":1,"featured_media":0,"comment_status":"closed","ping_status":"closed","sticky":false,"template":"","format":"standard","meta":[],"categories":[6],"tags":[26,24],"_links":{"self":[{"href":"https:\/\/www.reunion68.se\/index.php?rest_route=\/wp\/v2\/posts\/105970"}],"collection":[{"href":"https:\/\/www.reunion68.se\/index.php?rest_route=\/wp\/v2\/posts"}],"about":[{"href":"https:\/\/www.reunion68.se\/index.php?rest_route=\/wp\/v2\/types\/post"}],"author":[{"embeddable":true,"href":"https:\/\/www.reunion68.se\/index.php?rest_route=\/wp\/v2\/users\/1"}],"replies":[{"embeddable":true,"href":"https:\/\/www.reunion68.se\/index.php?rest_route=%2Fwp%2Fv2%2Fcomments&post=105970"}],"version-history":[{"count":6,"href":"https:\/\/www.reunion68.se\/index.php?rest_route=\/wp\/v2\/posts\/105970\/revisions"}],"predecessor-version":[{"id":105989,"href":"https:\/\/www.reunion68.se\/index.php?rest_route=\/wp\/v2\/posts\/105970\/revisions\/105989"}],"wp:attachment":[{"href":"https:\/\/www.reunion68.se\/index.php?rest_route=%2Fwp%2Fv2%2Fmedia&parent=105970"}],"wp:term":[{"taxonomy":"category","embeddable":true,"href":"https:\/\/www.reunion68.se\/index.php?rest_route=%2Fwp%2Fv2%2Fcategories&post=105970"},{"taxonomy":"post_tag","embeddable":true,"href":"https:\/\/www.reunion68.se\/index.php?rest_route=%2Fwp%2Fv2%2Ftags&post=105970"}],"curies":[{"name":"wp","href":"https:\/\/api.w.org\/{rel}","templated":true}]}}